{"id":41692,"date":"2026-01-12T13:23:25","date_gmt":"2026-01-12T11:23:25","guid":{"rendered":"https:\/\/www.psib-psoe.org\/eivissa\/?p=41692"},"modified":"2026-01-12T13:23:25","modified_gmt":"2026-01-12T11:23:25","slug":"el-psoe-denuncia-lestat-dabando-i-perill-del-parc-infantil-de-lavinguda-sant-agusti-a-cala-de-bou","status":"publish","type":"post","link":"https:\/\/www.psib-psoe.org\/eivissa\/el-psoe-denuncia-lestat-dabando-i-perill-del-parc-infantil-de-lavinguda-sant-agusti-a-cala-de-bou\/","title":{"rendered":"El PSOE denuncia l&#8217;estat d&#8217;aband\u00f3 i perill del parc infantil de l&#8217;Avinguda Sant Agust\u00ed a Cala de Bou"},"content":{"rendered":"<p>El Grup Municipal Socialista de Sant Josep de sa Talaia vol expressar la seva profunda preocupaci\u00f3 i indignaci\u00f3 davant l&#8217;estat deplorable en qu\u00e8 es troba el parc infantil ubicat a l&#8217;Avinguda Sant Agust\u00ed, a Cala de Bou, un espai p\u00fablic destinat a l&#8217;esbarjo i diversi\u00f3 dels infants del municipi. Les instal\u00b7lacions mostren una situaci\u00f3 que considerem inacceptable per a qualsevol espai p\u00fablic destinat a menors. El parc presenta m\u00faltiples defici\u00e8ncies que posen en risc la seguretat dels nins i nines que hi accedeixen:<\/p>\n<p>Equipaments trencats i en estat d&#8217;aband\u00f3, amb elements de joc desmuntats i inservibles.<br \/>\nGrafitis i pintades vand\u00e0liques que cobreixen gran part de l&#8217;espai.<br \/>\nBrut\u00edcia acumulada i falta evident de manteniment.<br \/>\nElements met\u00e0l\u00b7lics oxidats i deteriorats que poden suposar un perill.<br \/>\nPaviment esquerdat i en males condicions.<br \/>\nRestes de materials i deixalles disperses per l&#8217;\u00e0rea.<\/p>\n<p>Aquest parc, que hauria de ser un punt de trobada segur i agradable per a les fam\u00edlies de Cala de Bou, s&#8217;ha convertit en un espai descuidat que transmet una imatge d&#8217;aband\u00f3 i des\u00eddia per part de l&#8217;administraci\u00f3 municipal.<\/p>\n<p>Els infants de Sant Josep mereixen espais p\u00fablics dignes, segurs i ben cuidats. No podem permetre que un parc infantil es converteixi en un s\u00edmbol de l&#8217;aband\u00f3 de les responsabilitats municipals. Les fam\u00edlies de Cala de Bou tenen dret a disposar d&#8217;\u00e0rees de joc en condicions \u00f2ptimes per als seus fills i filles.<\/p>\n<p>Instam l&#8217;Ajuntament a actuar amb celeritat i a establir protocols de manteniment que evitin que situacions com aquesta es repeteixin en altres punts del municipi. La seguretat i el benestar dels nostres infants ha de ser una prioritat absoluta.<\/p>\n<p>No nom\u00e9s \u00e9s aquest parc infantil, el manteniment dels espais municipals \u00e9s cada vegada m\u00e9s deficient. Basta fer una volteta per Cal\u00f3 de s\u2019Oli, per altres parcs infantils o fins i tot les instal\u00b7lacions esportives.<\/p>\n<p><img loading=\"lazy\" decoding=\"async\" src=\"https:\/\/www.psib-psoe.org\/eivissa\/wp-content\/uploads\/PARC-INFANTIL-AV-SANT-AGUSTI2.jpeg\" alt=\"\" width=\"1200\" height=\"1600\" class=\"alignnone size-full wp-image-41694\" srcset=\"https:\/\/www.psib-psoe.org\/eivissa\/wp-content\/uploads\/PARC-INFANTIL-AV-SANT-AGUSTI2.jpeg 1200w, https:\/\/www.psib-psoe.org\/eivissa\/wp-content\/uploads\/PARC-INFANTIL-AV-SANT-AGUSTI2-225x300.jpeg 225w, https:\/\/www.psib-psoe.org\/eivissa\/wp-content\/uploads\/PARC-INFANTIL-AV-SANT-AGUSTI2-768x1024.jpeg 768w, https:\/\/www.psib-psoe.org\/eivissa\/wp-content\/uploads\/PARC-INFANTIL-AV-SANT-AGUSTI2-1152x1536.jpeg 1152w, https:\/\/www.psib-psoe.org\/eivissa\/wp-content\/uploads\/PARC-INFANTIL-AV-SANT-AGUSTI2-300x400.jpeg 300w, https:\/\/www.psib-psoe.org\/eivissa\/wp-content\/uploads\/PARC-INFANTIL-AV-SANT-AGUSTI2-150x200.jpeg 150w, https:\/\/www.psib-psoe.org\/eivissa\/wp-content\/uploads\/PARC-INFANTIL-AV-SANT-AGUSTI2-600x800.jpeg 600w, https:\/\/www.psib-psoe.org\/eivissa\/wp-content\/uploads\/PARC-INFANTIL-AV-SANT-AGUSTI2-900x1200.jpeg 900w, https:\/\/www.psib-psoe.org\/eivissa\/wp-content\/uploads\/PARC-INFANTIL-AV-SANT-AGUSTI2-20x27.jpeg 20w\" sizes=\"auto, (max-width: 1200px) 100vw, 1200px\" \/><\/p>\n<p><img loading=\"lazy\" decoding=\"async\" src=\"https:\/\/www.psib-psoe.org\/eivissa\/wp-content\/uploads\/PARC-INFANTIL-AV-SANT-AGUSTI3.jpeg\" alt=\"\" width=\"1152\" height=\"2048\" class=\"alignnone size-full wp-image-41695\" srcset=\"https:\/\/www.psib-psoe.org\/eivissa\/wp-content\/uploads\/PARC-INFANTIL-AV-SANT-AGUSTI3.jpeg 1152w, https:\/\/www.psib-psoe.org\/eivissa\/wp-content\/uploads\/PARC-INFANTIL-AV-SANT-AGUSTI3-169x300.jpeg 169w, https:\/\/www.psib-psoe.org\/eivissa\/wp-content\/uploads\/PARC-INFANTIL-AV-SANT-AGUSTI3-576x1024.jpeg 576w, https:\/\/www.psib-psoe.org\/eivissa\/wp-content\/uploads\/PARC-INFANTIL-AV-SANT-AGUSTI3-768x1365.jpeg 768w, https:\/\/www.psib-psoe.org\/eivissa\/wp-content\/uploads\/PARC-INFANTIL-AV-SANT-AGUSTI3-864x1536.jpeg 864w, https:\/\/www.psib-psoe.org\/eivissa\/wp-content\/uploads\/PARC-INFANTIL-AV-SANT-AGUSTI3-300x533.jpeg 300w, https:\/\/www.psib-psoe.org\/eivissa\/wp-content\/uploads\/PARC-INFANTIL-AV-SANT-AGUSTI3-150x267.jpeg 150w, https:\/\/www.psib-psoe.org\/eivissa\/wp-content\/uploads\/PARC-INFANTIL-AV-SANT-AGUSTI3-600x1067.jpeg 600w, https:\/\/www.psib-psoe.org\/eivissa\/wp-content\/uploads\/PARC-INFANTIL-AV-SANT-AGUSTI3-900x1600.jpeg 900w, https:\/\/www.psib-psoe.org\/eivissa\/wp-content\/uploads\/PARC-INFANTIL-AV-SANT-AGUSTI3-20x36.jpeg 20w\" sizes=\"auto, (max-width: 1152px) 100vw, 1152px\" \/><\/p>\n<p><img loading=\"lazy\" decoding=\"async\" src=\"https:\/\/www.psib-psoe.org\/eivissa\/wp-content\/uploads\/PARC-INFANTIL-AV-SANT-AGUSTI4.jpeg\" alt=\"\" width=\"1200\" height=\"1600\" class=\"alignnone size-full wp-image-41696\" srcset=\"https:\/\/www.psib-psoe.org\/eivissa\/wp-content\/uploads\/PARC-INFANTIL-AV-SANT-AGUSTI4.jpeg 1200w, https:\/\/www.psib-psoe.org\/eivissa\/wp-content\/uploads\/PARC-INFANTIL-AV-SANT-AGUSTI4-225x300.jpeg 225w, https:\/\/www.psib-psoe.org\/eivissa\/wp-content\/uploads\/PARC-INFANTIL-AV-SANT-AGUSTI4-768x1024.jpeg 768w, https:\/\/www.psib-psoe.org\/eivissa\/wp-content\/uploads\/PARC-INFANTIL-AV-SANT-AGUSTI4-1152x1536.jpeg 1152w, https:\/\/www.psib-psoe.org\/eivissa\/wp-content\/uploads\/PARC-INFANTIL-AV-SANT-AGUSTI4-300x400.jpeg 300w, https:\/\/www.psib-psoe.org\/eivissa\/wp-content\/uploads\/PARC-INFANTIL-AV-SANT-AGUSTI4-150x200.jpeg 150w, https:\/\/www.psib-psoe.org\/eivissa\/wp-content\/uploads\/PARC-INFANTIL-AV-SANT-AGUSTI4-600x800.jpeg 600w, https:\/\/www.psib-psoe.org\/eivissa\/wp-content\/uploads\/PARC-INFANTIL-AV-SANT-AGUSTI4-900x1200.jpeg 900w, https:\/\/www.psib-psoe.org\/eivissa\/wp-content\/uploads\/PARC-INFANTIL-AV-SANT-AGUSTI4-20x27.jpeg 20w\" sizes=\"auto, (max-width: 1200px) 100vw, 1200px\" \/><\/p>\n<p><img loading=\"lazy\" decoding=\"async\" src=\"https:\/\/www.psib-psoe.org\/eivissa\/wp-content\/uploads\/PARC-INFANTIL-AV-SANT-AGUSTI5.jpeg\" alt=\"\" width=\"1152\" height=\"2048\" class=\"alignnone size-full wp-image-41697\" srcset=\"https:\/\/www.psib-psoe.org\/eivissa\/wp-content\/uploads\/PARC-INFANTIL-AV-SANT-AGUSTI5.jpeg 1152w, https:\/\/www.psib-psoe.org\/eivissa\/wp-content\/uploads\/PARC-INFANTIL-AV-SANT-AGUSTI5-169x300.jpeg 169w, https:\/\/www.psib-psoe.org\/eivissa\/wp-content\/uploads\/PARC-INFANTIL-AV-SANT-AGUSTI5-576x1024.jpeg 576w, https:\/\/www.psib-psoe.org\/eivissa\/wp-content\/uploads\/PARC-INFANTIL-AV-SANT-AGUSTI5-768x1365.jpeg 768w, https:\/\/www.psib-psoe.org\/eivissa\/wp-content\/uploads\/PARC-INFANTIL-AV-SANT-AGUSTI5-864x1536.jpeg 864w, https:\/\/www.psib-psoe.org\/eivissa\/wp-content\/uploads\/PARC-INFANTIL-AV-SANT-AGUSTI5-300x533.jpeg 300w, https:\/\/www.psib-psoe.org\/eivissa\/wp-content\/uploads\/PARC-INFANTIL-AV-SANT-AGUSTI5-150x267.jpeg 150w, https:\/\/www.psib-psoe.org\/eivissa\/wp-content\/uploads\/PARC-INFANTIL-AV-SANT-AGUSTI5-600x1067.jpeg 600w, https:\/\/www.psib-psoe.org\/eivissa\/wp-content\/uploads\/PARC-INFANTIL-AV-SANT-AGUSTI5-900x1600.jpeg 900w, https:\/\/www.psib-psoe.org\/eivissa\/wp-content\/uploads\/PARC-INFANTIL-AV-SANT-AGUSTI5-20x36.jpeg 20w\" sizes=\"auto, (max-width: 1152px) 100vw, 1152px\" \/><\/p>\n<p><img loading=\"lazy\" decoding=\"async\" src=\"https:\/\/www.psib-psoe.org\/eivissa\/wp-content\/uploads\/PARC-INFANTIL-AV-SANT-AGUSTI6.jpeg\" alt=\"\" width=\"1152\" height=\"2048\" class=\"alignnone size-full wp-image-41698\" srcset=\"https:\/\/www.psib-psoe.org\/eivissa\/wp-content\/uploads\/PARC-INFANTIL-AV-SANT-AGUSTI6.jpeg 1152w, https:\/\/www.psib-psoe.org\/eivissa\/wp-content\/uploads\/PARC-INFANTIL-AV-SANT-AGUSTI6-169x300.jpeg 169w, https:\/\/www.psib-psoe.org\/eivissa\/wp-content\/uploads\/PARC-INFANTIL-AV-SANT-AGUSTI6-576x1024.jpeg 576w, https:\/\/www.psib-psoe.org\/eivissa\/wp-content\/uploads\/PARC-INFANTIL-AV-SANT-AGUSTI6-768x1365.jpeg 768w, https:\/\/www.psib-psoe.org\/eivissa\/wp-content\/uploads\/PARC-INFANTIL-AV-SANT-AGUSTI6-864x1536.jpeg 864w, https:\/\/www.psib-psoe.org\/eivissa\/wp-content\/uploads\/PARC-INFANTIL-AV-SANT-AGUSTI6-300x533.jpeg 300w, https:\/\/www.psib-psoe.org\/eivissa\/wp-content\/uploads\/PARC-INFANTIL-AV-SANT-AGUSTI6-150x267.jpeg 150w, https:\/\/www.psib-psoe.org\/eivissa\/wp-content\/uploads\/PARC-INFANTIL-AV-SANT-AGUSTI6-600x1067.jpeg 600w, https:\/\/www.psib-psoe.org\/eivissa\/wp-content\/uploads\/PARC-INFANTIL-AV-SANT-AGUSTI6-900x1600.jpeg 900w, https:\/\/www.psib-psoe.org\/eivissa\/wp-content\/uploads\/PARC-INFANTIL-AV-SANT-AGUSTI6-20x36.jpeg 20w\" sizes=\"auto, (max-width: 1152px) 100vw, 1152px\" \/><\/p>\n<p><img loading=\"lazy\" decoding=\"async\" src=\"https:\/\/www.psib-psoe.org\/eivissa\/wp-content\/uploads\/PARC-INFANTIL-AV-SANT-AGUSTI7.jpeg\" alt=\"\" width=\"1200\" height=\"1600\" class=\"alignnone size-full wp-image-41699\" srcset=\"https:\/\/www.psib-psoe.org\/eivissa\/wp-content\/uploads\/PARC-INFANTIL-AV-SANT-AGUSTI7.jpeg 1200w, https:\/\/www.psib-psoe.org\/eivissa\/wp-content\/uploads\/PARC-INFANTIL-AV-SANT-AGUSTI7-225x300.jpeg 225w, https:\/\/www.psib-psoe.org\/eivissa\/wp-content\/uploads\/PARC-INFANTIL-AV-SANT-AGUSTI7-768x1024.jpeg 768w, https:\/\/www.psib-psoe.org\/eivissa\/wp-content\/uploads\/PARC-INFANTIL-AV-SANT-AGUSTI7-1152x1536.jpeg 1152w, https:\/\/www.psib-psoe.org\/eivissa\/wp-content\/uploads\/PARC-INFANTIL-AV-SANT-AGUSTI7-300x400.jpeg 300w, https:\/\/www.psib-psoe.org\/eivissa\/wp-content\/uploads\/PARC-INFANTIL-AV-SANT-AGUSTI7-150x200.jpeg 150w, https:\/\/www.psib-psoe.org\/eivissa\/wp-content\/uploads\/PARC-INFANTIL-AV-SANT-AGUSTI7-600x800.jpeg 600w, https:\/\/www.psib-psoe.org\/eivissa\/wp-content\/uploads\/PARC-INFANTIL-AV-SANT-AGUSTI7-900x1200.jpeg 900w, https:\/\/www.psib-psoe.org\/eivissa\/wp-content\/uploads\/PARC-INFANTIL-AV-SANT-AGUSTI7-20x27.jpeg 20w\" sizes=\"auto, (max-width: 1200px) 100vw, 1200px\" \/><\/p>\n<p><img loading=\"lazy\" decoding=\"async\" src=\"https:\/\/www.psib-psoe.org\/eivissa\/wp-content\/uploads\/PARC-INFANTIL-AV-SANT-AGUSTI8.jpeg\" alt=\"\" width=\"1200\" height=\"1600\" class=\"alignnone size-full wp-image-41700\" srcset=\"https:\/\/www.psib-psoe.org\/eivissa\/wp-content\/uploads\/PARC-INFANTIL-AV-SANT-AGUSTI8.jpeg 1200w, https:\/\/www.psib-psoe.org\/eivissa\/wp-content\/uploads\/PARC-INFANTIL-AV-SANT-AGUSTI8-225x300.jpeg 225w, https:\/\/www.psib-psoe.org\/eivissa\/wp-content\/uploads\/PARC-INFANTIL-AV-SANT-AGUSTI8-768x1024.jpeg 768w, https:\/\/www.psib-psoe.org\/eivissa\/wp-content\/uploads\/PARC-INFANTIL-AV-SANT-AGUSTI8-1152x1536.jpeg 1152w, https:\/\/www.psib-psoe.org\/eivissa\/wp-content\/uploads\/PARC-INFANTIL-AV-SANT-AGUSTI8-300x400.jpeg 300w, https:\/\/www.psib-psoe.org\/eivissa\/wp-content\/uploads\/PARC-INFANTIL-AV-SANT-AGUSTI8-150x200.jpeg 150w, https:\/\/www.psib-psoe.org\/eivissa\/wp-content\/uploads\/PARC-INFANTIL-AV-SANT-AGUSTI8-600x800.jpeg 600w, https:\/\/www.psib-psoe.org\/eivissa\/wp-content\/uploads\/PARC-INFANTIL-AV-SANT-AGUSTI8-900x1200.jpeg 900w, https:\/\/www.psib-psoe.org\/eivissa\/wp-content\/uploads\/PARC-INFANTIL-AV-SANT-AGUSTI8-20x27.jpeg 20w\" sizes=\"auto, (max-width: 1200px) 100vw, 1200px\" \/><\/p>\n<p><img loading=\"lazy\" decoding=\"async\" src=\"https:\/\/www.psib-psoe.org\/eivissa\/wp-content\/uploads\/PARC-INFANTIL-AV-SANT-AGUSTI1.jpeg\" alt=\"\" width=\"1200\" height=\"1600\" class=\"alignnone size-full wp-image-41701\" srcset=\"https:\/\/www.psib-psoe.org\/eivissa\/wp-content\/uploads\/PARC-INFANTIL-AV-SANT-AGUSTI1.jpeg 1200w, https:\/\/www.psib-psoe.org\/eivissa\/wp-content\/uploads\/PARC-INFANTIL-AV-SANT-AGUSTI1-225x300.jpeg 225w, https:\/\/www.psib-psoe.org\/eivissa\/wp-content\/uploads\/PARC-INFANTIL-AV-SANT-AGUSTI1-768x1024.jpeg 768w, https:\/\/www.psib-psoe.org\/eivissa\/wp-content\/uploads\/PARC-INFANTIL-AV-SANT-AGUSTI1-1152x1536.jpeg 1152w, https:\/\/www.psib-psoe.org\/eivissa\/wp-content\/uploads\/PARC-INFANTIL-AV-SANT-AGUSTI1-300x400.jpeg 300w, https:\/\/www.psib-psoe.org\/eivissa\/wp-content\/uploads\/PARC-INFANTIL-AV-SANT-AGUSTI1-150x200.jpeg 150w, https:\/\/www.psib-psoe.org\/eivissa\/wp-content\/uploads\/PARC-INFANTIL-AV-SANT-AGUSTI1-600x800.jpeg 600w, https:\/\/www.psib-psoe.org\/eivissa\/wp-content\/uploads\/PARC-INFANTIL-AV-SANT-AGUSTI1-900x1200.jpeg 900w, https:\/\/www.psib-psoe.org\/eivissa\/wp-content\/uploads\/PARC-INFANTIL-AV-SANT-AGUSTI1-20x27.jpeg 20w\" sizes=\"auto, (max-width: 1200px) 100vw, 1200px\" \/><\/p>\n","protected":false},"excerpt":{"rendered":"<p>El Grup Municipal Socialista de Sant Josep de sa Talaia vol expressar la seva profunda preocupaci\u00f3 i indignaci\u00f3 davant l&#8217;estat deplorable en qu\u00e8 es troba el parc infantil ubicat a l&#8217;Avinguda Sant Agust\u00ed, a Cala de Bou, un espai p\u00fablic destinat a l&#8217;esbarjo i diversi\u00f3 dels infants del municipi. Les instal\u00b7lacions mostren una situaci\u00f3 que&hellip;<\/p>\n","protected":false},"author":1,"featured_media":41693,"comment_status":"closed","ping_status":"closed","sticky":false,"template":"","format":"standard","meta":{"footnotes":""},"categories":[1,234,187],"tags":[],"class_list":["post-41692","post","type-post","status-publish","format-standard","has-post-thumbnail","hentry","category-federacio-de-eivissa-portada","category-municipis","category-sant-josep-de-sa-talaia"],"yoast_head":"<!-- This site is optimized with the Yoast SEO plugin v26.9 - https:\/\/yoast.com\/product\/yoast-seo-wordpress\/ -->\n<title>El PSOE denuncia l&#039;estat d&#039;aband\u00f3 i perill del parc infantil de l&#039;Avinguda Sant Agust\u00ed a Cala de Bou - Federaci\u00f3 Socialista d&#039;Eivissa<\/title>\n<meta name=\"robots\" content=\"index, follow, max-snippet:-1, max-image-preview:large, max-video-preview:-1\" \/>\n<link rel=\"canonical\" href=\"https:\/\/www.psib-psoe.org\/eivissa\/el-psoe-denuncia-lestat-dabando-i-perill-del-parc-infantil-de-lavinguda-sant-agusti-a-cala-de-bou\/\" \/>\n<meta property=\"og:locale\" content=\"ca_ES\" \/>\n<meta property=\"og:type\" content=\"article\" \/>\n<meta property=\"og:title\" content=\"El PSOE denuncia l&#039;estat d&#039;aband\u00f3 i perill del parc infantil de l&#039;Avinguda Sant Agust\u00ed a Cala de Bou - Federaci\u00f3 Socialista d&#039;Eivissa\" \/>\n<meta property=\"og:description\" content=\"El Grup Municipal Socialista de Sant Josep de sa Talaia vol expressar la seva profunda preocupaci\u00f3 i indignaci\u00f3 davant l&#8217;estat deplorable en qu\u00e8 es troba el parc infantil ubicat a l&#8217;Avinguda Sant Agust\u00ed, a Cala de Bou, un espai p\u00fablic destinat a l&#8217;esbarjo i diversi\u00f3 dels infants del municipi. Les instal\u00b7lacions mostren una situaci\u00f3 que&hellip;\" \/>\n<meta property=\"og:url\" content=\"https:\/\/www.psib-psoe.org\/eivissa\/el-psoe-denuncia-lestat-dabando-i-perill-del-parc-infantil-de-lavinguda-sant-agusti-a-cala-de-bou\/\" \/>\n<meta property=\"og:site_name\" content=\"Federaci\u00f3 Socialista d&#039;Eivissa\" \/>\n<meta property=\"article:published_time\" content=\"2026-01-12T11:23:25+00:00\" \/>\n<meta property=\"og:image\" content=\"https:\/\/www.psib-psoe.org\/eivissa\/wp-content\/uploads\/aprc.png\" \/>\n\t<meta property=\"og:image:width\" content=\"699\" \/>\n\t<meta property=\"og:image:height\" content=\"458\" \/>\n\t<meta property=\"og:image:type\" content=\"image\/png\" \/>\n<meta name=\"author\" content=\"adminpsib\" \/>\n<meta name=\"twitter:card\" content=\"summary_large_image\" \/>\n<meta name=\"twitter:label1\" content=\"Escrit per\" \/>\n\t<meta name=\"twitter:data1\" content=\"adminpsib\" \/>\n\t<meta name=\"twitter:label2\" content=\"Temps estimat de lectura\" \/>\n\t<meta name=\"twitter:data2\" content=\"2 minuts\" \/>\n<script type=\"application\/ld+json\" class=\"yoast-schema-graph\">{\"@context\":\"https:\/\/schema.org\",\"@graph\":[{\"@type\":[\"Article\",\"BlogPosting\"],\"@id\":\"https:\/\/www.psib-psoe.org\/eivissa\/el-psoe-denuncia-lestat-dabando-i-perill-del-parc-infantil-de-lavinguda-sant-agusti-a-cala-de-bou\/#article\",\"isPartOf\":{\"@id\":\"https:\/\/www.psib-psoe.org\/eivissa\/el-psoe-denuncia-lestat-dabando-i-perill-del-parc-infantil-de-lavinguda-sant-agusti-a-cala-de-bou\/\"},\"author\":{\"name\":\"adminpsib\",\"@id\":\"https:\/\/www.psib-psoe.org\/eivissa\/#\/schema\/person\/099ab3ef73a3645a1d7f303518e6ce24\"},\"headline\":\"El PSOE denuncia l&#8217;estat d&#8217;aband\u00f3 i perill del parc infantil de l&#8217;Avinguda Sant Agust\u00ed a Cala de Bou\",\"datePublished\":\"2026-01-12T11:23:25+00:00\",\"mainEntityOfPage\":{\"@id\":\"https:\/\/www.psib-psoe.org\/eivissa\/el-psoe-denuncia-lestat-dabando-i-perill-del-parc-infantil-de-lavinguda-sant-agusti-a-cala-de-bou\/\"},\"wordCount\":341,\"publisher\":{\"@id\":\"https:\/\/www.psib-psoe.org\/eivissa\/#organization\"},\"image\":{\"@id\":\"https:\/\/www.psib-psoe.org\/eivissa\/el-psoe-denuncia-lestat-dabando-i-perill-del-parc-infantil-de-lavinguda-sant-agusti-a-cala-de-bou\/#primaryimage\"},\"thumbnailUrl\":\"https:\/\/www.psib-psoe.org\/eivissa\/wp-content\/uploads\/aprc.png\",\"articleSection\":[\"Federaci\u00f3 d'Eivissa - Portada\",\"Municipis\",\"Sant Josep de sa Talaia\"],\"inLanguage\":\"ca\"},{\"@type\":\"WebPage\",\"@id\":\"https:\/\/www.psib-psoe.org\/eivissa\/el-psoe-denuncia-lestat-dabando-i-perill-del-parc-infantil-de-lavinguda-sant-agusti-a-cala-de-bou\/\",\"url\":\"https:\/\/www.psib-psoe.org\/eivissa\/el-psoe-denuncia-lestat-dabando-i-perill-del-parc-infantil-de-lavinguda-sant-agusti-a-cala-de-bou\/\",\"name\":\"El PSOE denuncia l'estat d'aband\u00f3 i perill del parc infantil de l'Avinguda Sant Agust\u00ed a Cala de Bou - Federaci\u00f3 Socialista d&#039;Eivissa\",\"isPartOf\":{\"@id\":\"https:\/\/www.psib-psoe.org\/eivissa\/#website\"},\"primaryImageOfPage\":{\"@id\":\"https:\/\/www.psib-psoe.org\/eivissa\/el-psoe-denuncia-lestat-dabando-i-perill-del-parc-infantil-de-lavinguda-sant-agusti-a-cala-de-bou\/#primaryimage\"},\"image\":{\"@id\":\"https:\/\/www.psib-psoe.org\/eivissa\/el-psoe-denuncia-lestat-dabando-i-perill-del-parc-infantil-de-lavinguda-sant-agusti-a-cala-de-bou\/#primaryimage\"},\"thumbnailUrl\":\"https:\/\/www.psib-psoe.org\/eivissa\/wp-content\/uploads\/aprc.png\",\"datePublished\":\"2026-01-12T11:23:25+00:00\",\"breadcrumb\":{\"@id\":\"https:\/\/www.psib-psoe.org\/eivissa\/el-psoe-denuncia-lestat-dabando-i-perill-del-parc-infantil-de-lavinguda-sant-agusti-a-cala-de-bou\/#breadcrumb\"},\"inLanguage\":\"ca\",\"potentialAction\":[{\"@type\":\"ReadAction\",\"target\":[\"https:\/\/www.psib-psoe.org\/eivissa\/el-psoe-denuncia-lestat-dabando-i-perill-del-parc-infantil-de-lavinguda-sant-agusti-a-cala-de-bou\/\"]}]},{\"@type\":\"ImageObject\",\"inLanguage\":\"ca\",\"@id\":\"https:\/\/www.psib-psoe.org\/eivissa\/el-psoe-denuncia-lestat-dabando-i-perill-del-parc-infantil-de-lavinguda-sant-agusti-a-cala-de-bou\/#primaryimage\",\"url\":\"https:\/\/www.psib-psoe.org\/eivissa\/wp-content\/uploads\/aprc.png\",\"contentUrl\":\"https:\/\/www.psib-psoe.org\/eivissa\/wp-content\/uploads\/aprc.png\",\"width\":699,\"height\":458},{\"@type\":\"BreadcrumbList\",\"@id\":\"https:\/\/www.psib-psoe.org\/eivissa\/el-psoe-denuncia-lestat-dabando-i-perill-del-parc-infantil-de-lavinguda-sant-agusti-a-cala-de-bou\/#breadcrumb\",\"itemListElement\":[{\"@type\":\"ListItem\",\"position\":1,\"name\":\"Inici\",\"item\":\"https:\/\/www.psib-psoe.org\/eivissa\/\"},{\"@type\":\"ListItem\",\"position\":2,\"name\":\"El PSOE denuncia l&#8217;estat d&#8217;aband\u00f3 i perill del parc infantil de l&#8217;Avinguda Sant Agust\u00ed a Cala de Bou\"}]},{\"@type\":\"WebSite\",\"@id\":\"https:\/\/www.psib-psoe.org\/eivissa\/#website\",\"url\":\"https:\/\/www.psib-psoe.org\/eivissa\/\",\"name\":\"Federaci\u00f3 Socialista d'Eivissa\",\"description\":\"Socialistes d&#039;Eivissa\",\"publisher\":{\"@id\":\"https:\/\/www.psib-psoe.org\/eivissa\/#organization\"},\"potentialAction\":[{\"@type\":\"SearchAction\",\"target\":{\"@type\":\"EntryPoint\",\"urlTemplate\":\"https:\/\/www.psib-psoe.org\/eivissa\/?s={search_term_string}\"},\"query-input\":{\"@type\":\"PropertyValueSpecification\",\"valueRequired\":true,\"valueName\":\"search_term_string\"}}],\"inLanguage\":\"ca\"},{\"@type\":\"Organization\",\"@id\":\"https:\/\/www.psib-psoe.org\/eivissa\/#organization\",\"name\":\"Federaci\u00f3 Socialista d'Eivissa\",\"url\":\"https:\/\/www.psib-psoe.org\/eivissa\/\",\"logo\":{\"@type\":\"ImageObject\",\"inLanguage\":\"ca\",\"@id\":\"https:\/\/www.psib-psoe.org\/eivissa\/#\/schema\/logo\/image\/\",\"url\":\"https:\/\/www.psib-psoe.org\/eivissa\/wp-content\/uploads\/LOGO-FSE-SOCIALISTA-DEIVISSA-HORI.png\",\"contentUrl\":\"https:\/\/www.psib-psoe.org\/eivissa\/wp-content\/uploads\/LOGO-FSE-SOCIALISTA-DEIVISSA-HORI.png\",\"width\":6000,\"height\":3104,\"caption\":\"Federaci\u00f3 Socialista d'Eivissa\"},\"image\":{\"@id\":\"https:\/\/www.psib-psoe.org\/eivissa\/#\/schema\/logo\/image\/\"}},{\"@type\":\"Person\",\"@id\":\"https:\/\/www.psib-psoe.org\/eivissa\/#\/schema\/person\/099ab3ef73a3645a1d7f303518e6ce24\",\"name\":\"adminpsib\",\"url\":\"https:\/\/www.psib-psoe.org\/eivissa\/author\/adminpsib\/\"}]}<\/script>\n<!-- \/ Yoast SEO plugin. -->","yoast_head_json":{"title":"El PSOE denuncia l'estat d'aband\u00f3 i perill del parc infantil de l'Avinguda Sant Agust\u00ed a Cala de Bou - Federaci\u00f3 Socialista d&#039;Eivissa","robots":{"index":"index","follow":"follow","max-snippet":"max-snippet:-1","max-image-preview":"max-image-preview:large","max-video-preview":"max-video-preview:-1"},"canonical":"https:\/\/www.psib-psoe.org\/eivissa\/el-psoe-denuncia-lestat-dabando-i-perill-del-parc-infantil-de-lavinguda-sant-agusti-a-cala-de-bou\/","og_locale":"ca_ES","og_type":"article","og_title":"El PSOE denuncia l'estat d'aband\u00f3 i perill del parc infantil de l'Avinguda Sant Agust\u00ed a Cala de Bou - Federaci\u00f3 Socialista d&#039;Eivissa","og_description":"El Grup Municipal Socialista de Sant Josep de sa Talaia vol expressar la seva profunda preocupaci\u00f3 i indignaci\u00f3 davant l&#8217;estat deplorable en qu\u00e8 es troba el parc infantil ubicat a l&#8217;Avinguda Sant Agust\u00ed, a Cala de Bou, un espai p\u00fablic destinat a l&#8217;esbarjo i diversi\u00f3 dels infants del municipi. Les instal\u00b7lacions mostren una situaci\u00f3 que&hellip;","og_url":"https:\/\/www.psib-psoe.org\/eivissa\/el-psoe-denuncia-lestat-dabando-i-perill-del-parc-infantil-de-lavinguda-sant-agusti-a-cala-de-bou\/","og_site_name":"Federaci\u00f3 Socialista d&#039;Eivissa","article_published_time":"2026-01-12T11:23:25+00:00","og_image":[{"width":699,"height":458,"url":"https:\/\/www.psib-psoe.org\/eivissa\/wp-content\/uploads\/aprc.png","type":"image\/png"}],"author":"adminpsib","twitter_card":"summary_large_image","twitter_misc":{"Escrit per":"adminpsib","Temps estimat de lectura":"2 minuts"},"schema":{"@context":"https:\/\/schema.org","@graph":[{"@type":["Article","BlogPosting"],"@id":"https:\/\/www.psib-psoe.org\/eivissa\/el-psoe-denuncia-lestat-dabando-i-perill-del-parc-infantil-de-lavinguda-sant-agusti-a-cala-de-bou\/#article","isPartOf":{"@id":"https:\/\/www.psib-psoe.org\/eivissa\/el-psoe-denuncia-lestat-dabando-i-perill-del-parc-infantil-de-lavinguda-sant-agusti-a-cala-de-bou\/"},"author":{"name":"adminpsib","@id":"https:\/\/www.psib-psoe.org\/eivissa\/#\/schema\/person\/099ab3ef73a3645a1d7f303518e6ce24"},"headline":"El PSOE denuncia l&#8217;estat d&#8217;aband\u00f3 i perill del parc infantil de l&#8217;Avinguda Sant Agust\u00ed a Cala de Bou","datePublished":"2026-01-12T11:23:25+00:00","mainEntityOfPage":{"@id":"https:\/\/www.psib-psoe.org\/eivissa\/el-psoe-denuncia-lestat-dabando-i-perill-del-parc-infantil-de-lavinguda-sant-agusti-a-cala-de-bou\/"},"wordCount":341,"publisher":{"@id":"https:\/\/www.psib-psoe.org\/eivissa\/#organization"},"image":{"@id":"https:\/\/www.psib-psoe.org\/eivissa\/el-psoe-denuncia-lestat-dabando-i-perill-del-parc-infantil-de-lavinguda-sant-agusti-a-cala-de-bou\/#primaryimage"},"thumbnailUrl":"https:\/\/www.psib-psoe.org\/eivissa\/wp-content\/uploads\/aprc.png","articleSection":["Federaci\u00f3 d'Eivissa - Portada","Municipis","Sant Josep de sa Talaia"],"inLanguage":"ca"},{"@type":"WebPage","@id":"https:\/\/www.psib-psoe.org\/eivissa\/el-psoe-denuncia-lestat-dabando-i-perill-del-parc-infantil-de-lavinguda-sant-agusti-a-cala-de-bou\/","url":"https:\/\/www.psib-psoe.org\/eivissa\/el-psoe-denuncia-lestat-dabando-i-perill-del-parc-infantil-de-lavinguda-sant-agusti-a-cala-de-bou\/","name":"El PSOE denuncia l'estat d'aband\u00f3 i perill del parc infantil de l'Avinguda Sant Agust\u00ed a Cala de Bou - Federaci\u00f3 Socialista d&#039;Eivissa","isPartOf":{"@id":"https:\/\/www.psib-psoe.org\/eivissa\/#website"},"primaryImageOfPage":{"@id":"https:\/\/www.psib-psoe.org\/eivissa\/el-psoe-denuncia-lestat-dabando-i-perill-del-parc-infantil-de-lavinguda-sant-agusti-a-cala-de-bou\/#primaryimage"},"image":{"@id":"https:\/\/www.psib-psoe.org\/eivissa\/el-psoe-denuncia-lestat-dabando-i-perill-del-parc-infantil-de-lavinguda-sant-agusti-a-cala-de-bou\/#primaryimage"},"thumbnailUrl":"https:\/\/www.psib-psoe.org\/eivissa\/wp-content\/uploads\/aprc.png","datePublished":"2026-01-12T11:23:25+00:00","breadcrumb":{"@id":"https:\/\/www.psib-psoe.org\/eivissa\/el-psoe-denuncia-lestat-dabando-i-perill-del-parc-infantil-de-lavinguda-sant-agusti-a-cala-de-bou\/#breadcrumb"},"inLanguage":"ca","potentialAction":[{"@type":"ReadAction","target":["https:\/\/www.psib-psoe.org\/eivissa\/el-psoe-denuncia-lestat-dabando-i-perill-del-parc-infantil-de-lavinguda-sant-agusti-a-cala-de-bou\/"]}]},{"@type":"ImageObject","inLanguage":"ca","@id":"https:\/\/www.psib-psoe.org\/eivissa\/el-psoe-denuncia-lestat-dabando-i-perill-del-parc-infantil-de-lavinguda-sant-agusti-a-cala-de-bou\/#primaryimage","url":"https:\/\/www.psib-psoe.org\/eivissa\/wp-content\/uploads\/aprc.png","contentUrl":"https:\/\/www.psib-psoe.org\/eivissa\/wp-content\/uploads\/aprc.png","width":699,"height":458},{"@type":"BreadcrumbList","@id":"https:\/\/www.psib-psoe.org\/eivissa\/el-psoe-denuncia-lestat-dabando-i-perill-del-parc-infantil-de-lavinguda-sant-agusti-a-cala-de-bou\/#breadcrumb","itemListElement":[{"@type":"ListItem","position":1,"name":"Inici","item":"https:\/\/www.psib-psoe.org\/eivissa\/"},{"@type":"ListItem","position":2,"name":"El PSOE denuncia l&#8217;estat d&#8217;aband\u00f3 i perill del parc infantil de l&#8217;Avinguda Sant Agust\u00ed a Cala de Bou"}]},{"@type":"WebSite","@id":"https:\/\/www.psib-psoe.org\/eivissa\/#website","url":"https:\/\/www.psib-psoe.org\/eivissa\/","name":"Federaci\u00f3 Socialista d'Eivissa","description":"Socialistes d&#039;Eivissa","publisher":{"@id":"https:\/\/www.psib-psoe.org\/eivissa\/#organization"},"potentialAction":[{"@type":"SearchAction","target":{"@type":"EntryPoint","urlTemplate":"https:\/\/www.psib-psoe.org\/eivissa\/?s={search_term_string}"},"query-input":{"@type":"PropertyValueSpecification","valueRequired":true,"valueName":"search_term_string"}}],"inLanguage":"ca"},{"@type":"Organization","@id":"https:\/\/www.psib-psoe.org\/eivissa\/#organization","name":"Federaci\u00f3 Socialista d'Eivissa","url":"https:\/\/www.psib-psoe.org\/eivissa\/","logo":{"@type":"ImageObject","inLanguage":"ca","@id":"https:\/\/www.psib-psoe.org\/eivissa\/#\/schema\/logo\/image\/","url":"https:\/\/www.psib-psoe.org\/eivissa\/wp-content\/uploads\/LOGO-FSE-SOCIALISTA-DEIVISSA-HORI.png","contentUrl":"https:\/\/www.psib-psoe.org\/eivissa\/wp-content\/uploads\/LOGO-FSE-SOCIALISTA-DEIVISSA-HORI.png","width":6000,"height":3104,"caption":"Federaci\u00f3 Socialista d'Eivissa"},"image":{"@id":"https:\/\/www.psib-psoe.org\/eivissa\/#\/schema\/logo\/image\/"}},{"@type":"Person","@id":"https:\/\/www.psib-psoe.org\/eivissa\/#\/schema\/person\/099ab3ef73a3645a1d7f303518e6ce24","name":"adminpsib","url":"https:\/\/www.psib-psoe.org\/eivissa\/author\/adminpsib\/"}]}},"_links":{"self":[{"href":"https:\/\/www.psib-psoe.org\/eivissa\/wp-json\/wp\/v2\/posts\/41692","targetHints":{"allow":["GET"]}}],"collection":[{"href":"https:\/\/www.psib-psoe.org\/eivissa\/wp-json\/wp\/v2\/posts"}],"about":[{"href":"https:\/\/www.psib-psoe.org\/eivissa\/wp-json\/wp\/v2\/types\/post"}],"author":[{"embeddable":true,"href":"https:\/\/www.psib-psoe.org\/eivissa\/wp-json\/wp\/v2\/users\/1"}],"replies":[{"embeddable":true,"href":"https:\/\/www.psib-psoe.org\/eivissa\/wp-json\/wp\/v2\/comments?post=41692"}],"version-history":[{"count":1,"href":"https:\/\/www.psib-psoe.org\/eivissa\/wp-json\/wp\/v2\/posts\/41692\/revisions"}],"predecessor-version":[{"id":41702,"href":"https:\/\/www.psib-psoe.org\/eivissa\/wp-json\/wp\/v2\/posts\/41692\/revisions\/41702"}],"wp:featuredmedia":[{"embeddable":true,"href":"https:\/\/www.psib-psoe.org\/eivissa\/wp-json\/wp\/v2\/media\/41693"}],"wp:attachment":[{"href":"https:\/\/www.psib-psoe.org\/eivissa\/wp-json\/wp\/v2\/media?parent=41692"}],"wp:term":[{"taxonomy":"category","embeddable":true,"href":"https:\/\/www.psib-psoe.org\/eivissa\/wp-json\/wp\/v2\/categories?post=41692"},{"taxonomy":"post_tag","embeddable":true,"href":"https:\/\/www.psib-psoe.org\/eivissa\/wp-json\/wp\/v2\/tags?post=41692"}],"curies":[{"name":"wp","href":"https:\/\/api.w.org\/{rel}","templated":true}]}}