{"id":41703,"date":"2026-01-12T20:17:36","date_gmt":"2026-01-12T18:17:36","guid":{"rendered":"https:\/\/www.psib-psoe.org\/eivissa\/?p=41703"},"modified":"2026-01-12T20:17:36","modified_gmt":"2026-01-12T18:17:36","slug":"vicent-rosello-cada-dia-que-passa-amb-vicent-mari-al-capdavant-del-consell-es-un-dia-mes-de-deteriorament-de-la-confianca-ciutadana","status":"publish","type":"post","link":"https:\/\/www.psib-psoe.org\/eivissa\/vicent-rosello-cada-dia-que-passa-amb-vicent-mari-al-capdavant-del-consell-es-un-dia-mes-de-deteriorament-de-la-confianca-ciutadana\/","title":{"rendered":"Vicent Rosell\u00f3: &#8220;Cada dia que passa amb Vicent Mar\u00ed al capdavant del Consell \u00e9s un dia m\u00e9s de deteriorament de la confian\u00e7a ciutadana&#8221;"},"content":{"rendered":"<p>. El PSOE critica el silenci del PP i que aquest vulgui aferrar-se al c\u00e0rrec a pesar que l\u2019Audi\u00e8ncia l\u2019ha enviat a judici per presumpta corrupci\u00f3 i coaccions a la interventora.<\/p>\n<p>El secretari general de la Federaci\u00f3 Socialista d&#8217;Eivissa (FSE-PSOE), Vicent Rosell\u00f3, ha tornat a exigir avui la dimissi\u00f3 immediata del president del Consell Insular, Vicent Mar\u00ed, arran de la resoluci\u00f3 de l&#8217;Audi\u00e8ncia Provincial de Palma que ordena la continuaci\u00f3 del procediment judicial fins a la celebraci\u00f3 del judici oral. &#8220;Cada dia que passa, amb Vicent Mar\u00ed aferrant-se al c\u00e0rrec, s&#8217;agreuja el descr\u00e8dit i el desprestigi de les institucions p\u00fabliques i, especialment del Consell Insular d&#8217;Eivissa&#8221;, ha advertit Rosell\u00f3, despr\u00e9s de la celebraci\u00f3 de la primera reuni\u00f3 de l\u2019any de la Comissi\u00f3 Executiva de la Federaci\u00f3 Socialista d\u2019Eivissa.<\/p>\n<p>El secretari general del PSOE a Eivissa ha denunciat el silenci del Partit Popular davant aquesta situaci\u00f3: &#8220;El senyor Vicent Mar\u00ed continua al capdavant del Consell Insular d&#8217;Eivissa com si res, com si haver de seure al banc dels acusats en un judici per presumptes delictes de corrupci\u00f3 i coaccions a la interventora fos compatible amb presidir la instituci\u00f3 m\u00e9s important de la nostra illa&#8221;.<\/p>\n<p>Rosell\u00f3 ha criticat especialment l&#8217;actitud de Vicent Mar\u00ed, que &#8220;es va apressurar a sortir p\u00fablicament fa un any, en un acte d\u2019enorme teatralitzaci\u00f3, quan es va con\u00e8ixer l&#8217;arxivament provisional de la causa, a dir que tot havia set una operaci\u00f3 del PSOE i de l\u2019Oficina Anticorrupci\u00f3&#8221;, per\u00f2 ara, despr\u00e9s que l\u2019Audi\u00e8ncia Provincial hagi tombat l\u2019arxivament i ordenat enviar-lo a judici, \u201cno surt a donar cap explicaci\u00f3\u201d.<\/p>\n<p>El secretari general socialista tamb\u00e9 ha criticat el \u201csilenci\u201d dels alcaldes del PP i de la mateixa presidenta del Govern balear, Marga Prohens, de qui no s&#8217;ha &#8220;escoltat cap paraula&#8221;, aix\u00ed com als alcaldes del PP d&#8217;Eivissa que fa un any arropaven Mar\u00ed quan parlava de &#8220;muntatges&#8221; i d'&#8221;interessos partidistes&#8221;.<\/p>\n<p>&#8220;Tots callen. I el silenci, en pol\u00edtica, tamb\u00e9 \u00e9s una forma de complicitat&#8221;, ha sentenciat Rosell\u00f3, que ha denunciat &#8220;la doble vara de mesurar del Partit Popular&#8221;: &#8220;Quan afecta altres, s\u00f3n els primers a exigir dimissions immediates. Per\u00f2 quan afecta els seus, miren cap a una altra banda&#8221;.<\/p>\n<p>El l\u00edder socialista ha insistit que en l\u2019\u201cextrema gravetat\u201d dels fets que s\u2019imputen a Vicent Mar\u00ed, d\u2019adjudicar a l\u2019empresa d\u2019una exregidora seua 250.000 euros sense els controls p\u00fablics que marca la llei per als contractes d&#8217;emerg\u00e8ncia, aix\u00ed com les acusacions de coaccions contra la interventora del Consell, la funcion\u00e0ria qui va destapar les irregularitats del contracte i a qui Vicent Rosell\u00f3 ha manifestat tot el seu suport.<\/p>\n<p>Aix\u00ed, Vicent Rosell\u00f3 ha expressat la preocupaci\u00f3 de la Federaci\u00f3 Socialista per l&#8217;impacte que aquesta situaci\u00f3 est\u00e0 tenint en la credibilitat de la m\u00e0xima instituci\u00f3 d&#8217;Eivissa: &#8220;Cada dia que passa amb Vicent Mar\u00ed al capdavant del Consell Insular \u00e9s un dia m\u00e9s de deteriorament de la confian\u00e7a ciutadana. \u00c9s un dia m\u00e9s en qu\u00e8 la primera instituci\u00f3 de la nostra illa est\u00e0 presidida per una persona que haur\u00e0 de seure al banc dels acusats en un judici oral per presumpta corrupci\u00f3 i coaccions a la interventora del Consell&#8221;.<\/p>\n<p>&#8220;Vicent Mar\u00ed ha de dimitir. I ha de fer-ho ja. No pot continuar un dia m\u00e9s presidint el Consell Insular d&#8217;Eivissa. No pot continuar presidint una instituci\u00f3 mentre espera asseure&#8217;s al banc dels acusats&#8221;, ha insistit Rosell\u00f3.<\/p>\n<p>Despr\u00e9s de la primera reuni\u00f3 de l\u2019any de la Comissi\u00f3 Executiva de la FSE-PSOE, el secretari general ha explicat que \u201cla nostra pedra angular \u00e9s molt clara, mirar pels interessos dels eivissencs i de les eivissenques, per la gent que viu i treballa a la nostra illa, perqu\u00e8 puguin accedir a un habitatge, perqu\u00e8 tenguin uns llocs de feina bons, perqu\u00e8 la ind\u00fastria de l&#8217;illa d&#8217;Eivissa repercuteixi damunt els treballadors, perqu\u00e8 hi hagi un bon acc\u00e9s en el transport p\u00fablic, perqu\u00e8 no hi hagi un col\u00b7lapse durant l&#8217;estiu, perqu\u00e8 reverteixin en els serveis p\u00fablics aquells ingressos que genera el turisme, per la defensa del territori i del medi ambient, i aquesta \u00e9s la nostra acci\u00f3 priorit\u00e0ria: la de mirar i la de fer propostes per la gent d&#8217;Eivissa&#8221;. <\/p>\n<p>Aix\u00ed mateix, ha insistit que el PSOE seguir\u00e0 vigilant perqu\u00e8 \u201cles institucions siguin transparents i estiguin governades per persones que no tenguin cap judici, que no hi hagi cap q\u00fcesti\u00f3 sobrevinguda que pugui fer dubtar de l&#8217;honorabilitat i de la gesti\u00f3 de les institucions p\u00fabliques&#8221;.<\/p>\n","protected":false},"excerpt":{"rendered":"<p>. El PSOE critica el silenci del PP i que aquest vulgui aferrar-se al c\u00e0rrec a pesar que l\u2019Audi\u00e8ncia l\u2019ha enviat a judici per presumpta corrupci\u00f3 i coaccions a la interventora. El secretari general de la Federaci\u00f3 Socialista d&#8217;Eivissa (FSE-PSOE), Vicent Rosell\u00f3, ha tornat a exigir avui la dimissi\u00f3 immediata del president del Consell Insular,&hellip;<\/p>\n","protected":false},"author":1,"featured_media":41706,"comment_status":"closed","ping_status":"closed","sticky":false,"template":"","format":"standard","meta":{"footnotes":""},"categories":[192,1,212],"tags":[],"class_list":["post-41703","post","type-post","status-publish","format-standard","has-post-thumbnail","hentry","category-consell-deivissa","category-federacio-de-eivissa-portada","category-fse-psoe"],"yoast_head":"<!-- This site is optimized with the Yoast SEO plugin v26.9 - https:\/\/yoast.com\/product\/yoast-seo-wordpress\/ -->\n<title>Vicent Rosell\u00f3: &quot;Cada dia que passa amb Vicent Mar\u00ed al capdavant del Consell \u00e9s un dia m\u00e9s de deteriorament de la confian\u00e7a ciutadana&quot; - Federaci\u00f3 Socialista d&#039;Eivissa<\/title>\n<meta name=\"robots\" content=\"index, follow, max-snippet:-1, max-image-preview:large, max-video-preview:-1\" \/>\n<link rel=\"canonical\" href=\"https:\/\/www.psib-psoe.org\/eivissa\/vicent-rosello-cada-dia-que-passa-amb-vicent-mari-al-capdavant-del-consell-es-un-dia-mes-de-deteriorament-de-la-confianca-ciutadana\/\" \/>\n<meta property=\"og:locale\" content=\"ca_ES\" \/>\n<meta property=\"og:type\" content=\"article\" \/>\n<meta property=\"og:title\" content=\"Vicent Rosell\u00f3: &quot;Cada dia que passa amb Vicent Mar\u00ed al capdavant del Consell \u00e9s un dia m\u00e9s de deteriorament de la confian\u00e7a ciutadana&quot; - Federaci\u00f3 Socialista d&#039;Eivissa\" \/>\n<meta property=\"og:description\" content=\". El PSOE critica el silenci del PP i que aquest vulgui aferrar-se al c\u00e0rrec a pesar que l\u2019Audi\u00e8ncia l\u2019ha enviat a judici per presumpta corrupci\u00f3 i coaccions a la interventora. El secretari general de la Federaci\u00f3 Socialista d&#8217;Eivissa (FSE-PSOE), Vicent Rosell\u00f3, ha tornat a exigir avui la dimissi\u00f3 immediata del president del Consell Insular,&hellip;\" \/>\n<meta property=\"og:url\" content=\"https:\/\/www.psib-psoe.org\/eivissa\/vicent-rosello-cada-dia-que-passa-amb-vicent-mari-al-capdavant-del-consell-es-un-dia-mes-de-deteriorament-de-la-confianca-ciutadana\/\" \/>\n<meta property=\"og:site_name\" content=\"Federaci\u00f3 Socialista d&#039;Eivissa\" \/>\n<meta property=\"article:published_time\" content=\"2026-01-12T18:17:36+00:00\" \/>\n<meta property=\"og:image\" content=\"https:\/\/www.psib-psoe.org\/eivissa\/wp-content\/uploads\/executiva-fse-12-gener-2026-scaled.jpg\" \/>\n\t<meta property=\"og:image:width\" content=\"2560\" \/>\n\t<meta property=\"og:image:height\" content=\"1920\" \/>\n\t<meta property=\"og:image:type\" content=\"image\/jpeg\" \/>\n<meta name=\"author\" content=\"adminpsib\" \/>\n<meta name=\"twitter:card\" content=\"summary_large_image\" \/>\n<meta name=\"twitter:label1\" content=\"Escrit per\" \/>\n\t<meta name=\"twitter:data1\" content=\"adminpsib\" \/>\n\t<meta name=\"twitter:label2\" content=\"Temps estimat de lectura\" \/>\n\t<meta name=\"twitter:data2\" content=\"4 minuts\" \/>\n<script type=\"application\/ld+json\" class=\"yoast-schema-graph\">{\"@context\":\"https:\/\/schema.org\",\"@graph\":[{\"@type\":[\"Article\",\"BlogPosting\"],\"@id\":\"https:\/\/www.psib-psoe.org\/eivissa\/vicent-rosello-cada-dia-que-passa-amb-vicent-mari-al-capdavant-del-consell-es-un-dia-mes-de-deteriorament-de-la-confianca-ciutadana\/#article\",\"isPartOf\":{\"@id\":\"https:\/\/www.psib-psoe.org\/eivissa\/vicent-rosello-cada-dia-que-passa-amb-vicent-mari-al-capdavant-del-consell-es-un-dia-mes-de-deteriorament-de-la-confianca-ciutadana\/\"},\"author\":{\"name\":\"adminpsib\",\"@id\":\"https:\/\/www.psib-psoe.org\/eivissa\/#\/schema\/person\/099ab3ef73a3645a1d7f303518e6ce24\"},\"headline\":\"Vicent Rosell\u00f3: &#8220;Cada dia que passa amb Vicent Mar\u00ed al capdavant del Consell \u00e9s un dia m\u00e9s de deteriorament de la confian\u00e7a ciutadana&#8221;\",\"datePublished\":\"2026-01-12T18:17:36+00:00\",\"mainEntityOfPage\":{\"@id\":\"https:\/\/www.psib-psoe.org\/eivissa\/vicent-rosello-cada-dia-que-passa-amb-vicent-mari-al-capdavant-del-consell-es-un-dia-mes-de-deteriorament-de-la-confianca-ciutadana\/\"},\"wordCount\":792,\"publisher\":{\"@id\":\"https:\/\/www.psib-psoe.org\/eivissa\/#organization\"},\"image\":{\"@id\":\"https:\/\/www.psib-psoe.org\/eivissa\/vicent-rosello-cada-dia-que-passa-amb-vicent-mari-al-capdavant-del-consell-es-un-dia-mes-de-deteriorament-de-la-confianca-ciutadana\/#primaryimage\"},\"thumbnailUrl\":\"https:\/\/www.psib-psoe.org\/eivissa\/wp-content\/uploads\/executiva-fse-12-gener-2026-scaled.jpg\",\"articleSection\":[\"Consell d'Eivissa\",\"Federaci\u00f3 d'Eivissa - Portada\",\"FSE-PSOE\"],\"inLanguage\":\"ca\"},{\"@type\":\"WebPage\",\"@id\":\"https:\/\/www.psib-psoe.org\/eivissa\/vicent-rosello-cada-dia-que-passa-amb-vicent-mari-al-capdavant-del-consell-es-un-dia-mes-de-deteriorament-de-la-confianca-ciutadana\/\",\"url\":\"https:\/\/www.psib-psoe.org\/eivissa\/vicent-rosello-cada-dia-que-passa-amb-vicent-mari-al-capdavant-del-consell-es-un-dia-mes-de-deteriorament-de-la-confianca-ciutadana\/\",\"name\":\"Vicent Rosell\u00f3: \\\"Cada dia que passa amb Vicent Mar\u00ed al capdavant del Consell \u00e9s un dia m\u00e9s de deteriorament de la confian\u00e7a ciutadana\\\" - Federaci\u00f3 Socialista d&#039;Eivissa\",\"isPartOf\":{\"@id\":\"https:\/\/www.psib-psoe.org\/eivissa\/#website\"},\"primaryImageOfPage\":{\"@id\":\"https:\/\/www.psib-psoe.org\/eivissa\/vicent-rosello-cada-dia-que-passa-amb-vicent-mari-al-capdavant-del-consell-es-un-dia-mes-de-deteriorament-de-la-confianca-ciutadana\/#primaryimage\"},\"image\":{\"@id\":\"https:\/\/www.psib-psoe.org\/eivissa\/vicent-rosello-cada-dia-que-passa-amb-vicent-mari-al-capdavant-del-consell-es-un-dia-mes-de-deteriorament-de-la-confianca-ciutadana\/#primaryimage\"},\"thumbnailUrl\":\"https:\/\/www.psib-psoe.org\/eivissa\/wp-content\/uploads\/executiva-fse-12-gener-2026-scaled.jpg\",\"datePublished\":\"2026-01-12T18:17:36+00:00\",\"breadcrumb\":{\"@id\":\"https:\/\/www.psib-psoe.org\/eivissa\/vicent-rosello-cada-dia-que-passa-amb-vicent-mari-al-capdavant-del-consell-es-un-dia-mes-de-deteriorament-de-la-confianca-ciutadana\/#breadcrumb\"},\"inLanguage\":\"ca\",\"potentialAction\":[{\"@type\":\"ReadAction\",\"target\":[\"https:\/\/www.psib-psoe.org\/eivissa\/vicent-rosello-cada-dia-que-passa-amb-vicent-mari-al-capdavant-del-consell-es-un-dia-mes-de-deteriorament-de-la-confianca-ciutadana\/\"]}]},{\"@type\":\"ImageObject\",\"inLanguage\":\"ca\",\"@id\":\"https:\/\/www.psib-psoe.org\/eivissa\/vicent-rosello-cada-dia-que-passa-amb-vicent-mari-al-capdavant-del-consell-es-un-dia-mes-de-deteriorament-de-la-confianca-ciutadana\/#primaryimage\",\"url\":\"https:\/\/www.psib-psoe.org\/eivissa\/wp-content\/uploads\/executiva-fse-12-gener-2026-scaled.jpg\",\"contentUrl\":\"https:\/\/www.psib-psoe.org\/eivissa\/wp-content\/uploads\/executiva-fse-12-gener-2026-scaled.jpg\",\"width\":2560,\"height\":1920},{\"@type\":\"BreadcrumbList\",\"@id\":\"https:\/\/www.psib-psoe.org\/eivissa\/vicent-rosello-cada-dia-que-passa-amb-vicent-mari-al-capdavant-del-consell-es-un-dia-mes-de-deteriorament-de-la-confianca-ciutadana\/#breadcrumb\",\"itemListElement\":[{\"@type\":\"ListItem\",\"position\":1,\"name\":\"Inici\",\"item\":\"https:\/\/www.psib-psoe.org\/eivissa\/\"},{\"@type\":\"ListItem\",\"position\":2,\"name\":\"Vicent Rosell\u00f3: &#8220;Cada dia que passa amb Vicent Mar\u00ed al capdavant del Consell \u00e9s un dia m\u00e9s de deteriorament de la confian\u00e7a ciutadana&#8221;\"}]},{\"@type\":\"WebSite\",\"@id\":\"https:\/\/www.psib-psoe.org\/eivissa\/#website\",\"url\":\"https:\/\/www.psib-psoe.org\/eivissa\/\",\"name\":\"Federaci\u00f3 Socialista d'Eivissa\",\"description\":\"Socialistes d&#039;Eivissa\",\"publisher\":{\"@id\":\"https:\/\/www.psib-psoe.org\/eivissa\/#organization\"},\"potentialAction\":[{\"@type\":\"SearchAction\",\"target\":{\"@type\":\"EntryPoint\",\"urlTemplate\":\"https:\/\/www.psib-psoe.org\/eivissa\/?s={search_term_string}\"},\"query-input\":{\"@type\":\"PropertyValueSpecification\",\"valueRequired\":true,\"valueName\":\"search_term_string\"}}],\"inLanguage\":\"ca\"},{\"@type\":\"Organization\",\"@id\":\"https:\/\/www.psib-psoe.org\/eivissa\/#organization\",\"name\":\"Federaci\u00f3 Socialista d'Eivissa\",\"url\":\"https:\/\/www.psib-psoe.org\/eivissa\/\",\"logo\":{\"@type\":\"ImageObject\",\"inLanguage\":\"ca\",\"@id\":\"https:\/\/www.psib-psoe.org\/eivissa\/#\/schema\/logo\/image\/\",\"url\":\"https:\/\/www.psib-psoe.org\/eivissa\/wp-content\/uploads\/LOGO-FSE-SOCIALISTA-DEIVISSA-HORI.png\",\"contentUrl\":\"https:\/\/www.psib-psoe.org\/eivissa\/wp-content\/uploads\/LOGO-FSE-SOCIALISTA-DEIVISSA-HORI.png\",\"width\":6000,\"height\":3104,\"caption\":\"Federaci\u00f3 Socialista d'Eivissa\"},\"image\":{\"@id\":\"https:\/\/www.psib-psoe.org\/eivissa\/#\/schema\/logo\/image\/\"}},{\"@type\":\"Person\",\"@id\":\"https:\/\/www.psib-psoe.org\/eivissa\/#\/schema\/person\/099ab3ef73a3645a1d7f303518e6ce24\",\"name\":\"adminpsib\",\"url\":\"https:\/\/www.psib-psoe.org\/eivissa\/author\/adminpsib\/\"}]}<\/script>\n<!-- \/ Yoast SEO plugin. -->","yoast_head_json":{"title":"Vicent Rosell\u00f3: \"Cada dia que passa amb Vicent Mar\u00ed al capdavant del Consell \u00e9s un dia m\u00e9s de deteriorament de la confian\u00e7a ciutadana\" - Federaci\u00f3 Socialista d&#039;Eivissa","robots":{"index":"index","follow":"follow","max-snippet":"max-snippet:-1","max-image-preview":"max-image-preview:large","max-video-preview":"max-video-preview:-1"},"canonical":"https:\/\/www.psib-psoe.org\/eivissa\/vicent-rosello-cada-dia-que-passa-amb-vicent-mari-al-capdavant-del-consell-es-un-dia-mes-de-deteriorament-de-la-confianca-ciutadana\/","og_locale":"ca_ES","og_type":"article","og_title":"Vicent Rosell\u00f3: \"Cada dia que passa amb Vicent Mar\u00ed al capdavant del Consell \u00e9s un dia m\u00e9s de deteriorament de la confian\u00e7a ciutadana\" - Federaci\u00f3 Socialista d&#039;Eivissa","og_description":". El PSOE critica el silenci del PP i que aquest vulgui aferrar-se al c\u00e0rrec a pesar que l\u2019Audi\u00e8ncia l\u2019ha enviat a judici per presumpta corrupci\u00f3 i coaccions a la interventora. El secretari general de la Federaci\u00f3 Socialista d&#8217;Eivissa (FSE-PSOE), Vicent Rosell\u00f3, ha tornat a exigir avui la dimissi\u00f3 immediata del president del Consell Insular,&hellip;","og_url":"https:\/\/www.psib-psoe.org\/eivissa\/vicent-rosello-cada-dia-que-passa-amb-vicent-mari-al-capdavant-del-consell-es-un-dia-mes-de-deteriorament-de-la-confianca-ciutadana\/","og_site_name":"Federaci\u00f3 Socialista d&#039;Eivissa","article_published_time":"2026-01-12T18:17:36+00:00","og_image":[{"width":2560,"height":1920,"url":"https:\/\/www.psib-psoe.org\/eivissa\/wp-content\/uploads\/executiva-fse-12-gener-2026-scaled.jpg","type":"image\/jpeg"}],"author":"adminpsib","twitter_card":"summary_large_image","twitter_misc":{"Escrit per":"adminpsib","Temps estimat de lectura":"4 minuts"},"schema":{"@context":"https:\/\/schema.org","@graph":[{"@type":["Article","BlogPosting"],"@id":"https:\/\/www.psib-psoe.org\/eivissa\/vicent-rosello-cada-dia-que-passa-amb-vicent-mari-al-capdavant-del-consell-es-un-dia-mes-de-deteriorament-de-la-confianca-ciutadana\/#article","isPartOf":{"@id":"https:\/\/www.psib-psoe.org\/eivissa\/vicent-rosello-cada-dia-que-passa-amb-vicent-mari-al-capdavant-del-consell-es-un-dia-mes-de-deteriorament-de-la-confianca-ciutadana\/"},"author":{"name":"adminpsib","@id":"https:\/\/www.psib-psoe.org\/eivissa\/#\/schema\/person\/099ab3ef73a3645a1d7f303518e6ce24"},"headline":"Vicent Rosell\u00f3: &#8220;Cada dia que passa amb Vicent Mar\u00ed al capdavant del Consell \u00e9s un dia m\u00e9s de deteriorament de la confian\u00e7a ciutadana&#8221;","datePublished":"2026-01-12T18:17:36+00:00","mainEntityOfPage":{"@id":"https:\/\/www.psib-psoe.org\/eivissa\/vicent-rosello-cada-dia-que-passa-amb-vicent-mari-al-capdavant-del-consell-es-un-dia-mes-de-deteriorament-de-la-confianca-ciutadana\/"},"wordCount":792,"publisher":{"@id":"https:\/\/www.psib-psoe.org\/eivissa\/#organization"},"image":{"@id":"https:\/\/www.psib-psoe.org\/eivissa\/vicent-rosello-cada-dia-que-passa-amb-vicent-mari-al-capdavant-del-consell-es-un-dia-mes-de-deteriorament-de-la-confianca-ciutadana\/#primaryimage"},"thumbnailUrl":"https:\/\/www.psib-psoe.org\/eivissa\/wp-content\/uploads\/executiva-fse-12-gener-2026-scaled.jpg","articleSection":["Consell d'Eivissa","Federaci\u00f3 d'Eivissa - Portada","FSE-PSOE"],"inLanguage":"ca"},{"@type":"WebPage","@id":"https:\/\/www.psib-psoe.org\/eivissa\/vicent-rosello-cada-dia-que-passa-amb-vicent-mari-al-capdavant-del-consell-es-un-dia-mes-de-deteriorament-de-la-confianca-ciutadana\/","url":"https:\/\/www.psib-psoe.org\/eivissa\/vicent-rosello-cada-dia-que-passa-amb-vicent-mari-al-capdavant-del-consell-es-un-dia-mes-de-deteriorament-de-la-confianca-ciutadana\/","name":"Vicent Rosell\u00f3: \"Cada dia que passa amb Vicent Mar\u00ed al capdavant del Consell \u00e9s un dia m\u00e9s de deteriorament de la confian\u00e7a ciutadana\" - Federaci\u00f3 Socialista d&#039;Eivissa","isPartOf":{"@id":"https:\/\/www.psib-psoe.org\/eivissa\/#website"},"primaryImageOfPage":{"@id":"https:\/\/www.psib-psoe.org\/eivissa\/vicent-rosello-cada-dia-que-passa-amb-vicent-mari-al-capdavant-del-consell-es-un-dia-mes-de-deteriorament-de-la-confianca-ciutadana\/#primaryimage"},"image":{"@id":"https:\/\/www.psib-psoe.org\/eivissa\/vicent-rosello-cada-dia-que-passa-amb-vicent-mari-al-capdavant-del-consell-es-un-dia-mes-de-deteriorament-de-la-confianca-ciutadana\/#primaryimage"},"thumbnailUrl":"https:\/\/www.psib-psoe.org\/eivissa\/wp-content\/uploads\/executiva-fse-12-gener-2026-scaled.jpg","datePublished":"2026-01-12T18:17:36+00:00","breadcrumb":{"@id":"https:\/\/www.psib-psoe.org\/eivissa\/vicent-rosello-cada-dia-que-passa-amb-vicent-mari-al-capdavant-del-consell-es-un-dia-mes-de-deteriorament-de-la-confianca-ciutadana\/#breadcrumb"},"inLanguage":"ca","potentialAction":[{"@type":"ReadAction","target":["https:\/\/www.psib-psoe.org\/eivissa\/vicent-rosello-cada-dia-que-passa-amb-vicent-mari-al-capdavant-del-consell-es-un-dia-mes-de-deteriorament-de-la-confianca-ciutadana\/"]}]},{"@type":"ImageObject","inLanguage":"ca","@id":"https:\/\/www.psib-psoe.org\/eivissa\/vicent-rosello-cada-dia-que-passa-amb-vicent-mari-al-capdavant-del-consell-es-un-dia-mes-de-deteriorament-de-la-confianca-ciutadana\/#primaryimage","url":"https:\/\/www.psib-psoe.org\/eivissa\/wp-content\/uploads\/executiva-fse-12-gener-2026-scaled.jpg","contentUrl":"https:\/\/www.psib-psoe.org\/eivissa\/wp-content\/uploads\/executiva-fse-12-gener-2026-scaled.jpg","width":2560,"height":1920},{"@type":"BreadcrumbList","@id":"https:\/\/www.psib-psoe.org\/eivissa\/vicent-rosello-cada-dia-que-passa-amb-vicent-mari-al-capdavant-del-consell-es-un-dia-mes-de-deteriorament-de-la-confianca-ciutadana\/#breadcrumb","itemListElement":[{"@type":"ListItem","position":1,"name":"Inici","item":"https:\/\/www.psib-psoe.org\/eivissa\/"},{"@type":"ListItem","position":2,"name":"Vicent Rosell\u00f3: &#8220;Cada dia que passa amb Vicent Mar\u00ed al capdavant del Consell \u00e9s un dia m\u00e9s de deteriorament de la confian\u00e7a ciutadana&#8221;"}]},{"@type":"WebSite","@id":"https:\/\/www.psib-psoe.org\/eivissa\/#website","url":"https:\/\/www.psib-psoe.org\/eivissa\/","name":"Federaci\u00f3 Socialista d'Eivissa","description":"Socialistes d&#039;Eivissa","publisher":{"@id":"https:\/\/www.psib-psoe.org\/eivissa\/#organization"},"potentialAction":[{"@type":"SearchAction","target":{"@type":"EntryPoint","urlTemplate":"https:\/\/www.psib-psoe.org\/eivissa\/?s={search_term_string}"},"query-input":{"@type":"PropertyValueSpecification","valueRequired":true,"valueName":"search_term_string"}}],"inLanguage":"ca"},{"@type":"Organization","@id":"https:\/\/www.psib-psoe.org\/eivissa\/#organization","name":"Federaci\u00f3 Socialista d'Eivissa","url":"https:\/\/www.psib-psoe.org\/eivissa\/","logo":{"@type":"ImageObject","inLanguage":"ca","@id":"https:\/\/www.psib-psoe.org\/eivissa\/#\/schema\/logo\/image\/","url":"https:\/\/www.psib-psoe.org\/eivissa\/wp-content\/uploads\/LOGO-FSE-SOCIALISTA-DEIVISSA-HORI.png","contentUrl":"https:\/\/www.psib-psoe.org\/eivissa\/wp-content\/uploads\/LOGO-FSE-SOCIALISTA-DEIVISSA-HORI.png","width":6000,"height":3104,"caption":"Federaci\u00f3 Socialista d'Eivissa"},"image":{"@id":"https:\/\/www.psib-psoe.org\/eivissa\/#\/schema\/logo\/image\/"}},{"@type":"Person","@id":"https:\/\/www.psib-psoe.org\/eivissa\/#\/schema\/person\/099ab3ef73a3645a1d7f303518e6ce24","name":"adminpsib","url":"https:\/\/www.psib-psoe.org\/eivissa\/author\/adminpsib\/"}]}},"_links":{"self":[{"href":"https:\/\/www.psib-psoe.org\/eivissa\/wp-json\/wp\/v2\/posts\/41703","targetHints":{"allow":["GET"]}}],"collection":[{"href":"https:\/\/www.psib-psoe.org\/eivissa\/wp-json\/wp\/v2\/posts"}],"about":[{"href":"https:\/\/www.psib-psoe.org\/eivissa\/wp-json\/wp\/v2\/types\/post"}],"author":[{"embeddable":true,"href":"https:\/\/www.psib-psoe.org\/eivissa\/wp-json\/wp\/v2\/users\/1"}],"replies":[{"embeddable":true,"href":"https:\/\/www.psib-psoe.org\/eivissa\/wp-json\/wp\/v2\/comments?post=41703"}],"version-history":[{"count":1,"href":"https:\/\/www.psib-psoe.org\/eivissa\/wp-json\/wp\/v2\/posts\/41703\/revisions"}],"predecessor-version":[{"id":41707,"href":"https:\/\/www.psib-psoe.org\/eivissa\/wp-json\/wp\/v2\/posts\/41703\/revisions\/41707"}],"wp:featuredmedia":[{"embeddable":true,"href":"https:\/\/www.psib-psoe.org\/eivissa\/wp-json\/wp\/v2\/media\/41706"}],"wp:attachment":[{"href":"https:\/\/www.psib-psoe.org\/eivissa\/wp-json\/wp\/v2\/media?parent=41703"}],"wp:term":[{"taxonomy":"category","embeddable":true,"href":"https:\/\/www.psib-psoe.org\/eivissa\/wp-json\/wp\/v2\/categories?post=41703"},{"taxonomy":"post_tag","embeddable":true,"href":"https:\/\/www.psib-psoe.org\/eivissa\/wp-json\/wp\/v2\/tags?post=41703"}],"curies":[{"name":"wp","href":"https:\/\/api.w.org\/{rel}","templated":true}]}}