{"id":41712,"date":"2026-01-14T16:09:42","date_gmt":"2026-01-14T14:09:42","guid":{"rendered":"https:\/\/www.psib-psoe.org\/eivissa\/?p=41712"},"modified":"2026-01-14T16:10:15","modified_gmt":"2026-01-14T14:10:15","slug":"indignacio-a-jesus-pels-nous-talls-daigua-i-per-haver-tornat-a-aixecar-uns-dels-carrers-principals-del-poble-que-fa-poc-shavia-donat-per-acabat","status":"publish","type":"post","link":"https:\/\/www.psib-psoe.org\/eivissa\/indignacio-a-jesus-pels-nous-talls-daigua-i-per-haver-tornat-a-aixecar-uns-dels-carrers-principals-del-poble-que-fa-poc-shavia-donat-per-acabat\/","title":{"rendered":"Indignaci\u00f3 a Jes\u00fas pels nous talls d\u2019aigua i per haver tornat a aixecar un dels carrers principals del poble que fa poc s\u2019havia donat per acabat"},"content":{"rendered":"\n<p>El Grup Municipal Socialista del PSOE a l\u2019Ajuntament de Santa Eul\u00e0ria des Riu denuncia la mala planificaci\u00f3 i la falta de previsi\u00f3 del govern municipal en les obres del carrer Canari, al nucli de Jes\u00fas, que tornen a aixecar-se poc m\u00e9s d\u2019un any despr\u00e9s d\u2019haver estat objecte d\u2019una suposada \u201creforma integral\u201d, tornant a provocar talls d\u2019aigua i de la circulaci\u00f3 de vehicles. La indignaci\u00f3 vesinal \u00e9s creixent a Jes\u00fas, entre uns residents que no poden entendre la ca\u00f2tica planificaci\u00f3 per part de l\u2019equip de govern de Carmen Ferrer.<\/p>\n\n\n\n<p>L\u2019any 2024, l\u2019Ajuntament va anunciar l\u2019execuci\u00f3 d\u2019aquest projecte amb un pressupost d\u20191,32 milions d\u2019euros (IVA incl\u00f2s) i un termini m\u00e0xim de cinc mesos. Tot i aix\u00f2, les obres no es varen complir en el temps previst i no varen finalitzar fins a finals de setembre de 2024, acumulant mesos de retard i nombroses mol\u00e8sties als vesins i vesines.<\/p>\n\n\n\n<p>Ja l&#8217;agost de 2024, quan el retard era evident, el Grup Socialista va advertir p\u00fablicament de l\u2019incompliment del calendari anunciat i de les afectacions que les obres estaven generant a la mobilitat i a la vida quotidiana del barri.<\/p>\n\n\n\n<p>A pesar que el projecte es va presentar com una actuaci\u00f3 integral que havia d\u2019incloure la renovaci\u00f3 i el soterrament de tots els serveis, el novembre de 2025 l\u2019Ajuntament va tornar a obrir rases al mateix carrer Canari. El dia d&#8217;avui, aquestes rases continuen obertes, afectant la cal\u00e7ada i passos de vianants que es varen executar fa tot just un any, tal com es pot comprovar a les imatges recents de la zona. En total, s\u2019han comptabilitzat fins a 18 rases, algunes d\u2019elles amb una superf\u00edcie aproximada de 4 metres quadrats.<\/p>\n\n\n\n<p>Davant les preguntes formulades pel PSOE, l\u2019equip de govern ha justificat aquestes noves intervencions afirmant que corresponen a connexions de nous subministraments d\u2019aigua sol\u00b7licitades per vesins del carrer. Una explicaci\u00f3 que des del Grup Socialista es considera insuficient i preocupant, ja que resulta dif\u00edcil d\u2019entendre que, despr\u00e9s d\u2019una obra d\u20191,32 milions d\u2019euros anunciada com a integral, sigui necessari tornar a aixecar el carrer en tan poc temps i provocar nous talls d\u2019aigua i noves mol\u00e8sties.<\/p>\n\n\n\n<p>Per al Grup Municipal Socialista, aquesta situaci\u00f3 posa en evid\u00e8ncia una clara falta de programaci\u00f3 i planificaci\u00f3 per part de l\u2019equip de govern encap\u00e7alat per l&#8217;alcaldessa, Carmen Ferrer, aix\u00ed com una deficient coordinaci\u00f3 dels serveis municipals. La falta de previsi\u00f3 es tradueix en obres repetides, m\u00e9s mol\u00e8sties per als vesins i vesines, afectacions cont\u00ednues a la mobilitat i un \u00fas poc eficient dels recursos p\u00fablics.<\/p>\n\n\n\n<p>Des del PSOE de Santa Eul\u00e0ria es reclama una millor planificaci\u00f3 de les obres p\u00fabliques, una coordinaci\u00f3 real entre els diferents serveis municipals i una major transpar\u00e8ncia, per evitar que actuacions recentment executades s\u2019hagin de tornar a fer al cap de pocs mesos i per garantir que les inversions p\u00fabliques es duguin a terme amb criteris d\u2019efic\u00e0cia, rigor i respecte cap a la ciutadania de Jes\u00fas.<\/p>\n\n\n\n<p><br \/><\/p>\n","protected":false},"excerpt":{"rendered":"<p>El Grup Municipal Socialista del PSOE a l\u2019Ajuntament de Santa Eul\u00e0ria des Riu denuncia la mala planificaci\u00f3 i la falta de previsi\u00f3 del govern municipal en les obres del carrer Canari, al nucli de Jes\u00fas, que tornen a aixecar-se poc m\u00e9s d\u2019un any despr\u00e9s d\u2019haver estat objecte d\u2019una suposada \u201creforma integral\u201d, tornant a provocar talls&hellip;<\/p>\n","protected":false},"author":1,"featured_media":41711,"comment_status":"closed","ping_status":"closed","sticky":false,"template":"","format":"standard","meta":{"footnotes":""},"categories":[1,234,186],"tags":[],"class_list":["post-41712","post","type-post","status-publish","format-standard","has-post-thumbnail","hentry","category-federacio-de-eivissa-portada","category-municipis","category-santa-eularia-des-riu"],"yoast_head":"<!-- This site is optimized with the Yoast SEO plugin v26.9 - https:\/\/yoast.com\/product\/yoast-seo-wordpress\/ -->\n<title>Indignaci\u00f3 a Jes\u00fas pels nous talls d\u2019aigua i per haver tornat a aixecar un dels carrers principals del poble que fa poc s\u2019havia donat per acabat - Federaci\u00f3 Socialista d&#039;Eivissa<\/title>\n<meta name=\"robots\" content=\"index, follow, max-snippet:-1, max-image-preview:large, max-video-preview:-1\" \/>\n<link rel=\"canonical\" href=\"https:\/\/www.psib-psoe.org\/eivissa\/indignacio-a-jesus-pels-nous-talls-daigua-i-per-haver-tornat-a-aixecar-uns-dels-carrers-principals-del-poble-que-fa-poc-shavia-donat-per-acabat\/\" \/>\n<meta property=\"og:locale\" content=\"ca_ES\" \/>\n<meta property=\"og:type\" content=\"article\" \/>\n<meta property=\"og:title\" content=\"Indignaci\u00f3 a Jes\u00fas pels nous talls d\u2019aigua i per haver tornat a aixecar un dels carrers principals del poble que fa poc s\u2019havia donat per acabat - Federaci\u00f3 Socialista d&#039;Eivissa\" \/>\n<meta property=\"og:description\" content=\"El Grup Municipal Socialista del PSOE a l\u2019Ajuntament de Santa Eul\u00e0ria des Riu denuncia la mala planificaci\u00f3 i la falta de previsi\u00f3 del govern municipal en les obres del carrer Canari, al nucli de Jes\u00fas, que tornen a aixecar-se poc m\u00e9s d\u2019un any despr\u00e9s d\u2019haver estat objecte d\u2019una suposada \u201creforma integral\u201d, tornant a provocar talls&hellip;\" \/>\n<meta property=\"og:url\" content=\"https:\/\/www.psib-psoe.org\/eivissa\/indignacio-a-jesus-pels-nous-talls-daigua-i-per-haver-tornat-a-aixecar-uns-dels-carrers-principals-del-poble-que-fa-poc-shavia-donat-per-acabat\/\" \/>\n<meta property=\"og:site_name\" content=\"Federaci\u00f3 Socialista d&#039;Eivissa\" \/>\n<meta property=\"article:published_time\" content=\"2026-01-14T14:09:42+00:00\" \/>\n<meta property=\"article:modified_time\" content=\"2026-01-14T14:10:15+00:00\" \/>\n<meta property=\"og:image\" content=\"https:\/\/www.psib-psoe.org\/eivissa\/wp-content\/uploads\/img_0675.jpg\" \/>\n\t<meta property=\"og:image:width\" content=\"2000\" \/>\n\t<meta property=\"og:image:height\" content=\"924\" \/>\n\t<meta property=\"og:image:type\" content=\"image\/jpeg\" \/>\n<meta name=\"author\" content=\"adminpsib\" \/>\n<meta name=\"twitter:card\" content=\"summary_large_image\" \/>\n<meta name=\"twitter:label1\" content=\"Escrit per\" \/>\n\t<meta name=\"twitter:data1\" content=\"adminpsib\" \/>\n\t<meta name=\"twitter:label2\" content=\"Temps estimat de lectura\" \/>\n\t<meta name=\"twitter:data2\" content=\"3 minuts\" \/>\n<script type=\"application\/ld+json\" class=\"yoast-schema-graph\">{\"@context\":\"https:\/\/schema.org\",\"@graph\":[{\"@type\":[\"Article\",\"BlogPosting\"],\"@id\":\"https:\/\/www.psib-psoe.org\/eivissa\/indignacio-a-jesus-pels-nous-talls-daigua-i-per-haver-tornat-a-aixecar-uns-dels-carrers-principals-del-poble-que-fa-poc-shavia-donat-per-acabat\/#article\",\"isPartOf\":{\"@id\":\"https:\/\/www.psib-psoe.org\/eivissa\/indignacio-a-jesus-pels-nous-talls-daigua-i-per-haver-tornat-a-aixecar-uns-dels-carrers-principals-del-poble-que-fa-poc-shavia-donat-per-acabat\/\"},\"author\":{\"name\":\"adminpsib\",\"@id\":\"https:\/\/www.psib-psoe.org\/eivissa\/#\/schema\/person\/099ab3ef73a3645a1d7f303518e6ce24\"},\"headline\":\"Indignaci\u00f3 a Jes\u00fas pels nous talls d\u2019aigua i per haver tornat a aixecar un dels carrers principals del poble que fa poc s\u2019havia donat per acabat\",\"datePublished\":\"2026-01-14T14:09:42+00:00\",\"dateModified\":\"2026-01-14T14:10:15+00:00\",\"mainEntityOfPage\":{\"@id\":\"https:\/\/www.psib-psoe.org\/eivissa\/indignacio-a-jesus-pels-nous-talls-daigua-i-per-haver-tornat-a-aixecar-uns-dels-carrers-principals-del-poble-que-fa-poc-shavia-donat-per-acabat\/\"},\"wordCount\":558,\"publisher\":{\"@id\":\"https:\/\/www.psib-psoe.org\/eivissa\/#organization\"},\"image\":{\"@id\":\"https:\/\/www.psib-psoe.org\/eivissa\/indignacio-a-jesus-pels-nous-talls-daigua-i-per-haver-tornat-a-aixecar-uns-dels-carrers-principals-del-poble-que-fa-poc-shavia-donat-per-acabat\/#primaryimage\"},\"thumbnailUrl\":\"https:\/\/www.psib-psoe.org\/eivissa\/wp-content\/uploads\/img_0675.jpg\",\"articleSection\":[\"Federaci\u00f3 d'Eivissa - Portada\",\"Municipis\",\"Santa Eul\u00e0ria des Riu\"],\"inLanguage\":\"ca\"},{\"@type\":\"WebPage\",\"@id\":\"https:\/\/www.psib-psoe.org\/eivissa\/indignacio-a-jesus-pels-nous-talls-daigua-i-per-haver-tornat-a-aixecar-uns-dels-carrers-principals-del-poble-que-fa-poc-shavia-donat-per-acabat\/\",\"url\":\"https:\/\/www.psib-psoe.org\/eivissa\/indignacio-a-jesus-pels-nous-talls-daigua-i-per-haver-tornat-a-aixecar-uns-dels-carrers-principals-del-poble-que-fa-poc-shavia-donat-per-acabat\/\",\"name\":\"Indignaci\u00f3 a Jes\u00fas pels nous talls d\u2019aigua i per haver tornat a aixecar un dels carrers principals del poble que fa poc s\u2019havia donat per acabat - Federaci\u00f3 Socialista d&#039;Eivissa\",\"isPartOf\":{\"@id\":\"https:\/\/www.psib-psoe.org\/eivissa\/#website\"},\"primaryImageOfPage\":{\"@id\":\"https:\/\/www.psib-psoe.org\/eivissa\/indignacio-a-jesus-pels-nous-talls-daigua-i-per-haver-tornat-a-aixecar-uns-dels-carrers-principals-del-poble-que-fa-poc-shavia-donat-per-acabat\/#primaryimage\"},\"image\":{\"@id\":\"https:\/\/www.psib-psoe.org\/eivissa\/indignacio-a-jesus-pels-nous-talls-daigua-i-per-haver-tornat-a-aixecar-uns-dels-carrers-principals-del-poble-que-fa-poc-shavia-donat-per-acabat\/#primaryimage\"},\"thumbnailUrl\":\"https:\/\/www.psib-psoe.org\/eivissa\/wp-content\/uploads\/img_0675.jpg\",\"datePublished\":\"2026-01-14T14:09:42+00:00\",\"dateModified\":\"2026-01-14T14:10:15+00:00\",\"breadcrumb\":{\"@id\":\"https:\/\/www.psib-psoe.org\/eivissa\/indignacio-a-jesus-pels-nous-talls-daigua-i-per-haver-tornat-a-aixecar-uns-dels-carrers-principals-del-poble-que-fa-poc-shavia-donat-per-acabat\/#breadcrumb\"},\"inLanguage\":\"ca\",\"potentialAction\":[{\"@type\":\"ReadAction\",\"target\":[\"https:\/\/www.psib-psoe.org\/eivissa\/indignacio-a-jesus-pels-nous-talls-daigua-i-per-haver-tornat-a-aixecar-uns-dels-carrers-principals-del-poble-que-fa-poc-shavia-donat-per-acabat\/\"]}]},{\"@type\":\"ImageObject\",\"inLanguage\":\"ca\",\"@id\":\"https:\/\/www.psib-psoe.org\/eivissa\/indignacio-a-jesus-pels-nous-talls-daigua-i-per-haver-tornat-a-aixecar-uns-dels-carrers-principals-del-poble-que-fa-poc-shavia-donat-per-acabat\/#primaryimage\",\"url\":\"https:\/\/www.psib-psoe.org\/eivissa\/wp-content\/uploads\/img_0675.jpg\",\"contentUrl\":\"https:\/\/www.psib-psoe.org\/eivissa\/wp-content\/uploads\/img_0675.jpg\",\"width\":2000,\"height\":924},{\"@type\":\"BreadcrumbList\",\"@id\":\"https:\/\/www.psib-psoe.org\/eivissa\/indignacio-a-jesus-pels-nous-talls-daigua-i-per-haver-tornat-a-aixecar-uns-dels-carrers-principals-del-poble-que-fa-poc-shavia-donat-per-acabat\/#breadcrumb\",\"itemListElement\":[{\"@type\":\"ListItem\",\"position\":1,\"name\":\"Inici\",\"item\":\"https:\/\/www.psib-psoe.org\/eivissa\/\"},{\"@type\":\"ListItem\",\"position\":2,\"name\":\"Indignaci\u00f3 a Jes\u00fas pels nous talls d\u2019aigua i per haver tornat a aixecar un dels carrers principals del poble que fa poc s\u2019havia donat per acabat\"}]},{\"@type\":\"WebSite\",\"@id\":\"https:\/\/www.psib-psoe.org\/eivissa\/#website\",\"url\":\"https:\/\/www.psib-psoe.org\/eivissa\/\",\"name\":\"Federaci\u00f3 Socialista d'Eivissa\",\"description\":\"Socialistes d&#039;Eivissa\",\"publisher\":{\"@id\":\"https:\/\/www.psib-psoe.org\/eivissa\/#organization\"},\"potentialAction\":[{\"@type\":\"SearchAction\",\"target\":{\"@type\":\"EntryPoint\",\"urlTemplate\":\"https:\/\/www.psib-psoe.org\/eivissa\/?s={search_term_string}\"},\"query-input\":{\"@type\":\"PropertyValueSpecification\",\"valueRequired\":true,\"valueName\":\"search_term_string\"}}],\"inLanguage\":\"ca\"},{\"@type\":\"Organization\",\"@id\":\"https:\/\/www.psib-psoe.org\/eivissa\/#organization\",\"name\":\"Federaci\u00f3 Socialista d'Eivissa\",\"url\":\"https:\/\/www.psib-psoe.org\/eivissa\/\",\"logo\":{\"@type\":\"ImageObject\",\"inLanguage\":\"ca\",\"@id\":\"https:\/\/www.psib-psoe.org\/eivissa\/#\/schema\/logo\/image\/\",\"url\":\"https:\/\/www.psib-psoe.org\/eivissa\/wp-content\/uploads\/LOGO-FSE-SOCIALISTA-DEIVISSA-HORI.png\",\"contentUrl\":\"https:\/\/www.psib-psoe.org\/eivissa\/wp-content\/uploads\/LOGO-FSE-SOCIALISTA-DEIVISSA-HORI.png\",\"width\":6000,\"height\":3104,\"caption\":\"Federaci\u00f3 Socialista d'Eivissa\"},\"image\":{\"@id\":\"https:\/\/www.psib-psoe.org\/eivissa\/#\/schema\/logo\/image\/\"}},{\"@type\":\"Person\",\"@id\":\"https:\/\/www.psib-psoe.org\/eivissa\/#\/schema\/person\/099ab3ef73a3645a1d7f303518e6ce24\",\"name\":\"adminpsib\",\"url\":\"https:\/\/www.psib-psoe.org\/eivissa\/author\/adminpsib\/\"}]}<\/script>\n<!-- \/ Yoast SEO plugin. -->","yoast_head_json":{"title":"Indignaci\u00f3 a Jes\u00fas pels nous talls d\u2019aigua i per haver tornat a aixecar un dels carrers principals del poble que fa poc s\u2019havia donat per acabat - Federaci\u00f3 Socialista d&#039;Eivissa","robots":{"index":"index","follow":"follow","max-snippet":"max-snippet:-1","max-image-preview":"max-image-preview:large","max-video-preview":"max-video-preview:-1"},"canonical":"https:\/\/www.psib-psoe.org\/eivissa\/indignacio-a-jesus-pels-nous-talls-daigua-i-per-haver-tornat-a-aixecar-uns-dels-carrers-principals-del-poble-que-fa-poc-shavia-donat-per-acabat\/","og_locale":"ca_ES","og_type":"article","og_title":"Indignaci\u00f3 a Jes\u00fas pels nous talls d\u2019aigua i per haver tornat a aixecar un dels carrers principals del poble que fa poc s\u2019havia donat per acabat - Federaci\u00f3 Socialista d&#039;Eivissa","og_description":"El Grup Municipal Socialista del PSOE a l\u2019Ajuntament de Santa Eul\u00e0ria des Riu denuncia la mala planificaci\u00f3 i la falta de previsi\u00f3 del govern municipal en les obres del carrer Canari, al nucli de Jes\u00fas, que tornen a aixecar-se poc m\u00e9s d\u2019un any despr\u00e9s d\u2019haver estat objecte d\u2019una suposada \u201creforma integral\u201d, tornant a provocar talls&hellip;","og_url":"https:\/\/www.psib-psoe.org\/eivissa\/indignacio-a-jesus-pels-nous-talls-daigua-i-per-haver-tornat-a-aixecar-uns-dels-carrers-principals-del-poble-que-fa-poc-shavia-donat-per-acabat\/","og_site_name":"Federaci\u00f3 Socialista d&#039;Eivissa","article_published_time":"2026-01-14T14:09:42+00:00","article_modified_time":"2026-01-14T14:10:15+00:00","og_image":[{"width":2000,"height":924,"url":"https:\/\/www.psib-psoe.org\/eivissa\/wp-content\/uploads\/img_0675.jpg","type":"image\/jpeg"}],"author":"adminpsib","twitter_card":"summary_large_image","twitter_misc":{"Escrit per":"adminpsib","Temps estimat de lectura":"3 minuts"},"schema":{"@context":"https:\/\/schema.org","@graph":[{"@type":["Article","BlogPosting"],"@id":"https:\/\/www.psib-psoe.org\/eivissa\/indignacio-a-jesus-pels-nous-talls-daigua-i-per-haver-tornat-a-aixecar-uns-dels-carrers-principals-del-poble-que-fa-poc-shavia-donat-per-acabat\/#article","isPartOf":{"@id":"https:\/\/www.psib-psoe.org\/eivissa\/indignacio-a-jesus-pels-nous-talls-daigua-i-per-haver-tornat-a-aixecar-uns-dels-carrers-principals-del-poble-que-fa-poc-shavia-donat-per-acabat\/"},"author":{"name":"adminpsib","@id":"https:\/\/www.psib-psoe.org\/eivissa\/#\/schema\/person\/099ab3ef73a3645a1d7f303518e6ce24"},"headline":"Indignaci\u00f3 a Jes\u00fas pels nous talls d\u2019aigua i per haver tornat a aixecar un dels carrers principals del poble que fa poc s\u2019havia donat per acabat","datePublished":"2026-01-14T14:09:42+00:00","dateModified":"2026-01-14T14:10:15+00:00","mainEntityOfPage":{"@id":"https:\/\/www.psib-psoe.org\/eivissa\/indignacio-a-jesus-pels-nous-talls-daigua-i-per-haver-tornat-a-aixecar-uns-dels-carrers-principals-del-poble-que-fa-poc-shavia-donat-per-acabat\/"},"wordCount":558,"publisher":{"@id":"https:\/\/www.psib-psoe.org\/eivissa\/#organization"},"image":{"@id":"https:\/\/www.psib-psoe.org\/eivissa\/indignacio-a-jesus-pels-nous-talls-daigua-i-per-haver-tornat-a-aixecar-uns-dels-carrers-principals-del-poble-que-fa-poc-shavia-donat-per-acabat\/#primaryimage"},"thumbnailUrl":"https:\/\/www.psib-psoe.org\/eivissa\/wp-content\/uploads\/img_0675.jpg","articleSection":["Federaci\u00f3 d'Eivissa - Portada","Municipis","Santa Eul\u00e0ria des Riu"],"inLanguage":"ca"},{"@type":"WebPage","@id":"https:\/\/www.psib-psoe.org\/eivissa\/indignacio-a-jesus-pels-nous-talls-daigua-i-per-haver-tornat-a-aixecar-uns-dels-carrers-principals-del-poble-que-fa-poc-shavia-donat-per-acabat\/","url":"https:\/\/www.psib-psoe.org\/eivissa\/indignacio-a-jesus-pels-nous-talls-daigua-i-per-haver-tornat-a-aixecar-uns-dels-carrers-principals-del-poble-que-fa-poc-shavia-donat-per-acabat\/","name":"Indignaci\u00f3 a Jes\u00fas pels nous talls d\u2019aigua i per haver tornat a aixecar un dels carrers principals del poble que fa poc s\u2019havia donat per acabat - Federaci\u00f3 Socialista d&#039;Eivissa","isPartOf":{"@id":"https:\/\/www.psib-psoe.org\/eivissa\/#website"},"primaryImageOfPage":{"@id":"https:\/\/www.psib-psoe.org\/eivissa\/indignacio-a-jesus-pels-nous-talls-daigua-i-per-haver-tornat-a-aixecar-uns-dels-carrers-principals-del-poble-que-fa-poc-shavia-donat-per-acabat\/#primaryimage"},"image":{"@id":"https:\/\/www.psib-psoe.org\/eivissa\/indignacio-a-jesus-pels-nous-talls-daigua-i-per-haver-tornat-a-aixecar-uns-dels-carrers-principals-del-poble-que-fa-poc-shavia-donat-per-acabat\/#primaryimage"},"thumbnailUrl":"https:\/\/www.psib-psoe.org\/eivissa\/wp-content\/uploads\/img_0675.jpg","datePublished":"2026-01-14T14:09:42+00:00","dateModified":"2026-01-14T14:10:15+00:00","breadcrumb":{"@id":"https:\/\/www.psib-psoe.org\/eivissa\/indignacio-a-jesus-pels-nous-talls-daigua-i-per-haver-tornat-a-aixecar-uns-dels-carrers-principals-del-poble-que-fa-poc-shavia-donat-per-acabat\/#breadcrumb"},"inLanguage":"ca","potentialAction":[{"@type":"ReadAction","target":["https:\/\/www.psib-psoe.org\/eivissa\/indignacio-a-jesus-pels-nous-talls-daigua-i-per-haver-tornat-a-aixecar-uns-dels-carrers-principals-del-poble-que-fa-poc-shavia-donat-per-acabat\/"]}]},{"@type":"ImageObject","inLanguage":"ca","@id":"https:\/\/www.psib-psoe.org\/eivissa\/indignacio-a-jesus-pels-nous-talls-daigua-i-per-haver-tornat-a-aixecar-uns-dels-carrers-principals-del-poble-que-fa-poc-shavia-donat-per-acabat\/#primaryimage","url":"https:\/\/www.psib-psoe.org\/eivissa\/wp-content\/uploads\/img_0675.jpg","contentUrl":"https:\/\/www.psib-psoe.org\/eivissa\/wp-content\/uploads\/img_0675.jpg","width":2000,"height":924},{"@type":"BreadcrumbList","@id":"https:\/\/www.psib-psoe.org\/eivissa\/indignacio-a-jesus-pels-nous-talls-daigua-i-per-haver-tornat-a-aixecar-uns-dels-carrers-principals-del-poble-que-fa-poc-shavia-donat-per-acabat\/#breadcrumb","itemListElement":[{"@type":"ListItem","position":1,"name":"Inici","item":"https:\/\/www.psib-psoe.org\/eivissa\/"},{"@type":"ListItem","position":2,"name":"Indignaci\u00f3 a Jes\u00fas pels nous talls d\u2019aigua i per haver tornat a aixecar un dels carrers principals del poble que fa poc s\u2019havia donat per acabat"}]},{"@type":"WebSite","@id":"https:\/\/www.psib-psoe.org\/eivissa\/#website","url":"https:\/\/www.psib-psoe.org\/eivissa\/","name":"Federaci\u00f3 Socialista d'Eivissa","description":"Socialistes d&#039;Eivissa","publisher":{"@id":"https:\/\/www.psib-psoe.org\/eivissa\/#organization"},"potentialAction":[{"@type":"SearchAction","target":{"@type":"EntryPoint","urlTemplate":"https:\/\/www.psib-psoe.org\/eivissa\/?s={search_term_string}"},"query-input":{"@type":"PropertyValueSpecification","valueRequired":true,"valueName":"search_term_string"}}],"inLanguage":"ca"},{"@type":"Organization","@id":"https:\/\/www.psib-psoe.org\/eivissa\/#organization","name":"Federaci\u00f3 Socialista d'Eivissa","url":"https:\/\/www.psib-psoe.org\/eivissa\/","logo":{"@type":"ImageObject","inLanguage":"ca","@id":"https:\/\/www.psib-psoe.org\/eivissa\/#\/schema\/logo\/image\/","url":"https:\/\/www.psib-psoe.org\/eivissa\/wp-content\/uploads\/LOGO-FSE-SOCIALISTA-DEIVISSA-HORI.png","contentUrl":"https:\/\/www.psib-psoe.org\/eivissa\/wp-content\/uploads\/LOGO-FSE-SOCIALISTA-DEIVISSA-HORI.png","width":6000,"height":3104,"caption":"Federaci\u00f3 Socialista d'Eivissa"},"image":{"@id":"https:\/\/www.psib-psoe.org\/eivissa\/#\/schema\/logo\/image\/"}},{"@type":"Person","@id":"https:\/\/www.psib-psoe.org\/eivissa\/#\/schema\/person\/099ab3ef73a3645a1d7f303518e6ce24","name":"adminpsib","url":"https:\/\/www.psib-psoe.org\/eivissa\/author\/adminpsib\/"}]}},"_links":{"self":[{"href":"https:\/\/www.psib-psoe.org\/eivissa\/wp-json\/wp\/v2\/posts\/41712","targetHints":{"allow":["GET"]}}],"collection":[{"href":"https:\/\/www.psib-psoe.org\/eivissa\/wp-json\/wp\/v2\/posts"}],"about":[{"href":"https:\/\/www.psib-psoe.org\/eivissa\/wp-json\/wp\/v2\/types\/post"}],"author":[{"embeddable":true,"href":"https:\/\/www.psib-psoe.org\/eivissa\/wp-json\/wp\/v2\/users\/1"}],"replies":[{"embeddable":true,"href":"https:\/\/www.psib-psoe.org\/eivissa\/wp-json\/wp\/v2\/comments?post=41712"}],"version-history":[{"count":2,"href":"https:\/\/www.psib-psoe.org\/eivissa\/wp-json\/wp\/v2\/posts\/41712\/revisions"}],"predecessor-version":[{"id":41714,"href":"https:\/\/www.psib-psoe.org\/eivissa\/wp-json\/wp\/v2\/posts\/41712\/revisions\/41714"}],"wp:featuredmedia":[{"embeddable":true,"href":"https:\/\/www.psib-psoe.org\/eivissa\/wp-json\/wp\/v2\/media\/41711"}],"wp:attachment":[{"href":"https:\/\/www.psib-psoe.org\/eivissa\/wp-json\/wp\/v2\/media?parent=41712"}],"wp:term":[{"taxonomy":"category","embeddable":true,"href":"https:\/\/www.psib-psoe.org\/eivissa\/wp-json\/wp\/v2\/categories?post=41712"},{"taxonomy":"post_tag","embeddable":true,"href":"https:\/\/www.psib-psoe.org\/eivissa\/wp-json\/wp\/v2\/tags?post=41712"}],"curies":[{"name":"wp","href":"https:\/\/api.w.org\/{rel}","templated":true}]}}