{"id":41716,"date":"2026-01-16T10:00:36","date_gmt":"2026-01-16T08:00:36","guid":{"rendered":"https:\/\/www.psib-psoe.org\/eivissa\/?p=41716"},"modified":"2026-01-16T10:37:54","modified_gmt":"2026-01-16T08:37:54","slug":"el-psoe-denuncia-el-grave-abandono-de-los-barrios-de-ses-paisses-can-bonet-y-sol-y-descanso-donde-residen-mas-de-6-000-personas","status":"publish","type":"post","link":"https:\/\/www.psib-psoe.org\/eivissa\/el-psoe-denuncia-el-grave-abandono-de-los-barrios-de-ses-paisses-can-bonet-y-sol-y-descanso-donde-residen-mas-de-6-000-personas\/","title":{"rendered":"El PSOE denuncia el greu abandonament dels barris de ses Pa\u00efsses, Can Bonet i Sol i Descans, on resideixen m\u00e9s de 6.000 persones"},"content":{"rendered":"<p>El Grup Municipal Socialista de Sant Antoni de Portmany ha presentat una moci\u00f3 de control per exigir a l\u2019equip de govern de Marcos Serra explicacions sobre l\u2019estat de deixadesa i abandonament que pateixen els barris de ses Pa\u00efsses, Can Bonet i Sol i Descans, on resideixen m\u00e9s de sis mil habitants.<\/p>\n<p>Segons denuncia el portaveu del PSOE, Antonio Lorenzo, aquests barris fa anys que pateixen un deteriorament notable de l\u2019espai p\u00fablic, una situaci\u00f3 que ha estat denunciada reiteradament tant pel grup municipal com pels ve\u00efns afectats, sense que s\u2019hagi donat cap resposta efectiva per part del consistori.<\/p>\n<p>Les imatges reflecteixen una realitat preocupant: voreres rompudes i aixecades que suposen un risc evident per a la seguretat dels vianants, especialment persones grans, menors i persones amb mobilitat redu\u00efda. La cal\u00e7ada presenta nombrosos clots i sots que dificulten la circulaci\u00f3 i poden provocar danys materials i accidents.<\/p>\n<p>A aquesta situaci\u00f3 s\u2019hi suma la pres\u00e8ncia habitual de grans basses i acumulacions d\u2019aigua en zones d\u2019aparcament i carrers despr\u00e9s de les pluges, com a conseq\u00fc\u00e8ncia d\u2019un sistema de drenatge deficient i de la manca de manteniment. Aquestes defici\u00e8ncies generen mol\u00e8sties, problemes d\u2019insalubritat i una evident degradaci\u00f3 de l\u2019entorn urb\u00e0.<\/p>\n<p>Igualment preocupant \u00e9s l\u2019estat de brutor generalitzada i la proliferaci\u00f3 d\u2019herbes i males herbes sense desbrossar a voreres, solars i espais comuns, que transmeten una imatge d\u2019abandonament i manca d\u2019atenci\u00f3 municipal cap a aquests barris.<\/p>\n<p>Davant aquesta situaci\u00f3, el Grup Municipal Socialista sol\u00b7licita formalment a l\u2019equip de govern que informi detalladament sobre les actuacions de manteniment i conservaci\u00f3 previstes en aquests barris, i que doni explicacions sobre els motius de la manca d\u2019intervenci\u00f3 tot i ser coneixedors de la situaci\u00f3 i de les reiterades queixes ve\u00efnals.<\/p>\n<p>Aix\u00ed mateix, el PSOE exigeix que es concreti un pla d\u2019actuaci\u00f3 urgent amb terminis definits per procedir a la reparaci\u00f3 de voreres, l\u2019eliminaci\u00f3 de clots, la millora del sistema de drenatge a les vies p\u00fabliques, el refor\u00e7 de la neteja vi\u00e0ria i la retirada d\u2019herbes i males herbes.<\/p>\n<p>\u201cNo podem permetre que m\u00e9s de sis mil ve\u00efns continu\u00efn vivint en aquestes condicions. \u00c9s una q\u00fcesti\u00f3 de dignitat, seguretat i qualitat de vida\u201d, ha afirmat Antonio Lorenzo, que ha insistit que l\u2019equip de govern ha d\u2019assumir la seva responsabilitat i actuar de manera immediata per solucionar aquest problema que s\u2019arrossega des de fa massa temps.<\/p>\n<p>El PSOE de Sant Antoni reitera el seu comprom\u00eds amb tots els barris del municipi i continuar\u00e0 treballant perqu\u00e8 cap zona quedi oblidada ni desatesa per un batle i un equip del PP als quals nom\u00e9s els preocupa la festa.<\/p>\n","protected":false},"excerpt":{"rendered":"<p>El Grup Municipal Socialista de Sant Antoni de Portmany ha presentat una moci\u00f3 de control per exigir a l\u2019equip de govern de Marcos Serra explicacions sobre l\u2019estat de deixadesa i abandonament que pateixen els barris de ses Pa\u00efsses, Can Bonet i Sol i Descans, on resideixen m\u00e9s de sis mil habitants. Segons denuncia el portaveu&hellip;<\/p>\n","protected":false},"author":1,"featured_media":0,"comment_status":"closed","ping_status":"closed","sticky":false,"template":"","format":"standard","meta":{"footnotes":""},"categories":[1,234,188],"tags":[],"class_list":["post-41716","post","type-post","status-publish","format-standard","hentry","category-federacio-de-eivissa-portada","category-municipis","category-sant-antoni-de-portmany"],"yoast_head":"<!-- This site is optimized with the Yoast SEO plugin v26.9 - https:\/\/yoast.com\/product\/yoast-seo-wordpress\/ -->\n<title>El PSOE denuncia el greu abandonament dels barris de ses Pa\u00efsses, Can Bonet i Sol i Descans, on resideixen m\u00e9s de 6.000 persones - Federaci\u00f3 Socialista d&#039;Eivissa<\/title>\n<meta name=\"robots\" content=\"index, follow, max-snippet:-1, max-image-preview:large, max-video-preview:-1\" \/>\n<link rel=\"canonical\" href=\"https:\/\/www.psib-psoe.org\/eivissa\/el-psoe-denuncia-el-grave-abandono-de-los-barrios-de-ses-paisses-can-bonet-y-sol-y-descanso-donde-residen-mas-de-6-000-personas\/\" \/>\n<meta property=\"og:locale\" content=\"ca_ES\" \/>\n<meta property=\"og:type\" content=\"article\" \/>\n<meta property=\"og:title\" content=\"El PSOE denuncia el greu abandonament dels barris de ses Pa\u00efsses, Can Bonet i Sol i Descans, on resideixen m\u00e9s de 6.000 persones - Federaci\u00f3 Socialista d&#039;Eivissa\" \/>\n<meta property=\"og:description\" content=\"El Grup Municipal Socialista de Sant Antoni de Portmany ha presentat una moci\u00f3 de control per exigir a l\u2019equip de govern de Marcos Serra explicacions sobre l\u2019estat de deixadesa i abandonament que pateixen els barris de ses Pa\u00efsses, Can Bonet i Sol i Descans, on resideixen m\u00e9s de sis mil habitants. Segons denuncia el portaveu&hellip;\" \/>\n<meta property=\"og:url\" content=\"https:\/\/www.psib-psoe.org\/eivissa\/el-psoe-denuncia-el-grave-abandono-de-los-barrios-de-ses-paisses-can-bonet-y-sol-y-descanso-donde-residen-mas-de-6-000-personas\/\" \/>\n<meta property=\"og:site_name\" content=\"Federaci\u00f3 Socialista d&#039;Eivissa\" \/>\n<meta property=\"article:published_time\" content=\"2026-01-16T08:00:36+00:00\" \/>\n<meta property=\"article:modified_time\" content=\"2026-01-16T08:37:54+00:00\" \/>\n<meta name=\"author\" content=\"adminpsib\" \/>\n<meta name=\"twitter:card\" content=\"summary_large_image\" \/>\n<meta name=\"twitter:label1\" content=\"Escrit per\" \/>\n\t<meta name=\"twitter:data1\" content=\"adminpsib\" \/>\n\t<meta name=\"twitter:label2\" content=\"Temps estimat de lectura\" \/>\n\t<meta name=\"twitter:data2\" content=\"2 minuts\" \/>\n<script type=\"application\/ld+json\" class=\"yoast-schema-graph\">{\"@context\":\"https:\/\/schema.org\",\"@graph\":[{\"@type\":[\"Article\",\"BlogPosting\"],\"@id\":\"https:\/\/www.psib-psoe.org\/eivissa\/el-psoe-denuncia-el-grave-abandono-de-los-barrios-de-ses-paisses-can-bonet-y-sol-y-descanso-donde-residen-mas-de-6-000-personas\/#article\",\"isPartOf\":{\"@id\":\"https:\/\/www.psib-psoe.org\/eivissa\/el-psoe-denuncia-el-grave-abandono-de-los-barrios-de-ses-paisses-can-bonet-y-sol-y-descanso-donde-residen-mas-de-6-000-personas\/\"},\"author\":{\"name\":\"adminpsib\",\"@id\":\"https:\/\/www.psib-psoe.org\/eivissa\/#\/schema\/person\/099ab3ef73a3645a1d7f303518e6ce24\"},\"headline\":\"El PSOE denuncia el greu abandonament dels barris de ses Pa\u00efsses, Can Bonet i Sol i Descans, on resideixen m\u00e9s de 6.000 persones\",\"datePublished\":\"2026-01-16T08:00:36+00:00\",\"dateModified\":\"2026-01-16T08:37:54+00:00\",\"mainEntityOfPage\":{\"@id\":\"https:\/\/www.psib-psoe.org\/eivissa\/el-psoe-denuncia-el-grave-abandono-de-los-barrios-de-ses-paisses-can-bonet-y-sol-y-descanso-donde-residen-mas-de-6-000-personas\/\"},\"wordCount\":492,\"publisher\":{\"@id\":\"https:\/\/www.psib-psoe.org\/eivissa\/#organization\"},\"articleSection\":[\"Federaci\u00f3 d'Eivissa - Portada\",\"Municipis\",\"Sant Antoni de Portmany\"],\"inLanguage\":\"ca\"},{\"@type\":\"WebPage\",\"@id\":\"https:\/\/www.psib-psoe.org\/eivissa\/el-psoe-denuncia-el-grave-abandono-de-los-barrios-de-ses-paisses-can-bonet-y-sol-y-descanso-donde-residen-mas-de-6-000-personas\/\",\"url\":\"https:\/\/www.psib-psoe.org\/eivissa\/el-psoe-denuncia-el-grave-abandono-de-los-barrios-de-ses-paisses-can-bonet-y-sol-y-descanso-donde-residen-mas-de-6-000-personas\/\",\"name\":\"El PSOE denuncia el greu abandonament dels barris de ses Pa\u00efsses, Can Bonet i Sol i Descans, on resideixen m\u00e9s de 6.000 persones - Federaci\u00f3 Socialista d&#039;Eivissa\",\"isPartOf\":{\"@id\":\"https:\/\/www.psib-psoe.org\/eivissa\/#website\"},\"datePublished\":\"2026-01-16T08:00:36+00:00\",\"dateModified\":\"2026-01-16T08:37:54+00:00\",\"breadcrumb\":{\"@id\":\"https:\/\/www.psib-psoe.org\/eivissa\/el-psoe-denuncia-el-grave-abandono-de-los-barrios-de-ses-paisses-can-bonet-y-sol-y-descanso-donde-residen-mas-de-6-000-personas\/#breadcrumb\"},\"inLanguage\":\"ca\",\"potentialAction\":[{\"@type\":\"ReadAction\",\"target\":[\"https:\/\/www.psib-psoe.org\/eivissa\/el-psoe-denuncia-el-grave-abandono-de-los-barrios-de-ses-paisses-can-bonet-y-sol-y-descanso-donde-residen-mas-de-6-000-personas\/\"]}]},{\"@type\":\"BreadcrumbList\",\"@id\":\"https:\/\/www.psib-psoe.org\/eivissa\/el-psoe-denuncia-el-grave-abandono-de-los-barrios-de-ses-paisses-can-bonet-y-sol-y-descanso-donde-residen-mas-de-6-000-personas\/#breadcrumb\",\"itemListElement\":[{\"@type\":\"ListItem\",\"position\":1,\"name\":\"Inici\",\"item\":\"https:\/\/www.psib-psoe.org\/eivissa\/\"},{\"@type\":\"ListItem\",\"position\":2,\"name\":\"El PSOE denuncia el greu abandonament dels barris de ses Pa\u00efsses, Can Bonet i Sol i Descans, on resideixen m\u00e9s de 6.000 persones\"}]},{\"@type\":\"WebSite\",\"@id\":\"https:\/\/www.psib-psoe.org\/eivissa\/#website\",\"url\":\"https:\/\/www.psib-psoe.org\/eivissa\/\",\"name\":\"Federaci\u00f3 Socialista d'Eivissa\",\"description\":\"Socialistes d&#039;Eivissa\",\"publisher\":{\"@id\":\"https:\/\/www.psib-psoe.org\/eivissa\/#organization\"},\"potentialAction\":[{\"@type\":\"SearchAction\",\"target\":{\"@type\":\"EntryPoint\",\"urlTemplate\":\"https:\/\/www.psib-psoe.org\/eivissa\/?s={search_term_string}\"},\"query-input\":{\"@type\":\"PropertyValueSpecification\",\"valueRequired\":true,\"valueName\":\"search_term_string\"}}],\"inLanguage\":\"ca\"},{\"@type\":\"Organization\",\"@id\":\"https:\/\/www.psib-psoe.org\/eivissa\/#organization\",\"name\":\"Federaci\u00f3 Socialista d'Eivissa\",\"url\":\"https:\/\/www.psib-psoe.org\/eivissa\/\",\"logo\":{\"@type\":\"ImageObject\",\"inLanguage\":\"ca\",\"@id\":\"https:\/\/www.psib-psoe.org\/eivissa\/#\/schema\/logo\/image\/\",\"url\":\"https:\/\/www.psib-psoe.org\/eivissa\/wp-content\/uploads\/LOGO-FSE-SOCIALISTA-DEIVISSA-HORI.png\",\"contentUrl\":\"https:\/\/www.psib-psoe.org\/eivissa\/wp-content\/uploads\/LOGO-FSE-SOCIALISTA-DEIVISSA-HORI.png\",\"width\":6000,\"height\":3104,\"caption\":\"Federaci\u00f3 Socialista d'Eivissa\"},\"image\":{\"@id\":\"https:\/\/www.psib-psoe.org\/eivissa\/#\/schema\/logo\/image\/\"}},{\"@type\":\"Person\",\"@id\":\"https:\/\/www.psib-psoe.org\/eivissa\/#\/schema\/person\/099ab3ef73a3645a1d7f303518e6ce24\",\"name\":\"adminpsib\",\"url\":\"https:\/\/www.psib-psoe.org\/eivissa\/author\/adminpsib\/\"}]}<\/script>\n<!-- \/ Yoast SEO plugin. -->","yoast_head_json":{"title":"El PSOE denuncia el greu abandonament dels barris de ses Pa\u00efsses, Can Bonet i Sol i Descans, on resideixen m\u00e9s de 6.000 persones - Federaci\u00f3 Socialista d&#039;Eivissa","robots":{"index":"index","follow":"follow","max-snippet":"max-snippet:-1","max-image-preview":"max-image-preview:large","max-video-preview":"max-video-preview:-1"},"canonical":"https:\/\/www.psib-psoe.org\/eivissa\/el-psoe-denuncia-el-grave-abandono-de-los-barrios-de-ses-paisses-can-bonet-y-sol-y-descanso-donde-residen-mas-de-6-000-personas\/","og_locale":"ca_ES","og_type":"article","og_title":"El PSOE denuncia el greu abandonament dels barris de ses Pa\u00efsses, Can Bonet i Sol i Descans, on resideixen m\u00e9s de 6.000 persones - Federaci\u00f3 Socialista d&#039;Eivissa","og_description":"El Grup Municipal Socialista de Sant Antoni de Portmany ha presentat una moci\u00f3 de control per exigir a l\u2019equip de govern de Marcos Serra explicacions sobre l\u2019estat de deixadesa i abandonament que pateixen els barris de ses Pa\u00efsses, Can Bonet i Sol i Descans, on resideixen m\u00e9s de sis mil habitants. Segons denuncia el portaveu&hellip;","og_url":"https:\/\/www.psib-psoe.org\/eivissa\/el-psoe-denuncia-el-grave-abandono-de-los-barrios-de-ses-paisses-can-bonet-y-sol-y-descanso-donde-residen-mas-de-6-000-personas\/","og_site_name":"Federaci\u00f3 Socialista d&#039;Eivissa","article_published_time":"2026-01-16T08:00:36+00:00","article_modified_time":"2026-01-16T08:37:54+00:00","author":"adminpsib","twitter_card":"summary_large_image","twitter_misc":{"Escrit per":"adminpsib","Temps estimat de lectura":"2 minuts"},"schema":{"@context":"https:\/\/schema.org","@graph":[{"@type":["Article","BlogPosting"],"@id":"https:\/\/www.psib-psoe.org\/eivissa\/el-psoe-denuncia-el-grave-abandono-de-los-barrios-de-ses-paisses-can-bonet-y-sol-y-descanso-donde-residen-mas-de-6-000-personas\/#article","isPartOf":{"@id":"https:\/\/www.psib-psoe.org\/eivissa\/el-psoe-denuncia-el-grave-abandono-de-los-barrios-de-ses-paisses-can-bonet-y-sol-y-descanso-donde-residen-mas-de-6-000-personas\/"},"author":{"name":"adminpsib","@id":"https:\/\/www.psib-psoe.org\/eivissa\/#\/schema\/person\/099ab3ef73a3645a1d7f303518e6ce24"},"headline":"El PSOE denuncia el greu abandonament dels barris de ses Pa\u00efsses, Can Bonet i Sol i Descans, on resideixen m\u00e9s de 6.000 persones","datePublished":"2026-01-16T08:00:36+00:00","dateModified":"2026-01-16T08:37:54+00:00","mainEntityOfPage":{"@id":"https:\/\/www.psib-psoe.org\/eivissa\/el-psoe-denuncia-el-grave-abandono-de-los-barrios-de-ses-paisses-can-bonet-y-sol-y-descanso-donde-residen-mas-de-6-000-personas\/"},"wordCount":492,"publisher":{"@id":"https:\/\/www.psib-psoe.org\/eivissa\/#organization"},"articleSection":["Federaci\u00f3 d'Eivissa - Portada","Municipis","Sant Antoni de Portmany"],"inLanguage":"ca"},{"@type":"WebPage","@id":"https:\/\/www.psib-psoe.org\/eivissa\/el-psoe-denuncia-el-grave-abandono-de-los-barrios-de-ses-paisses-can-bonet-y-sol-y-descanso-donde-residen-mas-de-6-000-personas\/","url":"https:\/\/www.psib-psoe.org\/eivissa\/el-psoe-denuncia-el-grave-abandono-de-los-barrios-de-ses-paisses-can-bonet-y-sol-y-descanso-donde-residen-mas-de-6-000-personas\/","name":"El PSOE denuncia el greu abandonament dels barris de ses Pa\u00efsses, Can Bonet i Sol i Descans, on resideixen m\u00e9s de 6.000 persones - Federaci\u00f3 Socialista d&#039;Eivissa","isPartOf":{"@id":"https:\/\/www.psib-psoe.org\/eivissa\/#website"},"datePublished":"2026-01-16T08:00:36+00:00","dateModified":"2026-01-16T08:37:54+00:00","breadcrumb":{"@id":"https:\/\/www.psib-psoe.org\/eivissa\/el-psoe-denuncia-el-grave-abandono-de-los-barrios-de-ses-paisses-can-bonet-y-sol-y-descanso-donde-residen-mas-de-6-000-personas\/#breadcrumb"},"inLanguage":"ca","potentialAction":[{"@type":"ReadAction","target":["https:\/\/www.psib-psoe.org\/eivissa\/el-psoe-denuncia-el-grave-abandono-de-los-barrios-de-ses-paisses-can-bonet-y-sol-y-descanso-donde-residen-mas-de-6-000-personas\/"]}]},{"@type":"BreadcrumbList","@id":"https:\/\/www.psib-psoe.org\/eivissa\/el-psoe-denuncia-el-grave-abandono-de-los-barrios-de-ses-paisses-can-bonet-y-sol-y-descanso-donde-residen-mas-de-6-000-personas\/#breadcrumb","itemListElement":[{"@type":"ListItem","position":1,"name":"Inici","item":"https:\/\/www.psib-psoe.org\/eivissa\/"},{"@type":"ListItem","position":2,"name":"El PSOE denuncia el greu abandonament dels barris de ses Pa\u00efsses, Can Bonet i Sol i Descans, on resideixen m\u00e9s de 6.000 persones"}]},{"@type":"WebSite","@id":"https:\/\/www.psib-psoe.org\/eivissa\/#website","url":"https:\/\/www.psib-psoe.org\/eivissa\/","name":"Federaci\u00f3 Socialista d'Eivissa","description":"Socialistes d&#039;Eivissa","publisher":{"@id":"https:\/\/www.psib-psoe.org\/eivissa\/#organization"},"potentialAction":[{"@type":"SearchAction","target":{"@type":"EntryPoint","urlTemplate":"https:\/\/www.psib-psoe.org\/eivissa\/?s={search_term_string}"},"query-input":{"@type":"PropertyValueSpecification","valueRequired":true,"valueName":"search_term_string"}}],"inLanguage":"ca"},{"@type":"Organization","@id":"https:\/\/www.psib-psoe.org\/eivissa\/#organization","name":"Federaci\u00f3 Socialista d'Eivissa","url":"https:\/\/www.psib-psoe.org\/eivissa\/","logo":{"@type":"ImageObject","inLanguage":"ca","@id":"https:\/\/www.psib-psoe.org\/eivissa\/#\/schema\/logo\/image\/","url":"https:\/\/www.psib-psoe.org\/eivissa\/wp-content\/uploads\/LOGO-FSE-SOCIALISTA-DEIVISSA-HORI.png","contentUrl":"https:\/\/www.psib-psoe.org\/eivissa\/wp-content\/uploads\/LOGO-FSE-SOCIALISTA-DEIVISSA-HORI.png","width":6000,"height":3104,"caption":"Federaci\u00f3 Socialista d'Eivissa"},"image":{"@id":"https:\/\/www.psib-psoe.org\/eivissa\/#\/schema\/logo\/image\/"}},{"@type":"Person","@id":"https:\/\/www.psib-psoe.org\/eivissa\/#\/schema\/person\/099ab3ef73a3645a1d7f303518e6ce24","name":"adminpsib","url":"https:\/\/www.psib-psoe.org\/eivissa\/author\/adminpsib\/"}]}},"_links":{"self":[{"href":"https:\/\/www.psib-psoe.org\/eivissa\/wp-json\/wp\/v2\/posts\/41716","targetHints":{"allow":["GET"]}}],"collection":[{"href":"https:\/\/www.psib-psoe.org\/eivissa\/wp-json\/wp\/v2\/posts"}],"about":[{"href":"https:\/\/www.psib-psoe.org\/eivissa\/wp-json\/wp\/v2\/types\/post"}],"author":[{"embeddable":true,"href":"https:\/\/www.psib-psoe.org\/eivissa\/wp-json\/wp\/v2\/users\/1"}],"replies":[{"embeddable":true,"href":"https:\/\/www.psib-psoe.org\/eivissa\/wp-json\/wp\/v2\/comments?post=41716"}],"version-history":[{"count":3,"href":"https:\/\/www.psib-psoe.org\/eivissa\/wp-json\/wp\/v2\/posts\/41716\/revisions"}],"predecessor-version":[{"id":41727,"href":"https:\/\/www.psib-psoe.org\/eivissa\/wp-json\/wp\/v2\/posts\/41716\/revisions\/41727"}],"wp:attachment":[{"href":"https:\/\/www.psib-psoe.org\/eivissa\/wp-json\/wp\/v2\/media?parent=41716"}],"wp:term":[{"taxonomy":"category","embeddable":true,"href":"https:\/\/www.psib-psoe.org\/eivissa\/wp-json\/wp\/v2\/categories?post=41716"},{"taxonomy":"post_tag","embeddable":true,"href":"https:\/\/www.psib-psoe.org\/eivissa\/wp-json\/wp\/v2\/tags?post=41716"}],"curies":[{"name":"wp","href":"https:\/\/api.w.org\/{rel}","templated":true}]}}