{"id":41728,"date":"2026-01-16T15:01:14","date_gmt":"2026-01-16T13:01:14","guid":{"rendered":"https:\/\/www.psib-psoe.org\/eivissa\/?p=41728"},"modified":"2026-01-16T15:01:14","modified_gmt":"2026-01-16T13:01:14","slug":"el-psoe-exigeix-mesures-urgents-davant-les-dades-alarmants-dexclusio-social-a-eivissa","status":"publish","type":"post","link":"https:\/\/www.psib-psoe.org\/eivissa\/el-psoe-exigeix-mesures-urgents-davant-les-dades-alarmants-dexclusio-social-a-eivissa\/","title":{"rendered":"El PSOE exigeix mesures urgents davant les dades alarmants d&#8217;exclusi\u00f3 social a Eivissa"},"content":{"rendered":"\n<p><br class=\"Apple-interchange-newline\" \/>La portaveu del PSOE al Consell d\u2019Eivissa, Elena L\u00f3pez Bonet, ha manifestat la seva profunda preocupaci\u00f3 per les dades presentades ahir per C\u00e0ritas en el primer Informe Foessa sobre exclusi\u00f3 i desenvolupament social a l&#8217;illa, que situa la nostra illa com la regi\u00f3 d&#8217;Espanya amb la proporci\u00f3 m\u00e9s alta de poblaci\u00f3 en situaci\u00f3 d&#8217;exclusi\u00f3 social.<\/p>\n\n\n\n<p>&#8220;Les xifres s\u00f3n devastadors i evidencien l&#8217;enorme gravetat de la situaci\u00f3 social que viu Eivissa&#8221;, ha assenyalat L\u00f3pez Bonet. &#8220;32.000 persones en exclusi\u00f3 social \u2014un 20,4% de la poblaci\u00f3\u2014 i un 43,3% en situaci\u00f3 d&#8217;integraci\u00f3 prec\u00e0ria s\u00f3n xifres que no podem normalitzar. Estam parlant de vesins i vesines, de fam\u00edlies treballadores, que a pesar de l&#8217;esfor\u00e7 diari no poden viure dignament en aquesta illa&#8221;.<\/p>\n\n\n\n<p>La portaveu socialista ha subratllat que aquestes dades posen de manifest el &#8220;frac\u00e0s d&#8217;un model de desenvolupament que ha creat greus desigualtats i condemna a la pobresa una part molt important de la poblaci\u00f3 treballadora de l&#8217;illa&#8221;.<\/p>\n\n\n\n<p>Elena L\u00f3pez Bonet ha assenyalat l&#8217;habitatge com el principal factor d&#8217;exclusi\u00f3 social a Eivissa, tal com reconeix l&#8217;informe: &#8220;Un de cada tres vesins i vesines d&#8217;Eivissa pateix exclusi\u00f3 residencial. Quasi 8.000 llars queden per davall del llindar de pobresa severa despr\u00e9s de pagar el lloguer. Aix\u00f2 no \u00e9s una crisi conjuntural, \u00e9s una emerg\u00e8ncia estructural que requereix actuaci\u00f3 immediata&#8221;.<\/p>\n\n\n\n<p>Davant aquesta realitat, la portaveu socialista ha exigit a les institucions governades pel Partit Popular que prenguin mesures urgents que el PSOE ve reclamant de forma insistent. En primer lloc, ha reclamat la regulaci\u00f3 dels preus del lloguer per posar fi a l&#8217;especulaci\u00f3 descontrolada que ha expulsat milers de persones del mercat de l&#8217;habitatge. &#8220;No podem continuar consentint que habitacions es lloguin per 1.400 euros mentre la gent treballa i no pot pagar un sostre digne&#8221;, ha afirmat.<\/p>\n\n\n\n<p>Aix\u00ed mateix, L\u00f3pez Bonet ha insistit en la necessitat urgent d&#8217;una pol\u00edtica ambiciosa i decidida en habitatge p\u00fablic, amb un pla extraordinari de construcci\u00f3 d&#8217;habitatges de protecci\u00f3 oficial que doni resposta a les necessitats reals de la poblaci\u00f3 treballadora, i altres mesures com \u00e9s la restricci\u00f3 de la construcci\u00f3 i compra d\u2019habitatges amb finalitzats especulatives i no residencials.<\/p>\n\n\n\n<p>\u201cNecessitam mesures urgents i extraordin\u00e0ries per fer front a la crisi de l\u2019habitatge, perqu\u00e8 cada dia que passa s\u2019agreugen encara m\u00e9s les desigualtats i el drama social que pateixen les fam\u00edlies treballadores\u201d.<\/p>\n\n\n\n<p>La portaveu socialista tamb\u00e9 ha reclamat un abordatge integral i hum\u00e0 dels assentaments, amb una perspectiva social que no es limiti a mesures coercitives que \u00fanicament traslladen el problema d&#8217;un lloc a un altre, sin\u00f3 que ofereixi solucions dignes i estables per a les persones afectades. &#8220;L&#8217;\u00fanic que aconsegueixen les pol\u00edtiques purament repressives i coercitives \u00e9s cronificar el problema i agreujar la vulnerabilitat de les persones&#8221;, ha advertit la portaveu del PSOE.<\/p>\n\n\n\n<p>A m\u00e9s, L\u00f3pez Bonet ha exigit un increment clar i significatiu de la despesa social per atendre les necessitats de les m\u00e9s de 32.000 persones en exclusi\u00f3 social i refor\u00e7ar els serveis p\u00fablics b\u00e0sics.&nbsp;<\/p>\n\n\n\n<p>La portaveu socialista tamb\u00e9 ha reclamat al Consell Insular que retorni la targeta de transport p\u00fablic a totes les persones migrants, una mesura que el Partit Popular va eliminar el passat mes de desembre i que afecta centenars de persones residents a la nostra illa, a qui se les priva d\u2019accedir al transport p\u00fablic en les mateixes condicions que la resta.<\/p>\n\n\n\n<p>&#8220;Des del Partit Socialista estam fermament compromesos i compromeses a abordar el problema de les creixents desigualtats socials a la nostra illa&#8221;, ha manifestat Elena L\u00f3pez Bonet. &#8220;No podem acceptar que Eivissa sigui la regi\u00f3 d&#8217;Espanya amb m\u00e9s exclusi\u00f3 social. No podem permetre que quasi un de cada tres infants creixi en situaci\u00f3 d&#8217;exclusi\u00f3. No podem resignar-nos a qu\u00e8 tenir un lloc de treball no garanteixi una vida digna a Eivissa&#8221;.<\/p>\n\n\n\n<p>La portaveu socialista ha lamentat que les dades de l&#8217;informe Foessa reflecteixen &#8220;un problema estructural que s&#8217;ha anat gestant durant anys de pol\u00edtiques que han prioritzat els interessos especulatius per damunt del benestar de la ciutadania&#8221;.<\/p>\n\n\n\n<p>&#8220;Aquest informe \u00e9s un toc d&#8217;atenci\u00f3 que no podem ignorar. Les administracions tenen l&#8217;obligaci\u00f3 i la responsabilitat de posar-se a treballar de manera immediata, ambiciosa i valenta&#8221;, ha afirmat L\u00f3pez Bonet. &#8220;Des del PSOE seguirem exigint pol\u00edtiques que posin al centre les persones i no els beneficis especulatius. Eivissa necessita un canvi de rumb urgent que garanteixi cohesi\u00f3 social, igualtat d&#8217;oportunitats i vida digna per a tothom&#8221;.<\/p>\n\n\n\n<p>La portaveu socialista s\u2019ha comprom\u00e8s a continuar presentant propostes concretes per revertir una situaci\u00f3 &#8220;absolutament inacceptable&#8221;, perqu\u00e8 &#8220;creim en una Eivissa digna, on cap persona treballadora hagi de viure en risc o en situaci\u00f3 d\u2019exclusi\u00f3 social&#8221;.<\/p>\n","protected":false},"excerpt":{"rendered":"<p>La portaveu del PSOE al Consell d\u2019Eivissa, Elena L\u00f3pez Bonet, ha manifestat la seva profunda preocupaci\u00f3 per les dades presentades ahir per C\u00e0ritas en el primer Informe Foessa sobre exclusi\u00f3 i desenvolupament social a l&#8217;illa, que situa la nostra illa com la regi\u00f3 d&#8217;Espanya amb la proporci\u00f3 m\u00e9s alta de poblaci\u00f3 en situaci\u00f3 d&#8217;exclusi\u00f3 social.&hellip;<\/p>\n","protected":false},"author":1,"featured_media":40610,"comment_status":"closed","ping_status":"closed","sticky":false,"template":"","format":"standard","meta":{"footnotes":""},"categories":[192,1],"tags":[],"class_list":["post-41728","post","type-post","status-publish","format-standard","has-post-thumbnail","hentry","category-consell-deivissa","category-federacio-de-eivissa-portada"],"yoast_head":"<!-- This site is optimized with the Yoast SEO plugin v26.9 - https:\/\/yoast.com\/product\/yoast-seo-wordpress\/ -->\n<title>El PSOE exigeix mesures urgents davant les dades alarmants d&#039;exclusi\u00f3 social a Eivissa - Federaci\u00f3 Socialista d&#039;Eivissa<\/title>\n<meta name=\"robots\" content=\"index, follow, max-snippet:-1, max-image-preview:large, max-video-preview:-1\" \/>\n<link rel=\"canonical\" href=\"https:\/\/www.psib-psoe.org\/eivissa\/el-psoe-exigeix-mesures-urgents-davant-les-dades-alarmants-dexclusio-social-a-eivissa\/\" \/>\n<meta property=\"og:locale\" content=\"ca_ES\" \/>\n<meta property=\"og:type\" content=\"article\" \/>\n<meta property=\"og:title\" content=\"El PSOE exigeix mesures urgents davant les dades alarmants d&#039;exclusi\u00f3 social a Eivissa - Federaci\u00f3 Socialista d&#039;Eivissa\" \/>\n<meta property=\"og:description\" content=\"La portaveu del PSOE al Consell d\u2019Eivissa, Elena L\u00f3pez Bonet, ha manifestat la seva profunda preocupaci\u00f3 per les dades presentades ahir per C\u00e0ritas en el primer Informe Foessa sobre exclusi\u00f3 i desenvolupament social a l&#8217;illa, que situa la nostra illa com la regi\u00f3 d&#8217;Espanya amb la proporci\u00f3 m\u00e9s alta de poblaci\u00f3 en situaci\u00f3 d&#8217;exclusi\u00f3 social.&hellip;\" \/>\n<meta property=\"og:url\" content=\"https:\/\/www.psib-psoe.org\/eivissa\/el-psoe-exigeix-mesures-urgents-davant-les-dades-alarmants-dexclusio-social-a-eivissa\/\" \/>\n<meta property=\"og:site_name\" content=\"Federaci\u00f3 Socialista d&#039;Eivissa\" \/>\n<meta property=\"article:published_time\" content=\"2026-01-16T13:01:14+00:00\" \/>\n<meta property=\"og:image\" content=\"https:\/\/www.psib-psoe.org\/eivissa\/wp-content\/uploads\/can-rova-2.png\" \/>\n\t<meta property=\"og:image:width\" content=\"738\" \/>\n\t<meta property=\"og:image:height\" content=\"368\" \/>\n\t<meta property=\"og:image:type\" content=\"image\/png\" \/>\n<meta name=\"author\" content=\"adminpsib\" \/>\n<meta name=\"twitter:card\" content=\"summary_large_image\" \/>\n<meta name=\"twitter:label1\" content=\"Escrit per\" \/>\n\t<meta name=\"twitter:data1\" content=\"adminpsib\" \/>\n\t<meta name=\"twitter:label2\" content=\"Temps estimat de lectura\" \/>\n\t<meta name=\"twitter:data2\" content=\"4 minuts\" \/>\n<script type=\"application\/ld+json\" class=\"yoast-schema-graph\">{\"@context\":\"https:\/\/schema.org\",\"@graph\":[{\"@type\":[\"Article\",\"BlogPosting\"],\"@id\":\"https:\/\/www.psib-psoe.org\/eivissa\/el-psoe-exigeix-mesures-urgents-davant-les-dades-alarmants-dexclusio-social-a-eivissa\/#article\",\"isPartOf\":{\"@id\":\"https:\/\/www.psib-psoe.org\/eivissa\/el-psoe-exigeix-mesures-urgents-davant-les-dades-alarmants-dexclusio-social-a-eivissa\/\"},\"author\":{\"name\":\"adminpsib\",\"@id\":\"https:\/\/www.psib-psoe.org\/eivissa\/#\/schema\/person\/099ab3ef73a3645a1d7f303518e6ce24\"},\"headline\":\"El PSOE exigeix mesures urgents davant les dades alarmants d&#8217;exclusi\u00f3 social a Eivissa\",\"datePublished\":\"2026-01-16T13:01:14+00:00\",\"mainEntityOfPage\":{\"@id\":\"https:\/\/www.psib-psoe.org\/eivissa\/el-psoe-exigeix-mesures-urgents-davant-les-dades-alarmants-dexclusio-social-a-eivissa\/\"},\"wordCount\":809,\"publisher\":{\"@id\":\"https:\/\/www.psib-psoe.org\/eivissa\/#organization\"},\"image\":{\"@id\":\"https:\/\/www.psib-psoe.org\/eivissa\/el-psoe-exigeix-mesures-urgents-davant-les-dades-alarmants-dexclusio-social-a-eivissa\/#primaryimage\"},\"thumbnailUrl\":\"https:\/\/www.psib-psoe.org\/eivissa\/wp-content\/uploads\/can-rova-2.png\",\"articleSection\":[\"Consell d'Eivissa\",\"Federaci\u00f3 d'Eivissa - Portada\"],\"inLanguage\":\"ca\"},{\"@type\":\"WebPage\",\"@id\":\"https:\/\/www.psib-psoe.org\/eivissa\/el-psoe-exigeix-mesures-urgents-davant-les-dades-alarmants-dexclusio-social-a-eivissa\/\",\"url\":\"https:\/\/www.psib-psoe.org\/eivissa\/el-psoe-exigeix-mesures-urgents-davant-les-dades-alarmants-dexclusio-social-a-eivissa\/\",\"name\":\"El PSOE exigeix mesures urgents davant les dades alarmants d'exclusi\u00f3 social a Eivissa - Federaci\u00f3 Socialista d&#039;Eivissa\",\"isPartOf\":{\"@id\":\"https:\/\/www.psib-psoe.org\/eivissa\/#website\"},\"primaryImageOfPage\":{\"@id\":\"https:\/\/www.psib-psoe.org\/eivissa\/el-psoe-exigeix-mesures-urgents-davant-les-dades-alarmants-dexclusio-social-a-eivissa\/#primaryimage\"},\"image\":{\"@id\":\"https:\/\/www.psib-psoe.org\/eivissa\/el-psoe-exigeix-mesures-urgents-davant-les-dades-alarmants-dexclusio-social-a-eivissa\/#primaryimage\"},\"thumbnailUrl\":\"https:\/\/www.psib-psoe.org\/eivissa\/wp-content\/uploads\/can-rova-2.png\",\"datePublished\":\"2026-01-16T13:01:14+00:00\",\"breadcrumb\":{\"@id\":\"https:\/\/www.psib-psoe.org\/eivissa\/el-psoe-exigeix-mesures-urgents-davant-les-dades-alarmants-dexclusio-social-a-eivissa\/#breadcrumb\"},\"inLanguage\":\"ca\",\"potentialAction\":[{\"@type\":\"ReadAction\",\"target\":[\"https:\/\/www.psib-psoe.org\/eivissa\/el-psoe-exigeix-mesures-urgents-davant-les-dades-alarmants-dexclusio-social-a-eivissa\/\"]}]},{\"@type\":\"ImageObject\",\"inLanguage\":\"ca\",\"@id\":\"https:\/\/www.psib-psoe.org\/eivissa\/el-psoe-exigeix-mesures-urgents-davant-les-dades-alarmants-dexclusio-social-a-eivissa\/#primaryimage\",\"url\":\"https:\/\/www.psib-psoe.org\/eivissa\/wp-content\/uploads\/can-rova-2.png\",\"contentUrl\":\"https:\/\/www.psib-psoe.org\/eivissa\/wp-content\/uploads\/can-rova-2.png\",\"width\":738,\"height\":368},{\"@type\":\"BreadcrumbList\",\"@id\":\"https:\/\/www.psib-psoe.org\/eivissa\/el-psoe-exigeix-mesures-urgents-davant-les-dades-alarmants-dexclusio-social-a-eivissa\/#breadcrumb\",\"itemListElement\":[{\"@type\":\"ListItem\",\"position\":1,\"name\":\"Inici\",\"item\":\"https:\/\/www.psib-psoe.org\/eivissa\/\"},{\"@type\":\"ListItem\",\"position\":2,\"name\":\"El PSOE exigeix mesures urgents davant les dades alarmants d&#8217;exclusi\u00f3 social a Eivissa\"}]},{\"@type\":\"WebSite\",\"@id\":\"https:\/\/www.psib-psoe.org\/eivissa\/#website\",\"url\":\"https:\/\/www.psib-psoe.org\/eivissa\/\",\"name\":\"Federaci\u00f3 Socialista d'Eivissa\",\"description\":\"Socialistes d&#039;Eivissa\",\"publisher\":{\"@id\":\"https:\/\/www.psib-psoe.org\/eivissa\/#organization\"},\"potentialAction\":[{\"@type\":\"SearchAction\",\"target\":{\"@type\":\"EntryPoint\",\"urlTemplate\":\"https:\/\/www.psib-psoe.org\/eivissa\/?s={search_term_string}\"},\"query-input\":{\"@type\":\"PropertyValueSpecification\",\"valueRequired\":true,\"valueName\":\"search_term_string\"}}],\"inLanguage\":\"ca\"},{\"@type\":\"Organization\",\"@id\":\"https:\/\/www.psib-psoe.org\/eivissa\/#organization\",\"name\":\"Federaci\u00f3 Socialista d'Eivissa\",\"url\":\"https:\/\/www.psib-psoe.org\/eivissa\/\",\"logo\":{\"@type\":\"ImageObject\",\"inLanguage\":\"ca\",\"@id\":\"https:\/\/www.psib-psoe.org\/eivissa\/#\/schema\/logo\/image\/\",\"url\":\"https:\/\/www.psib-psoe.org\/eivissa\/wp-content\/uploads\/LOGO-FSE-SOCIALISTA-DEIVISSA-HORI.png\",\"contentUrl\":\"https:\/\/www.psib-psoe.org\/eivissa\/wp-content\/uploads\/LOGO-FSE-SOCIALISTA-DEIVISSA-HORI.png\",\"width\":6000,\"height\":3104,\"caption\":\"Federaci\u00f3 Socialista d'Eivissa\"},\"image\":{\"@id\":\"https:\/\/www.psib-psoe.org\/eivissa\/#\/schema\/logo\/image\/\"}},{\"@type\":\"Person\",\"@id\":\"https:\/\/www.psib-psoe.org\/eivissa\/#\/schema\/person\/099ab3ef73a3645a1d7f303518e6ce24\",\"name\":\"adminpsib\",\"url\":\"https:\/\/www.psib-psoe.org\/eivissa\/author\/adminpsib\/\"}]}<\/script>\n<!-- \/ Yoast SEO plugin. -->","yoast_head_json":{"title":"El PSOE exigeix mesures urgents davant les dades alarmants d'exclusi\u00f3 social a Eivissa - Federaci\u00f3 Socialista d&#039;Eivissa","robots":{"index":"index","follow":"follow","max-snippet":"max-snippet:-1","max-image-preview":"max-image-preview:large","max-video-preview":"max-video-preview:-1"},"canonical":"https:\/\/www.psib-psoe.org\/eivissa\/el-psoe-exigeix-mesures-urgents-davant-les-dades-alarmants-dexclusio-social-a-eivissa\/","og_locale":"ca_ES","og_type":"article","og_title":"El PSOE exigeix mesures urgents davant les dades alarmants d'exclusi\u00f3 social a Eivissa - Federaci\u00f3 Socialista d&#039;Eivissa","og_description":"La portaveu del PSOE al Consell d\u2019Eivissa, Elena L\u00f3pez Bonet, ha manifestat la seva profunda preocupaci\u00f3 per les dades presentades ahir per C\u00e0ritas en el primer Informe Foessa sobre exclusi\u00f3 i desenvolupament social a l&#8217;illa, que situa la nostra illa com la regi\u00f3 d&#8217;Espanya amb la proporci\u00f3 m\u00e9s alta de poblaci\u00f3 en situaci\u00f3 d&#8217;exclusi\u00f3 social.&hellip;","og_url":"https:\/\/www.psib-psoe.org\/eivissa\/el-psoe-exigeix-mesures-urgents-davant-les-dades-alarmants-dexclusio-social-a-eivissa\/","og_site_name":"Federaci\u00f3 Socialista d&#039;Eivissa","article_published_time":"2026-01-16T13:01:14+00:00","og_image":[{"width":738,"height":368,"url":"https:\/\/www.psib-psoe.org\/eivissa\/wp-content\/uploads\/can-rova-2.png","type":"image\/png"}],"author":"adminpsib","twitter_card":"summary_large_image","twitter_misc":{"Escrit per":"adminpsib","Temps estimat de lectura":"4 minuts"},"schema":{"@context":"https:\/\/schema.org","@graph":[{"@type":["Article","BlogPosting"],"@id":"https:\/\/www.psib-psoe.org\/eivissa\/el-psoe-exigeix-mesures-urgents-davant-les-dades-alarmants-dexclusio-social-a-eivissa\/#article","isPartOf":{"@id":"https:\/\/www.psib-psoe.org\/eivissa\/el-psoe-exigeix-mesures-urgents-davant-les-dades-alarmants-dexclusio-social-a-eivissa\/"},"author":{"name":"adminpsib","@id":"https:\/\/www.psib-psoe.org\/eivissa\/#\/schema\/person\/099ab3ef73a3645a1d7f303518e6ce24"},"headline":"El PSOE exigeix mesures urgents davant les dades alarmants d&#8217;exclusi\u00f3 social a Eivissa","datePublished":"2026-01-16T13:01:14+00:00","mainEntityOfPage":{"@id":"https:\/\/www.psib-psoe.org\/eivissa\/el-psoe-exigeix-mesures-urgents-davant-les-dades-alarmants-dexclusio-social-a-eivissa\/"},"wordCount":809,"publisher":{"@id":"https:\/\/www.psib-psoe.org\/eivissa\/#organization"},"image":{"@id":"https:\/\/www.psib-psoe.org\/eivissa\/el-psoe-exigeix-mesures-urgents-davant-les-dades-alarmants-dexclusio-social-a-eivissa\/#primaryimage"},"thumbnailUrl":"https:\/\/www.psib-psoe.org\/eivissa\/wp-content\/uploads\/can-rova-2.png","articleSection":["Consell d'Eivissa","Federaci\u00f3 d'Eivissa - Portada"],"inLanguage":"ca"},{"@type":"WebPage","@id":"https:\/\/www.psib-psoe.org\/eivissa\/el-psoe-exigeix-mesures-urgents-davant-les-dades-alarmants-dexclusio-social-a-eivissa\/","url":"https:\/\/www.psib-psoe.org\/eivissa\/el-psoe-exigeix-mesures-urgents-davant-les-dades-alarmants-dexclusio-social-a-eivissa\/","name":"El PSOE exigeix mesures urgents davant les dades alarmants d'exclusi\u00f3 social a Eivissa - Federaci\u00f3 Socialista d&#039;Eivissa","isPartOf":{"@id":"https:\/\/www.psib-psoe.org\/eivissa\/#website"},"primaryImageOfPage":{"@id":"https:\/\/www.psib-psoe.org\/eivissa\/el-psoe-exigeix-mesures-urgents-davant-les-dades-alarmants-dexclusio-social-a-eivissa\/#primaryimage"},"image":{"@id":"https:\/\/www.psib-psoe.org\/eivissa\/el-psoe-exigeix-mesures-urgents-davant-les-dades-alarmants-dexclusio-social-a-eivissa\/#primaryimage"},"thumbnailUrl":"https:\/\/www.psib-psoe.org\/eivissa\/wp-content\/uploads\/can-rova-2.png","datePublished":"2026-01-16T13:01:14+00:00","breadcrumb":{"@id":"https:\/\/www.psib-psoe.org\/eivissa\/el-psoe-exigeix-mesures-urgents-davant-les-dades-alarmants-dexclusio-social-a-eivissa\/#breadcrumb"},"inLanguage":"ca","potentialAction":[{"@type":"ReadAction","target":["https:\/\/www.psib-psoe.org\/eivissa\/el-psoe-exigeix-mesures-urgents-davant-les-dades-alarmants-dexclusio-social-a-eivissa\/"]}]},{"@type":"ImageObject","inLanguage":"ca","@id":"https:\/\/www.psib-psoe.org\/eivissa\/el-psoe-exigeix-mesures-urgents-davant-les-dades-alarmants-dexclusio-social-a-eivissa\/#primaryimage","url":"https:\/\/www.psib-psoe.org\/eivissa\/wp-content\/uploads\/can-rova-2.png","contentUrl":"https:\/\/www.psib-psoe.org\/eivissa\/wp-content\/uploads\/can-rova-2.png","width":738,"height":368},{"@type":"BreadcrumbList","@id":"https:\/\/www.psib-psoe.org\/eivissa\/el-psoe-exigeix-mesures-urgents-davant-les-dades-alarmants-dexclusio-social-a-eivissa\/#breadcrumb","itemListElement":[{"@type":"ListItem","position":1,"name":"Inici","item":"https:\/\/www.psib-psoe.org\/eivissa\/"},{"@type":"ListItem","position":2,"name":"El PSOE exigeix mesures urgents davant les dades alarmants d&#8217;exclusi\u00f3 social a Eivissa"}]},{"@type":"WebSite","@id":"https:\/\/www.psib-psoe.org\/eivissa\/#website","url":"https:\/\/www.psib-psoe.org\/eivissa\/","name":"Federaci\u00f3 Socialista d'Eivissa","description":"Socialistes d&#039;Eivissa","publisher":{"@id":"https:\/\/www.psib-psoe.org\/eivissa\/#organization"},"potentialAction":[{"@type":"SearchAction","target":{"@type":"EntryPoint","urlTemplate":"https:\/\/www.psib-psoe.org\/eivissa\/?s={search_term_string}"},"query-input":{"@type":"PropertyValueSpecification","valueRequired":true,"valueName":"search_term_string"}}],"inLanguage":"ca"},{"@type":"Organization","@id":"https:\/\/www.psib-psoe.org\/eivissa\/#organization","name":"Federaci\u00f3 Socialista d'Eivissa","url":"https:\/\/www.psib-psoe.org\/eivissa\/","logo":{"@type":"ImageObject","inLanguage":"ca","@id":"https:\/\/www.psib-psoe.org\/eivissa\/#\/schema\/logo\/image\/","url":"https:\/\/www.psib-psoe.org\/eivissa\/wp-content\/uploads\/LOGO-FSE-SOCIALISTA-DEIVISSA-HORI.png","contentUrl":"https:\/\/www.psib-psoe.org\/eivissa\/wp-content\/uploads\/LOGO-FSE-SOCIALISTA-DEIVISSA-HORI.png","width":6000,"height":3104,"caption":"Federaci\u00f3 Socialista d'Eivissa"},"image":{"@id":"https:\/\/www.psib-psoe.org\/eivissa\/#\/schema\/logo\/image\/"}},{"@type":"Person","@id":"https:\/\/www.psib-psoe.org\/eivissa\/#\/schema\/person\/099ab3ef73a3645a1d7f303518e6ce24","name":"adminpsib","url":"https:\/\/www.psib-psoe.org\/eivissa\/author\/adminpsib\/"}]}},"_links":{"self":[{"href":"https:\/\/www.psib-psoe.org\/eivissa\/wp-json\/wp\/v2\/posts\/41728","targetHints":{"allow":["GET"]}}],"collection":[{"href":"https:\/\/www.psib-psoe.org\/eivissa\/wp-json\/wp\/v2\/posts"}],"about":[{"href":"https:\/\/www.psib-psoe.org\/eivissa\/wp-json\/wp\/v2\/types\/post"}],"author":[{"embeddable":true,"href":"https:\/\/www.psib-psoe.org\/eivissa\/wp-json\/wp\/v2\/users\/1"}],"replies":[{"embeddable":true,"href":"https:\/\/www.psib-psoe.org\/eivissa\/wp-json\/wp\/v2\/comments?post=41728"}],"version-history":[{"count":1,"href":"https:\/\/www.psib-psoe.org\/eivissa\/wp-json\/wp\/v2\/posts\/41728\/revisions"}],"predecessor-version":[{"id":41729,"href":"https:\/\/www.psib-psoe.org\/eivissa\/wp-json\/wp\/v2\/posts\/41728\/revisions\/41729"}],"wp:featuredmedia":[{"embeddable":true,"href":"https:\/\/www.psib-psoe.org\/eivissa\/wp-json\/wp\/v2\/media\/40610"}],"wp:attachment":[{"href":"https:\/\/www.psib-psoe.org\/eivissa\/wp-json\/wp\/v2\/media?parent=41728"}],"wp:term":[{"taxonomy":"category","embeddable":true,"href":"https:\/\/www.psib-psoe.org\/eivissa\/wp-json\/wp\/v2\/categories?post=41728"},{"taxonomy":"post_tag","embeddable":true,"href":"https:\/\/www.psib-psoe.org\/eivissa\/wp-json\/wp\/v2\/tags?post=41728"}],"curies":[{"name":"wp","href":"https:\/\/api.w.org\/{rel}","templated":true}]}}