{"id":41731,"date":"2026-01-23T11:06:05","date_gmt":"2026-01-23T09:06:05","guid":{"rendered":"https:\/\/www.psib-psoe.org\/eivissa\/?p=41731"},"modified":"2026-01-23T11:06:05","modified_gmt":"2026-01-23T09:06:05","slug":"el-psoe-denuncia-un-nou-retard-en-la-posada-en-marxa-del-tanatori-municipal-de-santa-eularia-a-pesar-que-va-ser-inaugurat-fa-dos-mesos","status":"publish","type":"post","link":"https:\/\/www.psib-psoe.org\/eivissa\/el-psoe-denuncia-un-nou-retard-en-la-posada-en-marxa-del-tanatori-municipal-de-santa-eularia-a-pesar-que-va-ser-inaugurat-fa-dos-mesos\/","title":{"rendered":"El PSOE denuncia un nou retard en la posada en marxa del tanatori municipal de Santa Eul\u00e0ria, a pesar que va ser inaugurat fa dos mesos"},"content":{"rendered":"<p>El Grup Municipal Socialista de Santa Eul\u00e0ria des Riu denuncia un nou retard en la posada en marxa del tanatori municipal. M\u00e9s de dos mesos despr\u00e9s de la inauguraci\u00f3 del tanatori de cas Llauradors, l&#8217;equipament encara no est\u00e0 en funcionament, \u201cun nou retard que se suma als gaireb\u00e9 cinc anys de demora respecte de la data prevista inicialment\u201d, ha denunciat el portaveu socialista, Alan Ripoll. A m\u00e9s, com ha recordat, \u201cel Partit Popular fa vint anys que parla d&#8217;aquest tanatori i encara no l&#8217;ha posat en marxa\u201d. <\/p>\n<p>El projecte de construcci\u00f3 del tanatori, adjudicat inicialment el 2020 per aproximadament 1,5 milions d&#8217;euros, inclo\u00efa un termini d&#8217;execuci\u00f3 de nou mesos. No obstant aix\u00f2, durant el 2022 es va aprovar una modificaci\u00f3 del contracte per 266.758,78 euros addicionals i una pr\u00f2rroga de nou mesos m\u00e9s per ajustar el sistema de climatitzaci\u00f3 i incorporar tres t\u00famuls addicionals. Aquests canvis es van sumar posteriorment a un contracte de mobiliari per 67.969 euros i un altre per a la construcci\u00f3 de places d&#8217;aparcament per 666.870,94 euros, tots dos adjudicats el 2023.<\/p>\n<p>Alan Ripoll ha denunciat que la falta de previsi\u00f3 i control ha derivat en un augment considerable dels costos i un ajornament indefinit del servei, uns fets que qualifica com a \u201cinadmissibles\u201d. \u201cFa set anys que Carmen Ferrer \u00e9s alcaldessa i nom\u00e9s ha sabut tallar una cinta per inaugurar el tanatori, per\u00f2 ha set incapa\u00e7 de posar-lo en marxa\u201d, critica el portaveu del PSOE.<\/p>\n<p>Segons Alan Ripoll, el tanatori \u201c\u00e9s un exemple m\u00e9s d\u2019una mala gesti\u00f3 que Santa Eul\u00e0ria no es mereix&#8221;. \u201cCada volta \u00e9s m\u00e9s evident el deteriorament del funcionament dels serveis municipals; un altre exemple clar \u00e9s el de la recollida de residus\u201d, ha manifestat el portaveu del PSOE.<\/p>\n","protected":false},"excerpt":{"rendered":"<p>El Grup Municipal Socialista de Santa Eul\u00e0ria des Riu denuncia un nou retard en la posada en marxa del tanatori municipal. M\u00e9s de dos mesos despr\u00e9s de la inauguraci\u00f3 del tanatori de cas Llauradors, l&#8217;equipament encara no est\u00e0 en funcionament, \u201cun nou retard que se suma als gaireb\u00e9 cinc anys de demora respecte de la&hellip;<\/p>\n","protected":false},"author":1,"featured_media":41732,"comment_status":"closed","ping_status":"closed","sticky":false,"template":"","format":"standard","meta":{"footnotes":""},"categories":[1,234,186],"tags":[],"class_list":["post-41731","post","type-post","status-publish","format-standard","has-post-thumbnail","hentry","category-federacio-de-eivissa-portada","category-municipis","category-santa-eularia-des-riu"],"yoast_head":"<!-- This site is optimized with the Yoast SEO plugin v26.9 - https:\/\/yoast.com\/product\/yoast-seo-wordpress\/ -->\n<title>El PSOE denuncia un nou retard en la posada en marxa del tanatori municipal de Santa Eul\u00e0ria, a pesar que va ser inaugurat fa dos mesos - Federaci\u00f3 Socialista d&#039;Eivissa<\/title>\n<meta name=\"robots\" content=\"index, follow, max-snippet:-1, max-image-preview:large, max-video-preview:-1\" \/>\n<link rel=\"canonical\" href=\"https:\/\/www.psib-psoe.org\/eivissa\/el-psoe-denuncia-un-nou-retard-en-la-posada-en-marxa-del-tanatori-municipal-de-santa-eularia-a-pesar-que-va-ser-inaugurat-fa-dos-mesos\/\" \/>\n<meta property=\"og:locale\" content=\"ca_ES\" \/>\n<meta property=\"og:type\" content=\"article\" \/>\n<meta property=\"og:title\" content=\"El PSOE denuncia un nou retard en la posada en marxa del tanatori municipal de Santa Eul\u00e0ria, a pesar que va ser inaugurat fa dos mesos - Federaci\u00f3 Socialista d&#039;Eivissa\" \/>\n<meta property=\"og:description\" content=\"El Grup Municipal Socialista de Santa Eul\u00e0ria des Riu denuncia un nou retard en la posada en marxa del tanatori municipal. M\u00e9s de dos mesos despr\u00e9s de la inauguraci\u00f3 del tanatori de cas Llauradors, l&#8217;equipament encara no est\u00e0 en funcionament, \u201cun nou retard que se suma als gaireb\u00e9 cinc anys de demora respecte de la&hellip;\" \/>\n<meta property=\"og:url\" content=\"https:\/\/www.psib-psoe.org\/eivissa\/el-psoe-denuncia-un-nou-retard-en-la-posada-en-marxa-del-tanatori-municipal-de-santa-eularia-a-pesar-que-va-ser-inaugurat-fa-dos-mesos\/\" \/>\n<meta property=\"og:site_name\" content=\"Federaci\u00f3 Socialista d&#039;Eivissa\" \/>\n<meta property=\"article:published_time\" content=\"2026-01-23T09:06:05+00:00\" \/>\n<meta property=\"og:image\" content=\"https:\/\/www.psib-psoe.org\/eivissa\/wp-content\/uploads\/TANATORI.jpg\" \/>\n\t<meta property=\"og:image:width\" content=\"1600\" \/>\n\t<meta property=\"og:image:height\" content=\"1066\" \/>\n\t<meta property=\"og:image:type\" content=\"image\/jpeg\" \/>\n<meta name=\"author\" content=\"adminpsib\" \/>\n<meta name=\"twitter:card\" content=\"summary_large_image\" \/>\n<meta name=\"twitter:label1\" content=\"Escrit per\" \/>\n\t<meta name=\"twitter:data1\" content=\"adminpsib\" \/>\n\t<meta name=\"twitter:label2\" content=\"Temps estimat de lectura\" \/>\n\t<meta name=\"twitter:data2\" content=\"1 minut\" \/>\n<script type=\"application\/ld+json\" class=\"yoast-schema-graph\">{\"@context\":\"https:\/\/schema.org\",\"@graph\":[{\"@type\":[\"Article\",\"BlogPosting\"],\"@id\":\"https:\/\/www.psib-psoe.org\/eivissa\/el-psoe-denuncia-un-nou-retard-en-la-posada-en-marxa-del-tanatori-municipal-de-santa-eularia-a-pesar-que-va-ser-inaugurat-fa-dos-mesos\/#article\",\"isPartOf\":{\"@id\":\"https:\/\/www.psib-psoe.org\/eivissa\/el-psoe-denuncia-un-nou-retard-en-la-posada-en-marxa-del-tanatori-municipal-de-santa-eularia-a-pesar-que-va-ser-inaugurat-fa-dos-mesos\/\"},\"author\":{\"name\":\"adminpsib\",\"@id\":\"https:\/\/www.psib-psoe.org\/eivissa\/#\/schema\/person\/099ab3ef73a3645a1d7f303518e6ce24\"},\"headline\":\"El PSOE denuncia un nou retard en la posada en marxa del tanatori municipal de Santa Eul\u00e0ria, a pesar que va ser inaugurat fa dos mesos\",\"datePublished\":\"2026-01-23T09:06:05+00:00\",\"mainEntityOfPage\":{\"@id\":\"https:\/\/www.psib-psoe.org\/eivissa\/el-psoe-denuncia-un-nou-retard-en-la-posada-en-marxa-del-tanatori-municipal-de-santa-eularia-a-pesar-que-va-ser-inaugurat-fa-dos-mesos\/\"},\"wordCount\":320,\"publisher\":{\"@id\":\"https:\/\/www.psib-psoe.org\/eivissa\/#organization\"},\"image\":{\"@id\":\"https:\/\/www.psib-psoe.org\/eivissa\/el-psoe-denuncia-un-nou-retard-en-la-posada-en-marxa-del-tanatori-municipal-de-santa-eularia-a-pesar-que-va-ser-inaugurat-fa-dos-mesos\/#primaryimage\"},\"thumbnailUrl\":\"https:\/\/www.psib-psoe.org\/eivissa\/wp-content\/uploads\/TANATORI.jpg\",\"articleSection\":[\"Federaci\u00f3 d'Eivissa - Portada\",\"Municipis\",\"Santa Eul\u00e0ria des Riu\"],\"inLanguage\":\"ca\"},{\"@type\":\"WebPage\",\"@id\":\"https:\/\/www.psib-psoe.org\/eivissa\/el-psoe-denuncia-un-nou-retard-en-la-posada-en-marxa-del-tanatori-municipal-de-santa-eularia-a-pesar-que-va-ser-inaugurat-fa-dos-mesos\/\",\"url\":\"https:\/\/www.psib-psoe.org\/eivissa\/el-psoe-denuncia-un-nou-retard-en-la-posada-en-marxa-del-tanatori-municipal-de-santa-eularia-a-pesar-que-va-ser-inaugurat-fa-dos-mesos\/\",\"name\":\"El PSOE denuncia un nou retard en la posada en marxa del tanatori municipal de Santa Eul\u00e0ria, a pesar que va ser inaugurat fa dos mesos - Federaci\u00f3 Socialista d&#039;Eivissa\",\"isPartOf\":{\"@id\":\"https:\/\/www.psib-psoe.org\/eivissa\/#website\"},\"primaryImageOfPage\":{\"@id\":\"https:\/\/www.psib-psoe.org\/eivissa\/el-psoe-denuncia-un-nou-retard-en-la-posada-en-marxa-del-tanatori-municipal-de-santa-eularia-a-pesar-que-va-ser-inaugurat-fa-dos-mesos\/#primaryimage\"},\"image\":{\"@id\":\"https:\/\/www.psib-psoe.org\/eivissa\/el-psoe-denuncia-un-nou-retard-en-la-posada-en-marxa-del-tanatori-municipal-de-santa-eularia-a-pesar-que-va-ser-inaugurat-fa-dos-mesos\/#primaryimage\"},\"thumbnailUrl\":\"https:\/\/www.psib-psoe.org\/eivissa\/wp-content\/uploads\/TANATORI.jpg\",\"datePublished\":\"2026-01-23T09:06:05+00:00\",\"breadcrumb\":{\"@id\":\"https:\/\/www.psib-psoe.org\/eivissa\/el-psoe-denuncia-un-nou-retard-en-la-posada-en-marxa-del-tanatori-municipal-de-santa-eularia-a-pesar-que-va-ser-inaugurat-fa-dos-mesos\/#breadcrumb\"},\"inLanguage\":\"ca\",\"potentialAction\":[{\"@type\":\"ReadAction\",\"target\":[\"https:\/\/www.psib-psoe.org\/eivissa\/el-psoe-denuncia-un-nou-retard-en-la-posada-en-marxa-del-tanatori-municipal-de-santa-eularia-a-pesar-que-va-ser-inaugurat-fa-dos-mesos\/\"]}]},{\"@type\":\"ImageObject\",\"inLanguage\":\"ca\",\"@id\":\"https:\/\/www.psib-psoe.org\/eivissa\/el-psoe-denuncia-un-nou-retard-en-la-posada-en-marxa-del-tanatori-municipal-de-santa-eularia-a-pesar-que-va-ser-inaugurat-fa-dos-mesos\/#primaryimage\",\"url\":\"https:\/\/www.psib-psoe.org\/eivissa\/wp-content\/uploads\/TANATORI.jpg\",\"contentUrl\":\"https:\/\/www.psib-psoe.org\/eivissa\/wp-content\/uploads\/TANATORI.jpg\",\"width\":1600,\"height\":1066},{\"@type\":\"BreadcrumbList\",\"@id\":\"https:\/\/www.psib-psoe.org\/eivissa\/el-psoe-denuncia-un-nou-retard-en-la-posada-en-marxa-del-tanatori-municipal-de-santa-eularia-a-pesar-que-va-ser-inaugurat-fa-dos-mesos\/#breadcrumb\",\"itemListElement\":[{\"@type\":\"ListItem\",\"position\":1,\"name\":\"Inici\",\"item\":\"https:\/\/www.psib-psoe.org\/eivissa\/\"},{\"@type\":\"ListItem\",\"position\":2,\"name\":\"El PSOE denuncia un nou retard en la posada en marxa del tanatori municipal de Santa Eul\u00e0ria, a pesar que va ser inaugurat fa dos mesos\"}]},{\"@type\":\"WebSite\",\"@id\":\"https:\/\/www.psib-psoe.org\/eivissa\/#website\",\"url\":\"https:\/\/www.psib-psoe.org\/eivissa\/\",\"name\":\"Federaci\u00f3 Socialista d'Eivissa\",\"description\":\"Socialistes d&#039;Eivissa\",\"publisher\":{\"@id\":\"https:\/\/www.psib-psoe.org\/eivissa\/#organization\"},\"potentialAction\":[{\"@type\":\"SearchAction\",\"target\":{\"@type\":\"EntryPoint\",\"urlTemplate\":\"https:\/\/www.psib-psoe.org\/eivissa\/?s={search_term_string}\"},\"query-input\":{\"@type\":\"PropertyValueSpecification\",\"valueRequired\":true,\"valueName\":\"search_term_string\"}}],\"inLanguage\":\"ca\"},{\"@type\":\"Organization\",\"@id\":\"https:\/\/www.psib-psoe.org\/eivissa\/#organization\",\"name\":\"Federaci\u00f3 Socialista d'Eivissa\",\"url\":\"https:\/\/www.psib-psoe.org\/eivissa\/\",\"logo\":{\"@type\":\"ImageObject\",\"inLanguage\":\"ca\",\"@id\":\"https:\/\/www.psib-psoe.org\/eivissa\/#\/schema\/logo\/image\/\",\"url\":\"https:\/\/www.psib-psoe.org\/eivissa\/wp-content\/uploads\/LOGO-FSE-SOCIALISTA-DEIVISSA-HORI.png\",\"contentUrl\":\"https:\/\/www.psib-psoe.org\/eivissa\/wp-content\/uploads\/LOGO-FSE-SOCIALISTA-DEIVISSA-HORI.png\",\"width\":6000,\"height\":3104,\"caption\":\"Federaci\u00f3 Socialista d'Eivissa\"},\"image\":{\"@id\":\"https:\/\/www.psib-psoe.org\/eivissa\/#\/schema\/logo\/image\/\"}},{\"@type\":\"Person\",\"@id\":\"https:\/\/www.psib-psoe.org\/eivissa\/#\/schema\/person\/099ab3ef73a3645a1d7f303518e6ce24\",\"name\":\"adminpsib\",\"url\":\"https:\/\/www.psib-psoe.org\/eivissa\/author\/adminpsib\/\"}]}<\/script>\n<!-- \/ Yoast SEO plugin. -->","yoast_head_json":{"title":"El PSOE denuncia un nou retard en la posada en marxa del tanatori municipal de Santa Eul\u00e0ria, a pesar que va ser inaugurat fa dos mesos - Federaci\u00f3 Socialista d&#039;Eivissa","robots":{"index":"index","follow":"follow","max-snippet":"max-snippet:-1","max-image-preview":"max-image-preview:large","max-video-preview":"max-video-preview:-1"},"canonical":"https:\/\/www.psib-psoe.org\/eivissa\/el-psoe-denuncia-un-nou-retard-en-la-posada-en-marxa-del-tanatori-municipal-de-santa-eularia-a-pesar-que-va-ser-inaugurat-fa-dos-mesos\/","og_locale":"ca_ES","og_type":"article","og_title":"El PSOE denuncia un nou retard en la posada en marxa del tanatori municipal de Santa Eul\u00e0ria, a pesar que va ser inaugurat fa dos mesos - Federaci\u00f3 Socialista d&#039;Eivissa","og_description":"El Grup Municipal Socialista de Santa Eul\u00e0ria des Riu denuncia un nou retard en la posada en marxa del tanatori municipal. M\u00e9s de dos mesos despr\u00e9s de la inauguraci\u00f3 del tanatori de cas Llauradors, l&#8217;equipament encara no est\u00e0 en funcionament, \u201cun nou retard que se suma als gaireb\u00e9 cinc anys de demora respecte de la&hellip;","og_url":"https:\/\/www.psib-psoe.org\/eivissa\/el-psoe-denuncia-un-nou-retard-en-la-posada-en-marxa-del-tanatori-municipal-de-santa-eularia-a-pesar-que-va-ser-inaugurat-fa-dos-mesos\/","og_site_name":"Federaci\u00f3 Socialista d&#039;Eivissa","article_published_time":"2026-01-23T09:06:05+00:00","og_image":[{"width":1600,"height":1066,"url":"https:\/\/www.psib-psoe.org\/eivissa\/wp-content\/uploads\/TANATORI.jpg","type":"image\/jpeg"}],"author":"adminpsib","twitter_card":"summary_large_image","twitter_misc":{"Escrit per":"adminpsib","Temps estimat de lectura":"1 minut"},"schema":{"@context":"https:\/\/schema.org","@graph":[{"@type":["Article","BlogPosting"],"@id":"https:\/\/www.psib-psoe.org\/eivissa\/el-psoe-denuncia-un-nou-retard-en-la-posada-en-marxa-del-tanatori-municipal-de-santa-eularia-a-pesar-que-va-ser-inaugurat-fa-dos-mesos\/#article","isPartOf":{"@id":"https:\/\/www.psib-psoe.org\/eivissa\/el-psoe-denuncia-un-nou-retard-en-la-posada-en-marxa-del-tanatori-municipal-de-santa-eularia-a-pesar-que-va-ser-inaugurat-fa-dos-mesos\/"},"author":{"name":"adminpsib","@id":"https:\/\/www.psib-psoe.org\/eivissa\/#\/schema\/person\/099ab3ef73a3645a1d7f303518e6ce24"},"headline":"El PSOE denuncia un nou retard en la posada en marxa del tanatori municipal de Santa Eul\u00e0ria, a pesar que va ser inaugurat fa dos mesos","datePublished":"2026-01-23T09:06:05+00:00","mainEntityOfPage":{"@id":"https:\/\/www.psib-psoe.org\/eivissa\/el-psoe-denuncia-un-nou-retard-en-la-posada-en-marxa-del-tanatori-municipal-de-santa-eularia-a-pesar-que-va-ser-inaugurat-fa-dos-mesos\/"},"wordCount":320,"publisher":{"@id":"https:\/\/www.psib-psoe.org\/eivissa\/#organization"},"image":{"@id":"https:\/\/www.psib-psoe.org\/eivissa\/el-psoe-denuncia-un-nou-retard-en-la-posada-en-marxa-del-tanatori-municipal-de-santa-eularia-a-pesar-que-va-ser-inaugurat-fa-dos-mesos\/#primaryimage"},"thumbnailUrl":"https:\/\/www.psib-psoe.org\/eivissa\/wp-content\/uploads\/TANATORI.jpg","articleSection":["Federaci\u00f3 d'Eivissa - Portada","Municipis","Santa Eul\u00e0ria des Riu"],"inLanguage":"ca"},{"@type":"WebPage","@id":"https:\/\/www.psib-psoe.org\/eivissa\/el-psoe-denuncia-un-nou-retard-en-la-posada-en-marxa-del-tanatori-municipal-de-santa-eularia-a-pesar-que-va-ser-inaugurat-fa-dos-mesos\/","url":"https:\/\/www.psib-psoe.org\/eivissa\/el-psoe-denuncia-un-nou-retard-en-la-posada-en-marxa-del-tanatori-municipal-de-santa-eularia-a-pesar-que-va-ser-inaugurat-fa-dos-mesos\/","name":"El PSOE denuncia un nou retard en la posada en marxa del tanatori municipal de Santa Eul\u00e0ria, a pesar que va ser inaugurat fa dos mesos - Federaci\u00f3 Socialista d&#039;Eivissa","isPartOf":{"@id":"https:\/\/www.psib-psoe.org\/eivissa\/#website"},"primaryImageOfPage":{"@id":"https:\/\/www.psib-psoe.org\/eivissa\/el-psoe-denuncia-un-nou-retard-en-la-posada-en-marxa-del-tanatori-municipal-de-santa-eularia-a-pesar-que-va-ser-inaugurat-fa-dos-mesos\/#primaryimage"},"image":{"@id":"https:\/\/www.psib-psoe.org\/eivissa\/el-psoe-denuncia-un-nou-retard-en-la-posada-en-marxa-del-tanatori-municipal-de-santa-eularia-a-pesar-que-va-ser-inaugurat-fa-dos-mesos\/#primaryimage"},"thumbnailUrl":"https:\/\/www.psib-psoe.org\/eivissa\/wp-content\/uploads\/TANATORI.jpg","datePublished":"2026-01-23T09:06:05+00:00","breadcrumb":{"@id":"https:\/\/www.psib-psoe.org\/eivissa\/el-psoe-denuncia-un-nou-retard-en-la-posada-en-marxa-del-tanatori-municipal-de-santa-eularia-a-pesar-que-va-ser-inaugurat-fa-dos-mesos\/#breadcrumb"},"inLanguage":"ca","potentialAction":[{"@type":"ReadAction","target":["https:\/\/www.psib-psoe.org\/eivissa\/el-psoe-denuncia-un-nou-retard-en-la-posada-en-marxa-del-tanatori-municipal-de-santa-eularia-a-pesar-que-va-ser-inaugurat-fa-dos-mesos\/"]}]},{"@type":"ImageObject","inLanguage":"ca","@id":"https:\/\/www.psib-psoe.org\/eivissa\/el-psoe-denuncia-un-nou-retard-en-la-posada-en-marxa-del-tanatori-municipal-de-santa-eularia-a-pesar-que-va-ser-inaugurat-fa-dos-mesos\/#primaryimage","url":"https:\/\/www.psib-psoe.org\/eivissa\/wp-content\/uploads\/TANATORI.jpg","contentUrl":"https:\/\/www.psib-psoe.org\/eivissa\/wp-content\/uploads\/TANATORI.jpg","width":1600,"height":1066},{"@type":"BreadcrumbList","@id":"https:\/\/www.psib-psoe.org\/eivissa\/el-psoe-denuncia-un-nou-retard-en-la-posada-en-marxa-del-tanatori-municipal-de-santa-eularia-a-pesar-que-va-ser-inaugurat-fa-dos-mesos\/#breadcrumb","itemListElement":[{"@type":"ListItem","position":1,"name":"Inici","item":"https:\/\/www.psib-psoe.org\/eivissa\/"},{"@type":"ListItem","position":2,"name":"El PSOE denuncia un nou retard en la posada en marxa del tanatori municipal de Santa Eul\u00e0ria, a pesar que va ser inaugurat fa dos mesos"}]},{"@type":"WebSite","@id":"https:\/\/www.psib-psoe.org\/eivissa\/#website","url":"https:\/\/www.psib-psoe.org\/eivissa\/","name":"Federaci\u00f3 Socialista d'Eivissa","description":"Socialistes d&#039;Eivissa","publisher":{"@id":"https:\/\/www.psib-psoe.org\/eivissa\/#organization"},"potentialAction":[{"@type":"SearchAction","target":{"@type":"EntryPoint","urlTemplate":"https:\/\/www.psib-psoe.org\/eivissa\/?s={search_term_string}"},"query-input":{"@type":"PropertyValueSpecification","valueRequired":true,"valueName":"search_term_string"}}],"inLanguage":"ca"},{"@type":"Organization","@id":"https:\/\/www.psib-psoe.org\/eivissa\/#organization","name":"Federaci\u00f3 Socialista d'Eivissa","url":"https:\/\/www.psib-psoe.org\/eivissa\/","logo":{"@type":"ImageObject","inLanguage":"ca","@id":"https:\/\/www.psib-psoe.org\/eivissa\/#\/schema\/logo\/image\/","url":"https:\/\/www.psib-psoe.org\/eivissa\/wp-content\/uploads\/LOGO-FSE-SOCIALISTA-DEIVISSA-HORI.png","contentUrl":"https:\/\/www.psib-psoe.org\/eivissa\/wp-content\/uploads\/LOGO-FSE-SOCIALISTA-DEIVISSA-HORI.png","width":6000,"height":3104,"caption":"Federaci\u00f3 Socialista d'Eivissa"},"image":{"@id":"https:\/\/www.psib-psoe.org\/eivissa\/#\/schema\/logo\/image\/"}},{"@type":"Person","@id":"https:\/\/www.psib-psoe.org\/eivissa\/#\/schema\/person\/099ab3ef73a3645a1d7f303518e6ce24","name":"adminpsib","url":"https:\/\/www.psib-psoe.org\/eivissa\/author\/adminpsib\/"}]}},"_links":{"self":[{"href":"https:\/\/www.psib-psoe.org\/eivissa\/wp-json\/wp\/v2\/posts\/41731","targetHints":{"allow":["GET"]}}],"collection":[{"href":"https:\/\/www.psib-psoe.org\/eivissa\/wp-json\/wp\/v2\/posts"}],"about":[{"href":"https:\/\/www.psib-psoe.org\/eivissa\/wp-json\/wp\/v2\/types\/post"}],"author":[{"embeddable":true,"href":"https:\/\/www.psib-psoe.org\/eivissa\/wp-json\/wp\/v2\/users\/1"}],"replies":[{"embeddable":true,"href":"https:\/\/www.psib-psoe.org\/eivissa\/wp-json\/wp\/v2\/comments?post=41731"}],"version-history":[{"count":1,"href":"https:\/\/www.psib-psoe.org\/eivissa\/wp-json\/wp\/v2\/posts\/41731\/revisions"}],"predecessor-version":[{"id":41733,"href":"https:\/\/www.psib-psoe.org\/eivissa\/wp-json\/wp\/v2\/posts\/41731\/revisions\/41733"}],"wp:featuredmedia":[{"embeddable":true,"href":"https:\/\/www.psib-psoe.org\/eivissa\/wp-json\/wp\/v2\/media\/41732"}],"wp:attachment":[{"href":"https:\/\/www.psib-psoe.org\/eivissa\/wp-json\/wp\/v2\/media?parent=41731"}],"wp:term":[{"taxonomy":"category","embeddable":true,"href":"https:\/\/www.psib-psoe.org\/eivissa\/wp-json\/wp\/v2\/categories?post=41731"},{"taxonomy":"post_tag","embeddable":true,"href":"https:\/\/www.psib-psoe.org\/eivissa\/wp-json\/wp\/v2\/tags?post=41731"}],"curies":[{"name":"wp","href":"https:\/\/api.w.org\/{rel}","templated":true}]}}