{"id":41735,"date":"2026-01-23T11:09:31","date_gmt":"2026-01-23T09:09:31","guid":{"rendered":"https:\/\/www.psib-psoe.org\/eivissa\/?p=41735"},"modified":"2026-01-23T11:09:31","modified_gmt":"2026-01-23T09:09:31","slug":"el-psoe-denuncia-labando-institucional-del-poble-de-sant-rafel-per-part-del-partit-popular-ni-una-circumvallacio-consensuada-ni-les-inversions-i-millores-promeses-fa-cinc-anys","status":"publish","type":"post","link":"https:\/\/www.psib-psoe.org\/eivissa\/el-psoe-denuncia-labando-institucional-del-poble-de-sant-rafel-per-part-del-partit-popular-ni-una-circumvallacio-consensuada-ni-les-inversions-i-millores-promeses-fa-cinc-anys\/","title":{"rendered":"El PSOE denuncia l\u2019aband\u00f3 institucional del poble de Sant Rafel per part del Partit Popular: \u201cNi una circumval\u00b7laci\u00f3 consensuada, ni les inversions i millores promeses fa cinc anys\u201d"},"content":{"rendered":"<p>El Grup Socialista de Sant Antoni de Portmany vol denunciar p\u00fablicament la situaci\u00f3 d&#8217;aband\u00f3 institucional que pateix el poble de Sant Rafel a causa de la inacci\u00f3 i la deixadesa de l&#8217;equip de govern del Partit Popular de Marcos Serra, fet que est\u00e0 provocant la desesperaci\u00f3 dels vesins i vesines.<\/p>\n<p>Sant Rafel fa anys que pateix un d\u00e8ficit d&#8217;inversions que afecta greument la qualitat de vida dels seus residents. Necessitats b\u00e0siques en mat\u00e8ria d&#8217;infraestructures, accessibilitat, seguretat, manteniment, neteja i serveis p\u00fablics han set reiteradament reclamades per la ciutadania i traslladades a l&#8217;equip de govern municipal sense que, el dia d&#8217;avui, s&#8217;hagin resolt ni s&#8217;hagin aportat calendaris clars d&#8217;execuci\u00f3.<\/p>\n<p>Des del Grup Socialista es recorda que projectes anunciats fa m\u00e9s de cinc anys, com el Pla Especial de l&#8217;Esgl\u00e9sia, el p\u00e0rquing Josep Planells, la creaci\u00f3 d&#8217;una pla\u00e7a p\u00fablica, la recepci\u00f3 del pol\u00edgon de Montecristo o la posada en funcionament del dip\u00f2sit d&#8217;aigua dessalada, continuen sense resultats visibles ni informaci\u00f3 p\u00fablica de com estan. Aquesta acumulaci\u00f3 de promeses incomplides ha generat una profunda desconfian\u00e7a: &#8220;Estam parlant de projectes anunciats fa m\u00e9s de cinc anys que continuen sense cap resultat visible. Els vesins i les vesines de Sant Rafel estan cansats de promeses buides i necessiten respostes i accions concretes&#8221;, ha declarat la regidora del PSOE Neus Mar\u00ed.<\/p>\n<p>&#8220;El govern del PP est\u00e0 prenent decisions que afecten directament el futur de Sant Rafel sense comptar amb els residents. La via de circumval\u00b7laci\u00f3 \u00e9s un exemple clar d&#8217;aquesta falta de transpar\u00e8ncia&#8221;, ha criticat la regidora socialista, qui ha denunciat l\u2019incompliment d\u2019una proposta de projecte consensuat i definit amb una \u201cparticipaci\u00f3 real\u201d de tot el poble.<\/p>\n<p>El Grup Socialista tamb\u00e9 denuncia que el Centre Social de Sant Rafel presenta greus mancances d&#8217;accessibilitat, especialment a l&#8217;entrada, dificultant l&#8217;acc\u00e9s a persones amb mobilitat redu\u00efda i als usuaris de la Unitat B\u00e0sica de Salut. No s&#8217;han executat solucions tan b\u00e0siques com una rampa d&#8217;acc\u00e9s, i no consta l&#8217;exist\u00e8ncia d&#8217;un projecte global d&#8217;eliminaci\u00f3 de barreres arquitect\u00f2niques, tot i tractar-se d&#8217;una obligaci\u00f3 legal i d&#8217;una necessitat social inajornable.<\/p>\n<p>&#8220;No es pot permetre que el centre social, on es troba la Unitat B\u00e0sica de Salut, no disposi ni tan sols d&#8217;una rampa d&#8217;acc\u00e9s. \u00c9s una q\u00fcesti\u00f3 de dignitat i de drets fonamentals que l&#8217;equip de govern est\u00e0 ignorant completament&#8221;, ha manifestat Neus Mar\u00ed.<\/p>\n<p>Pel que fa a la seguretat vi\u00e0ria, els vesins i vesines continuen exposats a una situaci\u00f3 de risc a l&#8217;entrada de les instal\u00b7lacions esportives, especialment infants, joves i fam\u00edlies, sense una actuaci\u00f3 coordinada i efectiva entre l&#8217;Ajuntament i el Consell Insular.<\/p>\n<p>El nucli urb\u00e0 de Sant Rafel pateix una falta evident de manteniment i neteja, amb voreres plenes d&#8217;herbes, punts conflictius de contenidors i una neteja clarament insuficient. Els camins rurals presenten un estat molt deficient i, tot i anunciar-se actuacions puntuals, manca una planificaci\u00f3 seriosa, ordenada i transparent del manteniment, aix\u00ed com una inversi\u00f3 adequada.<\/p>\n<p>Especialment preocupant \u00e9s la situaci\u00f3 de la nova depuradora de Sa Coma, que continua generant greus mol\u00e8sties per males olors sense que l&#8217;equip de govern hagi comunicat una soluci\u00f3 definitiva ni un termini concret per resoldre aquesta problem\u00e0tica que afecta di\u00e0riament els vesins i vesines d\u2019una \u00e0mplia zona del poble.<\/p>\n<p>A part, durant l&#8217;estiu es repeteixen greus problemes derivats de l&#8217;oci nocturn entorn de les discoteques: exc\u00e9s de tr\u00e0nsit, aparcaments perillosos, botellot generalitzat, brutor i degradaci\u00f3 de l&#8217;espai p\u00fablic, sense una resposta municipal suficient que protegeixi els i les residents afectats.<\/p>\n<p>Des del Grup Socialista s&#8217;exigeix a l&#8217;equip de govern del PP de Marcos Serra que deixi de mirar cap a una altra banda i dugui a terme les inversions necess\u00e0ries, compleixi els seus compromisos i ofereixi a Sant Rafel el tracte digne que mereix.<\/p>\n<p>&#8220;Sant Rafel no pot continuar esperant. Els seus vesins i vesines mereixen un equip de govern que els escolti, que compleixi els seus compromisos i que actu\u00ef amb responsabilitat\u201d, ha insistit Neus Mar\u00ed.<br \/>\n<img loading=\"lazy\" decoding=\"async\" src=\"https:\/\/www.psib-psoe.org\/eivissa\/wp-content\/uploads\/SANT-RAFEL6.jpg\" alt=\"\" width=\"1204\" height=\"1600\" class=\"alignnone size-full wp-image-41741\" srcset=\"https:\/\/www.psib-psoe.org\/eivissa\/wp-content\/uploads\/SANT-RAFEL6.jpg 1204w, https:\/\/www.psib-psoe.org\/eivissa\/wp-content\/uploads\/SANT-RAFEL6-226x300.jpg 226w, https:\/\/www.psib-psoe.org\/eivissa\/wp-content\/uploads\/SANT-RAFEL6-771x1024.jpg 771w, https:\/\/www.psib-psoe.org\/eivissa\/wp-content\/uploads\/SANT-RAFEL6-768x1021.jpg 768w, https:\/\/www.psib-psoe.org\/eivissa\/wp-content\/uploads\/SANT-RAFEL6-1156x1536.jpg 1156w, https:\/\/www.psib-psoe.org\/eivissa\/wp-content\/uploads\/SANT-RAFEL6-300x399.jpg 300w, https:\/\/www.psib-psoe.org\/eivissa\/wp-content\/uploads\/SANT-RAFEL6-150x199.jpg 150w, https:\/\/www.psib-psoe.org\/eivissa\/wp-content\/uploads\/SANT-RAFEL6-600x797.jpg 600w, https:\/\/www.psib-psoe.org\/eivissa\/wp-content\/uploads\/SANT-RAFEL6-900x1196.jpg 900w, https:\/\/www.psib-psoe.org\/eivissa\/wp-content\/uploads\/SANT-RAFEL6-20x27.jpg 20w\" sizes=\"auto, (max-width: 1204px) 100vw, 1204px\" \/><\/p>\n<p><img loading=\"lazy\" decoding=\"async\" src=\"https:\/\/www.psib-psoe.org\/eivissa\/wp-content\/uploads\/SANT-RAFEL5.jpg\" alt=\"\" width=\"1600\" height=\"1204\" class=\"alignnone size-full wp-image-41740\" srcset=\"https:\/\/www.psib-psoe.org\/eivissa\/wp-content\/uploads\/SANT-RAFEL5.jpg 1600w, https:\/\/www.psib-psoe.org\/eivissa\/wp-content\/uploads\/SANT-RAFEL5-300x226.jpg 300w, https:\/\/www.psib-psoe.org\/eivissa\/wp-content\/uploads\/SANT-RAFEL5-1024x771.jpg 1024w, https:\/\/www.psib-psoe.org\/eivissa\/wp-content\/uploads\/SANT-RAFEL5-768x578.jpg 768w, https:\/\/www.psib-psoe.org\/eivissa\/wp-content\/uploads\/SANT-RAFEL5-1536x1156.jpg 1536w, https:\/\/www.psib-psoe.org\/eivissa\/wp-content\/uploads\/SANT-RAFEL5-150x113.jpg 150w, https:\/\/www.psib-psoe.org\/eivissa\/wp-content\/uploads\/SANT-RAFEL5-600x452.jpg 600w, https:\/\/www.psib-psoe.org\/eivissa\/wp-content\/uploads\/SANT-RAFEL5-900x677.jpg 900w, https:\/\/www.psib-psoe.org\/eivissa\/wp-content\/uploads\/SANT-RAFEL5-20x16.jpg 20w\" sizes=\"auto, (max-width: 1600px) 100vw, 1600px\" \/><\/p>\n<p><img loading=\"lazy\" decoding=\"async\" src=\"https:\/\/www.psib-psoe.org\/eivissa\/wp-content\/uploads\/SANT-RAFEL4.jpg\" alt=\"\" width=\"1600\" height=\"1204\" class=\"alignnone size-full wp-image-41739\" srcset=\"https:\/\/www.psib-psoe.org\/eivissa\/wp-content\/uploads\/SANT-RAFEL4.jpg 1600w, https:\/\/www.psib-psoe.org\/eivissa\/wp-content\/uploads\/SANT-RAFEL4-300x226.jpg 300w, https:\/\/www.psib-psoe.org\/eivissa\/wp-content\/uploads\/SANT-RAFEL4-1024x771.jpg 1024w, https:\/\/www.psib-psoe.org\/eivissa\/wp-content\/uploads\/SANT-RAFEL4-768x578.jpg 768w, https:\/\/www.psib-psoe.org\/eivissa\/wp-content\/uploads\/SANT-RAFEL4-1536x1156.jpg 1536w, https:\/\/www.psib-psoe.org\/eivissa\/wp-content\/uploads\/SANT-RAFEL4-150x113.jpg 150w, https:\/\/www.psib-psoe.org\/eivissa\/wp-content\/uploads\/SANT-RAFEL4-600x452.jpg 600w, https:\/\/www.psib-psoe.org\/eivissa\/wp-content\/uploads\/SANT-RAFEL4-900x677.jpg 900w, https:\/\/www.psib-psoe.org\/eivissa\/wp-content\/uploads\/SANT-RAFEL4-20x16.jpg 20w\" sizes=\"auto, (max-width: 1600px) 100vw, 1600px\" \/><\/p>\n<p><img loading=\"lazy\" decoding=\"async\" src=\"https:\/\/www.psib-psoe.org\/eivissa\/wp-content\/uploads\/SANT-RAFEL3.jpg\" alt=\"\" width=\"1600\" height=\"1204\" class=\"alignnone size-full wp-image-41738\" srcset=\"https:\/\/www.psib-psoe.org\/eivissa\/wp-content\/uploads\/SANT-RAFEL3.jpg 1600w, https:\/\/www.psib-psoe.org\/eivissa\/wp-content\/uploads\/SANT-RAFEL3-300x226.jpg 300w, https:\/\/www.psib-psoe.org\/eivissa\/wp-content\/uploads\/SANT-RAFEL3-1024x771.jpg 1024w, https:\/\/www.psib-psoe.org\/eivissa\/wp-content\/uploads\/SANT-RAFEL3-768x578.jpg 768w, https:\/\/www.psib-psoe.org\/eivissa\/wp-content\/uploads\/SANT-RAFEL3-1536x1156.jpg 1536w, https:\/\/www.psib-psoe.org\/eivissa\/wp-content\/uploads\/SANT-RAFEL3-150x113.jpg 150w, https:\/\/www.psib-psoe.org\/eivissa\/wp-content\/uploads\/SANT-RAFEL3-600x452.jpg 600w, https:\/\/www.psib-psoe.org\/eivissa\/wp-content\/uploads\/SANT-RAFEL3-900x677.jpg 900w, https:\/\/www.psib-psoe.org\/eivissa\/wp-content\/uploads\/SANT-RAFEL3-20x16.jpg 20w\" sizes=\"auto, (max-width: 1600px) 100vw, 1600px\" \/><\/p>\n<p><img loading=\"lazy\" decoding=\"async\" src=\"https:\/\/www.psib-psoe.org\/eivissa\/wp-content\/uploads\/SANT-RAFEL2.jpg\" alt=\"\" width=\"1204\" height=\"1600\" class=\"alignnone size-full wp-image-41737\" srcset=\"https:\/\/www.psib-psoe.org\/eivissa\/wp-content\/uploads\/SANT-RAFEL2.jpg 1204w, https:\/\/www.psib-psoe.org\/eivissa\/wp-content\/uploads\/SANT-RAFEL2-226x300.jpg 226w, https:\/\/www.psib-psoe.org\/eivissa\/wp-content\/uploads\/SANT-RAFEL2-771x1024.jpg 771w, https:\/\/www.psib-psoe.org\/eivissa\/wp-content\/uploads\/SANT-RAFEL2-768x1021.jpg 768w, https:\/\/www.psib-psoe.org\/eivissa\/wp-content\/uploads\/SANT-RAFEL2-1156x1536.jpg 1156w, https:\/\/www.psib-psoe.org\/eivissa\/wp-content\/uploads\/SANT-RAFEL2-300x399.jpg 300w, https:\/\/www.psib-psoe.org\/eivissa\/wp-content\/uploads\/SANT-RAFEL2-150x199.jpg 150w, https:\/\/www.psib-psoe.org\/eivissa\/wp-content\/uploads\/SANT-RAFEL2-600x797.jpg 600w, https:\/\/www.psib-psoe.org\/eivissa\/wp-content\/uploads\/SANT-RAFEL2-900x1196.jpg 900w, https:\/\/www.psib-psoe.org\/eivissa\/wp-content\/uploads\/SANT-RAFEL2-20x27.jpg 20w\" sizes=\"auto, (max-width: 1204px) 100vw, 1204px\" \/><\/p>\n<p><img loading=\"lazy\" decoding=\"async\" src=\"https:\/\/www.psib-psoe.org\/eivissa\/wp-content\/uploads\/SANT-RAFEL1.jpg\" alt=\"\" width=\"1204\" height=\"1600\" class=\"alignnone size-full wp-image-41736\" srcset=\"https:\/\/www.psib-psoe.org\/eivissa\/wp-content\/uploads\/SANT-RAFEL1.jpg 1204w, https:\/\/www.psib-psoe.org\/eivissa\/wp-content\/uploads\/SANT-RAFEL1-226x300.jpg 226w, https:\/\/www.psib-psoe.org\/eivissa\/wp-content\/uploads\/SANT-RAFEL1-771x1024.jpg 771w, https:\/\/www.psib-psoe.org\/eivissa\/wp-content\/uploads\/SANT-RAFEL1-768x1021.jpg 768w, https:\/\/www.psib-psoe.org\/eivissa\/wp-content\/uploads\/SANT-RAFEL1-1156x1536.jpg 1156w, https:\/\/www.psib-psoe.org\/eivissa\/wp-content\/uploads\/SANT-RAFEL1-300x399.jpg 300w, https:\/\/www.psib-psoe.org\/eivissa\/wp-content\/uploads\/SANT-RAFEL1-150x199.jpg 150w, https:\/\/www.psib-psoe.org\/eivissa\/wp-content\/uploads\/SANT-RAFEL1-600x797.jpg 600w, https:\/\/www.psib-psoe.org\/eivissa\/wp-content\/uploads\/SANT-RAFEL1-900x1196.jpg 900w, https:\/\/www.psib-psoe.org\/eivissa\/wp-content\/uploads\/SANT-RAFEL1-20x27.jpg 20w\" sizes=\"auto, (max-width: 1204px) 100vw, 1204px\" \/><\/p>\n","protected":false},"excerpt":{"rendered":"<p>El Grup Socialista de Sant Antoni de Portmany vol denunciar p\u00fablicament la situaci\u00f3 d&#8217;aband\u00f3 institucional que pateix el poble de Sant Rafel a causa de la inacci\u00f3 i la deixadesa de l&#8217;equip de govern del Partit Popular de Marcos Serra, fet que est\u00e0 provocant la desesperaci\u00f3 dels vesins i vesines. Sant Rafel fa anys que&hellip;<\/p>\n","protected":false},"author":1,"featured_media":41742,"comment_status":"closed","ping_status":"closed","sticky":false,"template":"","format":"standard","meta":{"footnotes":""},"categories":[1,234,188],"tags":[],"class_list":["post-41735","post","type-post","status-publish","format-standard","has-post-thumbnail","hentry","category-federacio-de-eivissa-portada","category-municipis","category-sant-antoni-de-portmany"],"yoast_head":"<!-- This site is optimized with the Yoast SEO plugin v26.9 - https:\/\/yoast.com\/product\/yoast-seo-wordpress\/ -->\n<title>El PSOE denuncia l\u2019aband\u00f3 institucional del poble de Sant Rafel per part del Partit Popular: \u201cNi una circumval\u00b7laci\u00f3 consensuada, ni les inversions i millores promeses fa cinc anys\u201d - Federaci\u00f3 Socialista d&#039;Eivissa<\/title>\n<meta name=\"robots\" content=\"index, follow, max-snippet:-1, max-image-preview:large, max-video-preview:-1\" \/>\n<link rel=\"canonical\" href=\"https:\/\/www.psib-psoe.org\/eivissa\/el-psoe-denuncia-labando-institucional-del-poble-de-sant-rafel-per-part-del-partit-popular-ni-una-circumvallacio-consensuada-ni-les-inversions-i-millores-promeses-fa-cinc-anys\/\" \/>\n<meta property=\"og:locale\" content=\"ca_ES\" \/>\n<meta property=\"og:type\" content=\"article\" \/>\n<meta property=\"og:title\" content=\"El PSOE denuncia l\u2019aband\u00f3 institucional del poble de Sant Rafel per part del Partit Popular: \u201cNi una circumval\u00b7laci\u00f3 consensuada, ni les inversions i millores promeses fa cinc anys\u201d - Federaci\u00f3 Socialista d&#039;Eivissa\" \/>\n<meta property=\"og:description\" content=\"El Grup Socialista de Sant Antoni de Portmany vol denunciar p\u00fablicament la situaci\u00f3 d&#8217;aband\u00f3 institucional que pateix el poble de Sant Rafel a causa de la inacci\u00f3 i la deixadesa de l&#8217;equip de govern del Partit Popular de Marcos Serra, fet que est\u00e0 provocant la desesperaci\u00f3 dels vesins i vesines. Sant Rafel fa anys que&hellip;\" \/>\n<meta property=\"og:url\" content=\"https:\/\/www.psib-psoe.org\/eivissa\/el-psoe-denuncia-labando-institucional-del-poble-de-sant-rafel-per-part-del-partit-popular-ni-una-circumvallacio-consensuada-ni-les-inversions-i-millores-promeses-fa-cinc-anys\/\" \/>\n<meta property=\"og:site_name\" content=\"Federaci\u00f3 Socialista d&#039;Eivissa\" \/>\n<meta property=\"article:published_time\" content=\"2026-01-23T09:09:31+00:00\" \/>\n<meta property=\"og:image\" content=\"https:\/\/www.psib-psoe.org\/eivissa\/wp-content\/uploads\/SANT-RAFEL7.jpg\" \/>\n\t<meta property=\"og:image:width\" content=\"1600\" \/>\n\t<meta property=\"og:image:height\" content=\"1204\" \/>\n\t<meta property=\"og:image:type\" content=\"image\/jpeg\" \/>\n<meta name=\"author\" content=\"adminpsib\" \/>\n<meta name=\"twitter:card\" content=\"summary_large_image\" \/>\n<meta name=\"twitter:label1\" content=\"Escrit per\" \/>\n\t<meta name=\"twitter:data1\" content=\"adminpsib\" \/>\n\t<meta name=\"twitter:label2\" content=\"Temps estimat de lectura\" \/>\n\t<meta name=\"twitter:data2\" content=\"3 minuts\" \/>\n<script type=\"application\/ld+json\" class=\"yoast-schema-graph\">{\"@context\":\"https:\/\/schema.org\",\"@graph\":[{\"@type\":[\"Article\",\"BlogPosting\"],\"@id\":\"https:\/\/www.psib-psoe.org\/eivissa\/el-psoe-denuncia-labando-institucional-del-poble-de-sant-rafel-per-part-del-partit-popular-ni-una-circumvallacio-consensuada-ni-les-inversions-i-millores-promeses-fa-cinc-anys\/#article\",\"isPartOf\":{\"@id\":\"https:\/\/www.psib-psoe.org\/eivissa\/el-psoe-denuncia-labando-institucional-del-poble-de-sant-rafel-per-part-del-partit-popular-ni-una-circumvallacio-consensuada-ni-les-inversions-i-millores-promeses-fa-cinc-anys\/\"},\"author\":{\"name\":\"adminpsib\",\"@id\":\"https:\/\/www.psib-psoe.org\/eivissa\/#\/schema\/person\/099ab3ef73a3645a1d7f303518e6ce24\"},\"headline\":\"El PSOE denuncia l\u2019aband\u00f3 institucional del poble de Sant Rafel per part del Partit Popular: \u201cNi una circumval\u00b7laci\u00f3 consensuada, ni les inversions i millores promeses fa cinc anys\u201d\",\"datePublished\":\"2026-01-23T09:09:31+00:00\",\"mainEntityOfPage\":{\"@id\":\"https:\/\/www.psib-psoe.org\/eivissa\/el-psoe-denuncia-labando-institucional-del-poble-de-sant-rafel-per-part-del-partit-popular-ni-una-circumvallacio-consensuada-ni-les-inversions-i-millores-promeses-fa-cinc-anys\/\"},\"wordCount\":716,\"publisher\":{\"@id\":\"https:\/\/www.psib-psoe.org\/eivissa\/#organization\"},\"image\":{\"@id\":\"https:\/\/www.psib-psoe.org\/eivissa\/el-psoe-denuncia-labando-institucional-del-poble-de-sant-rafel-per-part-del-partit-popular-ni-una-circumvallacio-consensuada-ni-les-inversions-i-millores-promeses-fa-cinc-anys\/#primaryimage\"},\"thumbnailUrl\":\"https:\/\/www.psib-psoe.org\/eivissa\/wp-content\/uploads\/SANT-RAFEL7.jpg\",\"articleSection\":[\"Federaci\u00f3 d'Eivissa - Portada\",\"Municipis\",\"Sant Antoni de Portmany\"],\"inLanguage\":\"ca\"},{\"@type\":\"WebPage\",\"@id\":\"https:\/\/www.psib-psoe.org\/eivissa\/el-psoe-denuncia-labando-institucional-del-poble-de-sant-rafel-per-part-del-partit-popular-ni-una-circumvallacio-consensuada-ni-les-inversions-i-millores-promeses-fa-cinc-anys\/\",\"url\":\"https:\/\/www.psib-psoe.org\/eivissa\/el-psoe-denuncia-labando-institucional-del-poble-de-sant-rafel-per-part-del-partit-popular-ni-una-circumvallacio-consensuada-ni-les-inversions-i-millores-promeses-fa-cinc-anys\/\",\"name\":\"El PSOE denuncia l\u2019aband\u00f3 institucional del poble de Sant Rafel per part del Partit Popular: \u201cNi una circumval\u00b7laci\u00f3 consensuada, ni les inversions i millores promeses fa cinc anys\u201d - Federaci\u00f3 Socialista d&#039;Eivissa\",\"isPartOf\":{\"@id\":\"https:\/\/www.psib-psoe.org\/eivissa\/#website\"},\"primaryImageOfPage\":{\"@id\":\"https:\/\/www.psib-psoe.org\/eivissa\/el-psoe-denuncia-labando-institucional-del-poble-de-sant-rafel-per-part-del-partit-popular-ni-una-circumvallacio-consensuada-ni-les-inversions-i-millores-promeses-fa-cinc-anys\/#primaryimage\"},\"image\":{\"@id\":\"https:\/\/www.psib-psoe.org\/eivissa\/el-psoe-denuncia-labando-institucional-del-poble-de-sant-rafel-per-part-del-partit-popular-ni-una-circumvallacio-consensuada-ni-les-inversions-i-millores-promeses-fa-cinc-anys\/#primaryimage\"},\"thumbnailUrl\":\"https:\/\/www.psib-psoe.org\/eivissa\/wp-content\/uploads\/SANT-RAFEL7.jpg\",\"datePublished\":\"2026-01-23T09:09:31+00:00\",\"breadcrumb\":{\"@id\":\"https:\/\/www.psib-psoe.org\/eivissa\/el-psoe-denuncia-labando-institucional-del-poble-de-sant-rafel-per-part-del-partit-popular-ni-una-circumvallacio-consensuada-ni-les-inversions-i-millores-promeses-fa-cinc-anys\/#breadcrumb\"},\"inLanguage\":\"ca\",\"potentialAction\":[{\"@type\":\"ReadAction\",\"target\":[\"https:\/\/www.psib-psoe.org\/eivissa\/el-psoe-denuncia-labando-institucional-del-poble-de-sant-rafel-per-part-del-partit-popular-ni-una-circumvallacio-consensuada-ni-les-inversions-i-millores-promeses-fa-cinc-anys\/\"]}]},{\"@type\":\"ImageObject\",\"inLanguage\":\"ca\",\"@id\":\"https:\/\/www.psib-psoe.org\/eivissa\/el-psoe-denuncia-labando-institucional-del-poble-de-sant-rafel-per-part-del-partit-popular-ni-una-circumvallacio-consensuada-ni-les-inversions-i-millores-promeses-fa-cinc-anys\/#primaryimage\",\"url\":\"https:\/\/www.psib-psoe.org\/eivissa\/wp-content\/uploads\/SANT-RAFEL7.jpg\",\"contentUrl\":\"https:\/\/www.psib-psoe.org\/eivissa\/wp-content\/uploads\/SANT-RAFEL7.jpg\",\"width\":1600,\"height\":1204},{\"@type\":\"BreadcrumbList\",\"@id\":\"https:\/\/www.psib-psoe.org\/eivissa\/el-psoe-denuncia-labando-institucional-del-poble-de-sant-rafel-per-part-del-partit-popular-ni-una-circumvallacio-consensuada-ni-les-inversions-i-millores-promeses-fa-cinc-anys\/#breadcrumb\",\"itemListElement\":[{\"@type\":\"ListItem\",\"position\":1,\"name\":\"Inici\",\"item\":\"https:\/\/www.psib-psoe.org\/eivissa\/\"},{\"@type\":\"ListItem\",\"position\":2,\"name\":\"El PSOE denuncia l\u2019aband\u00f3 institucional del poble de Sant Rafel per part del Partit Popular: \u201cNi una circumval\u00b7laci\u00f3 consensuada, ni les inversions i millores promeses fa cinc anys\u201d\"}]},{\"@type\":\"WebSite\",\"@id\":\"https:\/\/www.psib-psoe.org\/eivissa\/#website\",\"url\":\"https:\/\/www.psib-psoe.org\/eivissa\/\",\"name\":\"Federaci\u00f3 Socialista d'Eivissa\",\"description\":\"Socialistes d&#039;Eivissa\",\"publisher\":{\"@id\":\"https:\/\/www.psib-psoe.org\/eivissa\/#organization\"},\"potentialAction\":[{\"@type\":\"SearchAction\",\"target\":{\"@type\":\"EntryPoint\",\"urlTemplate\":\"https:\/\/www.psib-psoe.org\/eivissa\/?s={search_term_string}\"},\"query-input\":{\"@type\":\"PropertyValueSpecification\",\"valueRequired\":true,\"valueName\":\"search_term_string\"}}],\"inLanguage\":\"ca\"},{\"@type\":\"Organization\",\"@id\":\"https:\/\/www.psib-psoe.org\/eivissa\/#organization\",\"name\":\"Federaci\u00f3 Socialista d'Eivissa\",\"url\":\"https:\/\/www.psib-psoe.org\/eivissa\/\",\"logo\":{\"@type\":\"ImageObject\",\"inLanguage\":\"ca\",\"@id\":\"https:\/\/www.psib-psoe.org\/eivissa\/#\/schema\/logo\/image\/\",\"url\":\"https:\/\/www.psib-psoe.org\/eivissa\/wp-content\/uploads\/LOGO-FSE-SOCIALISTA-DEIVISSA-HORI.png\",\"contentUrl\":\"https:\/\/www.psib-psoe.org\/eivissa\/wp-content\/uploads\/LOGO-FSE-SOCIALISTA-DEIVISSA-HORI.png\",\"width\":6000,\"height\":3104,\"caption\":\"Federaci\u00f3 Socialista d'Eivissa\"},\"image\":{\"@id\":\"https:\/\/www.psib-psoe.org\/eivissa\/#\/schema\/logo\/image\/\"}},{\"@type\":\"Person\",\"@id\":\"https:\/\/www.psib-psoe.org\/eivissa\/#\/schema\/person\/099ab3ef73a3645a1d7f303518e6ce24\",\"name\":\"adminpsib\",\"url\":\"https:\/\/www.psib-psoe.org\/eivissa\/author\/adminpsib\/\"}]}<\/script>\n<!-- \/ Yoast SEO plugin. -->","yoast_head_json":{"title":"El PSOE denuncia l\u2019aband\u00f3 institucional del poble de Sant Rafel per part del Partit Popular: \u201cNi una circumval\u00b7laci\u00f3 consensuada, ni les inversions i millores promeses fa cinc anys\u201d - Federaci\u00f3 Socialista d&#039;Eivissa","robots":{"index":"index","follow":"follow","max-snippet":"max-snippet:-1","max-image-preview":"max-image-preview:large","max-video-preview":"max-video-preview:-1"},"canonical":"https:\/\/www.psib-psoe.org\/eivissa\/el-psoe-denuncia-labando-institucional-del-poble-de-sant-rafel-per-part-del-partit-popular-ni-una-circumvallacio-consensuada-ni-les-inversions-i-millores-promeses-fa-cinc-anys\/","og_locale":"ca_ES","og_type":"article","og_title":"El PSOE denuncia l\u2019aband\u00f3 institucional del poble de Sant Rafel per part del Partit Popular: \u201cNi una circumval\u00b7laci\u00f3 consensuada, ni les inversions i millores promeses fa cinc anys\u201d - Federaci\u00f3 Socialista d&#039;Eivissa","og_description":"El Grup Socialista de Sant Antoni de Portmany vol denunciar p\u00fablicament la situaci\u00f3 d&#8217;aband\u00f3 institucional que pateix el poble de Sant Rafel a causa de la inacci\u00f3 i la deixadesa de l&#8217;equip de govern del Partit Popular de Marcos Serra, fet que est\u00e0 provocant la desesperaci\u00f3 dels vesins i vesines. Sant Rafel fa anys que&hellip;","og_url":"https:\/\/www.psib-psoe.org\/eivissa\/el-psoe-denuncia-labando-institucional-del-poble-de-sant-rafel-per-part-del-partit-popular-ni-una-circumvallacio-consensuada-ni-les-inversions-i-millores-promeses-fa-cinc-anys\/","og_site_name":"Federaci\u00f3 Socialista d&#039;Eivissa","article_published_time":"2026-01-23T09:09:31+00:00","og_image":[{"width":1600,"height":1204,"url":"https:\/\/www.psib-psoe.org\/eivissa\/wp-content\/uploads\/SANT-RAFEL7.jpg","type":"image\/jpeg"}],"author":"adminpsib","twitter_card":"summary_large_image","twitter_misc":{"Escrit per":"adminpsib","Temps estimat de lectura":"3 minuts"},"schema":{"@context":"https:\/\/schema.org","@graph":[{"@type":["Article","BlogPosting"],"@id":"https:\/\/www.psib-psoe.org\/eivissa\/el-psoe-denuncia-labando-institucional-del-poble-de-sant-rafel-per-part-del-partit-popular-ni-una-circumvallacio-consensuada-ni-les-inversions-i-millores-promeses-fa-cinc-anys\/#article","isPartOf":{"@id":"https:\/\/www.psib-psoe.org\/eivissa\/el-psoe-denuncia-labando-institucional-del-poble-de-sant-rafel-per-part-del-partit-popular-ni-una-circumvallacio-consensuada-ni-les-inversions-i-millores-promeses-fa-cinc-anys\/"},"author":{"name":"adminpsib","@id":"https:\/\/www.psib-psoe.org\/eivissa\/#\/schema\/person\/099ab3ef73a3645a1d7f303518e6ce24"},"headline":"El PSOE denuncia l\u2019aband\u00f3 institucional del poble de Sant Rafel per part del Partit Popular: \u201cNi una circumval\u00b7laci\u00f3 consensuada, ni les inversions i millores promeses fa cinc anys\u201d","datePublished":"2026-01-23T09:09:31+00:00","mainEntityOfPage":{"@id":"https:\/\/www.psib-psoe.org\/eivissa\/el-psoe-denuncia-labando-institucional-del-poble-de-sant-rafel-per-part-del-partit-popular-ni-una-circumvallacio-consensuada-ni-les-inversions-i-millores-promeses-fa-cinc-anys\/"},"wordCount":716,"publisher":{"@id":"https:\/\/www.psib-psoe.org\/eivissa\/#organization"},"image":{"@id":"https:\/\/www.psib-psoe.org\/eivissa\/el-psoe-denuncia-labando-institucional-del-poble-de-sant-rafel-per-part-del-partit-popular-ni-una-circumvallacio-consensuada-ni-les-inversions-i-millores-promeses-fa-cinc-anys\/#primaryimage"},"thumbnailUrl":"https:\/\/www.psib-psoe.org\/eivissa\/wp-content\/uploads\/SANT-RAFEL7.jpg","articleSection":["Federaci\u00f3 d'Eivissa - Portada","Municipis","Sant Antoni de Portmany"],"inLanguage":"ca"},{"@type":"WebPage","@id":"https:\/\/www.psib-psoe.org\/eivissa\/el-psoe-denuncia-labando-institucional-del-poble-de-sant-rafel-per-part-del-partit-popular-ni-una-circumvallacio-consensuada-ni-les-inversions-i-millores-promeses-fa-cinc-anys\/","url":"https:\/\/www.psib-psoe.org\/eivissa\/el-psoe-denuncia-labando-institucional-del-poble-de-sant-rafel-per-part-del-partit-popular-ni-una-circumvallacio-consensuada-ni-les-inversions-i-millores-promeses-fa-cinc-anys\/","name":"El PSOE denuncia l\u2019aband\u00f3 institucional del poble de Sant Rafel per part del Partit Popular: \u201cNi una circumval\u00b7laci\u00f3 consensuada, ni les inversions i millores promeses fa cinc anys\u201d - Federaci\u00f3 Socialista d&#039;Eivissa","isPartOf":{"@id":"https:\/\/www.psib-psoe.org\/eivissa\/#website"},"primaryImageOfPage":{"@id":"https:\/\/www.psib-psoe.org\/eivissa\/el-psoe-denuncia-labando-institucional-del-poble-de-sant-rafel-per-part-del-partit-popular-ni-una-circumvallacio-consensuada-ni-les-inversions-i-millores-promeses-fa-cinc-anys\/#primaryimage"},"image":{"@id":"https:\/\/www.psib-psoe.org\/eivissa\/el-psoe-denuncia-labando-institucional-del-poble-de-sant-rafel-per-part-del-partit-popular-ni-una-circumvallacio-consensuada-ni-les-inversions-i-millores-promeses-fa-cinc-anys\/#primaryimage"},"thumbnailUrl":"https:\/\/www.psib-psoe.org\/eivissa\/wp-content\/uploads\/SANT-RAFEL7.jpg","datePublished":"2026-01-23T09:09:31+00:00","breadcrumb":{"@id":"https:\/\/www.psib-psoe.org\/eivissa\/el-psoe-denuncia-labando-institucional-del-poble-de-sant-rafel-per-part-del-partit-popular-ni-una-circumvallacio-consensuada-ni-les-inversions-i-millores-promeses-fa-cinc-anys\/#breadcrumb"},"inLanguage":"ca","potentialAction":[{"@type":"ReadAction","target":["https:\/\/www.psib-psoe.org\/eivissa\/el-psoe-denuncia-labando-institucional-del-poble-de-sant-rafel-per-part-del-partit-popular-ni-una-circumvallacio-consensuada-ni-les-inversions-i-millores-promeses-fa-cinc-anys\/"]}]},{"@type":"ImageObject","inLanguage":"ca","@id":"https:\/\/www.psib-psoe.org\/eivissa\/el-psoe-denuncia-labando-institucional-del-poble-de-sant-rafel-per-part-del-partit-popular-ni-una-circumvallacio-consensuada-ni-les-inversions-i-millores-promeses-fa-cinc-anys\/#primaryimage","url":"https:\/\/www.psib-psoe.org\/eivissa\/wp-content\/uploads\/SANT-RAFEL7.jpg","contentUrl":"https:\/\/www.psib-psoe.org\/eivissa\/wp-content\/uploads\/SANT-RAFEL7.jpg","width":1600,"height":1204},{"@type":"BreadcrumbList","@id":"https:\/\/www.psib-psoe.org\/eivissa\/el-psoe-denuncia-labando-institucional-del-poble-de-sant-rafel-per-part-del-partit-popular-ni-una-circumvallacio-consensuada-ni-les-inversions-i-millores-promeses-fa-cinc-anys\/#breadcrumb","itemListElement":[{"@type":"ListItem","position":1,"name":"Inici","item":"https:\/\/www.psib-psoe.org\/eivissa\/"},{"@type":"ListItem","position":2,"name":"El PSOE denuncia l\u2019aband\u00f3 institucional del poble de Sant Rafel per part del Partit Popular: \u201cNi una circumval\u00b7laci\u00f3 consensuada, ni les inversions i millores promeses fa cinc anys\u201d"}]},{"@type":"WebSite","@id":"https:\/\/www.psib-psoe.org\/eivissa\/#website","url":"https:\/\/www.psib-psoe.org\/eivissa\/","name":"Federaci\u00f3 Socialista d'Eivissa","description":"Socialistes d&#039;Eivissa","publisher":{"@id":"https:\/\/www.psib-psoe.org\/eivissa\/#organization"},"potentialAction":[{"@type":"SearchAction","target":{"@type":"EntryPoint","urlTemplate":"https:\/\/www.psib-psoe.org\/eivissa\/?s={search_term_string}"},"query-input":{"@type":"PropertyValueSpecification","valueRequired":true,"valueName":"search_term_string"}}],"inLanguage":"ca"},{"@type":"Organization","@id":"https:\/\/www.psib-psoe.org\/eivissa\/#organization","name":"Federaci\u00f3 Socialista d'Eivissa","url":"https:\/\/www.psib-psoe.org\/eivissa\/","logo":{"@type":"ImageObject","inLanguage":"ca","@id":"https:\/\/www.psib-psoe.org\/eivissa\/#\/schema\/logo\/image\/","url":"https:\/\/www.psib-psoe.org\/eivissa\/wp-content\/uploads\/LOGO-FSE-SOCIALISTA-DEIVISSA-HORI.png","contentUrl":"https:\/\/www.psib-psoe.org\/eivissa\/wp-content\/uploads\/LOGO-FSE-SOCIALISTA-DEIVISSA-HORI.png","width":6000,"height":3104,"caption":"Federaci\u00f3 Socialista d'Eivissa"},"image":{"@id":"https:\/\/www.psib-psoe.org\/eivissa\/#\/schema\/logo\/image\/"}},{"@type":"Person","@id":"https:\/\/www.psib-psoe.org\/eivissa\/#\/schema\/person\/099ab3ef73a3645a1d7f303518e6ce24","name":"adminpsib","url":"https:\/\/www.psib-psoe.org\/eivissa\/author\/adminpsib\/"}]}},"_links":{"self":[{"href":"https:\/\/www.psib-psoe.org\/eivissa\/wp-json\/wp\/v2\/posts\/41735","targetHints":{"allow":["GET"]}}],"collection":[{"href":"https:\/\/www.psib-psoe.org\/eivissa\/wp-json\/wp\/v2\/posts"}],"about":[{"href":"https:\/\/www.psib-psoe.org\/eivissa\/wp-json\/wp\/v2\/types\/post"}],"author":[{"embeddable":true,"href":"https:\/\/www.psib-psoe.org\/eivissa\/wp-json\/wp\/v2\/users\/1"}],"replies":[{"embeddable":true,"href":"https:\/\/www.psib-psoe.org\/eivissa\/wp-json\/wp\/v2\/comments?post=41735"}],"version-history":[{"count":1,"href":"https:\/\/www.psib-psoe.org\/eivissa\/wp-json\/wp\/v2\/posts\/41735\/revisions"}],"predecessor-version":[{"id":41743,"href":"https:\/\/www.psib-psoe.org\/eivissa\/wp-json\/wp\/v2\/posts\/41735\/revisions\/41743"}],"wp:featuredmedia":[{"embeddable":true,"href":"https:\/\/www.psib-psoe.org\/eivissa\/wp-json\/wp\/v2\/media\/41742"}],"wp:attachment":[{"href":"https:\/\/www.psib-psoe.org\/eivissa\/wp-json\/wp\/v2\/media?parent=41735"}],"wp:term":[{"taxonomy":"category","embeddable":true,"href":"https:\/\/www.psib-psoe.org\/eivissa\/wp-json\/wp\/v2\/categories?post=41735"},{"taxonomy":"post_tag","embeddable":true,"href":"https:\/\/www.psib-psoe.org\/eivissa\/wp-json\/wp\/v2\/tags?post=41735"}],"curies":[{"name":"wp","href":"https:\/\/api.w.org\/{rel}","templated":true}]}}