{"id":41749,"date":"2026-01-26T12:34:35","date_gmt":"2026-01-26T10:34:35","guid":{"rendered":"https:\/\/www.psib-psoe.org\/eivissa\/?p=41749"},"modified":"2026-01-26T12:34:35","modified_gmt":"2026-01-26T10:34:35","slug":"el-psoe-de-sant-joan-reclama-mesures-urgents-de-seguretat-viaria-a-les-carreteres-turistiques-del-municipi","status":"publish","type":"post","link":"https:\/\/www.psib-psoe.org\/eivissa\/el-psoe-de-sant-joan-reclama-mesures-urgents-de-seguretat-viaria-a-les-carreteres-turistiques-del-municipi\/","title":{"rendered":"El PSOE de Sant Joan reclama mesures urgents de seguretat vi\u00e0ria a les carreteres tur\u00edstiques del municipi"},"content":{"rendered":"<p>El Grup Municipal Socialista de l\u2019Ajuntament de Sant Joan de Labritja ha presentat una moci\u00f3 per reclamar la instal\u00b7laci\u00f3 de barreres de protecci\u00f3 a la carretera del Cam\u00ed Vell de Portinatx i a la via que connecta Benirr\u00e0s amb el Port de Sant Miquel, davant el risc evident d\u2019accidents greus en el cas de sortida de via.<\/p>\n<p>Segons ha denunciat el portaveu socialista, Pep Torres \u2018Peret\u2019, es tracta de carreteres amb desnivells molt pronunciats que, el dia d&#8217;avui, no disposen de sistemes de contenci\u00f3 adequats, tot i ser vies amb una elevada intensitat de tr\u00e0nsit, especialment durant la temporada tur\u00edstica. \u201cS\u00f3n carreteres molt freq\u00fcentades tant per residents com per visitants, aix\u00ed com pel tren tur\u00edstic, i qualsevol sortida de la cal\u00e7ada pot tenir conseq\u00fc\u00e8ncies molt greus a causa dels grans desnivells existents\u201d, ha advertit el portaveu.<\/p>\n<p>El PSOE considera especialment preocupant el risc que podria suposar un accident del tren tur\u00edstic, que en determinats punts podria precipitar-se pels pendents amb conseq\u00fc\u00e8ncies potencialment desastroses. A aquest fet s\u2019hi suma l\u2019aflu\u00e8ncia constant de vehicles de lloguer, motocicletes i ciclistes, atrets per les vistes panor\u00e0miques de la zona, cosa que incrementa la vulnerabilitat d\u2019aquests trams i fa encara m\u00e9s necessari adoptar mesures preventives.<\/p>\n<p>El portaveu socialista recorda que la normativa vigent en mat\u00e8ria de seguretat vi\u00e0ria estableix la necessitat de disposar de barreres de protecci\u00f3 homologades en carreteres amb desnivells significatius, precisament per reduir la gravetat dels accidents i protegir tant els ocupants dels vehicles com la resta d\u2019usuaris de la via. En aquest sentit, reclama que l\u2019Ajuntament actu\u00ef amb criteris t\u00e8cnics i de prevenci\u00f3, i no nom\u00e9s de manera reactiva despr\u00e9s que es produeixi un sinistre greu.<\/p>\n<p>La proposta d\u2019acord, que es debatr\u00e0 al pr\u00f2xim ple municipal, insta l\u2019Ajuntament de Sant Joan de Labritja a instal\u00b7lar de manera priorit\u00e0ria aquestes vallades de seguretat homologades a les dos carreteres, aix\u00ed com a incloure aquestes actuacions dins els plans municipals de millora de la seguretat vi\u00e0ria, amb la dotaci\u00f3 pressupost\u00e0ria corresponent.<\/p>\n<p>\u2018Peret\u2019 ha subratllat que la seguretat de residents i visitants ha de ser una \u201cprioritat absoluta\u201d per a l\u2019Ajuntament, especialment en un municipi amb unes carreteres amb una gran aflu\u00e8ncia tur\u00edstica. Per aquest motiu, ha reclamat una actuaci\u00f3 immediata que eviti accidents que podrien ser perfectament previsibles i prevenibles amb una m\u00ednima inversi\u00f3 en infraestructures de seguretat.<\/p>\n","protected":false},"excerpt":{"rendered":"<p>El Grup Municipal Socialista de l\u2019Ajuntament de Sant Joan de Labritja ha presentat una moci\u00f3 per reclamar la instal\u00b7laci\u00f3 de barreres de protecci\u00f3 a la carretera del Cam\u00ed Vell de Portinatx i a la via que connecta Benirr\u00e0s amb el Port de Sant Miquel, davant el risc evident d\u2019accidents greus en el cas de sortida&hellip;<\/p>\n","protected":false},"author":1,"featured_media":41750,"comment_status":"closed","ping_status":"closed","sticky":false,"template":"","format":"standard","meta":{"footnotes":""},"categories":[1,234,189],"tags":[],"class_list":["post-41749","post","type-post","status-publish","format-standard","has-post-thumbnail","hentry","category-federacio-de-eivissa-portada","category-municipis","category-sant-joan-de-labritja"],"yoast_head":"<!-- This site is optimized with the Yoast SEO plugin v26.9 - https:\/\/yoast.com\/product\/yoast-seo-wordpress\/ -->\n<title>El PSOE de Sant Joan reclama mesures urgents de seguretat vi\u00e0ria a les carreteres tur\u00edstiques del municipi - Federaci\u00f3 Socialista d&#039;Eivissa<\/title>\n<meta name=\"robots\" content=\"index, follow, max-snippet:-1, max-image-preview:large, max-video-preview:-1\" \/>\n<link rel=\"canonical\" href=\"https:\/\/www.psib-psoe.org\/eivissa\/el-psoe-de-sant-joan-reclama-mesures-urgents-de-seguretat-viaria-a-les-carreteres-turistiques-del-municipi\/\" \/>\n<meta property=\"og:locale\" content=\"ca_ES\" \/>\n<meta property=\"og:type\" content=\"article\" \/>\n<meta property=\"og:title\" content=\"El PSOE de Sant Joan reclama mesures urgents de seguretat vi\u00e0ria a les carreteres tur\u00edstiques del municipi - Federaci\u00f3 Socialista d&#039;Eivissa\" \/>\n<meta property=\"og:description\" content=\"El Grup Municipal Socialista de l\u2019Ajuntament de Sant Joan de Labritja ha presentat una moci\u00f3 per reclamar la instal\u00b7laci\u00f3 de barreres de protecci\u00f3 a la carretera del Cam\u00ed Vell de Portinatx i a la via que connecta Benirr\u00e0s amb el Port de Sant Miquel, davant el risc evident d\u2019accidents greus en el cas de sortida&hellip;\" \/>\n<meta property=\"og:url\" content=\"https:\/\/www.psib-psoe.org\/eivissa\/el-psoe-de-sant-joan-reclama-mesures-urgents-de-seguretat-viaria-a-les-carreteres-turistiques-del-municipi\/\" \/>\n<meta property=\"og:site_name\" content=\"Federaci\u00f3 Socialista d&#039;Eivissa\" \/>\n<meta property=\"article:published_time\" content=\"2026-01-26T10:34:35+00:00\" \/>\n<meta property=\"og:image\" content=\"https:\/\/www.psib-psoe.org\/eivissa\/wp-content\/uploads\/cami-vell-portinatx.png\" \/>\n\t<meta property=\"og:image:width\" content=\"700\" \/>\n\t<meta property=\"og:image:height\" content=\"403\" \/>\n\t<meta property=\"og:image:type\" content=\"image\/png\" \/>\n<meta name=\"author\" content=\"adminpsib\" \/>\n<meta name=\"twitter:card\" content=\"summary_large_image\" \/>\n<meta name=\"twitter:label1\" content=\"Escrit per\" \/>\n\t<meta name=\"twitter:data1\" content=\"adminpsib\" \/>\n\t<meta name=\"twitter:label2\" content=\"Temps estimat de lectura\" \/>\n\t<meta name=\"twitter:data2\" content=\"2 minuts\" \/>\n<script type=\"application\/ld+json\" class=\"yoast-schema-graph\">{\"@context\":\"https:\/\/schema.org\",\"@graph\":[{\"@type\":[\"Article\",\"BlogPosting\"],\"@id\":\"https:\/\/www.psib-psoe.org\/eivissa\/el-psoe-de-sant-joan-reclama-mesures-urgents-de-seguretat-viaria-a-les-carreteres-turistiques-del-municipi\/#article\",\"isPartOf\":{\"@id\":\"https:\/\/www.psib-psoe.org\/eivissa\/el-psoe-de-sant-joan-reclama-mesures-urgents-de-seguretat-viaria-a-les-carreteres-turistiques-del-municipi\/\"},\"author\":{\"name\":\"adminpsib\",\"@id\":\"https:\/\/www.psib-psoe.org\/eivissa\/#\/schema\/person\/099ab3ef73a3645a1d7f303518e6ce24\"},\"headline\":\"El PSOE de Sant Joan reclama mesures urgents de seguretat vi\u00e0ria a les carreteres tur\u00edstiques del municipi\",\"datePublished\":\"2026-01-26T10:34:35+00:00\",\"mainEntityOfPage\":{\"@id\":\"https:\/\/www.psib-psoe.org\/eivissa\/el-psoe-de-sant-joan-reclama-mesures-urgents-de-seguretat-viaria-a-les-carreteres-turistiques-del-municipi\/\"},\"wordCount\":440,\"publisher\":{\"@id\":\"https:\/\/www.psib-psoe.org\/eivissa\/#organization\"},\"image\":{\"@id\":\"https:\/\/www.psib-psoe.org\/eivissa\/el-psoe-de-sant-joan-reclama-mesures-urgents-de-seguretat-viaria-a-les-carreteres-turistiques-del-municipi\/#primaryimage\"},\"thumbnailUrl\":\"https:\/\/www.psib-psoe.org\/eivissa\/wp-content\/uploads\/cami-vell-portinatx.png\",\"articleSection\":[\"Federaci\u00f3 d'Eivissa - Portada\",\"Municipis\",\"Sant Joan de Labritja\"],\"inLanguage\":\"ca\"},{\"@type\":\"WebPage\",\"@id\":\"https:\/\/www.psib-psoe.org\/eivissa\/el-psoe-de-sant-joan-reclama-mesures-urgents-de-seguretat-viaria-a-les-carreteres-turistiques-del-municipi\/\",\"url\":\"https:\/\/www.psib-psoe.org\/eivissa\/el-psoe-de-sant-joan-reclama-mesures-urgents-de-seguretat-viaria-a-les-carreteres-turistiques-del-municipi\/\",\"name\":\"El PSOE de Sant Joan reclama mesures urgents de seguretat vi\u00e0ria a les carreteres tur\u00edstiques del municipi - Federaci\u00f3 Socialista d&#039;Eivissa\",\"isPartOf\":{\"@id\":\"https:\/\/www.psib-psoe.org\/eivissa\/#website\"},\"primaryImageOfPage\":{\"@id\":\"https:\/\/www.psib-psoe.org\/eivissa\/el-psoe-de-sant-joan-reclama-mesures-urgents-de-seguretat-viaria-a-les-carreteres-turistiques-del-municipi\/#primaryimage\"},\"image\":{\"@id\":\"https:\/\/www.psib-psoe.org\/eivissa\/el-psoe-de-sant-joan-reclama-mesures-urgents-de-seguretat-viaria-a-les-carreteres-turistiques-del-municipi\/#primaryimage\"},\"thumbnailUrl\":\"https:\/\/www.psib-psoe.org\/eivissa\/wp-content\/uploads\/cami-vell-portinatx.png\",\"datePublished\":\"2026-01-26T10:34:35+00:00\",\"breadcrumb\":{\"@id\":\"https:\/\/www.psib-psoe.org\/eivissa\/el-psoe-de-sant-joan-reclama-mesures-urgents-de-seguretat-viaria-a-les-carreteres-turistiques-del-municipi\/#breadcrumb\"},\"inLanguage\":\"ca\",\"potentialAction\":[{\"@type\":\"ReadAction\",\"target\":[\"https:\/\/www.psib-psoe.org\/eivissa\/el-psoe-de-sant-joan-reclama-mesures-urgents-de-seguretat-viaria-a-les-carreteres-turistiques-del-municipi\/\"]}]},{\"@type\":\"ImageObject\",\"inLanguage\":\"ca\",\"@id\":\"https:\/\/www.psib-psoe.org\/eivissa\/el-psoe-de-sant-joan-reclama-mesures-urgents-de-seguretat-viaria-a-les-carreteres-turistiques-del-municipi\/#primaryimage\",\"url\":\"https:\/\/www.psib-psoe.org\/eivissa\/wp-content\/uploads\/cami-vell-portinatx.png\",\"contentUrl\":\"https:\/\/www.psib-psoe.org\/eivissa\/wp-content\/uploads\/cami-vell-portinatx.png\",\"width\":700,\"height\":403},{\"@type\":\"BreadcrumbList\",\"@id\":\"https:\/\/www.psib-psoe.org\/eivissa\/el-psoe-de-sant-joan-reclama-mesures-urgents-de-seguretat-viaria-a-les-carreteres-turistiques-del-municipi\/#breadcrumb\",\"itemListElement\":[{\"@type\":\"ListItem\",\"position\":1,\"name\":\"Inici\",\"item\":\"https:\/\/www.psib-psoe.org\/eivissa\/\"},{\"@type\":\"ListItem\",\"position\":2,\"name\":\"El PSOE de Sant Joan reclama mesures urgents de seguretat vi\u00e0ria a les carreteres tur\u00edstiques del municipi\"}]},{\"@type\":\"WebSite\",\"@id\":\"https:\/\/www.psib-psoe.org\/eivissa\/#website\",\"url\":\"https:\/\/www.psib-psoe.org\/eivissa\/\",\"name\":\"Federaci\u00f3 Socialista d'Eivissa\",\"description\":\"Socialistes d&#039;Eivissa\",\"publisher\":{\"@id\":\"https:\/\/www.psib-psoe.org\/eivissa\/#organization\"},\"potentialAction\":[{\"@type\":\"SearchAction\",\"target\":{\"@type\":\"EntryPoint\",\"urlTemplate\":\"https:\/\/www.psib-psoe.org\/eivissa\/?s={search_term_string}\"},\"query-input\":{\"@type\":\"PropertyValueSpecification\",\"valueRequired\":true,\"valueName\":\"search_term_string\"}}],\"inLanguage\":\"ca\"},{\"@type\":\"Organization\",\"@id\":\"https:\/\/www.psib-psoe.org\/eivissa\/#organization\",\"name\":\"Federaci\u00f3 Socialista d'Eivissa\",\"url\":\"https:\/\/www.psib-psoe.org\/eivissa\/\",\"logo\":{\"@type\":\"ImageObject\",\"inLanguage\":\"ca\",\"@id\":\"https:\/\/www.psib-psoe.org\/eivissa\/#\/schema\/logo\/image\/\",\"url\":\"https:\/\/www.psib-psoe.org\/eivissa\/wp-content\/uploads\/LOGO-FSE-SOCIALISTA-DEIVISSA-HORI.png\",\"contentUrl\":\"https:\/\/www.psib-psoe.org\/eivissa\/wp-content\/uploads\/LOGO-FSE-SOCIALISTA-DEIVISSA-HORI.png\",\"width\":6000,\"height\":3104,\"caption\":\"Federaci\u00f3 Socialista d'Eivissa\"},\"image\":{\"@id\":\"https:\/\/www.psib-psoe.org\/eivissa\/#\/schema\/logo\/image\/\"}},{\"@type\":\"Person\",\"@id\":\"https:\/\/www.psib-psoe.org\/eivissa\/#\/schema\/person\/099ab3ef73a3645a1d7f303518e6ce24\",\"name\":\"adminpsib\",\"url\":\"https:\/\/www.psib-psoe.org\/eivissa\/author\/adminpsib\/\"}]}<\/script>\n<!-- \/ Yoast SEO plugin. -->","yoast_head_json":{"title":"El PSOE de Sant Joan reclama mesures urgents de seguretat vi\u00e0ria a les carreteres tur\u00edstiques del municipi - Federaci\u00f3 Socialista d&#039;Eivissa","robots":{"index":"index","follow":"follow","max-snippet":"max-snippet:-1","max-image-preview":"max-image-preview:large","max-video-preview":"max-video-preview:-1"},"canonical":"https:\/\/www.psib-psoe.org\/eivissa\/el-psoe-de-sant-joan-reclama-mesures-urgents-de-seguretat-viaria-a-les-carreteres-turistiques-del-municipi\/","og_locale":"ca_ES","og_type":"article","og_title":"El PSOE de Sant Joan reclama mesures urgents de seguretat vi\u00e0ria a les carreteres tur\u00edstiques del municipi - Federaci\u00f3 Socialista d&#039;Eivissa","og_description":"El Grup Municipal Socialista de l\u2019Ajuntament de Sant Joan de Labritja ha presentat una moci\u00f3 per reclamar la instal\u00b7laci\u00f3 de barreres de protecci\u00f3 a la carretera del Cam\u00ed Vell de Portinatx i a la via que connecta Benirr\u00e0s amb el Port de Sant Miquel, davant el risc evident d\u2019accidents greus en el cas de sortida&hellip;","og_url":"https:\/\/www.psib-psoe.org\/eivissa\/el-psoe-de-sant-joan-reclama-mesures-urgents-de-seguretat-viaria-a-les-carreteres-turistiques-del-municipi\/","og_site_name":"Federaci\u00f3 Socialista d&#039;Eivissa","article_published_time":"2026-01-26T10:34:35+00:00","og_image":[{"width":700,"height":403,"url":"https:\/\/www.psib-psoe.org\/eivissa\/wp-content\/uploads\/cami-vell-portinatx.png","type":"image\/png"}],"author":"adminpsib","twitter_card":"summary_large_image","twitter_misc":{"Escrit per":"adminpsib","Temps estimat de lectura":"2 minuts"},"schema":{"@context":"https:\/\/schema.org","@graph":[{"@type":["Article","BlogPosting"],"@id":"https:\/\/www.psib-psoe.org\/eivissa\/el-psoe-de-sant-joan-reclama-mesures-urgents-de-seguretat-viaria-a-les-carreteres-turistiques-del-municipi\/#article","isPartOf":{"@id":"https:\/\/www.psib-psoe.org\/eivissa\/el-psoe-de-sant-joan-reclama-mesures-urgents-de-seguretat-viaria-a-les-carreteres-turistiques-del-municipi\/"},"author":{"name":"adminpsib","@id":"https:\/\/www.psib-psoe.org\/eivissa\/#\/schema\/person\/099ab3ef73a3645a1d7f303518e6ce24"},"headline":"El PSOE de Sant Joan reclama mesures urgents de seguretat vi\u00e0ria a les carreteres tur\u00edstiques del municipi","datePublished":"2026-01-26T10:34:35+00:00","mainEntityOfPage":{"@id":"https:\/\/www.psib-psoe.org\/eivissa\/el-psoe-de-sant-joan-reclama-mesures-urgents-de-seguretat-viaria-a-les-carreteres-turistiques-del-municipi\/"},"wordCount":440,"publisher":{"@id":"https:\/\/www.psib-psoe.org\/eivissa\/#organization"},"image":{"@id":"https:\/\/www.psib-psoe.org\/eivissa\/el-psoe-de-sant-joan-reclama-mesures-urgents-de-seguretat-viaria-a-les-carreteres-turistiques-del-municipi\/#primaryimage"},"thumbnailUrl":"https:\/\/www.psib-psoe.org\/eivissa\/wp-content\/uploads\/cami-vell-portinatx.png","articleSection":["Federaci\u00f3 d'Eivissa - Portada","Municipis","Sant Joan de Labritja"],"inLanguage":"ca"},{"@type":"WebPage","@id":"https:\/\/www.psib-psoe.org\/eivissa\/el-psoe-de-sant-joan-reclama-mesures-urgents-de-seguretat-viaria-a-les-carreteres-turistiques-del-municipi\/","url":"https:\/\/www.psib-psoe.org\/eivissa\/el-psoe-de-sant-joan-reclama-mesures-urgents-de-seguretat-viaria-a-les-carreteres-turistiques-del-municipi\/","name":"El PSOE de Sant Joan reclama mesures urgents de seguretat vi\u00e0ria a les carreteres tur\u00edstiques del municipi - Federaci\u00f3 Socialista d&#039;Eivissa","isPartOf":{"@id":"https:\/\/www.psib-psoe.org\/eivissa\/#website"},"primaryImageOfPage":{"@id":"https:\/\/www.psib-psoe.org\/eivissa\/el-psoe-de-sant-joan-reclama-mesures-urgents-de-seguretat-viaria-a-les-carreteres-turistiques-del-municipi\/#primaryimage"},"image":{"@id":"https:\/\/www.psib-psoe.org\/eivissa\/el-psoe-de-sant-joan-reclama-mesures-urgents-de-seguretat-viaria-a-les-carreteres-turistiques-del-municipi\/#primaryimage"},"thumbnailUrl":"https:\/\/www.psib-psoe.org\/eivissa\/wp-content\/uploads\/cami-vell-portinatx.png","datePublished":"2026-01-26T10:34:35+00:00","breadcrumb":{"@id":"https:\/\/www.psib-psoe.org\/eivissa\/el-psoe-de-sant-joan-reclama-mesures-urgents-de-seguretat-viaria-a-les-carreteres-turistiques-del-municipi\/#breadcrumb"},"inLanguage":"ca","potentialAction":[{"@type":"ReadAction","target":["https:\/\/www.psib-psoe.org\/eivissa\/el-psoe-de-sant-joan-reclama-mesures-urgents-de-seguretat-viaria-a-les-carreteres-turistiques-del-municipi\/"]}]},{"@type":"ImageObject","inLanguage":"ca","@id":"https:\/\/www.psib-psoe.org\/eivissa\/el-psoe-de-sant-joan-reclama-mesures-urgents-de-seguretat-viaria-a-les-carreteres-turistiques-del-municipi\/#primaryimage","url":"https:\/\/www.psib-psoe.org\/eivissa\/wp-content\/uploads\/cami-vell-portinatx.png","contentUrl":"https:\/\/www.psib-psoe.org\/eivissa\/wp-content\/uploads\/cami-vell-portinatx.png","width":700,"height":403},{"@type":"BreadcrumbList","@id":"https:\/\/www.psib-psoe.org\/eivissa\/el-psoe-de-sant-joan-reclama-mesures-urgents-de-seguretat-viaria-a-les-carreteres-turistiques-del-municipi\/#breadcrumb","itemListElement":[{"@type":"ListItem","position":1,"name":"Inici","item":"https:\/\/www.psib-psoe.org\/eivissa\/"},{"@type":"ListItem","position":2,"name":"El PSOE de Sant Joan reclama mesures urgents de seguretat vi\u00e0ria a les carreteres tur\u00edstiques del municipi"}]},{"@type":"WebSite","@id":"https:\/\/www.psib-psoe.org\/eivissa\/#website","url":"https:\/\/www.psib-psoe.org\/eivissa\/","name":"Federaci\u00f3 Socialista d'Eivissa","description":"Socialistes d&#039;Eivissa","publisher":{"@id":"https:\/\/www.psib-psoe.org\/eivissa\/#organization"},"potentialAction":[{"@type":"SearchAction","target":{"@type":"EntryPoint","urlTemplate":"https:\/\/www.psib-psoe.org\/eivissa\/?s={search_term_string}"},"query-input":{"@type":"PropertyValueSpecification","valueRequired":true,"valueName":"search_term_string"}}],"inLanguage":"ca"},{"@type":"Organization","@id":"https:\/\/www.psib-psoe.org\/eivissa\/#organization","name":"Federaci\u00f3 Socialista d'Eivissa","url":"https:\/\/www.psib-psoe.org\/eivissa\/","logo":{"@type":"ImageObject","inLanguage":"ca","@id":"https:\/\/www.psib-psoe.org\/eivissa\/#\/schema\/logo\/image\/","url":"https:\/\/www.psib-psoe.org\/eivissa\/wp-content\/uploads\/LOGO-FSE-SOCIALISTA-DEIVISSA-HORI.png","contentUrl":"https:\/\/www.psib-psoe.org\/eivissa\/wp-content\/uploads\/LOGO-FSE-SOCIALISTA-DEIVISSA-HORI.png","width":6000,"height":3104,"caption":"Federaci\u00f3 Socialista d'Eivissa"},"image":{"@id":"https:\/\/www.psib-psoe.org\/eivissa\/#\/schema\/logo\/image\/"}},{"@type":"Person","@id":"https:\/\/www.psib-psoe.org\/eivissa\/#\/schema\/person\/099ab3ef73a3645a1d7f303518e6ce24","name":"adminpsib","url":"https:\/\/www.psib-psoe.org\/eivissa\/author\/adminpsib\/"}]}},"_links":{"self":[{"href":"https:\/\/www.psib-psoe.org\/eivissa\/wp-json\/wp\/v2\/posts\/41749","targetHints":{"allow":["GET"]}}],"collection":[{"href":"https:\/\/www.psib-psoe.org\/eivissa\/wp-json\/wp\/v2\/posts"}],"about":[{"href":"https:\/\/www.psib-psoe.org\/eivissa\/wp-json\/wp\/v2\/types\/post"}],"author":[{"embeddable":true,"href":"https:\/\/www.psib-psoe.org\/eivissa\/wp-json\/wp\/v2\/users\/1"}],"replies":[{"embeddable":true,"href":"https:\/\/www.psib-psoe.org\/eivissa\/wp-json\/wp\/v2\/comments?post=41749"}],"version-history":[{"count":1,"href":"https:\/\/www.psib-psoe.org\/eivissa\/wp-json\/wp\/v2\/posts\/41749\/revisions"}],"predecessor-version":[{"id":41751,"href":"https:\/\/www.psib-psoe.org\/eivissa\/wp-json\/wp\/v2\/posts\/41749\/revisions\/41751"}],"wp:featuredmedia":[{"embeddable":true,"href":"https:\/\/www.psib-psoe.org\/eivissa\/wp-json\/wp\/v2\/media\/41750"}],"wp:attachment":[{"href":"https:\/\/www.psib-psoe.org\/eivissa\/wp-json\/wp\/v2\/media?parent=41749"}],"wp:term":[{"taxonomy":"category","embeddable":true,"href":"https:\/\/www.psib-psoe.org\/eivissa\/wp-json\/wp\/v2\/categories?post=41749"},{"taxonomy":"post_tag","embeddable":true,"href":"https:\/\/www.psib-psoe.org\/eivissa\/wp-json\/wp\/v2\/tags?post=41749"}],"curies":[{"name":"wp","href":"https:\/\/api.w.org\/{rel}","templated":true}]}}