{"id":41753,"date":"2026-01-27T12:29:02","date_gmt":"2026-01-27T10:29:02","guid":{"rendered":"https:\/\/www.psib-psoe.org\/eivissa\/?p=41753"},"modified":"2026-01-27T12:29:02","modified_gmt":"2026-01-27T10:29:02","slug":"elena-lopez-bonet-es-hora-de-prendre-mesures-valentes-el-psoe-proposa-limitar-la-construccio-a-eivissa-exclusivament-a-primer-habitatge-per-a-residents","status":"publish","type":"post","link":"https:\/\/www.psib-psoe.org\/eivissa\/elena-lopez-bonet-es-hora-de-prendre-mesures-valentes-el-psoe-proposa-limitar-la-construccio-a-eivissa-exclusivament-a-primer-habitatge-per-a-residents\/","title":{"rendered":"Elena L\u00f3pez Bonet: \u201c\u00c9s hora de prendre mesures valentes\u201d El PSOE proposa limitar la construcci\u00f3 a Eivissa exclusivament a primer habitatge per a residents"},"content":{"rendered":"<p>En el Ple del Consell, el grup socialista reclamar\u00e0 la revisi\u00f3 del finan\u00e7ament del transport p\u00fablic per corregir les \u201cdesigualtats\u201d entre illes.<br \/>\nEl PSOE ha anunciat avui la proposta de limitar la construcci\u00f3 a Eivissa exclusivament a primer habitatge per a residents. Una iniciativa que el Partit Socialista traslladar\u00e0 a totes les institucions de l\u2019illa, mesura que pot prendre el Consell Insular d\u2019Eivissa, d\u2019acord amb les seues compet\u00e8ncies en urbanisme i ordenaci\u00f3 del territori.<\/p>\n<p>Aix\u00ed ho ha anunciat la portaveu del Grup PSOE al Consell Insular d&#8217;Eivissa, Elena L\u00f3pez Bonet, acompanyada del conseller V\u00edctor Torres, en la roda de premsa de presentaci\u00f3 de les iniciatives que el Partit Socialista dur\u00e0 al ple de divendres. \u201c\u00c9s hora de mesures valentes\u201d per abordar el principal problema que pateix la ciutadania eivissenca: l&#8217;acc\u00e9s a l&#8217;habitatge.<\/p>\n<p>&#8220;Eivissa \u00e9s una illa amb el territori esgotat. No podem continuar creixent de forma il\u00b7limitada mentre els habitatges es destinen a especulaci\u00f3 o a lloguers tur\u00edstics il\u00b7legals. Hem de garantir que els nous habitatges que es construeixin vagin destinats a qui realment viu i treballa aqu\u00ed&#8221;, ha afirmat L\u00f3pez Bonet.<\/p>\n<p>Elena L\u00f3pez Bonet ha anunciat que el PSOE presentar\u00e0 &#8220;una moci\u00f3 valenta i clara&#8221; per instar l&#8217;Executiu del Consell Insular a prendre les mesures legals necess\u00e0ries per limitar la construcci\u00f3 d&#8217;habitatge a Eivissa exclusivament a l&#8217;\u00fas com a primer habitatge per part de la poblaci\u00f3 resident.<\/p>\n<p>La portaveu socialista ha recordat que el Consell t\u00e9 compet\u00e8ncies en ordenaci\u00f3 i gesti\u00f3 del territori i que &#8220;\u00e9s el moment d&#8217;utilitzar-les amb l&#8217;objectiu de servir l&#8217;inter\u00e8s general de la ciutadania d&#8217;Eivissa&#8221;. A m\u00e9s, ha avan\u00e7at que aquesta moci\u00f3 tamb\u00e9 es dur\u00e0 als plens municipals &#8220;per fer for\u00e7a entre tots, per demanar, per exigir, que es prenguin mesures&#8221;.<\/p>\n<p>&#8220;No estam parlant d&#8217;un problema que afecti nom\u00e9s alguns col\u00b7lectius. Parlam d&#8217;una crisi estructural que afecta treballadors, joves, fam\u00edlies i el futur mateix de la nostra illa&#8221;, ha declarat L\u00f3pez Bonet, que ha posat sobre la taula dades &#8220;devastadores&#8221; de la situaci\u00f3 social a Eivissa: 32.000 persones en situaci\u00f3 d&#8217;exclusi\u00f3 social (un 20,4% de la poblaci\u00f3), un 43,3% de la poblaci\u00f3 en situaci\u00f3 d&#8217;integraci\u00f3 prec\u00e0ria, com recull el recent informe Foessa, i els preus del s\u00f2l i del lloguer m\u00e9s elevats de tot l&#8217;Estat.<\/p>\n<p>Elena L\u00f3pez Bonet ha criticat durament la inacci\u00f3 del govern del PP en mat\u00e8ria d&#8217;habitatge: &#8220;Ja est\u00e0 b\u00e9 de propaganda. Ja est\u00e0 b\u00e9 de promeses buides en mat\u00e8ria d&#8217;habitatge. Ja est\u00e0 b\u00e9 de dir que es far\u00e0, per\u00f2 llav\u00f2 no es fa res. I ja est\u00e0 b\u00e9 de donar la culpa als altres quan aqu\u00ed hi ha un Partit, el PP, que governa totes les institucions amb compet\u00e8ncies plenes en habitatge i urbanisme&#8221;.<\/p>\n<p>La portaveu ha recordat que &#8220;tenim persones amb feina, amb salari, que no poden accedir a un habitatge digne. Tenim joves que no poden emancipar-se i que es veuen obligats a abandonar la seva pr\u00f2pia illa. I tenim treballadors vivint en assentaments perqu\u00e8 \u00e9s l&#8217;\u00fanica alternativa que troben. Aquesta no \u00e9s la normalitat que podem acceptar&#8221;.<\/p>\n<p><strong>\u201cVicent Mar\u00ed est\u00e0 de sortida&#8221;<\/strong><\/p>\n<p>L\u00f3pez Bonet tamb\u00e9 s&#8217;ha referit a Vicent Mar\u00ed, afirmant que &#8220;ja no podem esperar res&#8221; d&#8217;ell: &#8220;\u00c9s un president que est\u00e0 de sortida. El compte endarrere perqu\u00e8 dimiteixi o el facin dimitir ja est\u00e0 en marxa. Deixar\u00e0 una illa pitjor, amb moltes m\u00e9s desigualtats&#8221;.<\/p>\n<p>&#8220;T\u00e9 l&#8217;oportunitat d&#8217;anar-se&#8217;n, almenys, aprovant i posant en marxa aquesta proposta de limitar la construcci\u00f3 nom\u00e9s a usos de primer habitatge per a residents. Si no ho fa abans d&#8217;anar-se&#8217;n, us puc assegurar que ser\u00e0 la primera mesura que posarem en marxa els socialistes l&#8217;any que ve si la ciutadania ens dona la confian\u00e7a per fer un canvi en aquesta illa&#8221;.<\/p>\n<p>El Grup Socialista tamb\u00e9 presentar\u00e0 al ple deu preguntes orals dirigides a Vicent Mar\u00ed sobre la seva negativa a dimitir despr\u00e9s que l&#8217;Audi\u00e8ncia Provincial l&#8217;hagi enviat a judici per corrupci\u00f3 i coaccions a la interventora. Entre d&#8217;altres, el PSOE preguntar\u00e0 si respecta les resolucions judicials, si no considera que est\u00e0 violant el Codi \u00c8tic del Consell que ell mateix va signar, i si ha rebut el suport expl\u00edcit de Marga Prohens i Alberto N\u00fa\u00f1ez Feij\u00f3o per continuar en el c\u00e0rrec a pesar que ser\u00e0 processat per corrupci\u00f3 i coaccions a la interventora.<\/p>\n<p><strong>Millora del finan\u00e7ament del transport<\/strong><\/p>\n<p>El conseller V\u00edctor Torres presentar\u00e0 una moci\u00f3 per reclamar un finan\u00e7ament equitatiu en mat\u00e8ria de transport p\u00fablic, denunciant que el model actual de distribuci\u00f3 de compet\u00e8ncies i finan\u00e7ament dins la Comunitat Aut\u00f2noma &#8220;no \u00e9s homogeni i genera desigualtats entre illes&#8221;. <\/p>\n<p>La proposta insta a establir un mecanisme transparent per calcular els costos reals del transport p\u00fablic i a revisar a l&#8217;al\u00e7a el finan\u00e7ament per cobrir la insularitat, l&#8217;estacionalitat i la pressi\u00f3 tur\u00edstica d&#8217;Eivissa.<\/p>\n<p>V\u00edctor Torres ha explicat que \u201cper donar resposta a les necessitats de present i de futur del transport p\u00fablic a Eivissa, \u00e9s imprescindible corregir l\u2019actual desequilibri competencial i financer\u201d. \u201cMallorca concentra la gesti\u00f3 i el finan\u00e7ament del transport p\u00fablic directament per part del Govern balear, mentre Eivissa, Menorca i Formentera assumeixen compet\u00e8ncies sense recursos ajustats als costos reals\u201d, ha recordat.<\/p>\n<p>D\u2019altra banda, en el ple d\u2019aquest divendres, la consellera socialista A\u00edda Alcaraz defensar\u00e0 en el ple una moci\u00f3 de condemna de l&#8217;\u00fas de llenguatge misogin en el debat p\u00fablic, com va ser la recent utilitzaci\u00f3 del terme \u201ccharo\u201d per part d\u2019un articulista d\u2019Eivissa per referir-se a la portaveu del PSOE al Consell.<\/p>\n<p>La moci\u00f3 defensa que aquest tipus d&#8217;expressions constitueixen &#8220;una forma de viol\u00e8ncia simb\u00f2lica incompatible amb els valors democr\u00e0tics i d&#8217;igualtat&#8221;.<\/p>\n<p>Finalment, V\u00edctor Torres presentar\u00e0 una moci\u00f3 per demanar la instal\u00b7laci\u00f3 urgent d&#8217;un nou paviment de parquet i la millora de les infraestructures del pavell\u00f3 municipal de Can Guerxo, greument afectat per la DANA d&#8217;octubre. El PSOE sol\u00b7licita que el Consell Insular signi un conveni de col\u00b7laboraci\u00f3 amb l&#8217;Ajuntament de Sant Josep de sa Talaia, tal com es va fer amb Sant Antoni despr\u00e9s del cap de fibl\u00f3 de 2019.<\/p>\n","protected":false},"excerpt":{"rendered":"<p>En el Ple del Consell, el grup socialista reclamar\u00e0 la revisi\u00f3 del finan\u00e7ament del transport p\u00fablic per corregir les \u201cdesigualtats\u201d entre illes. El PSOE ha anunciat avui la proposta de limitar la construcci\u00f3 a Eivissa exclusivament a primer habitatge per a residents. Una iniciativa que el Partit Socialista traslladar\u00e0 a totes les institucions de l\u2019illa,&hellip;<\/p>\n","protected":false},"author":1,"featured_media":41754,"comment_status":"closed","ping_status":"closed","sticky":false,"template":"","format":"standard","meta":{"footnotes":""},"categories":[192,1,234],"tags":[],"class_list":["post-41753","post","type-post","status-publish","format-standard","has-post-thumbnail","hentry","category-consell-deivissa","category-federacio-de-eivissa-portada","category-municipis"],"yoast_head":"<!-- This site is optimized with the Yoast SEO plugin v26.9 - https:\/\/yoast.com\/product\/yoast-seo-wordpress\/ -->\n<title>Elena L\u00f3pez Bonet: \u201c\u00c9s hora de prendre mesures valentes\u201d El PSOE proposa limitar la construcci\u00f3 a Eivissa exclusivament a primer habitatge per a residents - Federaci\u00f3 Socialista d&#039;Eivissa<\/title>\n<meta name=\"robots\" content=\"index, follow, max-snippet:-1, max-image-preview:large, max-video-preview:-1\" \/>\n<link rel=\"canonical\" href=\"https:\/\/www.psib-psoe.org\/eivissa\/elena-lopez-bonet-es-hora-de-prendre-mesures-valentes-el-psoe-proposa-limitar-la-construccio-a-eivissa-exclusivament-a-primer-habitatge-per-a-residents\/\" \/>\n<meta property=\"og:locale\" content=\"ca_ES\" \/>\n<meta property=\"og:type\" content=\"article\" \/>\n<meta property=\"og:title\" content=\"Elena L\u00f3pez Bonet: \u201c\u00c9s hora de prendre mesures valentes\u201d El PSOE proposa limitar la construcci\u00f3 a Eivissa exclusivament a primer habitatge per a residents - Federaci\u00f3 Socialista d&#039;Eivissa\" \/>\n<meta property=\"og:description\" content=\"En el Ple del Consell, el grup socialista reclamar\u00e0 la revisi\u00f3 del finan\u00e7ament del transport p\u00fablic per corregir les \u201cdesigualtats\u201d entre illes. El PSOE ha anunciat avui la proposta de limitar la construcci\u00f3 a Eivissa exclusivament a primer habitatge per a residents. Una iniciativa que el Partit Socialista traslladar\u00e0 a totes les institucions de l\u2019illa,&hellip;\" \/>\n<meta property=\"og:url\" content=\"https:\/\/www.psib-psoe.org\/eivissa\/elena-lopez-bonet-es-hora-de-prendre-mesures-valentes-el-psoe-proposa-limitar-la-construccio-a-eivissa-exclusivament-a-primer-habitatge-per-a-residents\/\" \/>\n<meta property=\"og:site_name\" content=\"Federaci\u00f3 Socialista d&#039;Eivissa\" \/>\n<meta property=\"article:published_time\" content=\"2026-01-27T10:29:02+00:00\" \/>\n<meta property=\"og:image\" content=\"https:\/\/www.psib-psoe.org\/eivissa\/wp-content\/uploads\/foto-roda-de-premsa-mocions-scaled.jpg\" \/>\n\t<meta property=\"og:image:width\" content=\"2560\" \/>\n\t<meta property=\"og:image:height\" content=\"1440\" \/>\n\t<meta property=\"og:image:type\" content=\"image\/jpeg\" \/>\n<meta name=\"author\" content=\"adminpsib\" \/>\n<meta name=\"twitter:card\" content=\"summary_large_image\" \/>\n<meta name=\"twitter:label1\" content=\"Escrit per\" \/>\n\t<meta name=\"twitter:data1\" content=\"adminpsib\" \/>\n\t<meta name=\"twitter:label2\" content=\"Temps estimat de lectura\" \/>\n\t<meta name=\"twitter:data2\" content=\"5 minuts\" \/>\n<script type=\"application\/ld+json\" class=\"yoast-schema-graph\">{\"@context\":\"https:\/\/schema.org\",\"@graph\":[{\"@type\":[\"Article\",\"BlogPosting\"],\"@id\":\"https:\/\/www.psib-psoe.org\/eivissa\/elena-lopez-bonet-es-hora-de-prendre-mesures-valentes-el-psoe-proposa-limitar-la-construccio-a-eivissa-exclusivament-a-primer-habitatge-per-a-residents\/#article\",\"isPartOf\":{\"@id\":\"https:\/\/www.psib-psoe.org\/eivissa\/elena-lopez-bonet-es-hora-de-prendre-mesures-valentes-el-psoe-proposa-limitar-la-construccio-a-eivissa-exclusivament-a-primer-habitatge-per-a-residents\/\"},\"author\":{\"name\":\"adminpsib\",\"@id\":\"https:\/\/www.psib-psoe.org\/eivissa\/#\/schema\/person\/099ab3ef73a3645a1d7f303518e6ce24\"},\"headline\":\"Elena L\u00f3pez Bonet: \u201c\u00c9s hora de prendre mesures valentes\u201d El PSOE proposa limitar la construcci\u00f3 a Eivissa exclusivament a primer habitatge per a residents\",\"datePublished\":\"2026-01-27T10:29:02+00:00\",\"mainEntityOfPage\":{\"@id\":\"https:\/\/www.psib-psoe.org\/eivissa\/elena-lopez-bonet-es-hora-de-prendre-mesures-valentes-el-psoe-proposa-limitar-la-construccio-a-eivissa-exclusivament-a-primer-habitatge-per-a-residents\/\"},\"wordCount\":1078,\"publisher\":{\"@id\":\"https:\/\/www.psib-psoe.org\/eivissa\/#organization\"},\"image\":{\"@id\":\"https:\/\/www.psib-psoe.org\/eivissa\/elena-lopez-bonet-es-hora-de-prendre-mesures-valentes-el-psoe-proposa-limitar-la-construccio-a-eivissa-exclusivament-a-primer-habitatge-per-a-residents\/#primaryimage\"},\"thumbnailUrl\":\"https:\/\/www.psib-psoe.org\/eivissa\/wp-content\/uploads\/foto-roda-de-premsa-mocions-scaled.jpg\",\"articleSection\":[\"Consell d'Eivissa\",\"Federaci\u00f3 d'Eivissa - Portada\",\"Municipis\"],\"inLanguage\":\"ca\"},{\"@type\":\"WebPage\",\"@id\":\"https:\/\/www.psib-psoe.org\/eivissa\/elena-lopez-bonet-es-hora-de-prendre-mesures-valentes-el-psoe-proposa-limitar-la-construccio-a-eivissa-exclusivament-a-primer-habitatge-per-a-residents\/\",\"url\":\"https:\/\/www.psib-psoe.org\/eivissa\/elena-lopez-bonet-es-hora-de-prendre-mesures-valentes-el-psoe-proposa-limitar-la-construccio-a-eivissa-exclusivament-a-primer-habitatge-per-a-residents\/\",\"name\":\"Elena L\u00f3pez Bonet: \u201c\u00c9s hora de prendre mesures valentes\u201d El PSOE proposa limitar la construcci\u00f3 a Eivissa exclusivament a primer habitatge per a residents - Federaci\u00f3 Socialista d&#039;Eivissa\",\"isPartOf\":{\"@id\":\"https:\/\/www.psib-psoe.org\/eivissa\/#website\"},\"primaryImageOfPage\":{\"@id\":\"https:\/\/www.psib-psoe.org\/eivissa\/elena-lopez-bonet-es-hora-de-prendre-mesures-valentes-el-psoe-proposa-limitar-la-construccio-a-eivissa-exclusivament-a-primer-habitatge-per-a-residents\/#primaryimage\"},\"image\":{\"@id\":\"https:\/\/www.psib-psoe.org\/eivissa\/elena-lopez-bonet-es-hora-de-prendre-mesures-valentes-el-psoe-proposa-limitar-la-construccio-a-eivissa-exclusivament-a-primer-habitatge-per-a-residents\/#primaryimage\"},\"thumbnailUrl\":\"https:\/\/www.psib-psoe.org\/eivissa\/wp-content\/uploads\/foto-roda-de-premsa-mocions-scaled.jpg\",\"datePublished\":\"2026-01-27T10:29:02+00:00\",\"breadcrumb\":{\"@id\":\"https:\/\/www.psib-psoe.org\/eivissa\/elena-lopez-bonet-es-hora-de-prendre-mesures-valentes-el-psoe-proposa-limitar-la-construccio-a-eivissa-exclusivament-a-primer-habitatge-per-a-residents\/#breadcrumb\"},\"inLanguage\":\"ca\",\"potentialAction\":[{\"@type\":\"ReadAction\",\"target\":[\"https:\/\/www.psib-psoe.org\/eivissa\/elena-lopez-bonet-es-hora-de-prendre-mesures-valentes-el-psoe-proposa-limitar-la-construccio-a-eivissa-exclusivament-a-primer-habitatge-per-a-residents\/\"]}]},{\"@type\":\"ImageObject\",\"inLanguage\":\"ca\",\"@id\":\"https:\/\/www.psib-psoe.org\/eivissa\/elena-lopez-bonet-es-hora-de-prendre-mesures-valentes-el-psoe-proposa-limitar-la-construccio-a-eivissa-exclusivament-a-primer-habitatge-per-a-residents\/#primaryimage\",\"url\":\"https:\/\/www.psib-psoe.org\/eivissa\/wp-content\/uploads\/foto-roda-de-premsa-mocions-scaled.jpg\",\"contentUrl\":\"https:\/\/www.psib-psoe.org\/eivissa\/wp-content\/uploads\/foto-roda-de-premsa-mocions-scaled.jpg\",\"width\":2560,\"height\":1440},{\"@type\":\"BreadcrumbList\",\"@id\":\"https:\/\/www.psib-psoe.org\/eivissa\/elena-lopez-bonet-es-hora-de-prendre-mesures-valentes-el-psoe-proposa-limitar-la-construccio-a-eivissa-exclusivament-a-primer-habitatge-per-a-residents\/#breadcrumb\",\"itemListElement\":[{\"@type\":\"ListItem\",\"position\":1,\"name\":\"Inici\",\"item\":\"https:\/\/www.psib-psoe.org\/eivissa\/\"},{\"@type\":\"ListItem\",\"position\":2,\"name\":\"Elena L\u00f3pez Bonet: \u201c\u00c9s hora de prendre mesures valentes\u201d El PSOE proposa limitar la construcci\u00f3 a Eivissa exclusivament a primer habitatge per a residents\"}]},{\"@type\":\"WebSite\",\"@id\":\"https:\/\/www.psib-psoe.org\/eivissa\/#website\",\"url\":\"https:\/\/www.psib-psoe.org\/eivissa\/\",\"name\":\"Federaci\u00f3 Socialista d'Eivissa\",\"description\":\"Socialistes d&#039;Eivissa\",\"publisher\":{\"@id\":\"https:\/\/www.psib-psoe.org\/eivissa\/#organization\"},\"potentialAction\":[{\"@type\":\"SearchAction\",\"target\":{\"@type\":\"EntryPoint\",\"urlTemplate\":\"https:\/\/www.psib-psoe.org\/eivissa\/?s={search_term_string}\"},\"query-input\":{\"@type\":\"PropertyValueSpecification\",\"valueRequired\":true,\"valueName\":\"search_term_string\"}}],\"inLanguage\":\"ca\"},{\"@type\":\"Organization\",\"@id\":\"https:\/\/www.psib-psoe.org\/eivissa\/#organization\",\"name\":\"Federaci\u00f3 Socialista d'Eivissa\",\"url\":\"https:\/\/www.psib-psoe.org\/eivissa\/\",\"logo\":{\"@type\":\"ImageObject\",\"inLanguage\":\"ca\",\"@id\":\"https:\/\/www.psib-psoe.org\/eivissa\/#\/schema\/logo\/image\/\",\"url\":\"https:\/\/www.psib-psoe.org\/eivissa\/wp-content\/uploads\/LOGO-FSE-SOCIALISTA-DEIVISSA-HORI.png\",\"contentUrl\":\"https:\/\/www.psib-psoe.org\/eivissa\/wp-content\/uploads\/LOGO-FSE-SOCIALISTA-DEIVISSA-HORI.png\",\"width\":6000,\"height\":3104,\"caption\":\"Federaci\u00f3 Socialista d'Eivissa\"},\"image\":{\"@id\":\"https:\/\/www.psib-psoe.org\/eivissa\/#\/schema\/logo\/image\/\"}},{\"@type\":\"Person\",\"@id\":\"https:\/\/www.psib-psoe.org\/eivissa\/#\/schema\/person\/099ab3ef73a3645a1d7f303518e6ce24\",\"name\":\"adminpsib\",\"url\":\"https:\/\/www.psib-psoe.org\/eivissa\/author\/adminpsib\/\"}]}<\/script>\n<!-- \/ Yoast SEO plugin. -->","yoast_head_json":{"title":"Elena L\u00f3pez Bonet: \u201c\u00c9s hora de prendre mesures valentes\u201d El PSOE proposa limitar la construcci\u00f3 a Eivissa exclusivament a primer habitatge per a residents - Federaci\u00f3 Socialista d&#039;Eivissa","robots":{"index":"index","follow":"follow","max-snippet":"max-snippet:-1","max-image-preview":"max-image-preview:large","max-video-preview":"max-video-preview:-1"},"canonical":"https:\/\/www.psib-psoe.org\/eivissa\/elena-lopez-bonet-es-hora-de-prendre-mesures-valentes-el-psoe-proposa-limitar-la-construccio-a-eivissa-exclusivament-a-primer-habitatge-per-a-residents\/","og_locale":"ca_ES","og_type":"article","og_title":"Elena L\u00f3pez Bonet: \u201c\u00c9s hora de prendre mesures valentes\u201d El PSOE proposa limitar la construcci\u00f3 a Eivissa exclusivament a primer habitatge per a residents - Federaci\u00f3 Socialista d&#039;Eivissa","og_description":"En el Ple del Consell, el grup socialista reclamar\u00e0 la revisi\u00f3 del finan\u00e7ament del transport p\u00fablic per corregir les \u201cdesigualtats\u201d entre illes. El PSOE ha anunciat avui la proposta de limitar la construcci\u00f3 a Eivissa exclusivament a primer habitatge per a residents. Una iniciativa que el Partit Socialista traslladar\u00e0 a totes les institucions de l\u2019illa,&hellip;","og_url":"https:\/\/www.psib-psoe.org\/eivissa\/elena-lopez-bonet-es-hora-de-prendre-mesures-valentes-el-psoe-proposa-limitar-la-construccio-a-eivissa-exclusivament-a-primer-habitatge-per-a-residents\/","og_site_name":"Federaci\u00f3 Socialista d&#039;Eivissa","article_published_time":"2026-01-27T10:29:02+00:00","og_image":[{"width":2560,"height":1440,"url":"https:\/\/www.psib-psoe.org\/eivissa\/wp-content\/uploads\/foto-roda-de-premsa-mocions-scaled.jpg","type":"image\/jpeg"}],"author":"adminpsib","twitter_card":"summary_large_image","twitter_misc":{"Escrit per":"adminpsib","Temps estimat de lectura":"5 minuts"},"schema":{"@context":"https:\/\/schema.org","@graph":[{"@type":["Article","BlogPosting"],"@id":"https:\/\/www.psib-psoe.org\/eivissa\/elena-lopez-bonet-es-hora-de-prendre-mesures-valentes-el-psoe-proposa-limitar-la-construccio-a-eivissa-exclusivament-a-primer-habitatge-per-a-residents\/#article","isPartOf":{"@id":"https:\/\/www.psib-psoe.org\/eivissa\/elena-lopez-bonet-es-hora-de-prendre-mesures-valentes-el-psoe-proposa-limitar-la-construccio-a-eivissa-exclusivament-a-primer-habitatge-per-a-residents\/"},"author":{"name":"adminpsib","@id":"https:\/\/www.psib-psoe.org\/eivissa\/#\/schema\/person\/099ab3ef73a3645a1d7f303518e6ce24"},"headline":"Elena L\u00f3pez Bonet: \u201c\u00c9s hora de prendre mesures valentes\u201d El PSOE proposa limitar la construcci\u00f3 a Eivissa exclusivament a primer habitatge per a residents","datePublished":"2026-01-27T10:29:02+00:00","mainEntityOfPage":{"@id":"https:\/\/www.psib-psoe.org\/eivissa\/elena-lopez-bonet-es-hora-de-prendre-mesures-valentes-el-psoe-proposa-limitar-la-construccio-a-eivissa-exclusivament-a-primer-habitatge-per-a-residents\/"},"wordCount":1078,"publisher":{"@id":"https:\/\/www.psib-psoe.org\/eivissa\/#organization"},"image":{"@id":"https:\/\/www.psib-psoe.org\/eivissa\/elena-lopez-bonet-es-hora-de-prendre-mesures-valentes-el-psoe-proposa-limitar-la-construccio-a-eivissa-exclusivament-a-primer-habitatge-per-a-residents\/#primaryimage"},"thumbnailUrl":"https:\/\/www.psib-psoe.org\/eivissa\/wp-content\/uploads\/foto-roda-de-premsa-mocions-scaled.jpg","articleSection":["Consell d'Eivissa","Federaci\u00f3 d'Eivissa - Portada","Municipis"],"inLanguage":"ca"},{"@type":"WebPage","@id":"https:\/\/www.psib-psoe.org\/eivissa\/elena-lopez-bonet-es-hora-de-prendre-mesures-valentes-el-psoe-proposa-limitar-la-construccio-a-eivissa-exclusivament-a-primer-habitatge-per-a-residents\/","url":"https:\/\/www.psib-psoe.org\/eivissa\/elena-lopez-bonet-es-hora-de-prendre-mesures-valentes-el-psoe-proposa-limitar-la-construccio-a-eivissa-exclusivament-a-primer-habitatge-per-a-residents\/","name":"Elena L\u00f3pez Bonet: \u201c\u00c9s hora de prendre mesures valentes\u201d El PSOE proposa limitar la construcci\u00f3 a Eivissa exclusivament a primer habitatge per a residents - Federaci\u00f3 Socialista d&#039;Eivissa","isPartOf":{"@id":"https:\/\/www.psib-psoe.org\/eivissa\/#website"},"primaryImageOfPage":{"@id":"https:\/\/www.psib-psoe.org\/eivissa\/elena-lopez-bonet-es-hora-de-prendre-mesures-valentes-el-psoe-proposa-limitar-la-construccio-a-eivissa-exclusivament-a-primer-habitatge-per-a-residents\/#primaryimage"},"image":{"@id":"https:\/\/www.psib-psoe.org\/eivissa\/elena-lopez-bonet-es-hora-de-prendre-mesures-valentes-el-psoe-proposa-limitar-la-construccio-a-eivissa-exclusivament-a-primer-habitatge-per-a-residents\/#primaryimage"},"thumbnailUrl":"https:\/\/www.psib-psoe.org\/eivissa\/wp-content\/uploads\/foto-roda-de-premsa-mocions-scaled.jpg","datePublished":"2026-01-27T10:29:02+00:00","breadcrumb":{"@id":"https:\/\/www.psib-psoe.org\/eivissa\/elena-lopez-bonet-es-hora-de-prendre-mesures-valentes-el-psoe-proposa-limitar-la-construccio-a-eivissa-exclusivament-a-primer-habitatge-per-a-residents\/#breadcrumb"},"inLanguage":"ca","potentialAction":[{"@type":"ReadAction","target":["https:\/\/www.psib-psoe.org\/eivissa\/elena-lopez-bonet-es-hora-de-prendre-mesures-valentes-el-psoe-proposa-limitar-la-construccio-a-eivissa-exclusivament-a-primer-habitatge-per-a-residents\/"]}]},{"@type":"ImageObject","inLanguage":"ca","@id":"https:\/\/www.psib-psoe.org\/eivissa\/elena-lopez-bonet-es-hora-de-prendre-mesures-valentes-el-psoe-proposa-limitar-la-construccio-a-eivissa-exclusivament-a-primer-habitatge-per-a-residents\/#primaryimage","url":"https:\/\/www.psib-psoe.org\/eivissa\/wp-content\/uploads\/foto-roda-de-premsa-mocions-scaled.jpg","contentUrl":"https:\/\/www.psib-psoe.org\/eivissa\/wp-content\/uploads\/foto-roda-de-premsa-mocions-scaled.jpg","width":2560,"height":1440},{"@type":"BreadcrumbList","@id":"https:\/\/www.psib-psoe.org\/eivissa\/elena-lopez-bonet-es-hora-de-prendre-mesures-valentes-el-psoe-proposa-limitar-la-construccio-a-eivissa-exclusivament-a-primer-habitatge-per-a-residents\/#breadcrumb","itemListElement":[{"@type":"ListItem","position":1,"name":"Inici","item":"https:\/\/www.psib-psoe.org\/eivissa\/"},{"@type":"ListItem","position":2,"name":"Elena L\u00f3pez Bonet: \u201c\u00c9s hora de prendre mesures valentes\u201d El PSOE proposa limitar la construcci\u00f3 a Eivissa exclusivament a primer habitatge per a residents"}]},{"@type":"WebSite","@id":"https:\/\/www.psib-psoe.org\/eivissa\/#website","url":"https:\/\/www.psib-psoe.org\/eivissa\/","name":"Federaci\u00f3 Socialista d'Eivissa","description":"Socialistes d&#039;Eivissa","publisher":{"@id":"https:\/\/www.psib-psoe.org\/eivissa\/#organization"},"potentialAction":[{"@type":"SearchAction","target":{"@type":"EntryPoint","urlTemplate":"https:\/\/www.psib-psoe.org\/eivissa\/?s={search_term_string}"},"query-input":{"@type":"PropertyValueSpecification","valueRequired":true,"valueName":"search_term_string"}}],"inLanguage":"ca"},{"@type":"Organization","@id":"https:\/\/www.psib-psoe.org\/eivissa\/#organization","name":"Federaci\u00f3 Socialista d'Eivissa","url":"https:\/\/www.psib-psoe.org\/eivissa\/","logo":{"@type":"ImageObject","inLanguage":"ca","@id":"https:\/\/www.psib-psoe.org\/eivissa\/#\/schema\/logo\/image\/","url":"https:\/\/www.psib-psoe.org\/eivissa\/wp-content\/uploads\/LOGO-FSE-SOCIALISTA-DEIVISSA-HORI.png","contentUrl":"https:\/\/www.psib-psoe.org\/eivissa\/wp-content\/uploads\/LOGO-FSE-SOCIALISTA-DEIVISSA-HORI.png","width":6000,"height":3104,"caption":"Federaci\u00f3 Socialista d'Eivissa"},"image":{"@id":"https:\/\/www.psib-psoe.org\/eivissa\/#\/schema\/logo\/image\/"}},{"@type":"Person","@id":"https:\/\/www.psib-psoe.org\/eivissa\/#\/schema\/person\/099ab3ef73a3645a1d7f303518e6ce24","name":"adminpsib","url":"https:\/\/www.psib-psoe.org\/eivissa\/author\/adminpsib\/"}]}},"_links":{"self":[{"href":"https:\/\/www.psib-psoe.org\/eivissa\/wp-json\/wp\/v2\/posts\/41753","targetHints":{"allow":["GET"]}}],"collection":[{"href":"https:\/\/www.psib-psoe.org\/eivissa\/wp-json\/wp\/v2\/posts"}],"about":[{"href":"https:\/\/www.psib-psoe.org\/eivissa\/wp-json\/wp\/v2\/types\/post"}],"author":[{"embeddable":true,"href":"https:\/\/www.psib-psoe.org\/eivissa\/wp-json\/wp\/v2\/users\/1"}],"replies":[{"embeddable":true,"href":"https:\/\/www.psib-psoe.org\/eivissa\/wp-json\/wp\/v2\/comments?post=41753"}],"version-history":[{"count":1,"href":"https:\/\/www.psib-psoe.org\/eivissa\/wp-json\/wp\/v2\/posts\/41753\/revisions"}],"predecessor-version":[{"id":41755,"href":"https:\/\/www.psib-psoe.org\/eivissa\/wp-json\/wp\/v2\/posts\/41753\/revisions\/41755"}],"wp:featuredmedia":[{"embeddable":true,"href":"https:\/\/www.psib-psoe.org\/eivissa\/wp-json\/wp\/v2\/media\/41754"}],"wp:attachment":[{"href":"https:\/\/www.psib-psoe.org\/eivissa\/wp-json\/wp\/v2\/media?parent=41753"}],"wp:term":[{"taxonomy":"category","embeddable":true,"href":"https:\/\/www.psib-psoe.org\/eivissa\/wp-json\/wp\/v2\/categories?post=41753"},{"taxonomy":"post_tag","embeddable":true,"href":"https:\/\/www.psib-psoe.org\/eivissa\/wp-json\/wp\/v2\/tags?post=41753"}],"curies":[{"name":"wp","href":"https:\/\/api.w.org\/{rel}","templated":true}]}}