{"id":41859,"date":"2026-02-23T13:28:42","date_gmt":"2026-02-23T11:28:42","guid":{"rendered":"https:\/\/www.psib-psoe.org\/eivissa\/?p=41859"},"modified":"2026-02-23T13:28:42","modified_gmt":"2026-02-23T11:28:42","slug":"el-psoe-alerta-de-la-saturacio-de-vehicles-que-tindra-el-barri-de-sa-colomina-amb-la-construccio-dun-aparcament-de-700-places-i-locals-comercials","status":"publish","type":"post","link":"https:\/\/www.psib-psoe.org\/eivissa\/el-psoe-alerta-de-la-saturacio-de-vehicles-que-tindra-el-barri-de-sa-colomina-amb-la-construccio-dun-aparcament-de-700-places-i-locals-comercials\/","title":{"rendered":"El PSOE alerta de la saturaci\u00f3 de vehicles que tindr\u00e0 el barri de Sa Colomina amb la construcci\u00f3 d&#8217;un aparcament de 700 places i locals comercials"},"content":{"rendered":"<p>El PSOE denuncia la manca de previsi\u00f3, la improvisaci\u00f3 i les presses per presentar projectes fara\u00f2nics de Triguero quant a la previsi\u00f3 de construcci\u00f3 d&#8217;un aparcament per a 700 vehicles, que ser\u00e0 soterrat i amb un edifici de 5 plantes d&#8217;al\u00e7ada, al barri de sa Colomina.<\/p>\n<p>Per als socialistes, la manca d&#8217;aparcament a la ciutat \u00e9s evident i per aix\u00f2 s&#8217;han de cercar solucions, com era la construcci\u00f3 a l&#8217;E10 de l&#8217;aparcament soterrat, tal com es tenia previst.<br \/>\nAmb el projecte que preveu executar Triguero, a m\u00e9s d&#8217;hipotecar en obres durant anys, al barri de sa Colomina, ja es desisteix del projecte de la Casa de la M\u00fasica en aquesta ubicaci\u00f3.<\/p>\n<p>&#8220;Triguero no ha tingut en compte als estudiants de m\u00fasica i aficionats a la cultura que perdran una oportunitat hist\u00f2rica de tenir un edifici de gran qualitat destinat a la m\u00fasica, aules i un gran auditori, donat que ara mateix, amb la previsi\u00f3 d&#8217;obra d&#8217;ampliaci\u00f3 de Can Ventosa, queda en res. Aquesta actitud demostra una manca d&#8217;inter\u00e8s i sensibilitat amb les necessitats essencials de la ciutadania&#8221;, ha afirmat el regidor socialista, Jordi Salewski.<\/p>\n<p>Jordi Saleswki ha afirmat que, el ve\u00efnat es veur\u00e0 obligat a assumir que en compta de tenir un barri pacificat amb la Casa de la M\u00fasica, passaran a tenir, en cas que s&#8217;executi aquest projecte, un barri amb m\u00e9s vehicles, m\u00e9s soroll i contaminaci\u00f3, i amb un edifici de 5 plantes d&#8217;al\u00e7ada amb locals comercials.<\/p>\n<p>A m\u00e9s, les obres d&#8217;aquest projecte fara\u00f2nic estaran molts d&#8217;anys en acabar-se, afectant seriosament el ve\u00efnat del barri.<\/p>\n<p>Des del PSOE considerem que es tracta &#8216;d&#8217;una venda de fum m\u00e9s del PP de Triguero, m\u00e9s pendent de la foto, els v\u00eddeos i d&#8217;anunciar grans projectes que mai s&#8217;executen, i com a exemples tenim el Mercat Nou d&#8217;Eivissa o les obres de la E10, dos projectes anunciats i del que no se sap absolutament res&#8217;.<\/p>\n<p>El grup municipal socialista creu que la necessitat d&#8217;aparcament \u00e9s evident a la ciutat, per aquest motiu s&#8217;havia planificat de manera soterrada a l&#8217;E10. A m\u00e9s, el fet de la construcci\u00f3 dels locals comercials nom\u00e9s \u00e9s una excusa per a compensar econ\u00f2micament a l&#8217;empresa que construeixi &#8216;la darrera ocurr\u00e8ncia de Triguero.<\/p>\n<p>El projecte d&#8217;aparcament preveu ser dut a aprovaci\u00f3 al pr\u00f2xim ple de l&#8217;Ajuntament d&#8217;Eivissa. <\/p>\n","protected":false},"excerpt":{"rendered":"<p>El PSOE denuncia la manca de previsi\u00f3, la improvisaci\u00f3 i les presses per presentar projectes fara\u00f2nics de Triguero quant a la previsi\u00f3 de construcci\u00f3 d&#8217;un aparcament per a 700 vehicles, que ser\u00e0 soterrat i amb un edifici de 5 plantes d&#8217;al\u00e7ada, al barri de sa Colomina. Per als socialistes, la manca d&#8217;aparcament a la ciutat&hellip;<\/p>\n","protected":false},"author":1,"featured_media":0,"comment_status":"closed","ping_status":"closed","sticky":false,"template":"","format":"standard","meta":{"footnotes":""},"categories":[183,1],"tags":[],"class_list":["post-41859","post","type-post","status-publish","format-standard","hentry","category-ciutat-deivissa","category-federacio-de-eivissa-portada"],"yoast_head":"<!-- This site is optimized with the Yoast SEO plugin v26.9 - https:\/\/yoast.com\/product\/yoast-seo-wordpress\/ -->\n<title>El PSOE alerta de la saturaci\u00f3 de vehicles que tindr\u00e0 el barri de Sa Colomina amb la construcci\u00f3 d&#039;un aparcament de 700 places i locals comercials - Federaci\u00f3 Socialista d&#039;Eivissa<\/title>\n<meta name=\"robots\" content=\"index, follow, max-snippet:-1, max-image-preview:large, max-video-preview:-1\" \/>\n<link rel=\"canonical\" href=\"https:\/\/www.psib-psoe.org\/eivissa\/el-psoe-alerta-de-la-saturacio-de-vehicles-que-tindra-el-barri-de-sa-colomina-amb-la-construccio-dun-aparcament-de-700-places-i-locals-comercials\/\" \/>\n<meta property=\"og:locale\" content=\"ca_ES\" \/>\n<meta property=\"og:type\" content=\"article\" \/>\n<meta property=\"og:title\" content=\"El PSOE alerta de la saturaci\u00f3 de vehicles que tindr\u00e0 el barri de Sa Colomina amb la construcci\u00f3 d&#039;un aparcament de 700 places i locals comercials - Federaci\u00f3 Socialista d&#039;Eivissa\" \/>\n<meta property=\"og:description\" content=\"El PSOE denuncia la manca de previsi\u00f3, la improvisaci\u00f3 i les presses per presentar projectes fara\u00f2nics de Triguero quant a la previsi\u00f3 de construcci\u00f3 d&#8217;un aparcament per a 700 vehicles, que ser\u00e0 soterrat i amb un edifici de 5 plantes d&#8217;al\u00e7ada, al barri de sa Colomina. Per als socialistes, la manca d&#8217;aparcament a la ciutat&hellip;\" \/>\n<meta property=\"og:url\" content=\"https:\/\/www.psib-psoe.org\/eivissa\/el-psoe-alerta-de-la-saturacio-de-vehicles-que-tindra-el-barri-de-sa-colomina-amb-la-construccio-dun-aparcament-de-700-places-i-locals-comercials\/\" \/>\n<meta property=\"og:site_name\" content=\"Federaci\u00f3 Socialista d&#039;Eivissa\" \/>\n<meta property=\"article:published_time\" content=\"2026-02-23T11:28:42+00:00\" \/>\n<meta name=\"author\" content=\"adminpsib\" \/>\n<meta name=\"twitter:card\" content=\"summary_large_image\" \/>\n<meta name=\"twitter:label1\" content=\"Escrit per\" \/>\n\t<meta name=\"twitter:data1\" content=\"adminpsib\" \/>\n\t<meta name=\"twitter:label2\" content=\"Temps estimat de lectura\" \/>\n\t<meta name=\"twitter:data2\" content=\"2 minuts\" \/>\n<script type=\"application\/ld+json\" class=\"yoast-schema-graph\">{\"@context\":\"https:\/\/schema.org\",\"@graph\":[{\"@type\":[\"Article\",\"BlogPosting\"],\"@id\":\"https:\/\/www.psib-psoe.org\/eivissa\/el-psoe-alerta-de-la-saturacio-de-vehicles-que-tindra-el-barri-de-sa-colomina-amb-la-construccio-dun-aparcament-de-700-places-i-locals-comercials\/#article\",\"isPartOf\":{\"@id\":\"https:\/\/www.psib-psoe.org\/eivissa\/el-psoe-alerta-de-la-saturacio-de-vehicles-que-tindra-el-barri-de-sa-colomina-amb-la-construccio-dun-aparcament-de-700-places-i-locals-comercials\/\"},\"author\":{\"name\":\"adminpsib\",\"@id\":\"https:\/\/www.psib-psoe.org\/eivissa\/#\/schema\/person\/099ab3ef73a3645a1d7f303518e6ce24\"},\"headline\":\"El PSOE alerta de la saturaci\u00f3 de vehicles que tindr\u00e0 el barri de Sa Colomina amb la construcci\u00f3 d&#8217;un aparcament de 700 places i locals comercials\",\"datePublished\":\"2026-02-23T11:28:42+00:00\",\"mainEntityOfPage\":{\"@id\":\"https:\/\/www.psib-psoe.org\/eivissa\/el-psoe-alerta-de-la-saturacio-de-vehicles-que-tindra-el-barri-de-sa-colomina-amb-la-construccio-dun-aparcament-de-700-places-i-locals-comercials\/\"},\"wordCount\":424,\"publisher\":{\"@id\":\"https:\/\/www.psib-psoe.org\/eivissa\/#organization\"},\"articleSection\":[\"Ciutat d'Eivissa\",\"Federaci\u00f3 d'Eivissa - Portada\"],\"inLanguage\":\"ca\"},{\"@type\":\"WebPage\",\"@id\":\"https:\/\/www.psib-psoe.org\/eivissa\/el-psoe-alerta-de-la-saturacio-de-vehicles-que-tindra-el-barri-de-sa-colomina-amb-la-construccio-dun-aparcament-de-700-places-i-locals-comercials\/\",\"url\":\"https:\/\/www.psib-psoe.org\/eivissa\/el-psoe-alerta-de-la-saturacio-de-vehicles-que-tindra-el-barri-de-sa-colomina-amb-la-construccio-dun-aparcament-de-700-places-i-locals-comercials\/\",\"name\":\"El PSOE alerta de la saturaci\u00f3 de vehicles que tindr\u00e0 el barri de Sa Colomina amb la construcci\u00f3 d'un aparcament de 700 places i locals comercials - Federaci\u00f3 Socialista d&#039;Eivissa\",\"isPartOf\":{\"@id\":\"https:\/\/www.psib-psoe.org\/eivissa\/#website\"},\"datePublished\":\"2026-02-23T11:28:42+00:00\",\"breadcrumb\":{\"@id\":\"https:\/\/www.psib-psoe.org\/eivissa\/el-psoe-alerta-de-la-saturacio-de-vehicles-que-tindra-el-barri-de-sa-colomina-amb-la-construccio-dun-aparcament-de-700-places-i-locals-comercials\/#breadcrumb\"},\"inLanguage\":\"ca\",\"potentialAction\":[{\"@type\":\"ReadAction\",\"target\":[\"https:\/\/www.psib-psoe.org\/eivissa\/el-psoe-alerta-de-la-saturacio-de-vehicles-que-tindra-el-barri-de-sa-colomina-amb-la-construccio-dun-aparcament-de-700-places-i-locals-comercials\/\"]}]},{\"@type\":\"BreadcrumbList\",\"@id\":\"https:\/\/www.psib-psoe.org\/eivissa\/el-psoe-alerta-de-la-saturacio-de-vehicles-que-tindra-el-barri-de-sa-colomina-amb-la-construccio-dun-aparcament-de-700-places-i-locals-comercials\/#breadcrumb\",\"itemListElement\":[{\"@type\":\"ListItem\",\"position\":1,\"name\":\"Inici\",\"item\":\"https:\/\/www.psib-psoe.org\/eivissa\/\"},{\"@type\":\"ListItem\",\"position\":2,\"name\":\"El PSOE alerta de la saturaci\u00f3 de vehicles que tindr\u00e0 el barri de Sa Colomina amb la construcci\u00f3 d&#8217;un aparcament de 700 places i locals comercials\"}]},{\"@type\":\"WebSite\",\"@id\":\"https:\/\/www.psib-psoe.org\/eivissa\/#website\",\"url\":\"https:\/\/www.psib-psoe.org\/eivissa\/\",\"name\":\"Federaci\u00f3 Socialista d'Eivissa\",\"description\":\"Socialistes d&#039;Eivissa\",\"publisher\":{\"@id\":\"https:\/\/www.psib-psoe.org\/eivissa\/#organization\"},\"potentialAction\":[{\"@type\":\"SearchAction\",\"target\":{\"@type\":\"EntryPoint\",\"urlTemplate\":\"https:\/\/www.psib-psoe.org\/eivissa\/?s={search_term_string}\"},\"query-input\":{\"@type\":\"PropertyValueSpecification\",\"valueRequired\":true,\"valueName\":\"search_term_string\"}}],\"inLanguage\":\"ca\"},{\"@type\":\"Organization\",\"@id\":\"https:\/\/www.psib-psoe.org\/eivissa\/#organization\",\"name\":\"Federaci\u00f3 Socialista d'Eivissa\",\"url\":\"https:\/\/www.psib-psoe.org\/eivissa\/\",\"logo\":{\"@type\":\"ImageObject\",\"inLanguage\":\"ca\",\"@id\":\"https:\/\/www.psib-psoe.org\/eivissa\/#\/schema\/logo\/image\/\",\"url\":\"https:\/\/www.psib-psoe.org\/eivissa\/wp-content\/uploads\/LOGO-FSE-SOCIALISTA-DEIVISSA-HORI.png\",\"contentUrl\":\"https:\/\/www.psib-psoe.org\/eivissa\/wp-content\/uploads\/LOGO-FSE-SOCIALISTA-DEIVISSA-HORI.png\",\"width\":6000,\"height\":3104,\"caption\":\"Federaci\u00f3 Socialista d'Eivissa\"},\"image\":{\"@id\":\"https:\/\/www.psib-psoe.org\/eivissa\/#\/schema\/logo\/image\/\"}},{\"@type\":\"Person\",\"@id\":\"https:\/\/www.psib-psoe.org\/eivissa\/#\/schema\/person\/099ab3ef73a3645a1d7f303518e6ce24\",\"name\":\"adminpsib\",\"url\":\"https:\/\/www.psib-psoe.org\/eivissa\/author\/adminpsib\/\"}]}<\/script>\n<!-- \/ Yoast SEO plugin. -->","yoast_head_json":{"title":"El PSOE alerta de la saturaci\u00f3 de vehicles que tindr\u00e0 el barri de Sa Colomina amb la construcci\u00f3 d'un aparcament de 700 places i locals comercials - Federaci\u00f3 Socialista d&#039;Eivissa","robots":{"index":"index","follow":"follow","max-snippet":"max-snippet:-1","max-image-preview":"max-image-preview:large","max-video-preview":"max-video-preview:-1"},"canonical":"https:\/\/www.psib-psoe.org\/eivissa\/el-psoe-alerta-de-la-saturacio-de-vehicles-que-tindra-el-barri-de-sa-colomina-amb-la-construccio-dun-aparcament-de-700-places-i-locals-comercials\/","og_locale":"ca_ES","og_type":"article","og_title":"El PSOE alerta de la saturaci\u00f3 de vehicles que tindr\u00e0 el barri de Sa Colomina amb la construcci\u00f3 d'un aparcament de 700 places i locals comercials - Federaci\u00f3 Socialista d&#039;Eivissa","og_description":"El PSOE denuncia la manca de previsi\u00f3, la improvisaci\u00f3 i les presses per presentar projectes fara\u00f2nics de Triguero quant a la previsi\u00f3 de construcci\u00f3 d&#8217;un aparcament per a 700 vehicles, que ser\u00e0 soterrat i amb un edifici de 5 plantes d&#8217;al\u00e7ada, al barri de sa Colomina. Per als socialistes, la manca d&#8217;aparcament a la ciutat&hellip;","og_url":"https:\/\/www.psib-psoe.org\/eivissa\/el-psoe-alerta-de-la-saturacio-de-vehicles-que-tindra-el-barri-de-sa-colomina-amb-la-construccio-dun-aparcament-de-700-places-i-locals-comercials\/","og_site_name":"Federaci\u00f3 Socialista d&#039;Eivissa","article_published_time":"2026-02-23T11:28:42+00:00","author":"adminpsib","twitter_card":"summary_large_image","twitter_misc":{"Escrit per":"adminpsib","Temps estimat de lectura":"2 minuts"},"schema":{"@context":"https:\/\/schema.org","@graph":[{"@type":["Article","BlogPosting"],"@id":"https:\/\/www.psib-psoe.org\/eivissa\/el-psoe-alerta-de-la-saturacio-de-vehicles-que-tindra-el-barri-de-sa-colomina-amb-la-construccio-dun-aparcament-de-700-places-i-locals-comercials\/#article","isPartOf":{"@id":"https:\/\/www.psib-psoe.org\/eivissa\/el-psoe-alerta-de-la-saturacio-de-vehicles-que-tindra-el-barri-de-sa-colomina-amb-la-construccio-dun-aparcament-de-700-places-i-locals-comercials\/"},"author":{"name":"adminpsib","@id":"https:\/\/www.psib-psoe.org\/eivissa\/#\/schema\/person\/099ab3ef73a3645a1d7f303518e6ce24"},"headline":"El PSOE alerta de la saturaci\u00f3 de vehicles que tindr\u00e0 el barri de Sa Colomina amb la construcci\u00f3 d&#8217;un aparcament de 700 places i locals comercials","datePublished":"2026-02-23T11:28:42+00:00","mainEntityOfPage":{"@id":"https:\/\/www.psib-psoe.org\/eivissa\/el-psoe-alerta-de-la-saturacio-de-vehicles-que-tindra-el-barri-de-sa-colomina-amb-la-construccio-dun-aparcament-de-700-places-i-locals-comercials\/"},"wordCount":424,"publisher":{"@id":"https:\/\/www.psib-psoe.org\/eivissa\/#organization"},"articleSection":["Ciutat d'Eivissa","Federaci\u00f3 d'Eivissa - Portada"],"inLanguage":"ca"},{"@type":"WebPage","@id":"https:\/\/www.psib-psoe.org\/eivissa\/el-psoe-alerta-de-la-saturacio-de-vehicles-que-tindra-el-barri-de-sa-colomina-amb-la-construccio-dun-aparcament-de-700-places-i-locals-comercials\/","url":"https:\/\/www.psib-psoe.org\/eivissa\/el-psoe-alerta-de-la-saturacio-de-vehicles-que-tindra-el-barri-de-sa-colomina-amb-la-construccio-dun-aparcament-de-700-places-i-locals-comercials\/","name":"El PSOE alerta de la saturaci\u00f3 de vehicles que tindr\u00e0 el barri de Sa Colomina amb la construcci\u00f3 d'un aparcament de 700 places i locals comercials - Federaci\u00f3 Socialista d&#039;Eivissa","isPartOf":{"@id":"https:\/\/www.psib-psoe.org\/eivissa\/#website"},"datePublished":"2026-02-23T11:28:42+00:00","breadcrumb":{"@id":"https:\/\/www.psib-psoe.org\/eivissa\/el-psoe-alerta-de-la-saturacio-de-vehicles-que-tindra-el-barri-de-sa-colomina-amb-la-construccio-dun-aparcament-de-700-places-i-locals-comercials\/#breadcrumb"},"inLanguage":"ca","potentialAction":[{"@type":"ReadAction","target":["https:\/\/www.psib-psoe.org\/eivissa\/el-psoe-alerta-de-la-saturacio-de-vehicles-que-tindra-el-barri-de-sa-colomina-amb-la-construccio-dun-aparcament-de-700-places-i-locals-comercials\/"]}]},{"@type":"BreadcrumbList","@id":"https:\/\/www.psib-psoe.org\/eivissa\/el-psoe-alerta-de-la-saturacio-de-vehicles-que-tindra-el-barri-de-sa-colomina-amb-la-construccio-dun-aparcament-de-700-places-i-locals-comercials\/#breadcrumb","itemListElement":[{"@type":"ListItem","position":1,"name":"Inici","item":"https:\/\/www.psib-psoe.org\/eivissa\/"},{"@type":"ListItem","position":2,"name":"El PSOE alerta de la saturaci\u00f3 de vehicles que tindr\u00e0 el barri de Sa Colomina amb la construcci\u00f3 d&#8217;un aparcament de 700 places i locals comercials"}]},{"@type":"WebSite","@id":"https:\/\/www.psib-psoe.org\/eivissa\/#website","url":"https:\/\/www.psib-psoe.org\/eivissa\/","name":"Federaci\u00f3 Socialista d'Eivissa","description":"Socialistes d&#039;Eivissa","publisher":{"@id":"https:\/\/www.psib-psoe.org\/eivissa\/#organization"},"potentialAction":[{"@type":"SearchAction","target":{"@type":"EntryPoint","urlTemplate":"https:\/\/www.psib-psoe.org\/eivissa\/?s={search_term_string}"},"query-input":{"@type":"PropertyValueSpecification","valueRequired":true,"valueName":"search_term_string"}}],"inLanguage":"ca"},{"@type":"Organization","@id":"https:\/\/www.psib-psoe.org\/eivissa\/#organization","name":"Federaci\u00f3 Socialista d'Eivissa","url":"https:\/\/www.psib-psoe.org\/eivissa\/","logo":{"@type":"ImageObject","inLanguage":"ca","@id":"https:\/\/www.psib-psoe.org\/eivissa\/#\/schema\/logo\/image\/","url":"https:\/\/www.psib-psoe.org\/eivissa\/wp-content\/uploads\/LOGO-FSE-SOCIALISTA-DEIVISSA-HORI.png","contentUrl":"https:\/\/www.psib-psoe.org\/eivissa\/wp-content\/uploads\/LOGO-FSE-SOCIALISTA-DEIVISSA-HORI.png","width":6000,"height":3104,"caption":"Federaci\u00f3 Socialista d'Eivissa"},"image":{"@id":"https:\/\/www.psib-psoe.org\/eivissa\/#\/schema\/logo\/image\/"}},{"@type":"Person","@id":"https:\/\/www.psib-psoe.org\/eivissa\/#\/schema\/person\/099ab3ef73a3645a1d7f303518e6ce24","name":"adminpsib","url":"https:\/\/www.psib-psoe.org\/eivissa\/author\/adminpsib\/"}]}},"_links":{"self":[{"href":"https:\/\/www.psib-psoe.org\/eivissa\/wp-json\/wp\/v2\/posts\/41859","targetHints":{"allow":["GET"]}}],"collection":[{"href":"https:\/\/www.psib-psoe.org\/eivissa\/wp-json\/wp\/v2\/posts"}],"about":[{"href":"https:\/\/www.psib-psoe.org\/eivissa\/wp-json\/wp\/v2\/types\/post"}],"author":[{"embeddable":true,"href":"https:\/\/www.psib-psoe.org\/eivissa\/wp-json\/wp\/v2\/users\/1"}],"replies":[{"embeddable":true,"href":"https:\/\/www.psib-psoe.org\/eivissa\/wp-json\/wp\/v2\/comments?post=41859"}],"version-history":[{"count":1,"href":"https:\/\/www.psib-psoe.org\/eivissa\/wp-json\/wp\/v2\/posts\/41859\/revisions"}],"predecessor-version":[{"id":41861,"href":"https:\/\/www.psib-psoe.org\/eivissa\/wp-json\/wp\/v2\/posts\/41859\/revisions\/41861"}],"wp:attachment":[{"href":"https:\/\/www.psib-psoe.org\/eivissa\/wp-json\/wp\/v2\/media?parent=41859"}],"wp:term":[{"taxonomy":"category","embeddable":true,"href":"https:\/\/www.psib-psoe.org\/eivissa\/wp-json\/wp\/v2\/categories?post=41859"},{"taxonomy":"post_tag","embeddable":true,"href":"https:\/\/www.psib-psoe.org\/eivissa\/wp-json\/wp\/v2\/tags?post=41859"}],"curies":[{"name":"wp","href":"https:\/\/api.w.org\/{rel}","templated":true}]}}