{"id":41886,"date":"2026-02-26T18:16:38","date_gmt":"2026-02-26T16:16:38","guid":{"rendered":"https:\/\/www.psib-psoe.org\/eivissa\/?p=41886"},"modified":"2026-02-26T18:16:38","modified_gmt":"2026-02-26T16:16:38","slug":"el-psoe-denuncia-que-triguero-licitara-a-una-empresa-privada-la-gestio-dun-gran-aparcament-sense-garantir-el-descompte-de-residents-i-a-preus-desorbitats","status":"publish","type":"post","link":"https:\/\/www.psib-psoe.org\/eivissa\/el-psoe-denuncia-que-triguero-licitara-a-una-empresa-privada-la-gestio-dun-gran-aparcament-sense-garantir-el-descompte-de-residents-i-a-preus-desorbitats\/","title":{"rendered":"El PSOE denuncia que Triguero licitar\u00e0 a una empresa privada la gesti\u00f3 d&#8217;un gran aparcament sense garantir el descompte de residents i a preus desorbitats."},"content":{"rendered":"<p>El Ple de l&#8217;Ajuntament d&#8217;Eivissa, amb els vots del Partit Popular i de Vox, ha aprovat el Reglament municipal que regir\u00e0 el servei d&#8217;aparcament del bulevard Abel Matutes mitjan\u00e7ant el qual Triguero licitar\u00e1 la gesti\u00f3 a una empresa privada sense garantir un descompte pels residents i amb uns preus desorbitats.<\/p>\n<p>El regidor Jordi Salewski ha afirmat que &#8216;per als socialistes, la manca d&#8217;aparcament a la ciutat \u00e9s evident i per aix\u00f2 s&#8217;han de cercar solucions, com era la construcci\u00f3 a l&#8217;E10 de l&#8217;aparcament soterrat, tal com es tenia previst&#8217;.<\/p>\n<p>Amb el projecte que preveu executar Triguero, a m\u00e9s d&#8217;hipotecar en obres durant anys al barri de sa Colomina, ja es desisteix del projecte de tenir un auditori en aquesta ubicaci\u00f3, un projecte que estava dissenyat espec\u00edficament per aquesta parcel\u00b7la.<\/p>\n<p>A m\u00e9s, el ve\u00efnat es veur\u00e0 obligat a assumir que en compta de tenir un barri pacificat amb la Casa de la M\u00fasica, passar\u00e1 a tenir, en cas que s&#8217;executi aquest projecte, un barri amb m\u00e9s vehicles, m\u00e9s soroll i contaminaci\u00f3, i amb un edifici de 5 plantes d&#8217;al\u00e7ada amb locals comercials.<\/p>\n<p>Salewski ha afegit que &#8216; Triguero i el seu govern estan perdent l&#8217;oportunitat de fer la Casa de la M\u00fasica, un espai cultural de primer nivell, amb aules per m\u00fasica, oficines i un auditori de veritat per escoltar m\u00fasica. Han dit als ciutadans que no volen aquesta joia per dinamitzar el barri, i que prefereixen fer un edifici de 5 plantes d&#8217;aparcament. Un model que feien les ciutats als anys 80 del segle passat&#8217;.<br \/>\n&#8216;Tenim molt poc espai p\u00fablic i vost\u00e8s el cedeixen a una empresa durant 40 anys per privatitzar un aparcament. Interposen el model econ\u00f2mic davant del benestar de les persones. La festa del p\u00e0rquing surt per 26 milions d&#8217;euros i han de buscar alg\u00fa que la pagui, per\u00f2 ja sabem qui acabar\u00e0 pagant, els ciutadans&#8217;, ha concl\u00f2s Salewski.<\/p>\n<p><strong>Triguero vota en contra de fer un minut de silenci a l&#8217;inici dels plens municipals pels assassinats masclistes.<\/strong><\/p>\n<p>El PSOE ha presentat una moci\u00f3 amb proposta d&#8217;acord en la que la regidora socialista, Clara Rossell\u00f3, ha reclamat tornar a retre, amb un minut de silenci a l&#8217;inici dels plens municipals, &#8216;el degut homenatge a les dones i infants assassinats per la viol\u00e8ncia masclista i vic\u00e0ria&#8217;, un acte que mai no s&#8217;hauria d&#8217;haver perdut i que encara no entenc per qu\u00e8 es va deixar de celebrar&#8217;.<\/p>\n<p>La resposta de la regidora d&#8217;Igualtat, Sara Barbado, ha estat que no \u00e9s necessari aquest minut de silenci, perqu\u00e8 es pot aprofitar el temps que es tarda a fer-ho, en poder treballar&#8217;.<\/p>\n<p>Rossell\u00f3 ha continuat afirmant que &#8216;ho hem dit moltes vegades des d&#8217;aquesta bancada, les persones que representem a les ciutadanes i ciutadans, sigui del nostre municipi, la nostra illa, comunitat aut\u00f2noma o pa\u00eds, tenim una responsabilitat que \u00e9s intr\u00ednseca al nostre c\u00e0rrec. Hem de donar veu i hem de reclamar quantes mesures, actes o solucions siguin necess\u00e0ries per a millorar i garantir els drets i llibertats de la gent. I hem de saber estar a l&#8217;altura, sobretot, davant les situacions m\u00e9s cruels. Perqu\u00e8 ens correspon i mai no haur\u00edem de defugir aquestes responsabilitats&#8217;.<\/p>\n<p>La regidora socialista Clara Rossell\u00f3 ha concl\u00f2s afirmant que &#8216;Tant de bo pogu\u00e9ssim posar fi d&#8217;una vegada per totes aquesta viol\u00e8ncia cruel que ens destrueix com a societat, treballem-hi sense descans, per\u00f2, entretant, recordem els seus noms: Czarina, Mar\u00eda del Pilar, Mar\u00eda Isabel, Mar\u00eda del Carmen, Victoria, Mar\u00eda Bel\u00e9n, Maria Jos\u00e9, Petronila, Ana Mar\u00eda, Tatiana, Noem\u00ed Antonia, Yaret&#8217;.<\/p>\n","protected":false},"excerpt":{"rendered":"<p>El Ple de l&#8217;Ajuntament d&#8217;Eivissa, amb els vots del Partit Popular i de Vox, ha aprovat el Reglament municipal que regir\u00e0 el servei d&#8217;aparcament del bulevard Abel Matutes mitjan\u00e7ant el qual Triguero licitar\u00e1 la gesti\u00f3 a una empresa privada sense garantir un descompte pels residents i amb uns preus desorbitats. El regidor Jordi Salewski ha&hellip;<\/p>\n","protected":false},"author":1,"featured_media":41890,"comment_status":"closed","ping_status":"closed","sticky":false,"template":"","format":"standard","meta":{"footnotes":""},"categories":[183,1],"tags":[],"class_list":["post-41886","post","type-post","status-publish","format-standard","has-post-thumbnail","hentry","category-ciutat-deivissa","category-federacio-de-eivissa-portada"],"yoast_head":"<!-- This site is optimized with the Yoast SEO plugin v26.9 - https:\/\/yoast.com\/product\/yoast-seo-wordpress\/ -->\n<title>El PSOE denuncia que Triguero licitar\u00e0 a una empresa privada la gesti\u00f3 d&#039;un gran aparcament sense garantir el descompte de residents i a preus desorbitats. - Federaci\u00f3 Socialista d&#039;Eivissa<\/title>\n<meta name=\"robots\" content=\"index, follow, max-snippet:-1, max-image-preview:large, max-video-preview:-1\" \/>\n<link rel=\"canonical\" href=\"https:\/\/www.psib-psoe.org\/eivissa\/el-psoe-denuncia-que-triguero-licitara-a-una-empresa-privada-la-gestio-dun-gran-aparcament-sense-garantir-el-descompte-de-residents-i-a-preus-desorbitats\/\" \/>\n<meta property=\"og:locale\" content=\"ca_ES\" \/>\n<meta property=\"og:type\" content=\"article\" \/>\n<meta property=\"og:title\" content=\"El PSOE denuncia que Triguero licitar\u00e0 a una empresa privada la gesti\u00f3 d&#039;un gran aparcament sense garantir el descompte de residents i a preus desorbitats. - Federaci\u00f3 Socialista d&#039;Eivissa\" \/>\n<meta property=\"og:description\" content=\"El Ple de l&#8217;Ajuntament d&#8217;Eivissa, amb els vots del Partit Popular i de Vox, ha aprovat el Reglament municipal que regir\u00e0 el servei d&#8217;aparcament del bulevard Abel Matutes mitjan\u00e7ant el qual Triguero licitar\u00e1 la gesti\u00f3 a una empresa privada sense garantir un descompte pels residents i amb uns preus desorbitats. El regidor Jordi Salewski ha&hellip;\" \/>\n<meta property=\"og:url\" content=\"https:\/\/www.psib-psoe.org\/eivissa\/el-psoe-denuncia-que-triguero-licitara-a-una-empresa-privada-la-gestio-dun-gran-aparcament-sense-garantir-el-descompte-de-residents-i-a-preus-desorbitats\/\" \/>\n<meta property=\"og:site_name\" content=\"Federaci\u00f3 Socialista d&#039;Eivissa\" \/>\n<meta property=\"article:published_time\" content=\"2026-02-26T16:16:38+00:00\" \/>\n<meta property=\"og:image\" content=\"https:\/\/www.psib-psoe.org\/eivissa\/wp-content\/uploads\/JordiSalewski-scaled.jpg\" \/>\n\t<meta property=\"og:image:width\" content=\"2485\" \/>\n\t<meta property=\"og:image:height\" content=\"2560\" \/>\n\t<meta property=\"og:image:type\" content=\"image\/jpeg\" \/>\n<meta name=\"author\" content=\"adminpsib\" \/>\n<meta name=\"twitter:card\" content=\"summary_large_image\" \/>\n<meta name=\"twitter:label1\" content=\"Escrit per\" \/>\n\t<meta name=\"twitter:data1\" content=\"adminpsib\" \/>\n\t<meta name=\"twitter:label2\" content=\"Temps estimat de lectura\" \/>\n\t<meta name=\"twitter:data2\" content=\"3 minuts\" \/>\n<script type=\"application\/ld+json\" class=\"yoast-schema-graph\">{\"@context\":\"https:\/\/schema.org\",\"@graph\":[{\"@type\":[\"Article\",\"BlogPosting\"],\"@id\":\"https:\/\/www.psib-psoe.org\/eivissa\/el-psoe-denuncia-que-triguero-licitara-a-una-empresa-privada-la-gestio-dun-gran-aparcament-sense-garantir-el-descompte-de-residents-i-a-preus-desorbitats\/#article\",\"isPartOf\":{\"@id\":\"https:\/\/www.psib-psoe.org\/eivissa\/el-psoe-denuncia-que-triguero-licitara-a-una-empresa-privada-la-gestio-dun-gran-aparcament-sense-garantir-el-descompte-de-residents-i-a-preus-desorbitats\/\"},\"author\":{\"name\":\"adminpsib\",\"@id\":\"https:\/\/www.psib-psoe.org\/eivissa\/#\/schema\/person\/099ab3ef73a3645a1d7f303518e6ce24\"},\"headline\":\"El PSOE denuncia que Triguero licitar\u00e0 a una empresa privada la gesti\u00f3 d&#8217;un gran aparcament sense garantir el descompte de residents i a preus desorbitats.\",\"datePublished\":\"2026-02-26T16:16:38+00:00\",\"mainEntityOfPage\":{\"@id\":\"https:\/\/www.psib-psoe.org\/eivissa\/el-psoe-denuncia-que-triguero-licitara-a-una-empresa-privada-la-gestio-dun-gran-aparcament-sense-garantir-el-descompte-de-residents-i-a-preus-desorbitats\/\"},\"wordCount\":636,\"publisher\":{\"@id\":\"https:\/\/www.psib-psoe.org\/eivissa\/#organization\"},\"image\":{\"@id\":\"https:\/\/www.psib-psoe.org\/eivissa\/el-psoe-denuncia-que-triguero-licitara-a-una-empresa-privada-la-gestio-dun-gran-aparcament-sense-garantir-el-descompte-de-residents-i-a-preus-desorbitats\/#primaryimage\"},\"thumbnailUrl\":\"https:\/\/www.psib-psoe.org\/eivissa\/wp-content\/uploads\/JordiSalewski-scaled.jpg\",\"articleSection\":[\"Ciutat d'Eivissa\",\"Federaci\u00f3 d'Eivissa - Portada\"],\"inLanguage\":\"ca\"},{\"@type\":\"WebPage\",\"@id\":\"https:\/\/www.psib-psoe.org\/eivissa\/el-psoe-denuncia-que-triguero-licitara-a-una-empresa-privada-la-gestio-dun-gran-aparcament-sense-garantir-el-descompte-de-residents-i-a-preus-desorbitats\/\",\"url\":\"https:\/\/www.psib-psoe.org\/eivissa\/el-psoe-denuncia-que-triguero-licitara-a-una-empresa-privada-la-gestio-dun-gran-aparcament-sense-garantir-el-descompte-de-residents-i-a-preus-desorbitats\/\",\"name\":\"El PSOE denuncia que Triguero licitar\u00e0 a una empresa privada la gesti\u00f3 d'un gran aparcament sense garantir el descompte de residents i a preus desorbitats. - Federaci\u00f3 Socialista d&#039;Eivissa\",\"isPartOf\":{\"@id\":\"https:\/\/www.psib-psoe.org\/eivissa\/#website\"},\"primaryImageOfPage\":{\"@id\":\"https:\/\/www.psib-psoe.org\/eivissa\/el-psoe-denuncia-que-triguero-licitara-a-una-empresa-privada-la-gestio-dun-gran-aparcament-sense-garantir-el-descompte-de-residents-i-a-preus-desorbitats\/#primaryimage\"},\"image\":{\"@id\":\"https:\/\/www.psib-psoe.org\/eivissa\/el-psoe-denuncia-que-triguero-licitara-a-una-empresa-privada-la-gestio-dun-gran-aparcament-sense-garantir-el-descompte-de-residents-i-a-preus-desorbitats\/#primaryimage\"},\"thumbnailUrl\":\"https:\/\/www.psib-psoe.org\/eivissa\/wp-content\/uploads\/JordiSalewski-scaled.jpg\",\"datePublished\":\"2026-02-26T16:16:38+00:00\",\"breadcrumb\":{\"@id\":\"https:\/\/www.psib-psoe.org\/eivissa\/el-psoe-denuncia-que-triguero-licitara-a-una-empresa-privada-la-gestio-dun-gran-aparcament-sense-garantir-el-descompte-de-residents-i-a-preus-desorbitats\/#breadcrumb\"},\"inLanguage\":\"ca\",\"potentialAction\":[{\"@type\":\"ReadAction\",\"target\":[\"https:\/\/www.psib-psoe.org\/eivissa\/el-psoe-denuncia-que-triguero-licitara-a-una-empresa-privada-la-gestio-dun-gran-aparcament-sense-garantir-el-descompte-de-residents-i-a-preus-desorbitats\/\"]}]},{\"@type\":\"ImageObject\",\"inLanguage\":\"ca\",\"@id\":\"https:\/\/www.psib-psoe.org\/eivissa\/el-psoe-denuncia-que-triguero-licitara-a-una-empresa-privada-la-gestio-dun-gran-aparcament-sense-garantir-el-descompte-de-residents-i-a-preus-desorbitats\/#primaryimage\",\"url\":\"https:\/\/www.psib-psoe.org\/eivissa\/wp-content\/uploads\/JordiSalewski-scaled.jpg\",\"contentUrl\":\"https:\/\/www.psib-psoe.org\/eivissa\/wp-content\/uploads\/JordiSalewski-scaled.jpg\",\"width\":2485,\"height\":2560},{\"@type\":\"BreadcrumbList\",\"@id\":\"https:\/\/www.psib-psoe.org\/eivissa\/el-psoe-denuncia-que-triguero-licitara-a-una-empresa-privada-la-gestio-dun-gran-aparcament-sense-garantir-el-descompte-de-residents-i-a-preus-desorbitats\/#breadcrumb\",\"itemListElement\":[{\"@type\":\"ListItem\",\"position\":1,\"name\":\"Inici\",\"item\":\"https:\/\/www.psib-psoe.org\/eivissa\/\"},{\"@type\":\"ListItem\",\"position\":2,\"name\":\"El PSOE denuncia que Triguero licitar\u00e0 a una empresa privada la gesti\u00f3 d&#8217;un gran aparcament sense garantir el descompte de residents i a preus desorbitats.\"}]},{\"@type\":\"WebSite\",\"@id\":\"https:\/\/www.psib-psoe.org\/eivissa\/#website\",\"url\":\"https:\/\/www.psib-psoe.org\/eivissa\/\",\"name\":\"Federaci\u00f3 Socialista d'Eivissa\",\"description\":\"Socialistes d&#039;Eivissa\",\"publisher\":{\"@id\":\"https:\/\/www.psib-psoe.org\/eivissa\/#organization\"},\"potentialAction\":[{\"@type\":\"SearchAction\",\"target\":{\"@type\":\"EntryPoint\",\"urlTemplate\":\"https:\/\/www.psib-psoe.org\/eivissa\/?s={search_term_string}\"},\"query-input\":{\"@type\":\"PropertyValueSpecification\",\"valueRequired\":true,\"valueName\":\"search_term_string\"}}],\"inLanguage\":\"ca\"},{\"@type\":\"Organization\",\"@id\":\"https:\/\/www.psib-psoe.org\/eivissa\/#organization\",\"name\":\"Federaci\u00f3 Socialista d'Eivissa\",\"url\":\"https:\/\/www.psib-psoe.org\/eivissa\/\",\"logo\":{\"@type\":\"ImageObject\",\"inLanguage\":\"ca\",\"@id\":\"https:\/\/www.psib-psoe.org\/eivissa\/#\/schema\/logo\/image\/\",\"url\":\"https:\/\/www.psib-psoe.org\/eivissa\/wp-content\/uploads\/LOGO-FSE-SOCIALISTA-DEIVISSA-HORI.png\",\"contentUrl\":\"https:\/\/www.psib-psoe.org\/eivissa\/wp-content\/uploads\/LOGO-FSE-SOCIALISTA-DEIVISSA-HORI.png\",\"width\":6000,\"height\":3104,\"caption\":\"Federaci\u00f3 Socialista d'Eivissa\"},\"image\":{\"@id\":\"https:\/\/www.psib-psoe.org\/eivissa\/#\/schema\/logo\/image\/\"}},{\"@type\":\"Person\",\"@id\":\"https:\/\/www.psib-psoe.org\/eivissa\/#\/schema\/person\/099ab3ef73a3645a1d7f303518e6ce24\",\"name\":\"adminpsib\",\"url\":\"https:\/\/www.psib-psoe.org\/eivissa\/author\/adminpsib\/\"}]}<\/script>\n<!-- \/ Yoast SEO plugin. -->","yoast_head_json":{"title":"El PSOE denuncia que Triguero licitar\u00e0 a una empresa privada la gesti\u00f3 d'un gran aparcament sense garantir el descompte de residents i a preus desorbitats. - Federaci\u00f3 Socialista d&#039;Eivissa","robots":{"index":"index","follow":"follow","max-snippet":"max-snippet:-1","max-image-preview":"max-image-preview:large","max-video-preview":"max-video-preview:-1"},"canonical":"https:\/\/www.psib-psoe.org\/eivissa\/el-psoe-denuncia-que-triguero-licitara-a-una-empresa-privada-la-gestio-dun-gran-aparcament-sense-garantir-el-descompte-de-residents-i-a-preus-desorbitats\/","og_locale":"ca_ES","og_type":"article","og_title":"El PSOE denuncia que Triguero licitar\u00e0 a una empresa privada la gesti\u00f3 d'un gran aparcament sense garantir el descompte de residents i a preus desorbitats. - Federaci\u00f3 Socialista d&#039;Eivissa","og_description":"El Ple de l&#8217;Ajuntament d&#8217;Eivissa, amb els vots del Partit Popular i de Vox, ha aprovat el Reglament municipal que regir\u00e0 el servei d&#8217;aparcament del bulevard Abel Matutes mitjan\u00e7ant el qual Triguero licitar\u00e1 la gesti\u00f3 a una empresa privada sense garantir un descompte pels residents i amb uns preus desorbitats. El regidor Jordi Salewski ha&hellip;","og_url":"https:\/\/www.psib-psoe.org\/eivissa\/el-psoe-denuncia-que-triguero-licitara-a-una-empresa-privada-la-gestio-dun-gran-aparcament-sense-garantir-el-descompte-de-residents-i-a-preus-desorbitats\/","og_site_name":"Federaci\u00f3 Socialista d&#039;Eivissa","article_published_time":"2026-02-26T16:16:38+00:00","og_image":[{"width":2485,"height":2560,"url":"https:\/\/www.psib-psoe.org\/eivissa\/wp-content\/uploads\/JordiSalewski-scaled.jpg","type":"image\/jpeg"}],"author":"adminpsib","twitter_card":"summary_large_image","twitter_misc":{"Escrit per":"adminpsib","Temps estimat de lectura":"3 minuts"},"schema":{"@context":"https:\/\/schema.org","@graph":[{"@type":["Article","BlogPosting"],"@id":"https:\/\/www.psib-psoe.org\/eivissa\/el-psoe-denuncia-que-triguero-licitara-a-una-empresa-privada-la-gestio-dun-gran-aparcament-sense-garantir-el-descompte-de-residents-i-a-preus-desorbitats\/#article","isPartOf":{"@id":"https:\/\/www.psib-psoe.org\/eivissa\/el-psoe-denuncia-que-triguero-licitara-a-una-empresa-privada-la-gestio-dun-gran-aparcament-sense-garantir-el-descompte-de-residents-i-a-preus-desorbitats\/"},"author":{"name":"adminpsib","@id":"https:\/\/www.psib-psoe.org\/eivissa\/#\/schema\/person\/099ab3ef73a3645a1d7f303518e6ce24"},"headline":"El PSOE denuncia que Triguero licitar\u00e0 a una empresa privada la gesti\u00f3 d&#8217;un gran aparcament sense garantir el descompte de residents i a preus desorbitats.","datePublished":"2026-02-26T16:16:38+00:00","mainEntityOfPage":{"@id":"https:\/\/www.psib-psoe.org\/eivissa\/el-psoe-denuncia-que-triguero-licitara-a-una-empresa-privada-la-gestio-dun-gran-aparcament-sense-garantir-el-descompte-de-residents-i-a-preus-desorbitats\/"},"wordCount":636,"publisher":{"@id":"https:\/\/www.psib-psoe.org\/eivissa\/#organization"},"image":{"@id":"https:\/\/www.psib-psoe.org\/eivissa\/el-psoe-denuncia-que-triguero-licitara-a-una-empresa-privada-la-gestio-dun-gran-aparcament-sense-garantir-el-descompte-de-residents-i-a-preus-desorbitats\/#primaryimage"},"thumbnailUrl":"https:\/\/www.psib-psoe.org\/eivissa\/wp-content\/uploads\/JordiSalewski-scaled.jpg","articleSection":["Ciutat d'Eivissa","Federaci\u00f3 d'Eivissa - Portada"],"inLanguage":"ca"},{"@type":"WebPage","@id":"https:\/\/www.psib-psoe.org\/eivissa\/el-psoe-denuncia-que-triguero-licitara-a-una-empresa-privada-la-gestio-dun-gran-aparcament-sense-garantir-el-descompte-de-residents-i-a-preus-desorbitats\/","url":"https:\/\/www.psib-psoe.org\/eivissa\/el-psoe-denuncia-que-triguero-licitara-a-una-empresa-privada-la-gestio-dun-gran-aparcament-sense-garantir-el-descompte-de-residents-i-a-preus-desorbitats\/","name":"El PSOE denuncia que Triguero licitar\u00e0 a una empresa privada la gesti\u00f3 d'un gran aparcament sense garantir el descompte de residents i a preus desorbitats. - Federaci\u00f3 Socialista d&#039;Eivissa","isPartOf":{"@id":"https:\/\/www.psib-psoe.org\/eivissa\/#website"},"primaryImageOfPage":{"@id":"https:\/\/www.psib-psoe.org\/eivissa\/el-psoe-denuncia-que-triguero-licitara-a-una-empresa-privada-la-gestio-dun-gran-aparcament-sense-garantir-el-descompte-de-residents-i-a-preus-desorbitats\/#primaryimage"},"image":{"@id":"https:\/\/www.psib-psoe.org\/eivissa\/el-psoe-denuncia-que-triguero-licitara-a-una-empresa-privada-la-gestio-dun-gran-aparcament-sense-garantir-el-descompte-de-residents-i-a-preus-desorbitats\/#primaryimage"},"thumbnailUrl":"https:\/\/www.psib-psoe.org\/eivissa\/wp-content\/uploads\/JordiSalewski-scaled.jpg","datePublished":"2026-02-26T16:16:38+00:00","breadcrumb":{"@id":"https:\/\/www.psib-psoe.org\/eivissa\/el-psoe-denuncia-que-triguero-licitara-a-una-empresa-privada-la-gestio-dun-gran-aparcament-sense-garantir-el-descompte-de-residents-i-a-preus-desorbitats\/#breadcrumb"},"inLanguage":"ca","potentialAction":[{"@type":"ReadAction","target":["https:\/\/www.psib-psoe.org\/eivissa\/el-psoe-denuncia-que-triguero-licitara-a-una-empresa-privada-la-gestio-dun-gran-aparcament-sense-garantir-el-descompte-de-residents-i-a-preus-desorbitats\/"]}]},{"@type":"ImageObject","inLanguage":"ca","@id":"https:\/\/www.psib-psoe.org\/eivissa\/el-psoe-denuncia-que-triguero-licitara-a-una-empresa-privada-la-gestio-dun-gran-aparcament-sense-garantir-el-descompte-de-residents-i-a-preus-desorbitats\/#primaryimage","url":"https:\/\/www.psib-psoe.org\/eivissa\/wp-content\/uploads\/JordiSalewski-scaled.jpg","contentUrl":"https:\/\/www.psib-psoe.org\/eivissa\/wp-content\/uploads\/JordiSalewski-scaled.jpg","width":2485,"height":2560},{"@type":"BreadcrumbList","@id":"https:\/\/www.psib-psoe.org\/eivissa\/el-psoe-denuncia-que-triguero-licitara-a-una-empresa-privada-la-gestio-dun-gran-aparcament-sense-garantir-el-descompte-de-residents-i-a-preus-desorbitats\/#breadcrumb","itemListElement":[{"@type":"ListItem","position":1,"name":"Inici","item":"https:\/\/www.psib-psoe.org\/eivissa\/"},{"@type":"ListItem","position":2,"name":"El PSOE denuncia que Triguero licitar\u00e0 a una empresa privada la gesti\u00f3 d&#8217;un gran aparcament sense garantir el descompte de residents i a preus desorbitats."}]},{"@type":"WebSite","@id":"https:\/\/www.psib-psoe.org\/eivissa\/#website","url":"https:\/\/www.psib-psoe.org\/eivissa\/","name":"Federaci\u00f3 Socialista d'Eivissa","description":"Socialistes d&#039;Eivissa","publisher":{"@id":"https:\/\/www.psib-psoe.org\/eivissa\/#organization"},"potentialAction":[{"@type":"SearchAction","target":{"@type":"EntryPoint","urlTemplate":"https:\/\/www.psib-psoe.org\/eivissa\/?s={search_term_string}"},"query-input":{"@type":"PropertyValueSpecification","valueRequired":true,"valueName":"search_term_string"}}],"inLanguage":"ca"},{"@type":"Organization","@id":"https:\/\/www.psib-psoe.org\/eivissa\/#organization","name":"Federaci\u00f3 Socialista d'Eivissa","url":"https:\/\/www.psib-psoe.org\/eivissa\/","logo":{"@type":"ImageObject","inLanguage":"ca","@id":"https:\/\/www.psib-psoe.org\/eivissa\/#\/schema\/logo\/image\/","url":"https:\/\/www.psib-psoe.org\/eivissa\/wp-content\/uploads\/LOGO-FSE-SOCIALISTA-DEIVISSA-HORI.png","contentUrl":"https:\/\/www.psib-psoe.org\/eivissa\/wp-content\/uploads\/LOGO-FSE-SOCIALISTA-DEIVISSA-HORI.png","width":6000,"height":3104,"caption":"Federaci\u00f3 Socialista d'Eivissa"},"image":{"@id":"https:\/\/www.psib-psoe.org\/eivissa\/#\/schema\/logo\/image\/"}},{"@type":"Person","@id":"https:\/\/www.psib-psoe.org\/eivissa\/#\/schema\/person\/099ab3ef73a3645a1d7f303518e6ce24","name":"adminpsib","url":"https:\/\/www.psib-psoe.org\/eivissa\/author\/adminpsib\/"}]}},"_links":{"self":[{"href":"https:\/\/www.psib-psoe.org\/eivissa\/wp-json\/wp\/v2\/posts\/41886","targetHints":{"allow":["GET"]}}],"collection":[{"href":"https:\/\/www.psib-psoe.org\/eivissa\/wp-json\/wp\/v2\/posts"}],"about":[{"href":"https:\/\/www.psib-psoe.org\/eivissa\/wp-json\/wp\/v2\/types\/post"}],"author":[{"embeddable":true,"href":"https:\/\/www.psib-psoe.org\/eivissa\/wp-json\/wp\/v2\/users\/1"}],"replies":[{"embeddable":true,"href":"https:\/\/www.psib-psoe.org\/eivissa\/wp-json\/wp\/v2\/comments?post=41886"}],"version-history":[{"count":1,"href":"https:\/\/www.psib-psoe.org\/eivissa\/wp-json\/wp\/v2\/posts\/41886\/revisions"}],"predecessor-version":[{"id":41891,"href":"https:\/\/www.psib-psoe.org\/eivissa\/wp-json\/wp\/v2\/posts\/41886\/revisions\/41891"}],"wp:featuredmedia":[{"embeddable":true,"href":"https:\/\/www.psib-psoe.org\/eivissa\/wp-json\/wp\/v2\/media\/41890"}],"wp:attachment":[{"href":"https:\/\/www.psib-psoe.org\/eivissa\/wp-json\/wp\/v2\/media?parent=41886"}],"wp:term":[{"taxonomy":"category","embeddable":true,"href":"https:\/\/www.psib-psoe.org\/eivissa\/wp-json\/wp\/v2\/categories?post=41886"},{"taxonomy":"post_tag","embeddable":true,"href":"https:\/\/www.psib-psoe.org\/eivissa\/wp-json\/wp\/v2\/tags?post=41886"}],"curies":[{"name":"wp","href":"https:\/\/api.w.org\/{rel}","templated":true}]}}