{"id":41888,"date":"2026-02-26T18:13:12","date_gmt":"2026-02-26T16:13:12","guid":{"rendered":"https:\/\/www.psib-psoe.org\/eivissa\/?p=41888"},"modified":"2026-02-26T18:13:12","modified_gmt":"2026-02-26T16:13:12","slug":"milena-herrera-exigeix-explicacions-al-pp-de-marga-prohens-lencarregat-de-defensar-en-el-congres-la-decisio-de-feijoo-de-tombar-el-decret-descut-social-desapareixen-les-ajudes-a-le","status":"publish","type":"post","link":"https:\/\/www.psib-psoe.org\/eivissa\/milena-herrera-exigeix-explicacions-al-pp-de-marga-prohens-lencarregat-de-defensar-en-el-congres-la-decisio-de-feijoo-de-tombar-el-decret-descut-social-desapareixen-les-ajudes-a-le\/","title":{"rendered":"Milena Herrera exigeix explicacions al PP de Marga Prohens, l\u2019encarregat de defensar en el Congr\u00e9s la decisi\u00f3 de Feij\u00f3o de tombar el decret d\u2019escut social: Desapareixen les ajudes a les persones m\u00e9s vulnerables, als aut\u00f2noms i l\u2019increment de recursos a les entitats p\u00fabliques"},"content":{"rendered":"\n<p>La diputada del PSIB-PSOE Milena Herrera exigeix explicacions al PP de Marga Prohens despr\u00e9s que el diputat eivissenc, Jos\u00e9 Vicente Mar\u00ed Bos\u00f3, hagi estat l\u2019encarregat de defensar en el Congr\u00e9s dels Diputats el vot en contra del seu partit al Decret d\u2019Escut Social. Una decisi\u00f3 que deixa sense protecci\u00f3 les fam\u00edlies vulnerables de les Illes Balears, a m\u00e9s d\u2019altres conseq\u00fc\u00e8ncies directes sobre els aut\u00f2noms o els recursos de les entitats p\u00fabliques.<\/p>\n\n\n\n<p>\u201cAvui el Partit Popular ha votat de manera contundent en contra dels interessos de la ciutadania de Balears. El Partit Popular de la senyora Prohens ha estat l\u2019encarregat avui aqu\u00ed, al Congr\u00e9s, de defensar que caigui l\u2019escut social, el conjunt de mesures que protegeixen la ciutadania\u201d, ha denunciat Milena Herrera.<\/p>\n\n\n\n<p>La diputada socialista ha desmentit els arguments del PP sobre la suposada protecci\u00f3 als ocupes: \u201cEl Partit Popular et dir\u00e0 que protegien els ocupes, per\u00f2 no \u00e9s cert, perqu\u00e8 aquest decret el que protegeix \u00e9s les persones a qui se\u2019ls acaba el contracte d\u2019habitatge o que es queden sense possibilitat de pagar-lo i els dona una pr\u00f2rroga durant l\u2019any 2026 perqu\u00e8 es puguin quedar a casa seva, compensant els propietaris. A m\u00e9s, \u00e9s una mesura que nom\u00e9s funciona si el propietari t\u00e9 tres o m\u00e9s habitatges i, per tant, prioritza la protecci\u00f3 de l\u2019inquil\u00ed\u201d.<\/p>\n\n\n\n<p>Per\u00f2 la caiguda del decret t\u00e9 m\u00e9s conseq\u00fc\u00e8ncies, com ha explicat la diputada socialista. Amb aquest vot, tamb\u00e9 desapareix la prohibici\u00f3 de tallar subministraments b\u00e0sics com l\u2019aigua o la llum a les persones en situaci\u00f3 de vulnerabilitat. S\u2019eliminen les deduccions fiscals per a l\u2019adquisici\u00f3 de vehicles el\u00e8ctrics i per a la millora energ\u00e8tica de les llars. Cauen les exempcions fiscals per a qui cobra ajudes de la DANA, les ajudes per a la jubilaci\u00f3 anticipada i les mesures de suport als aut\u00f2noms en r\u00e8gim de m\u00f2duls.<\/p>\n\n\n\n<p>A m\u00e9s, el decret preveia un increment de les entregues a compte a les comunitats aut\u00f2nomes del 6,5% i a les entitats locals del 8,7%, uns recursos que ara no arribaran. Milena Herrera ha advertit que \u201cquan el Partit Popular digui que la culpa de tot \u00e9s de Pedro S\u00e1nchez i que no tenen recursos per a carreteres o per a altres inversions, \u00e9s mentida. Aquests recursos addicionals que avui s\u2019aprovaven han caigut per culpa del Partit Popular.\u201d<\/p>\n\n\n\n<p>Milena Herrera ha exigit al PP de Prohens que \u201ces faci responsable davant la ciutadania de les conseq\u00fc\u00e8ncies d\u2019aquesta decisi\u00f3\u201d, i ha advertit que prioritzar l\u2019estrat\u00e8gia d\u2019oposici\u00f3 per damunt del benestar de la gent \u201cacaba perjudicant la pr\u00f2pia ciutadania que diuen representar\u201d.<\/p>\n","protected":false},"excerpt":{"rendered":"<p>La diputada del PSIB-PSOE Milena Herrera exigeix explicacions al PP de Marga Prohens despr\u00e9s que el diputat eivissenc, Jos\u00e9 Vicente Mar\u00ed Bos\u00f3, hagi estat l\u2019encarregat de defensar en el Congr\u00e9s dels Diputats el vot en contra del seu partit al Decret d\u2019Escut Social. Una decisi\u00f3 que deixa sense protecci\u00f3 les fam\u00edlies vulnerables de les Illes&hellip;<\/p>\n","protected":false},"author":1,"featured_media":41887,"comment_status":"closed","ping_status":"closed","sticky":false,"template":"","format":"standard","meta":{"footnotes":""},"categories":[1,190],"tags":[],"class_list":["post-41888","post","type-post","status-publish","format-standard","has-post-thumbnail","hentry","category-federacio-de-eivissa-portada","category-govern-despanya-congres-senat"],"yoast_head":"<!-- This site is optimized with the Yoast SEO plugin v26.9 - https:\/\/yoast.com\/product\/yoast-seo-wordpress\/ -->\n<title>Milena Herrera exigeix explicacions al PP de Marga Prohens, l\u2019encarregat de defensar en el Congr\u00e9s la decisi\u00f3 de Feij\u00f3o de tombar el decret d\u2019escut social: Desapareixen les ajudes a les persones m\u00e9s vulnerables, als aut\u00f2noms i l\u2019increment de recursos a les entitats p\u00fabliques - Federaci\u00f3 Socialista d&#039;Eivissa<\/title>\n<meta name=\"robots\" content=\"index, follow, max-snippet:-1, max-image-preview:large, max-video-preview:-1\" \/>\n<link rel=\"canonical\" href=\"https:\/\/www.psib-psoe.org\/eivissa\/milena-herrera-exigeix-explicacions-al-pp-de-marga-prohens-lencarregat-de-defensar-en-el-congres-la-decisio-de-feijoo-de-tombar-el-decret-descut-social-desapareixen-les-ajudes-a-le\/\" \/>\n<meta property=\"og:locale\" content=\"ca_ES\" \/>\n<meta property=\"og:type\" content=\"article\" \/>\n<meta property=\"og:title\" content=\"Milena Herrera exigeix explicacions al PP de Marga Prohens, l\u2019encarregat de defensar en el Congr\u00e9s la decisi\u00f3 de Feij\u00f3o de tombar el decret d\u2019escut social: Desapareixen les ajudes a les persones m\u00e9s vulnerables, als aut\u00f2noms i l\u2019increment de recursos a les entitats p\u00fabliques - Federaci\u00f3 Socialista d&#039;Eivissa\" \/>\n<meta property=\"og:description\" content=\"La diputada del PSIB-PSOE Milena Herrera exigeix explicacions al PP de Marga Prohens despr\u00e9s que el diputat eivissenc, Jos\u00e9 Vicente Mar\u00ed Bos\u00f3, hagi estat l\u2019encarregat de defensar en el Congr\u00e9s dels Diputats el vot en contra del seu partit al Decret d\u2019Escut Social. Una decisi\u00f3 que deixa sense protecci\u00f3 les fam\u00edlies vulnerables de les Illes&hellip;\" \/>\n<meta property=\"og:url\" content=\"https:\/\/www.psib-psoe.org\/eivissa\/milena-herrera-exigeix-explicacions-al-pp-de-marga-prohens-lencarregat-de-defensar-en-el-congres-la-decisio-de-feijoo-de-tombar-el-decret-descut-social-desapareixen-les-ajudes-a-le\/\" \/>\n<meta property=\"og:site_name\" content=\"Federaci\u00f3 Socialista d&#039;Eivissa\" \/>\n<meta property=\"article:published_time\" content=\"2026-02-26T16:13:12+00:00\" \/>\n<meta property=\"og:image\" content=\"https:\/\/www.psib-psoe.org\/eivissa\/wp-content\/uploads\/img_1943.jpg\" \/>\n\t<meta property=\"og:image:width\" content=\"1123\" \/>\n\t<meta property=\"og:image:height\" content=\"1194\" \/>\n\t<meta property=\"og:image:type\" content=\"image\/jpeg\" \/>\n<meta name=\"author\" content=\"adminpsib\" \/>\n<meta name=\"twitter:card\" content=\"summary_large_image\" \/>\n<meta name=\"twitter:label1\" content=\"Escrit per\" \/>\n\t<meta name=\"twitter:data1\" content=\"adminpsib\" \/>\n\t<meta name=\"twitter:label2\" content=\"Temps estimat de lectura\" \/>\n\t<meta name=\"twitter:data2\" content=\"2 minuts\" \/>\n<script type=\"application\/ld+json\" class=\"yoast-schema-graph\">{\"@context\":\"https:\/\/schema.org\",\"@graph\":[{\"@type\":[\"Article\",\"BlogPosting\"],\"@id\":\"https:\/\/www.psib-psoe.org\/eivissa\/milena-herrera-exigeix-explicacions-al-pp-de-marga-prohens-lencarregat-de-defensar-en-el-congres-la-decisio-de-feijoo-de-tombar-el-decret-descut-social-desapareixen-les-ajudes-a-le\/#article\",\"isPartOf\":{\"@id\":\"https:\/\/www.psib-psoe.org\/eivissa\/milena-herrera-exigeix-explicacions-al-pp-de-marga-prohens-lencarregat-de-defensar-en-el-congres-la-decisio-de-feijoo-de-tombar-el-decret-descut-social-desapareixen-les-ajudes-a-le\/\"},\"author\":{\"name\":\"adminpsib\",\"@id\":\"https:\/\/www.psib-psoe.org\/eivissa\/#\/schema\/person\/099ab3ef73a3645a1d7f303518e6ce24\"},\"headline\":\"Milena Herrera exigeix explicacions al PP de Marga Prohens, l\u2019encarregat de defensar en el Congr\u00e9s la decisi\u00f3 de Feij\u00f3o de tombar el decret d\u2019escut social: Desapareixen les ajudes a les persones m\u00e9s vulnerables, als aut\u00f2noms i l\u2019increment de recursos a les entitats p\u00fabliques\",\"datePublished\":\"2026-02-26T16:13:12+00:00\",\"mainEntityOfPage\":{\"@id\":\"https:\/\/www.psib-psoe.org\/eivissa\/milena-herrera-exigeix-explicacions-al-pp-de-marga-prohens-lencarregat-de-defensar-en-el-congres-la-decisio-de-feijoo-de-tombar-el-decret-descut-social-desapareixen-les-ajudes-a-le\/\"},\"wordCount\":511,\"publisher\":{\"@id\":\"https:\/\/www.psib-psoe.org\/eivissa\/#organization\"},\"image\":{\"@id\":\"https:\/\/www.psib-psoe.org\/eivissa\/milena-herrera-exigeix-explicacions-al-pp-de-marga-prohens-lencarregat-de-defensar-en-el-congres-la-decisio-de-feijoo-de-tombar-el-decret-descut-social-desapareixen-les-ajudes-a-le\/#primaryimage\"},\"thumbnailUrl\":\"https:\/\/www.psib-psoe.org\/eivissa\/wp-content\/uploads\/img_1943.jpg\",\"articleSection\":[\"Federaci\u00f3 d'Eivissa - Portada\",\"Govern d'Espanya - Congr\u00e9s - Senat - PSOE Federal\"],\"inLanguage\":\"ca\"},{\"@type\":\"WebPage\",\"@id\":\"https:\/\/www.psib-psoe.org\/eivissa\/milena-herrera-exigeix-explicacions-al-pp-de-marga-prohens-lencarregat-de-defensar-en-el-congres-la-decisio-de-feijoo-de-tombar-el-decret-descut-social-desapareixen-les-ajudes-a-le\/\",\"url\":\"https:\/\/www.psib-psoe.org\/eivissa\/milena-herrera-exigeix-explicacions-al-pp-de-marga-prohens-lencarregat-de-defensar-en-el-congres-la-decisio-de-feijoo-de-tombar-el-decret-descut-social-desapareixen-les-ajudes-a-le\/\",\"name\":\"Milena Herrera exigeix explicacions al PP de Marga Prohens, l\u2019encarregat de defensar en el Congr\u00e9s la decisi\u00f3 de Feij\u00f3o de tombar el decret d\u2019escut social: Desapareixen les ajudes a les persones m\u00e9s vulnerables, als aut\u00f2noms i l\u2019increment de recursos a les entitats p\u00fabliques - Federaci\u00f3 Socialista d&#039;Eivissa\",\"isPartOf\":{\"@id\":\"https:\/\/www.psib-psoe.org\/eivissa\/#website\"},\"primaryImageOfPage\":{\"@id\":\"https:\/\/www.psib-psoe.org\/eivissa\/milena-herrera-exigeix-explicacions-al-pp-de-marga-prohens-lencarregat-de-defensar-en-el-congres-la-decisio-de-feijoo-de-tombar-el-decret-descut-social-desapareixen-les-ajudes-a-le\/#primaryimage\"},\"image\":{\"@id\":\"https:\/\/www.psib-psoe.org\/eivissa\/milena-herrera-exigeix-explicacions-al-pp-de-marga-prohens-lencarregat-de-defensar-en-el-congres-la-decisio-de-feijoo-de-tombar-el-decret-descut-social-desapareixen-les-ajudes-a-le\/#primaryimage\"},\"thumbnailUrl\":\"https:\/\/www.psib-psoe.org\/eivissa\/wp-content\/uploads\/img_1943.jpg\",\"datePublished\":\"2026-02-26T16:13:12+00:00\",\"breadcrumb\":{\"@id\":\"https:\/\/www.psib-psoe.org\/eivissa\/milena-herrera-exigeix-explicacions-al-pp-de-marga-prohens-lencarregat-de-defensar-en-el-congres-la-decisio-de-feijoo-de-tombar-el-decret-descut-social-desapareixen-les-ajudes-a-le\/#breadcrumb\"},\"inLanguage\":\"ca\",\"potentialAction\":[{\"@type\":\"ReadAction\",\"target\":[\"https:\/\/www.psib-psoe.org\/eivissa\/milena-herrera-exigeix-explicacions-al-pp-de-marga-prohens-lencarregat-de-defensar-en-el-congres-la-decisio-de-feijoo-de-tombar-el-decret-descut-social-desapareixen-les-ajudes-a-le\/\"]}]},{\"@type\":\"ImageObject\",\"inLanguage\":\"ca\",\"@id\":\"https:\/\/www.psib-psoe.org\/eivissa\/milena-herrera-exigeix-explicacions-al-pp-de-marga-prohens-lencarregat-de-defensar-en-el-congres-la-decisio-de-feijoo-de-tombar-el-decret-descut-social-desapareixen-les-ajudes-a-le\/#primaryimage\",\"url\":\"https:\/\/www.psib-psoe.org\/eivissa\/wp-content\/uploads\/img_1943.jpg\",\"contentUrl\":\"https:\/\/www.psib-psoe.org\/eivissa\/wp-content\/uploads\/img_1943.jpg\",\"width\":1123,\"height\":1194},{\"@type\":\"BreadcrumbList\",\"@id\":\"https:\/\/www.psib-psoe.org\/eivissa\/milena-herrera-exigeix-explicacions-al-pp-de-marga-prohens-lencarregat-de-defensar-en-el-congres-la-decisio-de-feijoo-de-tombar-el-decret-descut-social-desapareixen-les-ajudes-a-le\/#breadcrumb\",\"itemListElement\":[{\"@type\":\"ListItem\",\"position\":1,\"name\":\"Inici\",\"item\":\"https:\/\/www.psib-psoe.org\/eivissa\/\"},{\"@type\":\"ListItem\",\"position\":2,\"name\":\"Milena Herrera exigeix explicacions al PP de Marga Prohens, l\u2019encarregat de defensar en el Congr\u00e9s la decisi\u00f3 de Feij\u00f3o de tombar el decret d\u2019escut social: Desapareixen les ajudes a les persones m\u00e9s vulnerables, als aut\u00f2noms i l\u2019increment de recursos a les entitats p\u00fabliques\"}]},{\"@type\":\"WebSite\",\"@id\":\"https:\/\/www.psib-psoe.org\/eivissa\/#website\",\"url\":\"https:\/\/www.psib-psoe.org\/eivissa\/\",\"name\":\"Federaci\u00f3 Socialista d'Eivissa\",\"description\":\"Socialistes d&#039;Eivissa\",\"publisher\":{\"@id\":\"https:\/\/www.psib-psoe.org\/eivissa\/#organization\"},\"potentialAction\":[{\"@type\":\"SearchAction\",\"target\":{\"@type\":\"EntryPoint\",\"urlTemplate\":\"https:\/\/www.psib-psoe.org\/eivissa\/?s={search_term_string}\"},\"query-input\":{\"@type\":\"PropertyValueSpecification\",\"valueRequired\":true,\"valueName\":\"search_term_string\"}}],\"inLanguage\":\"ca\"},{\"@type\":\"Organization\",\"@id\":\"https:\/\/www.psib-psoe.org\/eivissa\/#organization\",\"name\":\"Federaci\u00f3 Socialista d'Eivissa\",\"url\":\"https:\/\/www.psib-psoe.org\/eivissa\/\",\"logo\":{\"@type\":\"ImageObject\",\"inLanguage\":\"ca\",\"@id\":\"https:\/\/www.psib-psoe.org\/eivissa\/#\/schema\/logo\/image\/\",\"url\":\"https:\/\/www.psib-psoe.org\/eivissa\/wp-content\/uploads\/LOGO-FSE-SOCIALISTA-DEIVISSA-HORI.png\",\"contentUrl\":\"https:\/\/www.psib-psoe.org\/eivissa\/wp-content\/uploads\/LOGO-FSE-SOCIALISTA-DEIVISSA-HORI.png\",\"width\":6000,\"height\":3104,\"caption\":\"Federaci\u00f3 Socialista d'Eivissa\"},\"image\":{\"@id\":\"https:\/\/www.psib-psoe.org\/eivissa\/#\/schema\/logo\/image\/\"}},{\"@type\":\"Person\",\"@id\":\"https:\/\/www.psib-psoe.org\/eivissa\/#\/schema\/person\/099ab3ef73a3645a1d7f303518e6ce24\",\"name\":\"adminpsib\",\"url\":\"https:\/\/www.psib-psoe.org\/eivissa\/author\/adminpsib\/\"}]}<\/script>\n<!-- \/ Yoast SEO plugin. -->","yoast_head_json":{"title":"Milena Herrera exigeix explicacions al PP de Marga Prohens, l\u2019encarregat de defensar en el Congr\u00e9s la decisi\u00f3 de Feij\u00f3o de tombar el decret d\u2019escut social: Desapareixen les ajudes a les persones m\u00e9s vulnerables, als aut\u00f2noms i l\u2019increment de recursos a les entitats p\u00fabliques - Federaci\u00f3 Socialista d&#039;Eivissa","robots":{"index":"index","follow":"follow","max-snippet":"max-snippet:-1","max-image-preview":"max-image-preview:large","max-video-preview":"max-video-preview:-1"},"canonical":"https:\/\/www.psib-psoe.org\/eivissa\/milena-herrera-exigeix-explicacions-al-pp-de-marga-prohens-lencarregat-de-defensar-en-el-congres-la-decisio-de-feijoo-de-tombar-el-decret-descut-social-desapareixen-les-ajudes-a-le\/","og_locale":"ca_ES","og_type":"article","og_title":"Milena Herrera exigeix explicacions al PP de Marga Prohens, l\u2019encarregat de defensar en el Congr\u00e9s la decisi\u00f3 de Feij\u00f3o de tombar el decret d\u2019escut social: Desapareixen les ajudes a les persones m\u00e9s vulnerables, als aut\u00f2noms i l\u2019increment de recursos a les entitats p\u00fabliques - Federaci\u00f3 Socialista d&#039;Eivissa","og_description":"La diputada del PSIB-PSOE Milena Herrera exigeix explicacions al PP de Marga Prohens despr\u00e9s que el diputat eivissenc, Jos\u00e9 Vicente Mar\u00ed Bos\u00f3, hagi estat l\u2019encarregat de defensar en el Congr\u00e9s dels Diputats el vot en contra del seu partit al Decret d\u2019Escut Social. Una decisi\u00f3 que deixa sense protecci\u00f3 les fam\u00edlies vulnerables de les Illes&hellip;","og_url":"https:\/\/www.psib-psoe.org\/eivissa\/milena-herrera-exigeix-explicacions-al-pp-de-marga-prohens-lencarregat-de-defensar-en-el-congres-la-decisio-de-feijoo-de-tombar-el-decret-descut-social-desapareixen-les-ajudes-a-le\/","og_site_name":"Federaci\u00f3 Socialista d&#039;Eivissa","article_published_time":"2026-02-26T16:13:12+00:00","og_image":[{"width":1123,"height":1194,"url":"https:\/\/www.psib-psoe.org\/eivissa\/wp-content\/uploads\/img_1943.jpg","type":"image\/jpeg"}],"author":"adminpsib","twitter_card":"summary_large_image","twitter_misc":{"Escrit per":"adminpsib","Temps estimat de lectura":"2 minuts"},"schema":{"@context":"https:\/\/schema.org","@graph":[{"@type":["Article","BlogPosting"],"@id":"https:\/\/www.psib-psoe.org\/eivissa\/milena-herrera-exigeix-explicacions-al-pp-de-marga-prohens-lencarregat-de-defensar-en-el-congres-la-decisio-de-feijoo-de-tombar-el-decret-descut-social-desapareixen-les-ajudes-a-le\/#article","isPartOf":{"@id":"https:\/\/www.psib-psoe.org\/eivissa\/milena-herrera-exigeix-explicacions-al-pp-de-marga-prohens-lencarregat-de-defensar-en-el-congres-la-decisio-de-feijoo-de-tombar-el-decret-descut-social-desapareixen-les-ajudes-a-le\/"},"author":{"name":"adminpsib","@id":"https:\/\/www.psib-psoe.org\/eivissa\/#\/schema\/person\/099ab3ef73a3645a1d7f303518e6ce24"},"headline":"Milena Herrera exigeix explicacions al PP de Marga Prohens, l\u2019encarregat de defensar en el Congr\u00e9s la decisi\u00f3 de Feij\u00f3o de tombar el decret d\u2019escut social: Desapareixen les ajudes a les persones m\u00e9s vulnerables, als aut\u00f2noms i l\u2019increment de recursos a les entitats p\u00fabliques","datePublished":"2026-02-26T16:13:12+00:00","mainEntityOfPage":{"@id":"https:\/\/www.psib-psoe.org\/eivissa\/milena-herrera-exigeix-explicacions-al-pp-de-marga-prohens-lencarregat-de-defensar-en-el-congres-la-decisio-de-feijoo-de-tombar-el-decret-descut-social-desapareixen-les-ajudes-a-le\/"},"wordCount":511,"publisher":{"@id":"https:\/\/www.psib-psoe.org\/eivissa\/#organization"},"image":{"@id":"https:\/\/www.psib-psoe.org\/eivissa\/milena-herrera-exigeix-explicacions-al-pp-de-marga-prohens-lencarregat-de-defensar-en-el-congres-la-decisio-de-feijoo-de-tombar-el-decret-descut-social-desapareixen-les-ajudes-a-le\/#primaryimage"},"thumbnailUrl":"https:\/\/www.psib-psoe.org\/eivissa\/wp-content\/uploads\/img_1943.jpg","articleSection":["Federaci\u00f3 d'Eivissa - Portada","Govern d'Espanya - Congr\u00e9s - Senat - PSOE Federal"],"inLanguage":"ca"},{"@type":"WebPage","@id":"https:\/\/www.psib-psoe.org\/eivissa\/milena-herrera-exigeix-explicacions-al-pp-de-marga-prohens-lencarregat-de-defensar-en-el-congres-la-decisio-de-feijoo-de-tombar-el-decret-descut-social-desapareixen-les-ajudes-a-le\/","url":"https:\/\/www.psib-psoe.org\/eivissa\/milena-herrera-exigeix-explicacions-al-pp-de-marga-prohens-lencarregat-de-defensar-en-el-congres-la-decisio-de-feijoo-de-tombar-el-decret-descut-social-desapareixen-les-ajudes-a-le\/","name":"Milena Herrera exigeix explicacions al PP de Marga Prohens, l\u2019encarregat de defensar en el Congr\u00e9s la decisi\u00f3 de Feij\u00f3o de tombar el decret d\u2019escut social: Desapareixen les ajudes a les persones m\u00e9s vulnerables, als aut\u00f2noms i l\u2019increment de recursos a les entitats p\u00fabliques - Federaci\u00f3 Socialista d&#039;Eivissa","isPartOf":{"@id":"https:\/\/www.psib-psoe.org\/eivissa\/#website"},"primaryImageOfPage":{"@id":"https:\/\/www.psib-psoe.org\/eivissa\/milena-herrera-exigeix-explicacions-al-pp-de-marga-prohens-lencarregat-de-defensar-en-el-congres-la-decisio-de-feijoo-de-tombar-el-decret-descut-social-desapareixen-les-ajudes-a-le\/#primaryimage"},"image":{"@id":"https:\/\/www.psib-psoe.org\/eivissa\/milena-herrera-exigeix-explicacions-al-pp-de-marga-prohens-lencarregat-de-defensar-en-el-congres-la-decisio-de-feijoo-de-tombar-el-decret-descut-social-desapareixen-les-ajudes-a-le\/#primaryimage"},"thumbnailUrl":"https:\/\/www.psib-psoe.org\/eivissa\/wp-content\/uploads\/img_1943.jpg","datePublished":"2026-02-26T16:13:12+00:00","breadcrumb":{"@id":"https:\/\/www.psib-psoe.org\/eivissa\/milena-herrera-exigeix-explicacions-al-pp-de-marga-prohens-lencarregat-de-defensar-en-el-congres-la-decisio-de-feijoo-de-tombar-el-decret-descut-social-desapareixen-les-ajudes-a-le\/#breadcrumb"},"inLanguage":"ca","potentialAction":[{"@type":"ReadAction","target":["https:\/\/www.psib-psoe.org\/eivissa\/milena-herrera-exigeix-explicacions-al-pp-de-marga-prohens-lencarregat-de-defensar-en-el-congres-la-decisio-de-feijoo-de-tombar-el-decret-descut-social-desapareixen-les-ajudes-a-le\/"]}]},{"@type":"ImageObject","inLanguage":"ca","@id":"https:\/\/www.psib-psoe.org\/eivissa\/milena-herrera-exigeix-explicacions-al-pp-de-marga-prohens-lencarregat-de-defensar-en-el-congres-la-decisio-de-feijoo-de-tombar-el-decret-descut-social-desapareixen-les-ajudes-a-le\/#primaryimage","url":"https:\/\/www.psib-psoe.org\/eivissa\/wp-content\/uploads\/img_1943.jpg","contentUrl":"https:\/\/www.psib-psoe.org\/eivissa\/wp-content\/uploads\/img_1943.jpg","width":1123,"height":1194},{"@type":"BreadcrumbList","@id":"https:\/\/www.psib-psoe.org\/eivissa\/milena-herrera-exigeix-explicacions-al-pp-de-marga-prohens-lencarregat-de-defensar-en-el-congres-la-decisio-de-feijoo-de-tombar-el-decret-descut-social-desapareixen-les-ajudes-a-le\/#breadcrumb","itemListElement":[{"@type":"ListItem","position":1,"name":"Inici","item":"https:\/\/www.psib-psoe.org\/eivissa\/"},{"@type":"ListItem","position":2,"name":"Milena Herrera exigeix explicacions al PP de Marga Prohens, l\u2019encarregat de defensar en el Congr\u00e9s la decisi\u00f3 de Feij\u00f3o de tombar el decret d\u2019escut social: Desapareixen les ajudes a les persones m\u00e9s vulnerables, als aut\u00f2noms i l\u2019increment de recursos a les entitats p\u00fabliques"}]},{"@type":"WebSite","@id":"https:\/\/www.psib-psoe.org\/eivissa\/#website","url":"https:\/\/www.psib-psoe.org\/eivissa\/","name":"Federaci\u00f3 Socialista d'Eivissa","description":"Socialistes d&#039;Eivissa","publisher":{"@id":"https:\/\/www.psib-psoe.org\/eivissa\/#organization"},"potentialAction":[{"@type":"SearchAction","target":{"@type":"EntryPoint","urlTemplate":"https:\/\/www.psib-psoe.org\/eivissa\/?s={search_term_string}"},"query-input":{"@type":"PropertyValueSpecification","valueRequired":true,"valueName":"search_term_string"}}],"inLanguage":"ca"},{"@type":"Organization","@id":"https:\/\/www.psib-psoe.org\/eivissa\/#organization","name":"Federaci\u00f3 Socialista d'Eivissa","url":"https:\/\/www.psib-psoe.org\/eivissa\/","logo":{"@type":"ImageObject","inLanguage":"ca","@id":"https:\/\/www.psib-psoe.org\/eivissa\/#\/schema\/logo\/image\/","url":"https:\/\/www.psib-psoe.org\/eivissa\/wp-content\/uploads\/LOGO-FSE-SOCIALISTA-DEIVISSA-HORI.png","contentUrl":"https:\/\/www.psib-psoe.org\/eivissa\/wp-content\/uploads\/LOGO-FSE-SOCIALISTA-DEIVISSA-HORI.png","width":6000,"height":3104,"caption":"Federaci\u00f3 Socialista d'Eivissa"},"image":{"@id":"https:\/\/www.psib-psoe.org\/eivissa\/#\/schema\/logo\/image\/"}},{"@type":"Person","@id":"https:\/\/www.psib-psoe.org\/eivissa\/#\/schema\/person\/099ab3ef73a3645a1d7f303518e6ce24","name":"adminpsib","url":"https:\/\/www.psib-psoe.org\/eivissa\/author\/adminpsib\/"}]}},"_links":{"self":[{"href":"https:\/\/www.psib-psoe.org\/eivissa\/wp-json\/wp\/v2\/posts\/41888","targetHints":{"allow":["GET"]}}],"collection":[{"href":"https:\/\/www.psib-psoe.org\/eivissa\/wp-json\/wp\/v2\/posts"}],"about":[{"href":"https:\/\/www.psib-psoe.org\/eivissa\/wp-json\/wp\/v2\/types\/post"}],"author":[{"embeddable":true,"href":"https:\/\/www.psib-psoe.org\/eivissa\/wp-json\/wp\/v2\/users\/1"}],"replies":[{"embeddable":true,"href":"https:\/\/www.psib-psoe.org\/eivissa\/wp-json\/wp\/v2\/comments?post=41888"}],"version-history":[{"count":1,"href":"https:\/\/www.psib-psoe.org\/eivissa\/wp-json\/wp\/v2\/posts\/41888\/revisions"}],"predecessor-version":[{"id":41889,"href":"https:\/\/www.psib-psoe.org\/eivissa\/wp-json\/wp\/v2\/posts\/41888\/revisions\/41889"}],"wp:featuredmedia":[{"embeddable":true,"href":"https:\/\/www.psib-psoe.org\/eivissa\/wp-json\/wp\/v2\/media\/41887"}],"wp:attachment":[{"href":"https:\/\/www.psib-psoe.org\/eivissa\/wp-json\/wp\/v2\/media?parent=41888"}],"wp:term":[{"taxonomy":"category","embeddable":true,"href":"https:\/\/www.psib-psoe.org\/eivissa\/wp-json\/wp\/v2\/categories?post=41888"},{"taxonomy":"post_tag","embeddable":true,"href":"https:\/\/www.psib-psoe.org\/eivissa\/wp-json\/wp\/v2\/tags?post=41888"}],"curies":[{"name":"wp","href":"https:\/\/api.w.org\/{rel}","templated":true}]}}