{"id":41913,"date":"2026-03-03T14:12:28","date_gmt":"2026-03-03T12:12:28","guid":{"rendered":"https:\/\/www.psib-psoe.org\/eivissa\/?p=41913"},"modified":"2026-03-03T14:12:28","modified_gmt":"2026-03-03T12:12:28","slug":"el-psoe-exigeix-la-dimissio-de-carolina-escandell-pel-collapse-del-centre-de-menors-del-consell-insular-i-acusa-al-pp-de-tractar-als-infants-tutelats-com-a-deliquents-amb-lunic-objectiu-de-fe","status":"publish","type":"post","link":"https:\/\/www.psib-psoe.org\/eivissa\/el-psoe-exigeix-la-dimissio-de-carolina-escandell-pel-collapse-del-centre-de-menors-del-consell-insular-i-acusa-al-pp-de-tractar-als-infants-tutelats-com-a-deliquents-amb-lunic-objectiu-de-fe\/","title":{"rendered":"El PSOE exigeix la dimissi\u00f3 de Carolina Escandell pel col\u00b7lapse del Centre de Menors del Consell Insular i acusa al PP de tractar als infants tutelats com a deliq\u00fcents amb l\u2019\u00fanic objectiu de fer oposici\u00f3 a Pedro S\u00e1nchez"},"content":{"rendered":"<p>El grup PSOE del Consell Insular d\u2019Eivissa ha denunciat la situaci\u00f3 de &#8220;m\u00e0xima gravetat&#8221; que pateix el centre de menors de l&#8217;illa. La portaveu, Elena L\u00f3pez Bonet, ha comparegut de forma urgent per exigir responsabilitats pol\u00edtiques davant el que considera una gesti\u00f3 &#8220;nefasta&#8221; per part de l&#8217;equip de govern del Partit Popular.<\/p>\n<p>Elena L\u00f3pez Bonet ha manifestat que el col\u00b7lapse del centre no \u00e9s un fet a\u00efllat, sin\u00f3 una situaci\u00f3 que el PSOE ve denunciant des de fa temps. Segons la portaveu socialista, el Consell disposa dels recursos necessaris, per\u00f2 prefereix no utilitzar-los: &#8220;Vicent Mar\u00ed t\u00e9 80 milions d\u2019euros en el banc que no fa servir amb l\u2019excusa de qu\u00e8 ha de ser el Govern d\u2019Espanya qui ha de gastar aquests sous&#8221;.<br \/>\n&#8220;Els fa servir -els menors- com a eina per fer oposici\u00f3 en es Govern d\u2019Espanya&#8221;, ha denunciat la portaveu socialista, recordant que la compet\u00e8ncia \u00e9s exclusiva de la instituci\u00f3 insular: &#8220;Venguin d\u2019on venguin, aquest Consell Insular \u00e9s l&#8217;Estat en mat\u00e8ria de protecci\u00f3 de menors. No hi ha una altra figura&#8221;.<\/p>\n<p>Elena L\u00f3pez Bonet ha demanat que \u201csi realment necessitessin sous, per qu\u00e8 no els demanen al Govern Balear de na Marga Prohens?\u201d, recordant que \u00e9s la comunitat aut\u00f2noma qui finan\u00e7a les compet\u00e8ncies transferides al Consell Insular.<\/p>\n<p>A m\u00e9s a m\u00e9s, la portaveu del PSOE ha criticat que, mentre el centre pateix una situaci\u00f3 de col\u00b7lapse per falta de personal i d\u2019equipament, &#8220;no dimensionat per la quantitat de menors&#8221;, el Consell de Vicent Mar\u00ed prioritza altres partides, com s\u00f3n \u201cels 10 milions d\u2019euros (anuals) de promoci\u00f3 tur\u00edstica\u201d i altres despeses \u201cen festes, autobombo o en contractar v\u00eddeos tur\u00edstics amb pand\u00e8mia amb mals procediments, com ja sabem que el dur\u00e0 al banc dels acusats\u201d.<\/p>\n<p>Davant d&#8217;aquesta situaci\u00f3, el PSOE ha sol\u00b7licitat formalment que la consellera de Benestar Social, Carolina Escandell, deixi el c\u00e0rrec: \u201cDes del Partit Socialista demanam la dimissi\u00f3 de Carolina Escandell, per no exercir la seua responsabilitat i tamb\u00e9, i aix\u00f2 tamb\u00e9 volem que quedi clar, perqu\u00e8 \u00e9s una consellera que no la deixen treballar\u201d.<\/p>\n<p>Segons Elena L\u00f3pez Bonet, la consellera est\u00e0 sotmesa a les directrius ideol\u00f2giques de Vicent Mar\u00ed i de Mariano Juan de \u201cvoler tractar com a delinq\u00fcents en aquests menors\u201d amb l\u2019objectiu de fer la compet\u00e8ncia a Vox i utilitzar el Centre per atacar pol\u00edticament al Govern d\u2019Espanya.<\/p>\n","protected":false},"excerpt":{"rendered":"<p>El grup PSOE del Consell Insular d\u2019Eivissa ha denunciat la situaci\u00f3 de &#8220;m\u00e0xima gravetat&#8221; que pateix el centre de menors de l&#8217;illa. La portaveu, Elena L\u00f3pez Bonet, ha comparegut de forma urgent per exigir responsabilitats pol\u00edtiques davant el que considera una gesti\u00f3 &#8220;nefasta&#8221; per part de l&#8217;equip de govern del Partit Popular. Elena L\u00f3pez Bonet&hellip;<\/p>\n","protected":false},"author":1,"featured_media":41914,"comment_status":"closed","ping_status":"closed","sticky":false,"template":"","format":"standard","meta":{"footnotes":""},"categories":[192,1],"tags":[],"class_list":["post-41913","post","type-post","status-publish","format-standard","has-post-thumbnail","hentry","category-consell-deivissa","category-federacio-de-eivissa-portada"],"yoast_head":"<!-- This site is optimized with the Yoast SEO plugin v26.9 - https:\/\/yoast.com\/product\/yoast-seo-wordpress\/ -->\n<title>El PSOE exigeix la dimissi\u00f3 de Carolina Escandell pel col\u00b7lapse del Centre de Menors del Consell Insular i acusa al PP de tractar als infants tutelats com a deliq\u00fcents amb l\u2019\u00fanic objectiu de fer oposici\u00f3 a Pedro S\u00e1nchez - Federaci\u00f3 Socialista d&#039;Eivissa<\/title>\n<meta name=\"robots\" content=\"index, follow, max-snippet:-1, max-image-preview:large, max-video-preview:-1\" \/>\n<link rel=\"canonical\" href=\"https:\/\/www.psib-psoe.org\/eivissa\/el-psoe-exigeix-la-dimissio-de-carolina-escandell-pel-collapse-del-centre-de-menors-del-consell-insular-i-acusa-al-pp-de-tractar-als-infants-tutelats-com-a-deliquents-amb-lunic-objectiu-de-fe\/\" \/>\n<meta property=\"og:locale\" content=\"ca_ES\" \/>\n<meta property=\"og:type\" content=\"article\" \/>\n<meta property=\"og:title\" content=\"El PSOE exigeix la dimissi\u00f3 de Carolina Escandell pel col\u00b7lapse del Centre de Menors del Consell Insular i acusa al PP de tractar als infants tutelats com a deliq\u00fcents amb l\u2019\u00fanic objectiu de fer oposici\u00f3 a Pedro S\u00e1nchez - Federaci\u00f3 Socialista d&#039;Eivissa\" \/>\n<meta property=\"og:description\" content=\"El grup PSOE del Consell Insular d\u2019Eivissa ha denunciat la situaci\u00f3 de &#8220;m\u00e0xima gravetat&#8221; que pateix el centre de menors de l&#8217;illa. La portaveu, Elena L\u00f3pez Bonet, ha comparegut de forma urgent per exigir responsabilitats pol\u00edtiques davant el que considera una gesti\u00f3 &#8220;nefasta&#8221; per part de l&#8217;equip de govern del Partit Popular. Elena L\u00f3pez Bonet&hellip;\" \/>\n<meta property=\"og:url\" content=\"https:\/\/www.psib-psoe.org\/eivissa\/el-psoe-exigeix-la-dimissio-de-carolina-escandell-pel-collapse-del-centre-de-menors-del-consell-insular-i-acusa-al-pp-de-tractar-als-infants-tutelats-com-a-deliquents-amb-lunic-objectiu-de-fe\/\" \/>\n<meta property=\"og:site_name\" content=\"Federaci\u00f3 Socialista d&#039;Eivissa\" \/>\n<meta property=\"article:published_time\" content=\"2026-03-03T12:12:28+00:00\" \/>\n<meta property=\"og:image\" content=\"https:\/\/www.psib-psoe.org\/eivissa\/wp-content\/uploads\/elena-i-victor-consell.jpg\" \/>\n\t<meta property=\"og:image:width\" content=\"2052\" \/>\n\t<meta property=\"og:image:height\" content=\"1179\" \/>\n\t<meta property=\"og:image:type\" content=\"image\/jpeg\" \/>\n<meta name=\"author\" content=\"adminpsib\" \/>\n<meta name=\"twitter:card\" content=\"summary_large_image\" \/>\n<meta name=\"twitter:label1\" content=\"Escrit per\" \/>\n\t<meta name=\"twitter:data1\" content=\"adminpsib\" \/>\n\t<meta name=\"twitter:label2\" content=\"Temps estimat de lectura\" \/>\n\t<meta name=\"twitter:data2\" content=\"1 minut\" \/>\n<script type=\"application\/ld+json\" class=\"yoast-schema-graph\">{\"@context\":\"https:\/\/schema.org\",\"@graph\":[{\"@type\":[\"Article\",\"BlogPosting\"],\"@id\":\"https:\/\/www.psib-psoe.org\/eivissa\/el-psoe-exigeix-la-dimissio-de-carolina-escandell-pel-collapse-del-centre-de-menors-del-consell-insular-i-acusa-al-pp-de-tractar-als-infants-tutelats-com-a-deliquents-amb-lunic-objectiu-de-fe\/#article\",\"isPartOf\":{\"@id\":\"https:\/\/www.psib-psoe.org\/eivissa\/el-psoe-exigeix-la-dimissio-de-carolina-escandell-pel-collapse-del-centre-de-menors-del-consell-insular-i-acusa-al-pp-de-tractar-als-infants-tutelats-com-a-deliquents-amb-lunic-objectiu-de-fe\/\"},\"author\":{\"name\":\"adminpsib\",\"@id\":\"https:\/\/www.psib-psoe.org\/eivissa\/#\/schema\/person\/099ab3ef73a3645a1d7f303518e6ce24\"},\"headline\":\"El PSOE exigeix la dimissi\u00f3 de Carolina Escandell pel col\u00b7lapse del Centre de Menors del Consell Insular i acusa al PP de tractar als infants tutelats com a deliq\u00fcents amb l\u2019\u00fanic objectiu de fer oposici\u00f3 a Pedro S\u00e1nchez\",\"datePublished\":\"2026-03-03T12:12:28+00:00\",\"mainEntityOfPage\":{\"@id\":\"https:\/\/www.psib-psoe.org\/eivissa\/el-psoe-exigeix-la-dimissio-de-carolina-escandell-pel-collapse-del-centre-de-menors-del-consell-insular-i-acusa-al-pp-de-tractar-als-infants-tutelats-com-a-deliquents-amb-lunic-objectiu-de-fe\/\"},\"wordCount\":460,\"publisher\":{\"@id\":\"https:\/\/www.psib-psoe.org\/eivissa\/#organization\"},\"image\":{\"@id\":\"https:\/\/www.psib-psoe.org\/eivissa\/el-psoe-exigeix-la-dimissio-de-carolina-escandell-pel-collapse-del-centre-de-menors-del-consell-insular-i-acusa-al-pp-de-tractar-als-infants-tutelats-com-a-deliquents-amb-lunic-objectiu-de-fe\/#primaryimage\"},\"thumbnailUrl\":\"https:\/\/www.psib-psoe.org\/eivissa\/wp-content\/uploads\/elena-i-victor-consell.jpg\",\"articleSection\":[\"Consell d'Eivissa\",\"Federaci\u00f3 d'Eivissa - Portada\"],\"inLanguage\":\"ca\"},{\"@type\":\"WebPage\",\"@id\":\"https:\/\/www.psib-psoe.org\/eivissa\/el-psoe-exigeix-la-dimissio-de-carolina-escandell-pel-collapse-del-centre-de-menors-del-consell-insular-i-acusa-al-pp-de-tractar-als-infants-tutelats-com-a-deliquents-amb-lunic-objectiu-de-fe\/\",\"url\":\"https:\/\/www.psib-psoe.org\/eivissa\/el-psoe-exigeix-la-dimissio-de-carolina-escandell-pel-collapse-del-centre-de-menors-del-consell-insular-i-acusa-al-pp-de-tractar-als-infants-tutelats-com-a-deliquents-amb-lunic-objectiu-de-fe\/\",\"name\":\"El PSOE exigeix la dimissi\u00f3 de Carolina Escandell pel col\u00b7lapse del Centre de Menors del Consell Insular i acusa al PP de tractar als infants tutelats com a deliq\u00fcents amb l\u2019\u00fanic objectiu de fer oposici\u00f3 a Pedro S\u00e1nchez - Federaci\u00f3 Socialista d&#039;Eivissa\",\"isPartOf\":{\"@id\":\"https:\/\/www.psib-psoe.org\/eivissa\/#website\"},\"primaryImageOfPage\":{\"@id\":\"https:\/\/www.psib-psoe.org\/eivissa\/el-psoe-exigeix-la-dimissio-de-carolina-escandell-pel-collapse-del-centre-de-menors-del-consell-insular-i-acusa-al-pp-de-tractar-als-infants-tutelats-com-a-deliquents-amb-lunic-objectiu-de-fe\/#primaryimage\"},\"image\":{\"@id\":\"https:\/\/www.psib-psoe.org\/eivissa\/el-psoe-exigeix-la-dimissio-de-carolina-escandell-pel-collapse-del-centre-de-menors-del-consell-insular-i-acusa-al-pp-de-tractar-als-infants-tutelats-com-a-deliquents-amb-lunic-objectiu-de-fe\/#primaryimage\"},\"thumbnailUrl\":\"https:\/\/www.psib-psoe.org\/eivissa\/wp-content\/uploads\/elena-i-victor-consell.jpg\",\"datePublished\":\"2026-03-03T12:12:28+00:00\",\"breadcrumb\":{\"@id\":\"https:\/\/www.psib-psoe.org\/eivissa\/el-psoe-exigeix-la-dimissio-de-carolina-escandell-pel-collapse-del-centre-de-menors-del-consell-insular-i-acusa-al-pp-de-tractar-als-infants-tutelats-com-a-deliquents-amb-lunic-objectiu-de-fe\/#breadcrumb\"},\"inLanguage\":\"ca\",\"potentialAction\":[{\"@type\":\"ReadAction\",\"target\":[\"https:\/\/www.psib-psoe.org\/eivissa\/el-psoe-exigeix-la-dimissio-de-carolina-escandell-pel-collapse-del-centre-de-menors-del-consell-insular-i-acusa-al-pp-de-tractar-als-infants-tutelats-com-a-deliquents-amb-lunic-objectiu-de-fe\/\"]}]},{\"@type\":\"ImageObject\",\"inLanguage\":\"ca\",\"@id\":\"https:\/\/www.psib-psoe.org\/eivissa\/el-psoe-exigeix-la-dimissio-de-carolina-escandell-pel-collapse-del-centre-de-menors-del-consell-insular-i-acusa-al-pp-de-tractar-als-infants-tutelats-com-a-deliquents-amb-lunic-objectiu-de-fe\/#primaryimage\",\"url\":\"https:\/\/www.psib-psoe.org\/eivissa\/wp-content\/uploads\/elena-i-victor-consell.jpg\",\"contentUrl\":\"https:\/\/www.psib-psoe.org\/eivissa\/wp-content\/uploads\/elena-i-victor-consell.jpg\",\"width\":2052,\"height\":1179,\"caption\":\"Screenshot\"},{\"@type\":\"BreadcrumbList\",\"@id\":\"https:\/\/www.psib-psoe.org\/eivissa\/el-psoe-exigeix-la-dimissio-de-carolina-escandell-pel-collapse-del-centre-de-menors-del-consell-insular-i-acusa-al-pp-de-tractar-als-infants-tutelats-com-a-deliquents-amb-lunic-objectiu-de-fe\/#breadcrumb\",\"itemListElement\":[{\"@type\":\"ListItem\",\"position\":1,\"name\":\"Inici\",\"item\":\"https:\/\/www.psib-psoe.org\/eivissa\/\"},{\"@type\":\"ListItem\",\"position\":2,\"name\":\"El PSOE exigeix la dimissi\u00f3 de Carolina Escandell pel col\u00b7lapse del Centre de Menors del Consell Insular i acusa al PP de tractar als infants tutelats com a deliq\u00fcents amb l\u2019\u00fanic objectiu de fer oposici\u00f3 a Pedro S\u00e1nchez\"}]},{\"@type\":\"WebSite\",\"@id\":\"https:\/\/www.psib-psoe.org\/eivissa\/#website\",\"url\":\"https:\/\/www.psib-psoe.org\/eivissa\/\",\"name\":\"Federaci\u00f3 Socialista d'Eivissa\",\"description\":\"Socialistes d&#039;Eivissa\",\"publisher\":{\"@id\":\"https:\/\/www.psib-psoe.org\/eivissa\/#organization\"},\"potentialAction\":[{\"@type\":\"SearchAction\",\"target\":{\"@type\":\"EntryPoint\",\"urlTemplate\":\"https:\/\/www.psib-psoe.org\/eivissa\/?s={search_term_string}\"},\"query-input\":{\"@type\":\"PropertyValueSpecification\",\"valueRequired\":true,\"valueName\":\"search_term_string\"}}],\"inLanguage\":\"ca\"},{\"@type\":\"Organization\",\"@id\":\"https:\/\/www.psib-psoe.org\/eivissa\/#organization\",\"name\":\"Federaci\u00f3 Socialista d'Eivissa\",\"url\":\"https:\/\/www.psib-psoe.org\/eivissa\/\",\"logo\":{\"@type\":\"ImageObject\",\"inLanguage\":\"ca\",\"@id\":\"https:\/\/www.psib-psoe.org\/eivissa\/#\/schema\/logo\/image\/\",\"url\":\"https:\/\/www.psib-psoe.org\/eivissa\/wp-content\/uploads\/LOGO-FSE-SOCIALISTA-DEIVISSA-HORI.png\",\"contentUrl\":\"https:\/\/www.psib-psoe.org\/eivissa\/wp-content\/uploads\/LOGO-FSE-SOCIALISTA-DEIVISSA-HORI.png\",\"width\":6000,\"height\":3104,\"caption\":\"Federaci\u00f3 Socialista d'Eivissa\"},\"image\":{\"@id\":\"https:\/\/www.psib-psoe.org\/eivissa\/#\/schema\/logo\/image\/\"}},{\"@type\":\"Person\",\"@id\":\"https:\/\/www.psib-psoe.org\/eivissa\/#\/schema\/person\/099ab3ef73a3645a1d7f303518e6ce24\",\"name\":\"adminpsib\",\"url\":\"https:\/\/www.psib-psoe.org\/eivissa\/author\/adminpsib\/\"}]}<\/script>\n<!-- \/ Yoast SEO plugin. -->","yoast_head_json":{"title":"El PSOE exigeix la dimissi\u00f3 de Carolina Escandell pel col\u00b7lapse del Centre de Menors del Consell Insular i acusa al PP de tractar als infants tutelats com a deliq\u00fcents amb l\u2019\u00fanic objectiu de fer oposici\u00f3 a Pedro S\u00e1nchez - Federaci\u00f3 Socialista d&#039;Eivissa","robots":{"index":"index","follow":"follow","max-snippet":"max-snippet:-1","max-image-preview":"max-image-preview:large","max-video-preview":"max-video-preview:-1"},"canonical":"https:\/\/www.psib-psoe.org\/eivissa\/el-psoe-exigeix-la-dimissio-de-carolina-escandell-pel-collapse-del-centre-de-menors-del-consell-insular-i-acusa-al-pp-de-tractar-als-infants-tutelats-com-a-deliquents-amb-lunic-objectiu-de-fe\/","og_locale":"ca_ES","og_type":"article","og_title":"El PSOE exigeix la dimissi\u00f3 de Carolina Escandell pel col\u00b7lapse del Centre de Menors del Consell Insular i acusa al PP de tractar als infants tutelats com a deliq\u00fcents amb l\u2019\u00fanic objectiu de fer oposici\u00f3 a Pedro S\u00e1nchez - Federaci\u00f3 Socialista d&#039;Eivissa","og_description":"El grup PSOE del Consell Insular d\u2019Eivissa ha denunciat la situaci\u00f3 de &#8220;m\u00e0xima gravetat&#8221; que pateix el centre de menors de l&#8217;illa. La portaveu, Elena L\u00f3pez Bonet, ha comparegut de forma urgent per exigir responsabilitats pol\u00edtiques davant el que considera una gesti\u00f3 &#8220;nefasta&#8221; per part de l&#8217;equip de govern del Partit Popular. Elena L\u00f3pez Bonet&hellip;","og_url":"https:\/\/www.psib-psoe.org\/eivissa\/el-psoe-exigeix-la-dimissio-de-carolina-escandell-pel-collapse-del-centre-de-menors-del-consell-insular-i-acusa-al-pp-de-tractar-als-infants-tutelats-com-a-deliquents-amb-lunic-objectiu-de-fe\/","og_site_name":"Federaci\u00f3 Socialista d&#039;Eivissa","article_published_time":"2026-03-03T12:12:28+00:00","og_image":[{"width":2052,"height":1179,"url":"https:\/\/www.psib-psoe.org\/eivissa\/wp-content\/uploads\/elena-i-victor-consell.jpg","type":"image\/jpeg"}],"author":"adminpsib","twitter_card":"summary_large_image","twitter_misc":{"Escrit per":"adminpsib","Temps estimat de lectura":"1 minut"},"schema":{"@context":"https:\/\/schema.org","@graph":[{"@type":["Article","BlogPosting"],"@id":"https:\/\/www.psib-psoe.org\/eivissa\/el-psoe-exigeix-la-dimissio-de-carolina-escandell-pel-collapse-del-centre-de-menors-del-consell-insular-i-acusa-al-pp-de-tractar-als-infants-tutelats-com-a-deliquents-amb-lunic-objectiu-de-fe\/#article","isPartOf":{"@id":"https:\/\/www.psib-psoe.org\/eivissa\/el-psoe-exigeix-la-dimissio-de-carolina-escandell-pel-collapse-del-centre-de-menors-del-consell-insular-i-acusa-al-pp-de-tractar-als-infants-tutelats-com-a-deliquents-amb-lunic-objectiu-de-fe\/"},"author":{"name":"adminpsib","@id":"https:\/\/www.psib-psoe.org\/eivissa\/#\/schema\/person\/099ab3ef73a3645a1d7f303518e6ce24"},"headline":"El PSOE exigeix la dimissi\u00f3 de Carolina Escandell pel col\u00b7lapse del Centre de Menors del Consell Insular i acusa al PP de tractar als infants tutelats com a deliq\u00fcents amb l\u2019\u00fanic objectiu de fer oposici\u00f3 a Pedro S\u00e1nchez","datePublished":"2026-03-03T12:12:28+00:00","mainEntityOfPage":{"@id":"https:\/\/www.psib-psoe.org\/eivissa\/el-psoe-exigeix-la-dimissio-de-carolina-escandell-pel-collapse-del-centre-de-menors-del-consell-insular-i-acusa-al-pp-de-tractar-als-infants-tutelats-com-a-deliquents-amb-lunic-objectiu-de-fe\/"},"wordCount":460,"publisher":{"@id":"https:\/\/www.psib-psoe.org\/eivissa\/#organization"},"image":{"@id":"https:\/\/www.psib-psoe.org\/eivissa\/el-psoe-exigeix-la-dimissio-de-carolina-escandell-pel-collapse-del-centre-de-menors-del-consell-insular-i-acusa-al-pp-de-tractar-als-infants-tutelats-com-a-deliquents-amb-lunic-objectiu-de-fe\/#primaryimage"},"thumbnailUrl":"https:\/\/www.psib-psoe.org\/eivissa\/wp-content\/uploads\/elena-i-victor-consell.jpg","articleSection":["Consell d'Eivissa","Federaci\u00f3 d'Eivissa - Portada"],"inLanguage":"ca"},{"@type":"WebPage","@id":"https:\/\/www.psib-psoe.org\/eivissa\/el-psoe-exigeix-la-dimissio-de-carolina-escandell-pel-collapse-del-centre-de-menors-del-consell-insular-i-acusa-al-pp-de-tractar-als-infants-tutelats-com-a-deliquents-amb-lunic-objectiu-de-fe\/","url":"https:\/\/www.psib-psoe.org\/eivissa\/el-psoe-exigeix-la-dimissio-de-carolina-escandell-pel-collapse-del-centre-de-menors-del-consell-insular-i-acusa-al-pp-de-tractar-als-infants-tutelats-com-a-deliquents-amb-lunic-objectiu-de-fe\/","name":"El PSOE exigeix la dimissi\u00f3 de Carolina Escandell pel col\u00b7lapse del Centre de Menors del Consell Insular i acusa al PP de tractar als infants tutelats com a deliq\u00fcents amb l\u2019\u00fanic objectiu de fer oposici\u00f3 a Pedro S\u00e1nchez - Federaci\u00f3 Socialista d&#039;Eivissa","isPartOf":{"@id":"https:\/\/www.psib-psoe.org\/eivissa\/#website"},"primaryImageOfPage":{"@id":"https:\/\/www.psib-psoe.org\/eivissa\/el-psoe-exigeix-la-dimissio-de-carolina-escandell-pel-collapse-del-centre-de-menors-del-consell-insular-i-acusa-al-pp-de-tractar-als-infants-tutelats-com-a-deliquents-amb-lunic-objectiu-de-fe\/#primaryimage"},"image":{"@id":"https:\/\/www.psib-psoe.org\/eivissa\/el-psoe-exigeix-la-dimissio-de-carolina-escandell-pel-collapse-del-centre-de-menors-del-consell-insular-i-acusa-al-pp-de-tractar-als-infants-tutelats-com-a-deliquents-amb-lunic-objectiu-de-fe\/#primaryimage"},"thumbnailUrl":"https:\/\/www.psib-psoe.org\/eivissa\/wp-content\/uploads\/elena-i-victor-consell.jpg","datePublished":"2026-03-03T12:12:28+00:00","breadcrumb":{"@id":"https:\/\/www.psib-psoe.org\/eivissa\/el-psoe-exigeix-la-dimissio-de-carolina-escandell-pel-collapse-del-centre-de-menors-del-consell-insular-i-acusa-al-pp-de-tractar-als-infants-tutelats-com-a-deliquents-amb-lunic-objectiu-de-fe\/#breadcrumb"},"inLanguage":"ca","potentialAction":[{"@type":"ReadAction","target":["https:\/\/www.psib-psoe.org\/eivissa\/el-psoe-exigeix-la-dimissio-de-carolina-escandell-pel-collapse-del-centre-de-menors-del-consell-insular-i-acusa-al-pp-de-tractar-als-infants-tutelats-com-a-deliquents-amb-lunic-objectiu-de-fe\/"]}]},{"@type":"ImageObject","inLanguage":"ca","@id":"https:\/\/www.psib-psoe.org\/eivissa\/el-psoe-exigeix-la-dimissio-de-carolina-escandell-pel-collapse-del-centre-de-menors-del-consell-insular-i-acusa-al-pp-de-tractar-als-infants-tutelats-com-a-deliquents-amb-lunic-objectiu-de-fe\/#primaryimage","url":"https:\/\/www.psib-psoe.org\/eivissa\/wp-content\/uploads\/elena-i-victor-consell.jpg","contentUrl":"https:\/\/www.psib-psoe.org\/eivissa\/wp-content\/uploads\/elena-i-victor-consell.jpg","width":2052,"height":1179,"caption":"Screenshot"},{"@type":"BreadcrumbList","@id":"https:\/\/www.psib-psoe.org\/eivissa\/el-psoe-exigeix-la-dimissio-de-carolina-escandell-pel-collapse-del-centre-de-menors-del-consell-insular-i-acusa-al-pp-de-tractar-als-infants-tutelats-com-a-deliquents-amb-lunic-objectiu-de-fe\/#breadcrumb","itemListElement":[{"@type":"ListItem","position":1,"name":"Inici","item":"https:\/\/www.psib-psoe.org\/eivissa\/"},{"@type":"ListItem","position":2,"name":"El PSOE exigeix la dimissi\u00f3 de Carolina Escandell pel col\u00b7lapse del Centre de Menors del Consell Insular i acusa al PP de tractar als infants tutelats com a deliq\u00fcents amb l\u2019\u00fanic objectiu de fer oposici\u00f3 a Pedro S\u00e1nchez"}]},{"@type":"WebSite","@id":"https:\/\/www.psib-psoe.org\/eivissa\/#website","url":"https:\/\/www.psib-psoe.org\/eivissa\/","name":"Federaci\u00f3 Socialista d'Eivissa","description":"Socialistes d&#039;Eivissa","publisher":{"@id":"https:\/\/www.psib-psoe.org\/eivissa\/#organization"},"potentialAction":[{"@type":"SearchAction","target":{"@type":"EntryPoint","urlTemplate":"https:\/\/www.psib-psoe.org\/eivissa\/?s={search_term_string}"},"query-input":{"@type":"PropertyValueSpecification","valueRequired":true,"valueName":"search_term_string"}}],"inLanguage":"ca"},{"@type":"Organization","@id":"https:\/\/www.psib-psoe.org\/eivissa\/#organization","name":"Federaci\u00f3 Socialista d'Eivissa","url":"https:\/\/www.psib-psoe.org\/eivissa\/","logo":{"@type":"ImageObject","inLanguage":"ca","@id":"https:\/\/www.psib-psoe.org\/eivissa\/#\/schema\/logo\/image\/","url":"https:\/\/www.psib-psoe.org\/eivissa\/wp-content\/uploads\/LOGO-FSE-SOCIALISTA-DEIVISSA-HORI.png","contentUrl":"https:\/\/www.psib-psoe.org\/eivissa\/wp-content\/uploads\/LOGO-FSE-SOCIALISTA-DEIVISSA-HORI.png","width":6000,"height":3104,"caption":"Federaci\u00f3 Socialista d'Eivissa"},"image":{"@id":"https:\/\/www.psib-psoe.org\/eivissa\/#\/schema\/logo\/image\/"}},{"@type":"Person","@id":"https:\/\/www.psib-psoe.org\/eivissa\/#\/schema\/person\/099ab3ef73a3645a1d7f303518e6ce24","name":"adminpsib","url":"https:\/\/www.psib-psoe.org\/eivissa\/author\/adminpsib\/"}]}},"_links":{"self":[{"href":"https:\/\/www.psib-psoe.org\/eivissa\/wp-json\/wp\/v2\/posts\/41913","targetHints":{"allow":["GET"]}}],"collection":[{"href":"https:\/\/www.psib-psoe.org\/eivissa\/wp-json\/wp\/v2\/posts"}],"about":[{"href":"https:\/\/www.psib-psoe.org\/eivissa\/wp-json\/wp\/v2\/types\/post"}],"author":[{"embeddable":true,"href":"https:\/\/www.psib-psoe.org\/eivissa\/wp-json\/wp\/v2\/users\/1"}],"replies":[{"embeddable":true,"href":"https:\/\/www.psib-psoe.org\/eivissa\/wp-json\/wp\/v2\/comments?post=41913"}],"version-history":[{"count":1,"href":"https:\/\/www.psib-psoe.org\/eivissa\/wp-json\/wp\/v2\/posts\/41913\/revisions"}],"predecessor-version":[{"id":41915,"href":"https:\/\/www.psib-psoe.org\/eivissa\/wp-json\/wp\/v2\/posts\/41913\/revisions\/41915"}],"wp:featuredmedia":[{"embeddable":true,"href":"https:\/\/www.psib-psoe.org\/eivissa\/wp-json\/wp\/v2\/media\/41914"}],"wp:attachment":[{"href":"https:\/\/www.psib-psoe.org\/eivissa\/wp-json\/wp\/v2\/media?parent=41913"}],"wp:term":[{"taxonomy":"category","embeddable":true,"href":"https:\/\/www.psib-psoe.org\/eivissa\/wp-json\/wp\/v2\/categories?post=41913"},{"taxonomy":"post_tag","embeddable":true,"href":"https:\/\/www.psib-psoe.org\/eivissa\/wp-json\/wp\/v2\/tags?post=41913"}],"curies":[{"name":"wp","href":"https:\/\/api.w.org\/{rel}","templated":true}]}}