{"id":41921,"date":"2026-03-05T13:31:59","date_gmt":"2026-03-05T11:31:59","guid":{"rendered":"https:\/\/www.psib-psoe.org\/eivissa\/?p=41921"},"modified":"2026-03-05T13:31:59","modified_gmt":"2026-03-05T11:31:59","slug":"el-parlament-aprova-una-iniciativa-del-psoe-per-reforcar-la-lluita-contra-la-pesca-furtiva-a-eivissa-i-formentera","status":"publish","type":"post","link":"https:\/\/www.psib-psoe.org\/eivissa\/el-parlament-aprova-una-iniciativa-del-psoe-per-reforcar-la-lluita-contra-la-pesca-furtiva-a-eivissa-i-formentera\/","title":{"rendered":"El Parlament aprova una iniciativa del PSOE per refor\u00e7ar la lluita contra la pesca furtiva a Eivissa i Formentera"},"content":{"rendered":"<p>La Comissi\u00f3 d\u2019Economia del Parlament de les Illes Balears ha aprovat avui per unanimitat una Proposici\u00f3 No de Llei (PNL) presentada pel Grup Parlamentari Socialista per combatre l&#8217;increment de la pesca furtiva i la comercialitzaci\u00f3 il\u00b7legal de productes pesquers a les Piti\u00fcses. El diputat eivissenc del PSOE Marco Guerrero, encarregat de defensar la iniciativa, ha subratllat que el furtivisme &#8220;no nom\u00e9s posa en risc els nostres ecosistemes marins, sin\u00f3 que suposa una compet\u00e8ncia deslleial inacceptable per als professionals i restaurants que s\u00ed que compleixen la llei&#8221;.<\/p>\n<p>Durant la seva intervenci\u00f3, Marco Guerrero ha destacat la import\u00e0ncia d&#8217;atendre les demandes del sector: &#8220;Avui feim un pas endavant per escoltar el col\u00b7lectiu de pescadors recreatius, que han recollit prop de 4.000 signatures reclamant una regulaci\u00f3 espec\u00edfica i sostenible&#8221;. El diputat ha recordat que la mar \u00e9s un b\u00e9 limitat i que la seva protecci\u00f3 &#8220;passa inevitablement per augmentar els controls i fer complir la legalitat&#8221;.<\/p>\n<p>El text finalment acordat estableix, en primer lloc, el comprom\u00eds del Parlament per instar el Govern de les Illes Balears a tenir en consideraci\u00f3 les reclamacions i les signatures presentades pel col\u00b7lectiu de pescadors recreatius d&#8217;Eivissa, que demanen avan\u00e7ar cap a una regulaci\u00f3 espec\u00edfica que sigui capa\u00e7 de garantir una pr\u00e0ctica de l&#8217;activitat sostenible i compatible amb la preservaci\u00f3 del medi mar\u00ed.<\/p>\n<p>Pel que fa a la vigil\u00e0ncia directa, l&#8217;acord insta les administracions competents a refor\u00e7ar els controls contra la pesca furtiva a les aig\u00fces d&#8217;Eivissa i Formentera. Per fer-ho efectiu, es demana un increment de la pres\u00e8ncia d&#8217;inspectors i una millora de la coordinaci\u00f3 operativa entre la Direcci\u00f3 General de Pesca, el SEPRONA i les confraries de pescadors.<\/p>\n<p>Aix\u00ed mateix, s&#8217;ha aprovat instar les administracions competents a intensificar les inspeccions en tots els establiments que comercialitzen o serveixen productes pesquers, com ara restaurants, hotels o peixateries. Aquestes actuacions se centraran a verificar l&#8217;origen i la tra\u00e7abilitat del peix per garantir amb total seguretat que el producte prov\u00e9 exclusivament de fonts legals i autoritzades.<\/p>\n<p>Finalment, el Parlament demana al Govern de les Illes Balears que impulsi campanyes de sensibilitzaci\u00f3 i formaci\u00f3 sobre pesca responsable i tra\u00e7abilitat. Aquestes accions aniran adre\u00e7ades tant als pescadors recreatius com als professionals del sector de la restauraci\u00f3, amb la finalitat de fomentar la corresponsabilitat en la protecci\u00f3 dels recursos marins de les Piti\u00fcses.<\/p>\n","protected":false},"excerpt":{"rendered":"<p>La Comissi\u00f3 d\u2019Economia del Parlament de les Illes Balears ha aprovat avui per unanimitat una Proposici\u00f3 No de Llei (PNL) presentada pel Grup Parlamentari Socialista per combatre l&#8217;increment de la pesca furtiva i la comercialitzaci\u00f3 il\u00b7legal de productes pesquers a les Piti\u00fcses. El diputat eivissenc del PSOE Marco Guerrero, encarregat de defensar la iniciativa, ha&hellip;<\/p>\n","protected":false},"author":1,"featured_media":41922,"comment_status":"closed","ping_status":"closed","sticky":false,"template":"","format":"standard","meta":{"footnotes":""},"categories":[1,191],"tags":[],"class_list":["post-41921","post","type-post","status-publish","format-standard","has-post-thumbnail","hentry","category-federacio-de-eivissa-portada","category-govern-de-les-illes-balears-parlament"],"yoast_head":"<!-- This site is optimized with the Yoast SEO plugin v26.9 - https:\/\/yoast.com\/product\/yoast-seo-wordpress\/ -->\n<title>El Parlament aprova una iniciativa del PSOE per refor\u00e7ar la lluita contra la pesca furtiva a Eivissa i Formentera - Federaci\u00f3 Socialista d&#039;Eivissa<\/title>\n<meta name=\"robots\" content=\"index, follow, max-snippet:-1, max-image-preview:large, max-video-preview:-1\" \/>\n<link rel=\"canonical\" href=\"https:\/\/www.psib-psoe.org\/eivissa\/el-parlament-aprova-una-iniciativa-del-psoe-per-reforcar-la-lluita-contra-la-pesca-furtiva-a-eivissa-i-formentera\/\" \/>\n<meta property=\"og:locale\" content=\"ca_ES\" \/>\n<meta property=\"og:type\" content=\"article\" \/>\n<meta property=\"og:title\" content=\"El Parlament aprova una iniciativa del PSOE per refor\u00e7ar la lluita contra la pesca furtiva a Eivissa i Formentera - Federaci\u00f3 Socialista d&#039;Eivissa\" \/>\n<meta property=\"og:description\" content=\"La Comissi\u00f3 d\u2019Economia del Parlament de les Illes Balears ha aprovat avui per unanimitat una Proposici\u00f3 No de Llei (PNL) presentada pel Grup Parlamentari Socialista per combatre l&#8217;increment de la pesca furtiva i la comercialitzaci\u00f3 il\u00b7legal de productes pesquers a les Piti\u00fcses. El diputat eivissenc del PSOE Marco Guerrero, encarregat de defensar la iniciativa, ha&hellip;\" \/>\n<meta property=\"og:url\" content=\"https:\/\/www.psib-psoe.org\/eivissa\/el-parlament-aprova-una-iniciativa-del-psoe-per-reforcar-la-lluita-contra-la-pesca-furtiva-a-eivissa-i-formentera\/\" \/>\n<meta property=\"og:site_name\" content=\"Federaci\u00f3 Socialista d&#039;Eivissa\" \/>\n<meta property=\"article:published_time\" content=\"2026-03-05T11:31:59+00:00\" \/>\n<meta property=\"og:image\" content=\"https:\/\/www.psib-psoe.org\/eivissa\/wp-content\/uploads\/marco-guerrero-pesca-furtiva.png\" \/>\n\t<meta property=\"og:image:width\" content=\"1968\" \/>\n\t<meta property=\"og:image:height\" content=\"1179\" \/>\n\t<meta property=\"og:image:type\" content=\"image\/png\" \/>\n<meta name=\"author\" content=\"adminpsib\" \/>\n<meta name=\"twitter:card\" content=\"summary_large_image\" \/>\n<meta name=\"twitter:label1\" content=\"Escrit per\" \/>\n\t<meta name=\"twitter:data1\" content=\"adminpsib\" \/>\n\t<meta name=\"twitter:label2\" content=\"Temps estimat de lectura\" \/>\n\t<meta name=\"twitter:data2\" content=\"1 minut\" \/>\n<script type=\"application\/ld+json\" class=\"yoast-schema-graph\">{\"@context\":\"https:\/\/schema.org\",\"@graph\":[{\"@type\":[\"Article\",\"BlogPosting\"],\"@id\":\"https:\/\/www.psib-psoe.org\/eivissa\/el-parlament-aprova-una-iniciativa-del-psoe-per-reforcar-la-lluita-contra-la-pesca-furtiva-a-eivissa-i-formentera\/#article\",\"isPartOf\":{\"@id\":\"https:\/\/www.psib-psoe.org\/eivissa\/el-parlament-aprova-una-iniciativa-del-psoe-per-reforcar-la-lluita-contra-la-pesca-furtiva-a-eivissa-i-formentera\/\"},\"author\":{\"name\":\"adminpsib\",\"@id\":\"https:\/\/www.psib-psoe.org\/eivissa\/#\/schema\/person\/099ab3ef73a3645a1d7f303518e6ce24\"},\"headline\":\"El Parlament aprova una iniciativa del PSOE per refor\u00e7ar la lluita contra la pesca furtiva a Eivissa i Formentera\",\"datePublished\":\"2026-03-05T11:31:59+00:00\",\"mainEntityOfPage\":{\"@id\":\"https:\/\/www.psib-psoe.org\/eivissa\/el-parlament-aprova-una-iniciativa-del-psoe-per-reforcar-la-lluita-contra-la-pesca-furtiva-a-eivissa-i-formentera\/\"},\"wordCount\":421,\"publisher\":{\"@id\":\"https:\/\/www.psib-psoe.org\/eivissa\/#organization\"},\"image\":{\"@id\":\"https:\/\/www.psib-psoe.org\/eivissa\/el-parlament-aprova-una-iniciativa-del-psoe-per-reforcar-la-lluita-contra-la-pesca-furtiva-a-eivissa-i-formentera\/#primaryimage\"},\"thumbnailUrl\":\"https:\/\/www.psib-psoe.org\/eivissa\/wp-content\/uploads\/marco-guerrero-pesca-furtiva.png\",\"articleSection\":[\"Federaci\u00f3 d'Eivissa - Portada\",\"Govern de les Illes Balears - Parlament - PSIB-PSOE\"],\"inLanguage\":\"ca\"},{\"@type\":\"WebPage\",\"@id\":\"https:\/\/www.psib-psoe.org\/eivissa\/el-parlament-aprova-una-iniciativa-del-psoe-per-reforcar-la-lluita-contra-la-pesca-furtiva-a-eivissa-i-formentera\/\",\"url\":\"https:\/\/www.psib-psoe.org\/eivissa\/el-parlament-aprova-una-iniciativa-del-psoe-per-reforcar-la-lluita-contra-la-pesca-furtiva-a-eivissa-i-formentera\/\",\"name\":\"El Parlament aprova una iniciativa del PSOE per refor\u00e7ar la lluita contra la pesca furtiva a Eivissa i Formentera - Federaci\u00f3 Socialista d&#039;Eivissa\",\"isPartOf\":{\"@id\":\"https:\/\/www.psib-psoe.org\/eivissa\/#website\"},\"primaryImageOfPage\":{\"@id\":\"https:\/\/www.psib-psoe.org\/eivissa\/el-parlament-aprova-una-iniciativa-del-psoe-per-reforcar-la-lluita-contra-la-pesca-furtiva-a-eivissa-i-formentera\/#primaryimage\"},\"image\":{\"@id\":\"https:\/\/www.psib-psoe.org\/eivissa\/el-parlament-aprova-una-iniciativa-del-psoe-per-reforcar-la-lluita-contra-la-pesca-furtiva-a-eivissa-i-formentera\/#primaryimage\"},\"thumbnailUrl\":\"https:\/\/www.psib-psoe.org\/eivissa\/wp-content\/uploads\/marco-guerrero-pesca-furtiva.png\",\"datePublished\":\"2026-03-05T11:31:59+00:00\",\"breadcrumb\":{\"@id\":\"https:\/\/www.psib-psoe.org\/eivissa\/el-parlament-aprova-una-iniciativa-del-psoe-per-reforcar-la-lluita-contra-la-pesca-furtiva-a-eivissa-i-formentera\/#breadcrumb\"},\"inLanguage\":\"ca\",\"potentialAction\":[{\"@type\":\"ReadAction\",\"target\":[\"https:\/\/www.psib-psoe.org\/eivissa\/el-parlament-aprova-una-iniciativa-del-psoe-per-reforcar-la-lluita-contra-la-pesca-furtiva-a-eivissa-i-formentera\/\"]}]},{\"@type\":\"ImageObject\",\"inLanguage\":\"ca\",\"@id\":\"https:\/\/www.psib-psoe.org\/eivissa\/el-parlament-aprova-una-iniciativa-del-psoe-per-reforcar-la-lluita-contra-la-pesca-furtiva-a-eivissa-i-formentera\/#primaryimage\",\"url\":\"https:\/\/www.psib-psoe.org\/eivissa\/wp-content\/uploads\/marco-guerrero-pesca-furtiva.png\",\"contentUrl\":\"https:\/\/www.psib-psoe.org\/eivissa\/wp-content\/uploads\/marco-guerrero-pesca-furtiva.png\",\"width\":1968,\"height\":1179},{\"@type\":\"BreadcrumbList\",\"@id\":\"https:\/\/www.psib-psoe.org\/eivissa\/el-parlament-aprova-una-iniciativa-del-psoe-per-reforcar-la-lluita-contra-la-pesca-furtiva-a-eivissa-i-formentera\/#breadcrumb\",\"itemListElement\":[{\"@type\":\"ListItem\",\"position\":1,\"name\":\"Inici\",\"item\":\"https:\/\/www.psib-psoe.org\/eivissa\/\"},{\"@type\":\"ListItem\",\"position\":2,\"name\":\"El Parlament aprova una iniciativa del PSOE per refor\u00e7ar la lluita contra la pesca furtiva a Eivissa i Formentera\"}]},{\"@type\":\"WebSite\",\"@id\":\"https:\/\/www.psib-psoe.org\/eivissa\/#website\",\"url\":\"https:\/\/www.psib-psoe.org\/eivissa\/\",\"name\":\"Federaci\u00f3 Socialista d'Eivissa\",\"description\":\"Socialistes d&#039;Eivissa\",\"publisher\":{\"@id\":\"https:\/\/www.psib-psoe.org\/eivissa\/#organization\"},\"potentialAction\":[{\"@type\":\"SearchAction\",\"target\":{\"@type\":\"EntryPoint\",\"urlTemplate\":\"https:\/\/www.psib-psoe.org\/eivissa\/?s={search_term_string}\"},\"query-input\":{\"@type\":\"PropertyValueSpecification\",\"valueRequired\":true,\"valueName\":\"search_term_string\"}}],\"inLanguage\":\"ca\"},{\"@type\":\"Organization\",\"@id\":\"https:\/\/www.psib-psoe.org\/eivissa\/#organization\",\"name\":\"Federaci\u00f3 Socialista d'Eivissa\",\"url\":\"https:\/\/www.psib-psoe.org\/eivissa\/\",\"logo\":{\"@type\":\"ImageObject\",\"inLanguage\":\"ca\",\"@id\":\"https:\/\/www.psib-psoe.org\/eivissa\/#\/schema\/logo\/image\/\",\"url\":\"https:\/\/www.psib-psoe.org\/eivissa\/wp-content\/uploads\/LOGO-FSE-SOCIALISTA-DEIVISSA-HORI.png\",\"contentUrl\":\"https:\/\/www.psib-psoe.org\/eivissa\/wp-content\/uploads\/LOGO-FSE-SOCIALISTA-DEIVISSA-HORI.png\",\"width\":6000,\"height\":3104,\"caption\":\"Federaci\u00f3 Socialista d'Eivissa\"},\"image\":{\"@id\":\"https:\/\/www.psib-psoe.org\/eivissa\/#\/schema\/logo\/image\/\"}},{\"@type\":\"Person\",\"@id\":\"https:\/\/www.psib-psoe.org\/eivissa\/#\/schema\/person\/099ab3ef73a3645a1d7f303518e6ce24\",\"name\":\"adminpsib\",\"url\":\"https:\/\/www.psib-psoe.org\/eivissa\/author\/adminpsib\/\"}]}<\/script>\n<!-- \/ Yoast SEO plugin. -->","yoast_head_json":{"title":"El Parlament aprova una iniciativa del PSOE per refor\u00e7ar la lluita contra la pesca furtiva a Eivissa i Formentera - Federaci\u00f3 Socialista d&#039;Eivissa","robots":{"index":"index","follow":"follow","max-snippet":"max-snippet:-1","max-image-preview":"max-image-preview:large","max-video-preview":"max-video-preview:-1"},"canonical":"https:\/\/www.psib-psoe.org\/eivissa\/el-parlament-aprova-una-iniciativa-del-psoe-per-reforcar-la-lluita-contra-la-pesca-furtiva-a-eivissa-i-formentera\/","og_locale":"ca_ES","og_type":"article","og_title":"El Parlament aprova una iniciativa del PSOE per refor\u00e7ar la lluita contra la pesca furtiva a Eivissa i Formentera - Federaci\u00f3 Socialista d&#039;Eivissa","og_description":"La Comissi\u00f3 d\u2019Economia del Parlament de les Illes Balears ha aprovat avui per unanimitat una Proposici\u00f3 No de Llei (PNL) presentada pel Grup Parlamentari Socialista per combatre l&#8217;increment de la pesca furtiva i la comercialitzaci\u00f3 il\u00b7legal de productes pesquers a les Piti\u00fcses. El diputat eivissenc del PSOE Marco Guerrero, encarregat de defensar la iniciativa, ha&hellip;","og_url":"https:\/\/www.psib-psoe.org\/eivissa\/el-parlament-aprova-una-iniciativa-del-psoe-per-reforcar-la-lluita-contra-la-pesca-furtiva-a-eivissa-i-formentera\/","og_site_name":"Federaci\u00f3 Socialista d&#039;Eivissa","article_published_time":"2026-03-05T11:31:59+00:00","og_image":[{"width":1968,"height":1179,"url":"https:\/\/www.psib-psoe.org\/eivissa\/wp-content\/uploads\/marco-guerrero-pesca-furtiva.png","type":"image\/png"}],"author":"adminpsib","twitter_card":"summary_large_image","twitter_misc":{"Escrit per":"adminpsib","Temps estimat de lectura":"1 minut"},"schema":{"@context":"https:\/\/schema.org","@graph":[{"@type":["Article","BlogPosting"],"@id":"https:\/\/www.psib-psoe.org\/eivissa\/el-parlament-aprova-una-iniciativa-del-psoe-per-reforcar-la-lluita-contra-la-pesca-furtiva-a-eivissa-i-formentera\/#article","isPartOf":{"@id":"https:\/\/www.psib-psoe.org\/eivissa\/el-parlament-aprova-una-iniciativa-del-psoe-per-reforcar-la-lluita-contra-la-pesca-furtiva-a-eivissa-i-formentera\/"},"author":{"name":"adminpsib","@id":"https:\/\/www.psib-psoe.org\/eivissa\/#\/schema\/person\/099ab3ef73a3645a1d7f303518e6ce24"},"headline":"El Parlament aprova una iniciativa del PSOE per refor\u00e7ar la lluita contra la pesca furtiva a Eivissa i Formentera","datePublished":"2026-03-05T11:31:59+00:00","mainEntityOfPage":{"@id":"https:\/\/www.psib-psoe.org\/eivissa\/el-parlament-aprova-una-iniciativa-del-psoe-per-reforcar-la-lluita-contra-la-pesca-furtiva-a-eivissa-i-formentera\/"},"wordCount":421,"publisher":{"@id":"https:\/\/www.psib-psoe.org\/eivissa\/#organization"},"image":{"@id":"https:\/\/www.psib-psoe.org\/eivissa\/el-parlament-aprova-una-iniciativa-del-psoe-per-reforcar-la-lluita-contra-la-pesca-furtiva-a-eivissa-i-formentera\/#primaryimage"},"thumbnailUrl":"https:\/\/www.psib-psoe.org\/eivissa\/wp-content\/uploads\/marco-guerrero-pesca-furtiva.png","articleSection":["Federaci\u00f3 d'Eivissa - Portada","Govern de les Illes Balears - Parlament - PSIB-PSOE"],"inLanguage":"ca"},{"@type":"WebPage","@id":"https:\/\/www.psib-psoe.org\/eivissa\/el-parlament-aprova-una-iniciativa-del-psoe-per-reforcar-la-lluita-contra-la-pesca-furtiva-a-eivissa-i-formentera\/","url":"https:\/\/www.psib-psoe.org\/eivissa\/el-parlament-aprova-una-iniciativa-del-psoe-per-reforcar-la-lluita-contra-la-pesca-furtiva-a-eivissa-i-formentera\/","name":"El Parlament aprova una iniciativa del PSOE per refor\u00e7ar la lluita contra la pesca furtiva a Eivissa i Formentera - Federaci\u00f3 Socialista d&#039;Eivissa","isPartOf":{"@id":"https:\/\/www.psib-psoe.org\/eivissa\/#website"},"primaryImageOfPage":{"@id":"https:\/\/www.psib-psoe.org\/eivissa\/el-parlament-aprova-una-iniciativa-del-psoe-per-reforcar-la-lluita-contra-la-pesca-furtiva-a-eivissa-i-formentera\/#primaryimage"},"image":{"@id":"https:\/\/www.psib-psoe.org\/eivissa\/el-parlament-aprova-una-iniciativa-del-psoe-per-reforcar-la-lluita-contra-la-pesca-furtiva-a-eivissa-i-formentera\/#primaryimage"},"thumbnailUrl":"https:\/\/www.psib-psoe.org\/eivissa\/wp-content\/uploads\/marco-guerrero-pesca-furtiva.png","datePublished":"2026-03-05T11:31:59+00:00","breadcrumb":{"@id":"https:\/\/www.psib-psoe.org\/eivissa\/el-parlament-aprova-una-iniciativa-del-psoe-per-reforcar-la-lluita-contra-la-pesca-furtiva-a-eivissa-i-formentera\/#breadcrumb"},"inLanguage":"ca","potentialAction":[{"@type":"ReadAction","target":["https:\/\/www.psib-psoe.org\/eivissa\/el-parlament-aprova-una-iniciativa-del-psoe-per-reforcar-la-lluita-contra-la-pesca-furtiva-a-eivissa-i-formentera\/"]}]},{"@type":"ImageObject","inLanguage":"ca","@id":"https:\/\/www.psib-psoe.org\/eivissa\/el-parlament-aprova-una-iniciativa-del-psoe-per-reforcar-la-lluita-contra-la-pesca-furtiva-a-eivissa-i-formentera\/#primaryimage","url":"https:\/\/www.psib-psoe.org\/eivissa\/wp-content\/uploads\/marco-guerrero-pesca-furtiva.png","contentUrl":"https:\/\/www.psib-psoe.org\/eivissa\/wp-content\/uploads\/marco-guerrero-pesca-furtiva.png","width":1968,"height":1179},{"@type":"BreadcrumbList","@id":"https:\/\/www.psib-psoe.org\/eivissa\/el-parlament-aprova-una-iniciativa-del-psoe-per-reforcar-la-lluita-contra-la-pesca-furtiva-a-eivissa-i-formentera\/#breadcrumb","itemListElement":[{"@type":"ListItem","position":1,"name":"Inici","item":"https:\/\/www.psib-psoe.org\/eivissa\/"},{"@type":"ListItem","position":2,"name":"El Parlament aprova una iniciativa del PSOE per refor\u00e7ar la lluita contra la pesca furtiva a Eivissa i Formentera"}]},{"@type":"WebSite","@id":"https:\/\/www.psib-psoe.org\/eivissa\/#website","url":"https:\/\/www.psib-psoe.org\/eivissa\/","name":"Federaci\u00f3 Socialista d'Eivissa","description":"Socialistes d&#039;Eivissa","publisher":{"@id":"https:\/\/www.psib-psoe.org\/eivissa\/#organization"},"potentialAction":[{"@type":"SearchAction","target":{"@type":"EntryPoint","urlTemplate":"https:\/\/www.psib-psoe.org\/eivissa\/?s={search_term_string}"},"query-input":{"@type":"PropertyValueSpecification","valueRequired":true,"valueName":"search_term_string"}}],"inLanguage":"ca"},{"@type":"Organization","@id":"https:\/\/www.psib-psoe.org\/eivissa\/#organization","name":"Federaci\u00f3 Socialista d'Eivissa","url":"https:\/\/www.psib-psoe.org\/eivissa\/","logo":{"@type":"ImageObject","inLanguage":"ca","@id":"https:\/\/www.psib-psoe.org\/eivissa\/#\/schema\/logo\/image\/","url":"https:\/\/www.psib-psoe.org\/eivissa\/wp-content\/uploads\/LOGO-FSE-SOCIALISTA-DEIVISSA-HORI.png","contentUrl":"https:\/\/www.psib-psoe.org\/eivissa\/wp-content\/uploads\/LOGO-FSE-SOCIALISTA-DEIVISSA-HORI.png","width":6000,"height":3104,"caption":"Federaci\u00f3 Socialista d'Eivissa"},"image":{"@id":"https:\/\/www.psib-psoe.org\/eivissa\/#\/schema\/logo\/image\/"}},{"@type":"Person","@id":"https:\/\/www.psib-psoe.org\/eivissa\/#\/schema\/person\/099ab3ef73a3645a1d7f303518e6ce24","name":"adminpsib","url":"https:\/\/www.psib-psoe.org\/eivissa\/author\/adminpsib\/"}]}},"_links":{"self":[{"href":"https:\/\/www.psib-psoe.org\/eivissa\/wp-json\/wp\/v2\/posts\/41921","targetHints":{"allow":["GET"]}}],"collection":[{"href":"https:\/\/www.psib-psoe.org\/eivissa\/wp-json\/wp\/v2\/posts"}],"about":[{"href":"https:\/\/www.psib-psoe.org\/eivissa\/wp-json\/wp\/v2\/types\/post"}],"author":[{"embeddable":true,"href":"https:\/\/www.psib-psoe.org\/eivissa\/wp-json\/wp\/v2\/users\/1"}],"replies":[{"embeddable":true,"href":"https:\/\/www.psib-psoe.org\/eivissa\/wp-json\/wp\/v2\/comments?post=41921"}],"version-history":[{"count":1,"href":"https:\/\/www.psib-psoe.org\/eivissa\/wp-json\/wp\/v2\/posts\/41921\/revisions"}],"predecessor-version":[{"id":41923,"href":"https:\/\/www.psib-psoe.org\/eivissa\/wp-json\/wp\/v2\/posts\/41921\/revisions\/41923"}],"wp:featuredmedia":[{"embeddable":true,"href":"https:\/\/www.psib-psoe.org\/eivissa\/wp-json\/wp\/v2\/media\/41922"}],"wp:attachment":[{"href":"https:\/\/www.psib-psoe.org\/eivissa\/wp-json\/wp\/v2\/media?parent=41921"}],"wp:term":[{"taxonomy":"category","embeddable":true,"href":"https:\/\/www.psib-psoe.org\/eivissa\/wp-json\/wp\/v2\/categories?post=41921"},{"taxonomy":"post_tag","embeddable":true,"href":"https:\/\/www.psib-psoe.org\/eivissa\/wp-json\/wp\/v2\/tags?post=41921"}],"curies":[{"name":"wp","href":"https:\/\/api.w.org\/{rel}","templated":true}]}}