{"id":41926,"date":"2026-03-06T12:05:53","date_gmt":"2026-03-06T10:05:53","guid":{"rendered":"https:\/\/www.psib-psoe.org\/eivissa\/?p=41926"},"modified":"2026-03-06T12:05:53","modified_gmt":"2026-03-06T10:05:53","slug":"el-parlament-aprova-la-proposta-del-psoe-per-enfocar-la-formacio-de-guies-de-medi-natural-cap-al-sector-nautic-i-mari-que-necessita-eivissa","status":"publish","type":"post","link":"https:\/\/www.psib-psoe.org\/eivissa\/el-parlament-aprova-la-proposta-del-psoe-per-enfocar-la-formacio-de-guies-de-medi-natural-cap-al-sector-nautic-i-mari-que-necessita-eivissa\/","title":{"rendered":"El Parlament aprova la proposta del PSOE per enfocar la formaci\u00f3 de guies de medi natural cap al sector n\u00e0utic i mar\u00ed que necessita Eivissa"},"content":{"rendered":"<p>La Comissi\u00f3 d\u2019Educaci\u00f3 i Universitats del Parlament de les Illes Balears ha aprovat per unanimitat la proposta del PSOE d\u2019adaptar el cicle de grau mitj\u00e0 de Guia en el Medi Natural i de Temps Lliure perqu\u00e8 deixi de mirar exclusivament cap a la muntanya i l&#8217;h\u00edpica i s\u2019especialitzi en les activitats n\u00e0utiques. La proposta, defensada pel diputat socialista \u00c0lex Pitaluga en la reuni\u00f3 de la comissi\u00f3 celebrada ahir a la tarda, exposa una necessitat reclamada pels mateixos centres IES Bal\u00e0fia i IES Algarb d\u2019Eivissa.<\/p>\n<p>Actualment, el curr\u00edculum d&#8217;aquest cicle formatiu \u2014regulat per normativa estatal\u2014 imposa una c\u00e0rrega lectiva d&#8217;equitaci\u00f3 que arriba a les 260 hores anuals. Aquesta estructura, segons ha explicat Pitaluga, suposa una trava log\u00edstica i econ\u00f2mica insostenible per a molts centres de les illes. &#8220;L\u2019elevada c\u00e0rrega en equitaci\u00f3 resulta desproporcionada en illes on no existeixen instal\u00b7lacions suficients ni un sector professional m\u00ednimament consolidat com \u00e9s la nostra&#8221;, ha explicat el diputat durant la seva intervenci\u00f3, recordant que en centres com l&#8217;IES Bal\u00e0fia, a Eivissa, el manteniment de les quadres arriba a devorar el 85% del pressupost anual del cicle.<\/p>\n<p>L\u2019acord insta el Govern de les Illes Balears a \u201csol\u00b7licitar formalment al Ministeri d\u2019Educacio\u0301, Formacio\u0301 Professional i Esports la creacio\u0301 d\u2019una titulacio\u0301 de grau mitja\u0300 alternativa al cicle formatiu de Guia en el Medi Natural i de Temps Lliure, adaptada a la realitat dels territoris insulars i costaners, amb especialitzacio\u0301 en activitats fi\u0301sico-esportives en el medi mari\u0301\u201d i a \u201cparticipar activament en els o\u0300rgans de cooperacio\u0301 amb el Ministeri, especialment la Confere\u0300ncia Sectorial d\u2019Educacio\u0301, per impulsar aquesta nova titulacio\u0301 i definir-ne les compete\u0300ncies, la ca\u0300rrega lectiva i el perfil professional\u201d.<\/p>\n<p>\u00c0lex Pitaluga ha recordat que la proposta ja es va aprovar recentment al Congr\u00e9s, en la Comissi\u00f3 mixta d\u2019insularitat, a iniciativa de la diputada eivissenca del PSOE, Milena Herrera.<\/p>\n<p>El Parlament tamb\u00e9 ha acordat demanar al Govern de les Illes Balears \u201ctreballar conjuntament amb els centres educatius, el sector na\u0300utic, les federacions esportives i les entitats de salvament i activitats subaqua\u0300tiques per definir els continguts especi\u0301fics del nou itinerari vinculat al medi mari\u0301\u201d.<\/p>\n<p>Pitaluga ha explicat que \u201cEivissa no te\u0301 una tradicio\u0301 equ\u0308estre significativa, mentre que disposa d\u2019un entorn litoral excepcional: 200 quilo\u0300metres de costa, 50 platges i nombroses cales i zones de bany que conformen un espai privilegiat per al desenvolupament d\u2019activitats al medi mari\u0301\u201d. El turisme na\u0300utic i les activitats esportives aqua\u0300tiques \u2014com el caiac, el pa\u0300del surf, la vela lleugera o l\u2019snorkel\u2014 \u201cconstitueixen un sector econo\u0300mic de primer ordre, amb una demanda creixent de professionals qualificats capac\u0327os d\u2019oferir aquests serveis tant a residents com a visitants\u201d. <\/p>\n<p>Davant d&#8217;aquesta evide\u0300ncia \u201ccal explorar una via alternativa que adapti parcialment el cicle a la realitat insular, reforc\u0327ant el medi mari\u0301 sense eliminar l\u2019opcio\u0301 equ\u0308estre per als territoris que la poden i la volen mantenir\u201d, ha explicat Pitaluga. <\/p>\n<p>La iniciativa garanteix que aquells centres de Mallorca o Menorca que s\u00ed que tenguin una tradici\u00f3 eq\u00fcestre consolidada puguin mantenir l\u2019actual via sense cap mena de perjudici, garantint aix\u00ed una oferta formativa flexible i ajustada a la idiosincr\u00e0sia de cada illa.<\/p>\n","protected":false},"excerpt":{"rendered":"<p>La Comissi\u00f3 d\u2019Educaci\u00f3 i Universitats del Parlament de les Illes Balears ha aprovat per unanimitat la proposta del PSOE d\u2019adaptar el cicle de grau mitj\u00e0 de Guia en el Medi Natural i de Temps Lliure perqu\u00e8 deixi de mirar exclusivament cap a la muntanya i l&#8217;h\u00edpica i s\u2019especialitzi en les activitats n\u00e0utiques. La proposta, defensada&hellip;<\/p>\n","protected":false},"author":1,"featured_media":41927,"comment_status":"closed","ping_status":"closed","sticky":false,"template":"","format":"standard","meta":{"footnotes":""},"categories":[1,191],"tags":[],"class_list":["post-41926","post","type-post","status-publish","format-standard","has-post-thumbnail","hentry","category-federacio-de-eivissa-portada","category-govern-de-les-illes-balears-parlament"],"yoast_head":"<!-- This site is optimized with the Yoast SEO plugin v26.9 - https:\/\/yoast.com\/product\/yoast-seo-wordpress\/ -->\n<title>El Parlament aprova la proposta del PSOE per enfocar la formaci\u00f3 de guies de medi natural cap al sector n\u00e0utic i mar\u00ed que necessita Eivissa - Federaci\u00f3 Socialista d&#039;Eivissa<\/title>\n<meta name=\"robots\" content=\"index, follow, max-snippet:-1, max-image-preview:large, max-video-preview:-1\" \/>\n<link rel=\"canonical\" href=\"https:\/\/www.psib-psoe.org\/eivissa\/el-parlament-aprova-la-proposta-del-psoe-per-enfocar-la-formacio-de-guies-de-medi-natural-cap-al-sector-nautic-i-mari-que-necessita-eivissa\/\" \/>\n<meta property=\"og:locale\" content=\"ca_ES\" \/>\n<meta property=\"og:type\" content=\"article\" \/>\n<meta property=\"og:title\" content=\"El Parlament aprova la proposta del PSOE per enfocar la formaci\u00f3 de guies de medi natural cap al sector n\u00e0utic i mar\u00ed que necessita Eivissa - Federaci\u00f3 Socialista d&#039;Eivissa\" \/>\n<meta property=\"og:description\" content=\"La Comissi\u00f3 d\u2019Educaci\u00f3 i Universitats del Parlament de les Illes Balears ha aprovat per unanimitat la proposta del PSOE d\u2019adaptar el cicle de grau mitj\u00e0 de Guia en el Medi Natural i de Temps Lliure perqu\u00e8 deixi de mirar exclusivament cap a la muntanya i l&#8217;h\u00edpica i s\u2019especialitzi en les activitats n\u00e0utiques. La proposta, defensada&hellip;\" \/>\n<meta property=\"og:url\" content=\"https:\/\/www.psib-psoe.org\/eivissa\/el-parlament-aprova-la-proposta-del-psoe-per-enfocar-la-formacio-de-guies-de-medi-natural-cap-al-sector-nautic-i-mari-que-necessita-eivissa\/\" \/>\n<meta property=\"og:site_name\" content=\"Federaci\u00f3 Socialista d&#039;Eivissa\" \/>\n<meta property=\"article:published_time\" content=\"2026-03-06T10:05:53+00:00\" \/>\n<meta property=\"og:image\" content=\"https:\/\/www.psib-psoe.org\/eivissa\/wp-content\/uploads\/pitaluga-guia-medi.png\" \/>\n\t<meta property=\"og:image:width\" content=\"1999\" \/>\n\t<meta property=\"og:image:height\" content=\"1179\" \/>\n\t<meta property=\"og:image:type\" content=\"image\/png\" \/>\n<meta name=\"author\" content=\"adminpsib\" \/>\n<meta name=\"twitter:card\" content=\"summary_large_image\" \/>\n<meta name=\"twitter:label1\" content=\"Escrit per\" \/>\n\t<meta name=\"twitter:data1\" content=\"adminpsib\" \/>\n\t<meta name=\"twitter:label2\" content=\"Temps estimat de lectura\" \/>\n\t<meta name=\"twitter:data2\" content=\"1 minut\" \/>\n<script type=\"application\/ld+json\" class=\"yoast-schema-graph\">{\"@context\":\"https:\/\/schema.org\",\"@graph\":[{\"@type\":[\"Article\",\"BlogPosting\"],\"@id\":\"https:\/\/www.psib-psoe.org\/eivissa\/el-parlament-aprova-la-proposta-del-psoe-per-enfocar-la-formacio-de-guies-de-medi-natural-cap-al-sector-nautic-i-mari-que-necessita-eivissa\/#article\",\"isPartOf\":{\"@id\":\"https:\/\/www.psib-psoe.org\/eivissa\/el-parlament-aprova-la-proposta-del-psoe-per-enfocar-la-formacio-de-guies-de-medi-natural-cap-al-sector-nautic-i-mari-que-necessita-eivissa\/\"},\"author\":{\"name\":\"adminpsib\",\"@id\":\"https:\/\/www.psib-psoe.org\/eivissa\/#\/schema\/person\/099ab3ef73a3645a1d7f303518e6ce24\"},\"headline\":\"El Parlament aprova la proposta del PSOE per enfocar la formaci\u00f3 de guies de medi natural cap al sector n\u00e0utic i mar\u00ed que necessita Eivissa\",\"datePublished\":\"2026-03-06T10:05:53+00:00\",\"mainEntityOfPage\":{\"@id\":\"https:\/\/www.psib-psoe.org\/eivissa\/el-parlament-aprova-la-proposta-del-psoe-per-enfocar-la-formacio-de-guies-de-medi-natural-cap-al-sector-nautic-i-mari-que-necessita-eivissa\/\"},\"wordCount\":580,\"publisher\":{\"@id\":\"https:\/\/www.psib-psoe.org\/eivissa\/#organization\"},\"image\":{\"@id\":\"https:\/\/www.psib-psoe.org\/eivissa\/el-parlament-aprova-la-proposta-del-psoe-per-enfocar-la-formacio-de-guies-de-medi-natural-cap-al-sector-nautic-i-mari-que-necessita-eivissa\/#primaryimage\"},\"thumbnailUrl\":\"https:\/\/www.psib-psoe.org\/eivissa\/wp-content\/uploads\/pitaluga-guia-medi.png\",\"articleSection\":[\"Federaci\u00f3 d'Eivissa - Portada\",\"Govern de les Illes Balears - Parlament - PSIB-PSOE\"],\"inLanguage\":\"ca\"},{\"@type\":\"WebPage\",\"@id\":\"https:\/\/www.psib-psoe.org\/eivissa\/el-parlament-aprova-la-proposta-del-psoe-per-enfocar-la-formacio-de-guies-de-medi-natural-cap-al-sector-nautic-i-mari-que-necessita-eivissa\/\",\"url\":\"https:\/\/www.psib-psoe.org\/eivissa\/el-parlament-aprova-la-proposta-del-psoe-per-enfocar-la-formacio-de-guies-de-medi-natural-cap-al-sector-nautic-i-mari-que-necessita-eivissa\/\",\"name\":\"El Parlament aprova la proposta del PSOE per enfocar la formaci\u00f3 de guies de medi natural cap al sector n\u00e0utic i mar\u00ed que necessita Eivissa - Federaci\u00f3 Socialista d&#039;Eivissa\",\"isPartOf\":{\"@id\":\"https:\/\/www.psib-psoe.org\/eivissa\/#website\"},\"primaryImageOfPage\":{\"@id\":\"https:\/\/www.psib-psoe.org\/eivissa\/el-parlament-aprova-la-proposta-del-psoe-per-enfocar-la-formacio-de-guies-de-medi-natural-cap-al-sector-nautic-i-mari-que-necessita-eivissa\/#primaryimage\"},\"image\":{\"@id\":\"https:\/\/www.psib-psoe.org\/eivissa\/el-parlament-aprova-la-proposta-del-psoe-per-enfocar-la-formacio-de-guies-de-medi-natural-cap-al-sector-nautic-i-mari-que-necessita-eivissa\/#primaryimage\"},\"thumbnailUrl\":\"https:\/\/www.psib-psoe.org\/eivissa\/wp-content\/uploads\/pitaluga-guia-medi.png\",\"datePublished\":\"2026-03-06T10:05:53+00:00\",\"breadcrumb\":{\"@id\":\"https:\/\/www.psib-psoe.org\/eivissa\/el-parlament-aprova-la-proposta-del-psoe-per-enfocar-la-formacio-de-guies-de-medi-natural-cap-al-sector-nautic-i-mari-que-necessita-eivissa\/#breadcrumb\"},\"inLanguage\":\"ca\",\"potentialAction\":[{\"@type\":\"ReadAction\",\"target\":[\"https:\/\/www.psib-psoe.org\/eivissa\/el-parlament-aprova-la-proposta-del-psoe-per-enfocar-la-formacio-de-guies-de-medi-natural-cap-al-sector-nautic-i-mari-que-necessita-eivissa\/\"]}]},{\"@type\":\"ImageObject\",\"inLanguage\":\"ca\",\"@id\":\"https:\/\/www.psib-psoe.org\/eivissa\/el-parlament-aprova-la-proposta-del-psoe-per-enfocar-la-formacio-de-guies-de-medi-natural-cap-al-sector-nautic-i-mari-que-necessita-eivissa\/#primaryimage\",\"url\":\"https:\/\/www.psib-psoe.org\/eivissa\/wp-content\/uploads\/pitaluga-guia-medi.png\",\"contentUrl\":\"https:\/\/www.psib-psoe.org\/eivissa\/wp-content\/uploads\/pitaluga-guia-medi.png\",\"width\":1999,\"height\":1179},{\"@type\":\"BreadcrumbList\",\"@id\":\"https:\/\/www.psib-psoe.org\/eivissa\/el-parlament-aprova-la-proposta-del-psoe-per-enfocar-la-formacio-de-guies-de-medi-natural-cap-al-sector-nautic-i-mari-que-necessita-eivissa\/#breadcrumb\",\"itemListElement\":[{\"@type\":\"ListItem\",\"position\":1,\"name\":\"Inici\",\"item\":\"https:\/\/www.psib-psoe.org\/eivissa\/\"},{\"@type\":\"ListItem\",\"position\":2,\"name\":\"El Parlament aprova la proposta del PSOE per enfocar la formaci\u00f3 de guies de medi natural cap al sector n\u00e0utic i mar\u00ed que necessita Eivissa\"}]},{\"@type\":\"WebSite\",\"@id\":\"https:\/\/www.psib-psoe.org\/eivissa\/#website\",\"url\":\"https:\/\/www.psib-psoe.org\/eivissa\/\",\"name\":\"Federaci\u00f3 Socialista d'Eivissa\",\"description\":\"Socialistes d&#039;Eivissa\",\"publisher\":{\"@id\":\"https:\/\/www.psib-psoe.org\/eivissa\/#organization\"},\"potentialAction\":[{\"@type\":\"SearchAction\",\"target\":{\"@type\":\"EntryPoint\",\"urlTemplate\":\"https:\/\/www.psib-psoe.org\/eivissa\/?s={search_term_string}\"},\"query-input\":{\"@type\":\"PropertyValueSpecification\",\"valueRequired\":true,\"valueName\":\"search_term_string\"}}],\"inLanguage\":\"ca\"},{\"@type\":\"Organization\",\"@id\":\"https:\/\/www.psib-psoe.org\/eivissa\/#organization\",\"name\":\"Federaci\u00f3 Socialista d'Eivissa\",\"url\":\"https:\/\/www.psib-psoe.org\/eivissa\/\",\"logo\":{\"@type\":\"ImageObject\",\"inLanguage\":\"ca\",\"@id\":\"https:\/\/www.psib-psoe.org\/eivissa\/#\/schema\/logo\/image\/\",\"url\":\"https:\/\/www.psib-psoe.org\/eivissa\/wp-content\/uploads\/LOGO-FSE-SOCIALISTA-DEIVISSA-HORI.png\",\"contentUrl\":\"https:\/\/www.psib-psoe.org\/eivissa\/wp-content\/uploads\/LOGO-FSE-SOCIALISTA-DEIVISSA-HORI.png\",\"width\":6000,\"height\":3104,\"caption\":\"Federaci\u00f3 Socialista d'Eivissa\"},\"image\":{\"@id\":\"https:\/\/www.psib-psoe.org\/eivissa\/#\/schema\/logo\/image\/\"}},{\"@type\":\"Person\",\"@id\":\"https:\/\/www.psib-psoe.org\/eivissa\/#\/schema\/person\/099ab3ef73a3645a1d7f303518e6ce24\",\"name\":\"adminpsib\",\"url\":\"https:\/\/www.psib-psoe.org\/eivissa\/author\/adminpsib\/\"}]}<\/script>\n<!-- \/ Yoast SEO plugin. -->","yoast_head_json":{"title":"El Parlament aprova la proposta del PSOE per enfocar la formaci\u00f3 de guies de medi natural cap al sector n\u00e0utic i mar\u00ed que necessita Eivissa - Federaci\u00f3 Socialista d&#039;Eivissa","robots":{"index":"index","follow":"follow","max-snippet":"max-snippet:-1","max-image-preview":"max-image-preview:large","max-video-preview":"max-video-preview:-1"},"canonical":"https:\/\/www.psib-psoe.org\/eivissa\/el-parlament-aprova-la-proposta-del-psoe-per-enfocar-la-formacio-de-guies-de-medi-natural-cap-al-sector-nautic-i-mari-que-necessita-eivissa\/","og_locale":"ca_ES","og_type":"article","og_title":"El Parlament aprova la proposta del PSOE per enfocar la formaci\u00f3 de guies de medi natural cap al sector n\u00e0utic i mar\u00ed que necessita Eivissa - Federaci\u00f3 Socialista d&#039;Eivissa","og_description":"La Comissi\u00f3 d\u2019Educaci\u00f3 i Universitats del Parlament de les Illes Balears ha aprovat per unanimitat la proposta del PSOE d\u2019adaptar el cicle de grau mitj\u00e0 de Guia en el Medi Natural i de Temps Lliure perqu\u00e8 deixi de mirar exclusivament cap a la muntanya i l&#8217;h\u00edpica i s\u2019especialitzi en les activitats n\u00e0utiques. La proposta, defensada&hellip;","og_url":"https:\/\/www.psib-psoe.org\/eivissa\/el-parlament-aprova-la-proposta-del-psoe-per-enfocar-la-formacio-de-guies-de-medi-natural-cap-al-sector-nautic-i-mari-que-necessita-eivissa\/","og_site_name":"Federaci\u00f3 Socialista d&#039;Eivissa","article_published_time":"2026-03-06T10:05:53+00:00","og_image":[{"width":1999,"height":1179,"url":"https:\/\/www.psib-psoe.org\/eivissa\/wp-content\/uploads\/pitaluga-guia-medi.png","type":"image\/png"}],"author":"adminpsib","twitter_card":"summary_large_image","twitter_misc":{"Escrit per":"adminpsib","Temps estimat de lectura":"1 minut"},"schema":{"@context":"https:\/\/schema.org","@graph":[{"@type":["Article","BlogPosting"],"@id":"https:\/\/www.psib-psoe.org\/eivissa\/el-parlament-aprova-la-proposta-del-psoe-per-enfocar-la-formacio-de-guies-de-medi-natural-cap-al-sector-nautic-i-mari-que-necessita-eivissa\/#article","isPartOf":{"@id":"https:\/\/www.psib-psoe.org\/eivissa\/el-parlament-aprova-la-proposta-del-psoe-per-enfocar-la-formacio-de-guies-de-medi-natural-cap-al-sector-nautic-i-mari-que-necessita-eivissa\/"},"author":{"name":"adminpsib","@id":"https:\/\/www.psib-psoe.org\/eivissa\/#\/schema\/person\/099ab3ef73a3645a1d7f303518e6ce24"},"headline":"El Parlament aprova la proposta del PSOE per enfocar la formaci\u00f3 de guies de medi natural cap al sector n\u00e0utic i mar\u00ed que necessita Eivissa","datePublished":"2026-03-06T10:05:53+00:00","mainEntityOfPage":{"@id":"https:\/\/www.psib-psoe.org\/eivissa\/el-parlament-aprova-la-proposta-del-psoe-per-enfocar-la-formacio-de-guies-de-medi-natural-cap-al-sector-nautic-i-mari-que-necessita-eivissa\/"},"wordCount":580,"publisher":{"@id":"https:\/\/www.psib-psoe.org\/eivissa\/#organization"},"image":{"@id":"https:\/\/www.psib-psoe.org\/eivissa\/el-parlament-aprova-la-proposta-del-psoe-per-enfocar-la-formacio-de-guies-de-medi-natural-cap-al-sector-nautic-i-mari-que-necessita-eivissa\/#primaryimage"},"thumbnailUrl":"https:\/\/www.psib-psoe.org\/eivissa\/wp-content\/uploads\/pitaluga-guia-medi.png","articleSection":["Federaci\u00f3 d'Eivissa - Portada","Govern de les Illes Balears - Parlament - PSIB-PSOE"],"inLanguage":"ca"},{"@type":"WebPage","@id":"https:\/\/www.psib-psoe.org\/eivissa\/el-parlament-aprova-la-proposta-del-psoe-per-enfocar-la-formacio-de-guies-de-medi-natural-cap-al-sector-nautic-i-mari-que-necessita-eivissa\/","url":"https:\/\/www.psib-psoe.org\/eivissa\/el-parlament-aprova-la-proposta-del-psoe-per-enfocar-la-formacio-de-guies-de-medi-natural-cap-al-sector-nautic-i-mari-que-necessita-eivissa\/","name":"El Parlament aprova la proposta del PSOE per enfocar la formaci\u00f3 de guies de medi natural cap al sector n\u00e0utic i mar\u00ed que necessita Eivissa - Federaci\u00f3 Socialista d&#039;Eivissa","isPartOf":{"@id":"https:\/\/www.psib-psoe.org\/eivissa\/#website"},"primaryImageOfPage":{"@id":"https:\/\/www.psib-psoe.org\/eivissa\/el-parlament-aprova-la-proposta-del-psoe-per-enfocar-la-formacio-de-guies-de-medi-natural-cap-al-sector-nautic-i-mari-que-necessita-eivissa\/#primaryimage"},"image":{"@id":"https:\/\/www.psib-psoe.org\/eivissa\/el-parlament-aprova-la-proposta-del-psoe-per-enfocar-la-formacio-de-guies-de-medi-natural-cap-al-sector-nautic-i-mari-que-necessita-eivissa\/#primaryimage"},"thumbnailUrl":"https:\/\/www.psib-psoe.org\/eivissa\/wp-content\/uploads\/pitaluga-guia-medi.png","datePublished":"2026-03-06T10:05:53+00:00","breadcrumb":{"@id":"https:\/\/www.psib-psoe.org\/eivissa\/el-parlament-aprova-la-proposta-del-psoe-per-enfocar-la-formacio-de-guies-de-medi-natural-cap-al-sector-nautic-i-mari-que-necessita-eivissa\/#breadcrumb"},"inLanguage":"ca","potentialAction":[{"@type":"ReadAction","target":["https:\/\/www.psib-psoe.org\/eivissa\/el-parlament-aprova-la-proposta-del-psoe-per-enfocar-la-formacio-de-guies-de-medi-natural-cap-al-sector-nautic-i-mari-que-necessita-eivissa\/"]}]},{"@type":"ImageObject","inLanguage":"ca","@id":"https:\/\/www.psib-psoe.org\/eivissa\/el-parlament-aprova-la-proposta-del-psoe-per-enfocar-la-formacio-de-guies-de-medi-natural-cap-al-sector-nautic-i-mari-que-necessita-eivissa\/#primaryimage","url":"https:\/\/www.psib-psoe.org\/eivissa\/wp-content\/uploads\/pitaluga-guia-medi.png","contentUrl":"https:\/\/www.psib-psoe.org\/eivissa\/wp-content\/uploads\/pitaluga-guia-medi.png","width":1999,"height":1179},{"@type":"BreadcrumbList","@id":"https:\/\/www.psib-psoe.org\/eivissa\/el-parlament-aprova-la-proposta-del-psoe-per-enfocar-la-formacio-de-guies-de-medi-natural-cap-al-sector-nautic-i-mari-que-necessita-eivissa\/#breadcrumb","itemListElement":[{"@type":"ListItem","position":1,"name":"Inici","item":"https:\/\/www.psib-psoe.org\/eivissa\/"},{"@type":"ListItem","position":2,"name":"El Parlament aprova la proposta del PSOE per enfocar la formaci\u00f3 de guies de medi natural cap al sector n\u00e0utic i mar\u00ed que necessita Eivissa"}]},{"@type":"WebSite","@id":"https:\/\/www.psib-psoe.org\/eivissa\/#website","url":"https:\/\/www.psib-psoe.org\/eivissa\/","name":"Federaci\u00f3 Socialista d'Eivissa","description":"Socialistes d&#039;Eivissa","publisher":{"@id":"https:\/\/www.psib-psoe.org\/eivissa\/#organization"},"potentialAction":[{"@type":"SearchAction","target":{"@type":"EntryPoint","urlTemplate":"https:\/\/www.psib-psoe.org\/eivissa\/?s={search_term_string}"},"query-input":{"@type":"PropertyValueSpecification","valueRequired":true,"valueName":"search_term_string"}}],"inLanguage":"ca"},{"@type":"Organization","@id":"https:\/\/www.psib-psoe.org\/eivissa\/#organization","name":"Federaci\u00f3 Socialista d'Eivissa","url":"https:\/\/www.psib-psoe.org\/eivissa\/","logo":{"@type":"ImageObject","inLanguage":"ca","@id":"https:\/\/www.psib-psoe.org\/eivissa\/#\/schema\/logo\/image\/","url":"https:\/\/www.psib-psoe.org\/eivissa\/wp-content\/uploads\/LOGO-FSE-SOCIALISTA-DEIVISSA-HORI.png","contentUrl":"https:\/\/www.psib-psoe.org\/eivissa\/wp-content\/uploads\/LOGO-FSE-SOCIALISTA-DEIVISSA-HORI.png","width":6000,"height":3104,"caption":"Federaci\u00f3 Socialista d'Eivissa"},"image":{"@id":"https:\/\/www.psib-psoe.org\/eivissa\/#\/schema\/logo\/image\/"}},{"@type":"Person","@id":"https:\/\/www.psib-psoe.org\/eivissa\/#\/schema\/person\/099ab3ef73a3645a1d7f303518e6ce24","name":"adminpsib","url":"https:\/\/www.psib-psoe.org\/eivissa\/author\/adminpsib\/"}]}},"_links":{"self":[{"href":"https:\/\/www.psib-psoe.org\/eivissa\/wp-json\/wp\/v2\/posts\/41926","targetHints":{"allow":["GET"]}}],"collection":[{"href":"https:\/\/www.psib-psoe.org\/eivissa\/wp-json\/wp\/v2\/posts"}],"about":[{"href":"https:\/\/www.psib-psoe.org\/eivissa\/wp-json\/wp\/v2\/types\/post"}],"author":[{"embeddable":true,"href":"https:\/\/www.psib-psoe.org\/eivissa\/wp-json\/wp\/v2\/users\/1"}],"replies":[{"embeddable":true,"href":"https:\/\/www.psib-psoe.org\/eivissa\/wp-json\/wp\/v2\/comments?post=41926"}],"version-history":[{"count":1,"href":"https:\/\/www.psib-psoe.org\/eivissa\/wp-json\/wp\/v2\/posts\/41926\/revisions"}],"predecessor-version":[{"id":41928,"href":"https:\/\/www.psib-psoe.org\/eivissa\/wp-json\/wp\/v2\/posts\/41926\/revisions\/41928"}],"wp:featuredmedia":[{"embeddable":true,"href":"https:\/\/www.psib-psoe.org\/eivissa\/wp-json\/wp\/v2\/media\/41927"}],"wp:attachment":[{"href":"https:\/\/www.psib-psoe.org\/eivissa\/wp-json\/wp\/v2\/media?parent=41926"}],"wp:term":[{"taxonomy":"category","embeddable":true,"href":"https:\/\/www.psib-psoe.org\/eivissa\/wp-json\/wp\/v2\/categories?post=41926"},{"taxonomy":"post_tag","embeddable":true,"href":"https:\/\/www.psib-psoe.org\/eivissa\/wp-json\/wp\/v2\/tags?post=41926"}],"curies":[{"name":"wp","href":"https:\/\/api.w.org\/{rel}","templated":true}]}}