{"id":41930,"date":"2026-03-07T12:38:52","date_gmt":"2026-03-07T10:38:52","guid":{"rendered":"https:\/\/www.psib-psoe.org\/eivissa\/?p=41930"},"modified":"2026-03-07T12:38:52","modified_gmt":"2026-03-07T10:38:52","slug":"el-pla-pilot-de-sant-rafel-es-la-cosa-mes-ridicula-que-sha-fet-mai-a-tot-eivissa","status":"publish","type":"post","link":"https:\/\/www.psib-psoe.org\/eivissa\/el-pla-pilot-de-sant-rafel-es-la-cosa-mes-ridicula-que-sha-fet-mai-a-tot-eivissa\/","title":{"rendered":"\u201cEl pla pilot de Sant Rafel \u00e9s la cosa m\u00e9s rid\u00edcula que s\u2019ha fet mai a tot Eivissa\u201d"},"content":{"rendered":"\n<p>M\u00e9s de mig centenar de vesins i vesines de Sant Rafel s\u2019han reunit aquest divendres amb representants socialistes per posar damunt la taula una situaci\u00f3 del poble: la falta d\u2019inversions i la deixadesa de l\u2019equip de govern del PP de Marcos Serra. La trobada ha comptat amb la participaci\u00f3 del secretari general del PSOE de Sant Antoni de Portmany, Pep Mar\u00ed \u2018Marge\u2019, i els regidors Neus Mar\u00ed i Xavi Rey, que han estat acompanyats pel secretari general de la FSE-PSOE, Vicent Rosell\u00f3, i el senador d\u2019Eivissa i Formentera, Juanjo Ferrer.<\/p>\n\n\n\n<p>Durant l\u2019acte, el PSOE s\u2019ha comprom\u00e8s a canalitzar el malestar d\u2019una ciutadania que se sent enganyada per promeses que mai arriben a materialitzar-se. Sant Rafel arrossega un d\u00e8ficit d\u2019inversions i serveis que ja fa anys que dura, afectant q\u00fcestions b\u00e0siques com la mobilitat, l\u2019accessibilitat, el manteniment, la neteja o inversions paralitzades, com la segona fase de Can Portmany i altres projectes anunciats, per\u00f2 que no es fan: el Pla Especial de l\u2019Esgl\u00e9sia, el p\u00e0rquing a la pla\u00e7a Josep Planells, una rotonda al camp de futbol o la recepci\u00f3 del pol\u00edgon de Montecristo.&nbsp;<\/p>\n\n\n\n<p>Pep \u2018Marge\u2019 ha denunciat que \u201cel balan\u00e7 de set anys del PP \u00e9s zero\u201d. \u201cSant Rafel \u00e9s l\u2019\u00fanic poble del municipi de Sant Antoni on no s\u2019ha fet res de res\u201d durant els dos mandats de Marcos Serra, ha lamentat.&nbsp;D\u2019altra banda, \u201cel pla pilot de Sant Rafel \u00e9s la cosa m\u00e9s rid\u00edcula que s\u2019ha fet mai a tot Eivissa\u201d, ha dit Pep \u2018Marge\u2019. Una ordenaci\u00f3 del tr\u00e0nsit dins el poble \u201cque nom\u00e9s beneficia a tres\u201d i que \u201cno t\u00e9 cap sentit\u201d.&nbsp;<\/p>\n\n\n\n<p>Un dels punts m\u00e9s importants de la reuni\u00f3 ha set la proposta de variant que va fer el Consell i que va haver de retirar pel rebuig vesinal. El PSOE lamenta que el Partit Popular pren decisions unilaterals que afecten directament el futur del poble sense comptar amb la veu dels vesins, incomplint aix\u00ed el comprom\u00eds d&#8217;executar un projecte consensuat amb una participaci\u00f3 real. Segons Neus, Mar\u00ed, \u201caquest projecte pareix fet perqu\u00e8 els vesins s\u2019emprenyin entre ells\u201d.&nbsp;El PSOE continua defensant per a Sant Rafel una variant sense impacte i aferrada al nucli.<\/p>\n\n\n\n<p>L\u2019altra gran q\u00fcesti\u00f3 que s\u2019ha tractat \u00e9s la proposta del PP de pla general per a Sant Antoni. El PSOE ha mostrat els pl\u00e0nols de la proposta i ha explicat les seues al\u00b7legacions, que tenen en compte la realitat del municipi i les necessitats i serveis que s\u2019han de donar a la poblaci\u00f3, i no nom\u00e9s els interessos d\u2019uns pocs, \u201ccom fa sempre el Partit Popular\u201d.<\/p>\n\n\n\n<p>El Partit Socialista ha al\u00b7legat contra la creaci\u00f3 de nous s\u00f2ls urbans a Sant Antoni. Per contra, considera que s\u2019ha de declarar urbans els barris de Can Rotes i Can Xico Mosson, zones que compten amb multitud de carrers i edificacions que ja formen una clara tra\u00e7a urbana. Aix\u00ed mateix, el PSOE \u00e9s contrari a la creaci\u00f3 d\u2019un pol\u00edgon industrial dins Sant Rafel.<\/p>\n\n\n\n<p>Finalment, en la reuni\u00f3 amb els vesins i les vesines del poble, s\u2019ha parlat de la conflictivitat provocada pels grans establiments d\u2019oci, \u201cara no tenim una discoteca, ja en tornam a tenir dos\u201d, ha recordat \u2018Marge\u2019, que atreuen milers de persones, generant problemes de tr\u00e0nsit, estacionaments perillosos, remor i descontrol, sense que l\u2019Ajuntament de Sant Antoni prengui mesures per minimitzar-ho.<\/p>\n","protected":false},"excerpt":{"rendered":"<p>M\u00e9s de mig centenar de vesins i vesines de Sant Rafel s\u2019han reunit aquest divendres amb representants socialistes per posar damunt la taula una situaci\u00f3 del poble: la falta d\u2019inversions i la deixadesa de l\u2019equip de govern del PP de Marcos Serra. La trobada ha comptat amb la participaci\u00f3 del secretari general del PSOE de&hellip;<\/p>\n","protected":false},"author":1,"featured_media":41929,"comment_status":"closed","ping_status":"closed","sticky":false,"template":"","format":"standard","meta":{"footnotes":""},"categories":[1,188],"tags":[],"class_list":["post-41930","post","type-post","status-publish","format-standard","has-post-thumbnail","hentry","category-federacio-de-eivissa-portada","category-sant-antoni-de-portmany"],"yoast_head":"<!-- This site is optimized with the Yoast SEO plugin v26.9 - https:\/\/yoast.com\/product\/yoast-seo-wordpress\/ -->\n<title>\u201cEl pla pilot de Sant Rafel \u00e9s la cosa m\u00e9s rid\u00edcula que s\u2019ha fet mai a tot Eivissa\u201d - Federaci\u00f3 Socialista d&#039;Eivissa<\/title>\n<meta name=\"robots\" content=\"index, follow, max-snippet:-1, max-image-preview:large, max-video-preview:-1\" \/>\n<link rel=\"canonical\" href=\"https:\/\/www.psib-psoe.org\/eivissa\/el-pla-pilot-de-sant-rafel-es-la-cosa-mes-ridicula-que-sha-fet-mai-a-tot-eivissa\/\" \/>\n<meta property=\"og:locale\" content=\"ca_ES\" \/>\n<meta property=\"og:type\" content=\"article\" \/>\n<meta property=\"og:title\" content=\"\u201cEl pla pilot de Sant Rafel \u00e9s la cosa m\u00e9s rid\u00edcula que s\u2019ha fet mai a tot Eivissa\u201d - Federaci\u00f3 Socialista d&#039;Eivissa\" \/>\n<meta property=\"og:description\" content=\"M\u00e9s de mig centenar de vesins i vesines de Sant Rafel s\u2019han reunit aquest divendres amb representants socialistes per posar damunt la taula una situaci\u00f3 del poble: la falta d\u2019inversions i la deixadesa de l\u2019equip de govern del PP de Marcos Serra. La trobada ha comptat amb la participaci\u00f3 del secretari general del PSOE de&hellip;\" \/>\n<meta property=\"og:url\" content=\"https:\/\/www.psib-psoe.org\/eivissa\/el-pla-pilot-de-sant-rafel-es-la-cosa-mes-ridicula-que-sha-fet-mai-a-tot-eivissa\/\" \/>\n<meta property=\"og:site_name\" content=\"Federaci\u00f3 Socialista d&#039;Eivissa\" \/>\n<meta property=\"article:published_time\" content=\"2026-03-07T10:38:52+00:00\" \/>\n<meta property=\"og:image\" content=\"https:\/\/www.psib-psoe.org\/eivissa\/wp-content\/uploads\/img_2290.jpg\" \/>\n\t<meta property=\"og:image:width\" content=\"2000\" \/>\n\t<meta property=\"og:image:height\" content=\"1500\" \/>\n\t<meta property=\"og:image:type\" content=\"image\/jpeg\" \/>\n<meta name=\"author\" content=\"adminpsib\" \/>\n<meta name=\"twitter:card\" content=\"summary_large_image\" \/>\n<meta name=\"twitter:label1\" content=\"Escrit per\" \/>\n\t<meta name=\"twitter:data1\" content=\"adminpsib\" \/>\n\t<meta name=\"twitter:label2\" content=\"Temps estimat de lectura\" \/>\n\t<meta name=\"twitter:data2\" content=\"3 minuts\" \/>\n<script type=\"application\/ld+json\" class=\"yoast-schema-graph\">{\"@context\":\"https:\/\/schema.org\",\"@graph\":[{\"@type\":[\"Article\",\"BlogPosting\"],\"@id\":\"https:\/\/www.psib-psoe.org\/eivissa\/el-pla-pilot-de-sant-rafel-es-la-cosa-mes-ridicula-que-sha-fet-mai-a-tot-eivissa\/#article\",\"isPartOf\":{\"@id\":\"https:\/\/www.psib-psoe.org\/eivissa\/el-pla-pilot-de-sant-rafel-es-la-cosa-mes-ridicula-que-sha-fet-mai-a-tot-eivissa\/\"},\"author\":{\"name\":\"adminpsib\",\"@id\":\"https:\/\/www.psib-psoe.org\/eivissa\/#\/schema\/person\/099ab3ef73a3645a1d7f303518e6ce24\"},\"headline\":\"\u201cEl pla pilot de Sant Rafel \u00e9s la cosa m\u00e9s rid\u00edcula que s\u2019ha fet mai a tot Eivissa\u201d\",\"datePublished\":\"2026-03-07T10:38:52+00:00\",\"mainEntityOfPage\":{\"@id\":\"https:\/\/www.psib-psoe.org\/eivissa\/el-pla-pilot-de-sant-rafel-es-la-cosa-mes-ridicula-que-sha-fet-mai-a-tot-eivissa\/\"},\"wordCount\":619,\"publisher\":{\"@id\":\"https:\/\/www.psib-psoe.org\/eivissa\/#organization\"},\"image\":{\"@id\":\"https:\/\/www.psib-psoe.org\/eivissa\/el-pla-pilot-de-sant-rafel-es-la-cosa-mes-ridicula-que-sha-fet-mai-a-tot-eivissa\/#primaryimage\"},\"thumbnailUrl\":\"https:\/\/www.psib-psoe.org\/eivissa\/wp-content\/uploads\/img_2290.jpg\",\"articleSection\":[\"Federaci\u00f3 d'Eivissa - Portada\",\"Sant Antoni de Portmany\"],\"inLanguage\":\"ca\"},{\"@type\":\"WebPage\",\"@id\":\"https:\/\/www.psib-psoe.org\/eivissa\/el-pla-pilot-de-sant-rafel-es-la-cosa-mes-ridicula-que-sha-fet-mai-a-tot-eivissa\/\",\"url\":\"https:\/\/www.psib-psoe.org\/eivissa\/el-pla-pilot-de-sant-rafel-es-la-cosa-mes-ridicula-que-sha-fet-mai-a-tot-eivissa\/\",\"name\":\"\u201cEl pla pilot de Sant Rafel \u00e9s la cosa m\u00e9s rid\u00edcula que s\u2019ha fet mai a tot Eivissa\u201d - Federaci\u00f3 Socialista d&#039;Eivissa\",\"isPartOf\":{\"@id\":\"https:\/\/www.psib-psoe.org\/eivissa\/#website\"},\"primaryImageOfPage\":{\"@id\":\"https:\/\/www.psib-psoe.org\/eivissa\/el-pla-pilot-de-sant-rafel-es-la-cosa-mes-ridicula-que-sha-fet-mai-a-tot-eivissa\/#primaryimage\"},\"image\":{\"@id\":\"https:\/\/www.psib-psoe.org\/eivissa\/el-pla-pilot-de-sant-rafel-es-la-cosa-mes-ridicula-que-sha-fet-mai-a-tot-eivissa\/#primaryimage\"},\"thumbnailUrl\":\"https:\/\/www.psib-psoe.org\/eivissa\/wp-content\/uploads\/img_2290.jpg\",\"datePublished\":\"2026-03-07T10:38:52+00:00\",\"breadcrumb\":{\"@id\":\"https:\/\/www.psib-psoe.org\/eivissa\/el-pla-pilot-de-sant-rafel-es-la-cosa-mes-ridicula-que-sha-fet-mai-a-tot-eivissa\/#breadcrumb\"},\"inLanguage\":\"ca\",\"potentialAction\":[{\"@type\":\"ReadAction\",\"target\":[\"https:\/\/www.psib-psoe.org\/eivissa\/el-pla-pilot-de-sant-rafel-es-la-cosa-mes-ridicula-que-sha-fet-mai-a-tot-eivissa\/\"]}]},{\"@type\":\"ImageObject\",\"inLanguage\":\"ca\",\"@id\":\"https:\/\/www.psib-psoe.org\/eivissa\/el-pla-pilot-de-sant-rafel-es-la-cosa-mes-ridicula-que-sha-fet-mai-a-tot-eivissa\/#primaryimage\",\"url\":\"https:\/\/www.psib-psoe.org\/eivissa\/wp-content\/uploads\/img_2290.jpg\",\"contentUrl\":\"https:\/\/www.psib-psoe.org\/eivissa\/wp-content\/uploads\/img_2290.jpg\",\"width\":2000,\"height\":1500},{\"@type\":\"BreadcrumbList\",\"@id\":\"https:\/\/www.psib-psoe.org\/eivissa\/el-pla-pilot-de-sant-rafel-es-la-cosa-mes-ridicula-que-sha-fet-mai-a-tot-eivissa\/#breadcrumb\",\"itemListElement\":[{\"@type\":\"ListItem\",\"position\":1,\"name\":\"Inici\",\"item\":\"https:\/\/www.psib-psoe.org\/eivissa\/\"},{\"@type\":\"ListItem\",\"position\":2,\"name\":\"\u201cEl pla pilot de Sant Rafel \u00e9s la cosa m\u00e9s rid\u00edcula que s\u2019ha fet mai a tot Eivissa\u201d\"}]},{\"@type\":\"WebSite\",\"@id\":\"https:\/\/www.psib-psoe.org\/eivissa\/#website\",\"url\":\"https:\/\/www.psib-psoe.org\/eivissa\/\",\"name\":\"Federaci\u00f3 Socialista d'Eivissa\",\"description\":\"Socialistes d&#039;Eivissa\",\"publisher\":{\"@id\":\"https:\/\/www.psib-psoe.org\/eivissa\/#organization\"},\"potentialAction\":[{\"@type\":\"SearchAction\",\"target\":{\"@type\":\"EntryPoint\",\"urlTemplate\":\"https:\/\/www.psib-psoe.org\/eivissa\/?s={search_term_string}\"},\"query-input\":{\"@type\":\"PropertyValueSpecification\",\"valueRequired\":true,\"valueName\":\"search_term_string\"}}],\"inLanguage\":\"ca\"},{\"@type\":\"Organization\",\"@id\":\"https:\/\/www.psib-psoe.org\/eivissa\/#organization\",\"name\":\"Federaci\u00f3 Socialista d'Eivissa\",\"url\":\"https:\/\/www.psib-psoe.org\/eivissa\/\",\"logo\":{\"@type\":\"ImageObject\",\"inLanguage\":\"ca\",\"@id\":\"https:\/\/www.psib-psoe.org\/eivissa\/#\/schema\/logo\/image\/\",\"url\":\"https:\/\/www.psib-psoe.org\/eivissa\/wp-content\/uploads\/LOGO-FSE-SOCIALISTA-DEIVISSA-HORI.png\",\"contentUrl\":\"https:\/\/www.psib-psoe.org\/eivissa\/wp-content\/uploads\/LOGO-FSE-SOCIALISTA-DEIVISSA-HORI.png\",\"width\":6000,\"height\":3104,\"caption\":\"Federaci\u00f3 Socialista d'Eivissa\"},\"image\":{\"@id\":\"https:\/\/www.psib-psoe.org\/eivissa\/#\/schema\/logo\/image\/\"}},{\"@type\":\"Person\",\"@id\":\"https:\/\/www.psib-psoe.org\/eivissa\/#\/schema\/person\/099ab3ef73a3645a1d7f303518e6ce24\",\"name\":\"adminpsib\",\"url\":\"https:\/\/www.psib-psoe.org\/eivissa\/author\/adminpsib\/\"}]}<\/script>\n<!-- \/ Yoast SEO plugin. -->","yoast_head_json":{"title":"\u201cEl pla pilot de Sant Rafel \u00e9s la cosa m\u00e9s rid\u00edcula que s\u2019ha fet mai a tot Eivissa\u201d - Federaci\u00f3 Socialista d&#039;Eivissa","robots":{"index":"index","follow":"follow","max-snippet":"max-snippet:-1","max-image-preview":"max-image-preview:large","max-video-preview":"max-video-preview:-1"},"canonical":"https:\/\/www.psib-psoe.org\/eivissa\/el-pla-pilot-de-sant-rafel-es-la-cosa-mes-ridicula-que-sha-fet-mai-a-tot-eivissa\/","og_locale":"ca_ES","og_type":"article","og_title":"\u201cEl pla pilot de Sant Rafel \u00e9s la cosa m\u00e9s rid\u00edcula que s\u2019ha fet mai a tot Eivissa\u201d - Federaci\u00f3 Socialista d&#039;Eivissa","og_description":"M\u00e9s de mig centenar de vesins i vesines de Sant Rafel s\u2019han reunit aquest divendres amb representants socialistes per posar damunt la taula una situaci\u00f3 del poble: la falta d\u2019inversions i la deixadesa de l\u2019equip de govern del PP de Marcos Serra. La trobada ha comptat amb la participaci\u00f3 del secretari general del PSOE de&hellip;","og_url":"https:\/\/www.psib-psoe.org\/eivissa\/el-pla-pilot-de-sant-rafel-es-la-cosa-mes-ridicula-que-sha-fet-mai-a-tot-eivissa\/","og_site_name":"Federaci\u00f3 Socialista d&#039;Eivissa","article_published_time":"2026-03-07T10:38:52+00:00","og_image":[{"width":2000,"height":1500,"url":"https:\/\/www.psib-psoe.org\/eivissa\/wp-content\/uploads\/img_2290.jpg","type":"image\/jpeg"}],"author":"adminpsib","twitter_card":"summary_large_image","twitter_misc":{"Escrit per":"adminpsib","Temps estimat de lectura":"3 minuts"},"schema":{"@context":"https:\/\/schema.org","@graph":[{"@type":["Article","BlogPosting"],"@id":"https:\/\/www.psib-psoe.org\/eivissa\/el-pla-pilot-de-sant-rafel-es-la-cosa-mes-ridicula-que-sha-fet-mai-a-tot-eivissa\/#article","isPartOf":{"@id":"https:\/\/www.psib-psoe.org\/eivissa\/el-pla-pilot-de-sant-rafel-es-la-cosa-mes-ridicula-que-sha-fet-mai-a-tot-eivissa\/"},"author":{"name":"adminpsib","@id":"https:\/\/www.psib-psoe.org\/eivissa\/#\/schema\/person\/099ab3ef73a3645a1d7f303518e6ce24"},"headline":"\u201cEl pla pilot de Sant Rafel \u00e9s la cosa m\u00e9s rid\u00edcula que s\u2019ha fet mai a tot Eivissa\u201d","datePublished":"2026-03-07T10:38:52+00:00","mainEntityOfPage":{"@id":"https:\/\/www.psib-psoe.org\/eivissa\/el-pla-pilot-de-sant-rafel-es-la-cosa-mes-ridicula-que-sha-fet-mai-a-tot-eivissa\/"},"wordCount":619,"publisher":{"@id":"https:\/\/www.psib-psoe.org\/eivissa\/#organization"},"image":{"@id":"https:\/\/www.psib-psoe.org\/eivissa\/el-pla-pilot-de-sant-rafel-es-la-cosa-mes-ridicula-que-sha-fet-mai-a-tot-eivissa\/#primaryimage"},"thumbnailUrl":"https:\/\/www.psib-psoe.org\/eivissa\/wp-content\/uploads\/img_2290.jpg","articleSection":["Federaci\u00f3 d'Eivissa - Portada","Sant Antoni de Portmany"],"inLanguage":"ca"},{"@type":"WebPage","@id":"https:\/\/www.psib-psoe.org\/eivissa\/el-pla-pilot-de-sant-rafel-es-la-cosa-mes-ridicula-que-sha-fet-mai-a-tot-eivissa\/","url":"https:\/\/www.psib-psoe.org\/eivissa\/el-pla-pilot-de-sant-rafel-es-la-cosa-mes-ridicula-que-sha-fet-mai-a-tot-eivissa\/","name":"\u201cEl pla pilot de Sant Rafel \u00e9s la cosa m\u00e9s rid\u00edcula que s\u2019ha fet mai a tot Eivissa\u201d - Federaci\u00f3 Socialista d&#039;Eivissa","isPartOf":{"@id":"https:\/\/www.psib-psoe.org\/eivissa\/#website"},"primaryImageOfPage":{"@id":"https:\/\/www.psib-psoe.org\/eivissa\/el-pla-pilot-de-sant-rafel-es-la-cosa-mes-ridicula-que-sha-fet-mai-a-tot-eivissa\/#primaryimage"},"image":{"@id":"https:\/\/www.psib-psoe.org\/eivissa\/el-pla-pilot-de-sant-rafel-es-la-cosa-mes-ridicula-que-sha-fet-mai-a-tot-eivissa\/#primaryimage"},"thumbnailUrl":"https:\/\/www.psib-psoe.org\/eivissa\/wp-content\/uploads\/img_2290.jpg","datePublished":"2026-03-07T10:38:52+00:00","breadcrumb":{"@id":"https:\/\/www.psib-psoe.org\/eivissa\/el-pla-pilot-de-sant-rafel-es-la-cosa-mes-ridicula-que-sha-fet-mai-a-tot-eivissa\/#breadcrumb"},"inLanguage":"ca","potentialAction":[{"@type":"ReadAction","target":["https:\/\/www.psib-psoe.org\/eivissa\/el-pla-pilot-de-sant-rafel-es-la-cosa-mes-ridicula-que-sha-fet-mai-a-tot-eivissa\/"]}]},{"@type":"ImageObject","inLanguage":"ca","@id":"https:\/\/www.psib-psoe.org\/eivissa\/el-pla-pilot-de-sant-rafel-es-la-cosa-mes-ridicula-que-sha-fet-mai-a-tot-eivissa\/#primaryimage","url":"https:\/\/www.psib-psoe.org\/eivissa\/wp-content\/uploads\/img_2290.jpg","contentUrl":"https:\/\/www.psib-psoe.org\/eivissa\/wp-content\/uploads\/img_2290.jpg","width":2000,"height":1500},{"@type":"BreadcrumbList","@id":"https:\/\/www.psib-psoe.org\/eivissa\/el-pla-pilot-de-sant-rafel-es-la-cosa-mes-ridicula-que-sha-fet-mai-a-tot-eivissa\/#breadcrumb","itemListElement":[{"@type":"ListItem","position":1,"name":"Inici","item":"https:\/\/www.psib-psoe.org\/eivissa\/"},{"@type":"ListItem","position":2,"name":"\u201cEl pla pilot de Sant Rafel \u00e9s la cosa m\u00e9s rid\u00edcula que s\u2019ha fet mai a tot Eivissa\u201d"}]},{"@type":"WebSite","@id":"https:\/\/www.psib-psoe.org\/eivissa\/#website","url":"https:\/\/www.psib-psoe.org\/eivissa\/","name":"Federaci\u00f3 Socialista d'Eivissa","description":"Socialistes d&#039;Eivissa","publisher":{"@id":"https:\/\/www.psib-psoe.org\/eivissa\/#organization"},"potentialAction":[{"@type":"SearchAction","target":{"@type":"EntryPoint","urlTemplate":"https:\/\/www.psib-psoe.org\/eivissa\/?s={search_term_string}"},"query-input":{"@type":"PropertyValueSpecification","valueRequired":true,"valueName":"search_term_string"}}],"inLanguage":"ca"},{"@type":"Organization","@id":"https:\/\/www.psib-psoe.org\/eivissa\/#organization","name":"Federaci\u00f3 Socialista d'Eivissa","url":"https:\/\/www.psib-psoe.org\/eivissa\/","logo":{"@type":"ImageObject","inLanguage":"ca","@id":"https:\/\/www.psib-psoe.org\/eivissa\/#\/schema\/logo\/image\/","url":"https:\/\/www.psib-psoe.org\/eivissa\/wp-content\/uploads\/LOGO-FSE-SOCIALISTA-DEIVISSA-HORI.png","contentUrl":"https:\/\/www.psib-psoe.org\/eivissa\/wp-content\/uploads\/LOGO-FSE-SOCIALISTA-DEIVISSA-HORI.png","width":6000,"height":3104,"caption":"Federaci\u00f3 Socialista d'Eivissa"},"image":{"@id":"https:\/\/www.psib-psoe.org\/eivissa\/#\/schema\/logo\/image\/"}},{"@type":"Person","@id":"https:\/\/www.psib-psoe.org\/eivissa\/#\/schema\/person\/099ab3ef73a3645a1d7f303518e6ce24","name":"adminpsib","url":"https:\/\/www.psib-psoe.org\/eivissa\/author\/adminpsib\/"}]}},"_links":{"self":[{"href":"https:\/\/www.psib-psoe.org\/eivissa\/wp-json\/wp\/v2\/posts\/41930","targetHints":{"allow":["GET"]}}],"collection":[{"href":"https:\/\/www.psib-psoe.org\/eivissa\/wp-json\/wp\/v2\/posts"}],"about":[{"href":"https:\/\/www.psib-psoe.org\/eivissa\/wp-json\/wp\/v2\/types\/post"}],"author":[{"embeddable":true,"href":"https:\/\/www.psib-psoe.org\/eivissa\/wp-json\/wp\/v2\/users\/1"}],"replies":[{"embeddable":true,"href":"https:\/\/www.psib-psoe.org\/eivissa\/wp-json\/wp\/v2\/comments?post=41930"}],"version-history":[{"count":1,"href":"https:\/\/www.psib-psoe.org\/eivissa\/wp-json\/wp\/v2\/posts\/41930\/revisions"}],"predecessor-version":[{"id":41931,"href":"https:\/\/www.psib-psoe.org\/eivissa\/wp-json\/wp\/v2\/posts\/41930\/revisions\/41931"}],"wp:featuredmedia":[{"embeddable":true,"href":"https:\/\/www.psib-psoe.org\/eivissa\/wp-json\/wp\/v2\/media\/41929"}],"wp:attachment":[{"href":"https:\/\/www.psib-psoe.org\/eivissa\/wp-json\/wp\/v2\/media?parent=41930"}],"wp:term":[{"taxonomy":"category","embeddable":true,"href":"https:\/\/www.psib-psoe.org\/eivissa\/wp-json\/wp\/v2\/categories?post=41930"},{"taxonomy":"post_tag","embeddable":true,"href":"https:\/\/www.psib-psoe.org\/eivissa\/wp-json\/wp\/v2\/tags?post=41930"}],"curies":[{"name":"wp","href":"https:\/\/api.w.org\/{rel}","templated":true}]}}