{"id":41933,"date":"2026-03-07T14:38:11","date_gmt":"2026-03-07T12:38:11","guid":{"rendered":"https:\/\/www.psib-psoe.org\/eivissa\/?p=41933"},"modified":"2026-03-07T14:40:14","modified_gmt":"2026-03-07T12:40:14","slug":"taula-rodona-amb-motiu-del-8m-el-psoe-adverteix-de-laugment-de-la-violencia-politica-i-digital-contra-les-dones","status":"publish","type":"post","link":"https:\/\/www.psib-psoe.org\/eivissa\/taula-rodona-amb-motiu-del-8m-el-psoe-adverteix-de-laugment-de-la-violencia-politica-i-digital-contra-les-dones\/","title":{"rendered":"Taula rodona amb motiu del 8M: El PSOE adverteix de l\u2019augment de la viol\u00e8ncia pol\u00edtica i digital contra les dones"},"content":{"rendered":"\n<p>En el marc de les activitats pel 8 de Mar\u00e7, Dia Internacional de la Dona, la Federaci\u00f3 Socialista d\u2019Eivissa (FSE-PSOE) ha celebrat aquest dissabte la taula rodona \u201cLa import\u00e0ncia de les dones a la pol\u00edtica i l\u2019associacionisme\u201d. Durant l&#8217;acte, s\u2019ha denunciat l&#8217;assetjament sistem\u00e0tic que pateixen les dones en l\u2019esfera p\u00fablica, especialment a trav\u00e9s de les xarxes socials, on els atacs masclistes i les cr\u00edtiques a l\u2019aspecte f\u00edsic estan derivant, en casos extrems, en agressions f\u00edsiques.<\/p>\n\n\n\n<p><br \/>La secret\u00e0ria d\u2019Igualtat de la FSE-PSOE, Pilar Ribas Torres, ha advertit d\u2019un clima de retroc\u00e9s institucional, assenyalant directament l\u2019auge de la ultradreta com el motor d&#8217;aquesta involuci\u00f3:.&nbsp;Pilar Ribas ha fet una crida a la societat perqu\u00e8 &#8220;acompanyi les dones que decideixen liderar&#8221; per no deixar-les soles davant l&#8217;ofensiva masclista de la ultradreta.<\/p>\n\n\n\n<p><\/p>\n\n\n\n<p><br \/>Nati Franc\u00e9s G\u00e1rate, portaveu del Grup Socialista a l\u2019Ajuntament de Calvi\u00e0, ha posat el focus en la dificultat real de compaginar la vida privada amb la p\u00fablica:&nbsp;&#8220;Com a pol\u00edtica, est\u00e0s sent q\u00fcestionada cont\u00ednuament pel fet de ser dona&#8221;, ha denunciat.&nbsp;Nati Franc\u00e9s ha tractat els greus problemes de conciliaci\u00f3 familiar que sorgeixen quan les dones assumeixen majors responsabilitats pol\u00edtiques, \u201cuna c\u00e0rrega que encara recau de forma desproporcionada sobre les dones\u201d.<br \/><\/p>\n\n\n\n<p>Per la seva banda, Dessir\u00e9 Ruiz Mostazo, vicepresidenta de Dones Progressistes d\u2019Eivissa, ha reflexionat sobre la masculinitzaci\u00f3 de les estructures de poder: &#8220;La pol\u00edtica continua sent un \u00e0mbit molt mascul\u00ed. Hi ha dones molt valuoses que encara es queden en segona l\u00ednia perqu\u00e8 el sistema no facilita la nostra pres\u00e8ncia en els llocs de decisi\u00f3&#8221;.<br \/><\/p>\n\n\n\n<p>L\u2019acte, celebrat a la seu de la FSE-PSOE a la Via Romana, ha concl\u00f2s amb la idea que la lluita contra el masclisme digital i institucional \u00e9s una prioritat absoluta per garantir la salut democr\u00e0tica. Les ponents han coincidit que s\u2019ha de seguir teixint xarxes de suport per garantir que cap dona hagi de renunciar a la seva vocaci\u00f3 pol\u00edtica per culpa de l\u2019assetjament o la falta de conciliaci\u00f3.<br \/><\/p>\n\n\n\n<p><strong>Milena Herrerra fa una crida a la mobilitzaci\u00f3 per reivindicar \u201cm\u00e9s feminisme que mai\u201d&nbsp;<\/strong><\/p>\n\n\n\n<p>D\u2019altra banda, la secret\u00e0ria d\u2019Igualtat del PSIB-PSOE i diputada al Congr\u00e9s, Milena Herrera, ha fet una crida perqu\u00e8 les socialistes i els socialistes surtin tots al carrer a reivindicar \u201cm\u00e9s feminisme que mai\u201d davant les desigualtats que arrossega la societat entre dones i homes. Herrera ha recordat que d\u2019acord amb l\u2019informe Closing Gap, la bretxa de desigualtat se situa en un 34,1%, i que, al ritme actual, aquesta bretxa tardaria encara 36 anys a tancar-se, un temps que cal escur\u00e7ar des d\u2019ara mateix.&nbsp;D\u2019altra banda, l\u2019any passat hi va haver 46 dones assassinades, i en aquesta entrada d\u2019any ja hi ha 10 dones i dos infants m\u00e9s, v\u00edctimes del masclisme. Una viol\u00e8ncia que \u201cha de ser condemnada en tots els casos, caigui qui caigui, i sense excuses ni excepcions\u201d, segons revindica el PSIB-PSOE.<\/p>\n\n\n\n<p>Per al PSIB-PSOE, el comprom\u00eds amb el feminisme \u00e9s tan ferm com sempre, per la qual cosa, enguany, amb el lema \u201cm\u00e9s feminisme que mai\u201d, les socialistes i els socialistes participaran en les mobilitzacions entorn del 8-M, perqu\u00e8 \u201cles mobilitzacions i la lluita feminista s\u00f3n m\u00e9s importants que mai, perqu\u00e8 la realitat \u00e9s que les desigualtats entre dones i homes continuen existint\u201d, mentre augmenten els discursos masclistes d\u2019una part de la societat.&nbsp;<\/p>\n\n\n\n<p>El PSIB-PSOE fa una crida a la mobilitzaci\u00f3 a tota la poblaci\u00f3 per continuar lluitant i defensant el dret a la igualtat entre dones i homes en tots els \u00e0mbits, assistint als actes convocats, que a Eivissa seran dem\u00e0 a partir de les 11 hores a s\u2019Alamera, per iniciativa de la Comissi\u00f3 8M.<\/p>\n\n\n\n<figure class=\"wp-block-image size-large\"><img loading=\"lazy\" decoding=\"async\" width=\"1024\" height=\"768\" src=\"https:\/\/www.psib-psoe.org\/eivissa\/wp-content\/uploads\/img_2299-1024x768.jpg\" alt=\"\" class=\"wp-image-41932\" srcset=\"https:\/\/www.psib-psoe.org\/eivissa\/wp-content\/uploads\/img_2299-1024x768.jpg 1024w, https:\/\/www.psib-psoe.org\/eivissa\/wp-content\/uploads\/img_2299-300x225.jpg 300w, https:\/\/www.psib-psoe.org\/eivissa\/wp-content\/uploads\/img_2299-768x576.jpg 768w, https:\/\/www.psib-psoe.org\/eivissa\/wp-content\/uploads\/img_2299-1536x1152.jpg 1536w, https:\/\/www.psib-psoe.org\/eivissa\/wp-content\/uploads\/img_2299-150x113.jpg 150w, https:\/\/www.psib-psoe.org\/eivissa\/wp-content\/uploads\/img_2299-600x450.jpg 600w, https:\/\/www.psib-psoe.org\/eivissa\/wp-content\/uploads\/img_2299-900x675.jpg 900w, https:\/\/www.psib-psoe.org\/eivissa\/wp-content\/uploads\/img_2299-20x16.jpg 20w, https:\/\/www.psib-psoe.org\/eivissa\/wp-content\/uploads\/img_2299.jpg 2000w\" sizes=\"auto, (max-width: 1024px) 100vw, 1024px\" \/><\/figure>\n","protected":false},"excerpt":{"rendered":"<p>En el marc de les activitats pel 8 de Mar\u00e7, Dia Internacional de la Dona, la Federaci\u00f3 Socialista d\u2019Eivissa (FSE-PSOE) ha celebrat aquest dissabte la taula rodona \u201cLa import\u00e0ncia de les dones a la pol\u00edtica i l\u2019associacionisme\u201d. Durant l&#8217;acte, s\u2019ha denunciat l&#8217;assetjament sistem\u00e0tic que pateixen les dones en l\u2019esfera p\u00fablica, especialment a trav\u00e9s de les&hellip;<\/p>\n","protected":false},"author":1,"featured_media":41937,"comment_status":"closed","ping_status":"closed","sticky":false,"template":"","format":"standard","meta":{"footnotes":""},"categories":[1,212],"tags":[],"class_list":["post-41933","post","type-post","status-publish","format-standard","has-post-thumbnail","hentry","category-federacio-de-eivissa-portada","category-fse-psoe"],"yoast_head":"<!-- This site is optimized with the Yoast SEO plugin v26.9 - https:\/\/yoast.com\/product\/yoast-seo-wordpress\/ -->\n<title>Taula rodona amb motiu del 8M: El PSOE adverteix de l\u2019augment de la viol\u00e8ncia pol\u00edtica i digital contra les dones - Federaci\u00f3 Socialista d&#039;Eivissa<\/title>\n<meta name=\"robots\" content=\"index, follow, max-snippet:-1, max-image-preview:large, max-video-preview:-1\" \/>\n<link rel=\"canonical\" href=\"https:\/\/www.psib-psoe.org\/eivissa\/taula-rodona-amb-motiu-del-8m-el-psoe-adverteix-de-laugment-de-la-violencia-politica-i-digital-contra-les-dones\/\" \/>\n<meta property=\"og:locale\" content=\"ca_ES\" \/>\n<meta property=\"og:type\" content=\"article\" \/>\n<meta property=\"og:title\" content=\"Taula rodona amb motiu del 8M: El PSOE adverteix de l\u2019augment de la viol\u00e8ncia pol\u00edtica i digital contra les dones - Federaci\u00f3 Socialista d&#039;Eivissa\" \/>\n<meta property=\"og:description\" content=\"En el marc de les activitats pel 8 de Mar\u00e7, Dia Internacional de la Dona, la Federaci\u00f3 Socialista d\u2019Eivissa (FSE-PSOE) ha celebrat aquest dissabte la taula rodona \u201cLa import\u00e0ncia de les dones a la pol\u00edtica i l\u2019associacionisme\u201d. Durant l&#8217;acte, s\u2019ha denunciat l&#8217;assetjament sistem\u00e0tic que pateixen les dones en l\u2019esfera p\u00fablica, especialment a trav\u00e9s de les&hellip;\" \/>\n<meta property=\"og:url\" content=\"https:\/\/www.psib-psoe.org\/eivissa\/taula-rodona-amb-motiu-del-8m-el-psoe-adverteix-de-laugment-de-la-violencia-politica-i-digital-contra-les-dones\/\" \/>\n<meta property=\"og:site_name\" content=\"Federaci\u00f3 Socialista d&#039;Eivissa\" \/>\n<meta property=\"article:published_time\" content=\"2026-03-07T12:38:11+00:00\" \/>\n<meta property=\"article:modified_time\" content=\"2026-03-07T12:40:14+00:00\" \/>\n<meta property=\"og:image\" content=\"https:\/\/www.psib-psoe.org\/eivissa\/wp-content\/uploads\/image-2.jpg\" \/>\n\t<meta property=\"og:image:width\" content=\"1024\" \/>\n\t<meta property=\"og:image:height\" content=\"592\" \/>\n\t<meta property=\"og:image:type\" content=\"image\/jpeg\" \/>\n<meta name=\"author\" content=\"adminpsib\" \/>\n<meta name=\"twitter:card\" content=\"summary_large_image\" \/>\n<meta name=\"twitter:label1\" content=\"Escrit per\" \/>\n\t<meta name=\"twitter:data1\" content=\"adminpsib\" \/>\n\t<meta name=\"twitter:label2\" content=\"Temps estimat de lectura\" \/>\n\t<meta name=\"twitter:data2\" content=\"3 minuts\" \/>\n<script type=\"application\/ld+json\" class=\"yoast-schema-graph\">{\"@context\":\"https:\/\/schema.org\",\"@graph\":[{\"@type\":[\"Article\",\"BlogPosting\"],\"@id\":\"https:\/\/www.psib-psoe.org\/eivissa\/taula-rodona-amb-motiu-del-8m-el-psoe-adverteix-de-laugment-de-la-violencia-politica-i-digital-contra-les-dones\/#article\",\"isPartOf\":{\"@id\":\"https:\/\/www.psib-psoe.org\/eivissa\/taula-rodona-amb-motiu-del-8m-el-psoe-adverteix-de-laugment-de-la-violencia-politica-i-digital-contra-les-dones\/\"},\"author\":{\"name\":\"adminpsib\",\"@id\":\"https:\/\/www.psib-psoe.org\/eivissa\/#\/schema\/person\/099ab3ef73a3645a1d7f303518e6ce24\"},\"headline\":\"Taula rodona amb motiu del 8M: El PSOE adverteix de l\u2019augment de la viol\u00e8ncia pol\u00edtica i digital contra les dones\",\"datePublished\":\"2026-03-07T12:38:11+00:00\",\"dateModified\":\"2026-03-07T12:40:14+00:00\",\"mainEntityOfPage\":{\"@id\":\"https:\/\/www.psib-psoe.org\/eivissa\/taula-rodona-amb-motiu-del-8m-el-psoe-adverteix-de-laugment-de-la-violencia-politica-i-digital-contra-les-dones\/\"},\"wordCount\":679,\"publisher\":{\"@id\":\"https:\/\/www.psib-psoe.org\/eivissa\/#organization\"},\"image\":{\"@id\":\"https:\/\/www.psib-psoe.org\/eivissa\/taula-rodona-amb-motiu-del-8m-el-psoe-adverteix-de-laugment-de-la-violencia-politica-i-digital-contra-les-dones\/#primaryimage\"},\"thumbnailUrl\":\"https:\/\/www.psib-psoe.org\/eivissa\/wp-content\/uploads\/image-2.jpg\",\"articleSection\":[\"Federaci\u00f3 d'Eivissa - Portada\",\"FSE-PSOE\"],\"inLanguage\":\"ca\"},{\"@type\":\"WebPage\",\"@id\":\"https:\/\/www.psib-psoe.org\/eivissa\/taula-rodona-amb-motiu-del-8m-el-psoe-adverteix-de-laugment-de-la-violencia-politica-i-digital-contra-les-dones\/\",\"url\":\"https:\/\/www.psib-psoe.org\/eivissa\/taula-rodona-amb-motiu-del-8m-el-psoe-adverteix-de-laugment-de-la-violencia-politica-i-digital-contra-les-dones\/\",\"name\":\"Taula rodona amb motiu del 8M: El PSOE adverteix de l\u2019augment de la viol\u00e8ncia pol\u00edtica i digital contra les dones - Federaci\u00f3 Socialista d&#039;Eivissa\",\"isPartOf\":{\"@id\":\"https:\/\/www.psib-psoe.org\/eivissa\/#website\"},\"primaryImageOfPage\":{\"@id\":\"https:\/\/www.psib-psoe.org\/eivissa\/taula-rodona-amb-motiu-del-8m-el-psoe-adverteix-de-laugment-de-la-violencia-politica-i-digital-contra-les-dones\/#primaryimage\"},\"image\":{\"@id\":\"https:\/\/www.psib-psoe.org\/eivissa\/taula-rodona-amb-motiu-del-8m-el-psoe-adverteix-de-laugment-de-la-violencia-politica-i-digital-contra-les-dones\/#primaryimage\"},\"thumbnailUrl\":\"https:\/\/www.psib-psoe.org\/eivissa\/wp-content\/uploads\/image-2.jpg\",\"datePublished\":\"2026-03-07T12:38:11+00:00\",\"dateModified\":\"2026-03-07T12:40:14+00:00\",\"breadcrumb\":{\"@id\":\"https:\/\/www.psib-psoe.org\/eivissa\/taula-rodona-amb-motiu-del-8m-el-psoe-adverteix-de-laugment-de-la-violencia-politica-i-digital-contra-les-dones\/#breadcrumb\"},\"inLanguage\":\"ca\",\"potentialAction\":[{\"@type\":\"ReadAction\",\"target\":[\"https:\/\/www.psib-psoe.org\/eivissa\/taula-rodona-amb-motiu-del-8m-el-psoe-adverteix-de-laugment-de-la-violencia-politica-i-digital-contra-les-dones\/\"]}]},{\"@type\":\"ImageObject\",\"inLanguage\":\"ca\",\"@id\":\"https:\/\/www.psib-psoe.org\/eivissa\/taula-rodona-amb-motiu-del-8m-el-psoe-adverteix-de-laugment-de-la-violencia-politica-i-digital-contra-les-dones\/#primaryimage\",\"url\":\"https:\/\/www.psib-psoe.org\/eivissa\/wp-content\/uploads\/image-2.jpg\",\"contentUrl\":\"https:\/\/www.psib-psoe.org\/eivissa\/wp-content\/uploads\/image-2.jpg\",\"width\":1024,\"height\":592},{\"@type\":\"BreadcrumbList\",\"@id\":\"https:\/\/www.psib-psoe.org\/eivissa\/taula-rodona-amb-motiu-del-8m-el-psoe-adverteix-de-laugment-de-la-violencia-politica-i-digital-contra-les-dones\/#breadcrumb\",\"itemListElement\":[{\"@type\":\"ListItem\",\"position\":1,\"name\":\"Inici\",\"item\":\"https:\/\/www.psib-psoe.org\/eivissa\/\"},{\"@type\":\"ListItem\",\"position\":2,\"name\":\"Taula rodona amb motiu del 8M: El PSOE adverteix de l\u2019augment de la viol\u00e8ncia pol\u00edtica i digital contra les dones\"}]},{\"@type\":\"WebSite\",\"@id\":\"https:\/\/www.psib-psoe.org\/eivissa\/#website\",\"url\":\"https:\/\/www.psib-psoe.org\/eivissa\/\",\"name\":\"Federaci\u00f3 Socialista d'Eivissa\",\"description\":\"Socialistes d&#039;Eivissa\",\"publisher\":{\"@id\":\"https:\/\/www.psib-psoe.org\/eivissa\/#organization\"},\"potentialAction\":[{\"@type\":\"SearchAction\",\"target\":{\"@type\":\"EntryPoint\",\"urlTemplate\":\"https:\/\/www.psib-psoe.org\/eivissa\/?s={search_term_string}\"},\"query-input\":{\"@type\":\"PropertyValueSpecification\",\"valueRequired\":true,\"valueName\":\"search_term_string\"}}],\"inLanguage\":\"ca\"},{\"@type\":\"Organization\",\"@id\":\"https:\/\/www.psib-psoe.org\/eivissa\/#organization\",\"name\":\"Federaci\u00f3 Socialista d'Eivissa\",\"url\":\"https:\/\/www.psib-psoe.org\/eivissa\/\",\"logo\":{\"@type\":\"ImageObject\",\"inLanguage\":\"ca\",\"@id\":\"https:\/\/www.psib-psoe.org\/eivissa\/#\/schema\/logo\/image\/\",\"url\":\"https:\/\/www.psib-psoe.org\/eivissa\/wp-content\/uploads\/LOGO-FSE-SOCIALISTA-DEIVISSA-HORI.png\",\"contentUrl\":\"https:\/\/www.psib-psoe.org\/eivissa\/wp-content\/uploads\/LOGO-FSE-SOCIALISTA-DEIVISSA-HORI.png\",\"width\":6000,\"height\":3104,\"caption\":\"Federaci\u00f3 Socialista d'Eivissa\"},\"image\":{\"@id\":\"https:\/\/www.psib-psoe.org\/eivissa\/#\/schema\/logo\/image\/\"}},{\"@type\":\"Person\",\"@id\":\"https:\/\/www.psib-psoe.org\/eivissa\/#\/schema\/person\/099ab3ef73a3645a1d7f303518e6ce24\",\"name\":\"adminpsib\",\"url\":\"https:\/\/www.psib-psoe.org\/eivissa\/author\/adminpsib\/\"}]}<\/script>\n<!-- \/ Yoast SEO plugin. -->","yoast_head_json":{"title":"Taula rodona amb motiu del 8M: El PSOE adverteix de l\u2019augment de la viol\u00e8ncia pol\u00edtica i digital contra les dones - Federaci\u00f3 Socialista d&#039;Eivissa","robots":{"index":"index","follow":"follow","max-snippet":"max-snippet:-1","max-image-preview":"max-image-preview:large","max-video-preview":"max-video-preview:-1"},"canonical":"https:\/\/www.psib-psoe.org\/eivissa\/taula-rodona-amb-motiu-del-8m-el-psoe-adverteix-de-laugment-de-la-violencia-politica-i-digital-contra-les-dones\/","og_locale":"ca_ES","og_type":"article","og_title":"Taula rodona amb motiu del 8M: El PSOE adverteix de l\u2019augment de la viol\u00e8ncia pol\u00edtica i digital contra les dones - Federaci\u00f3 Socialista d&#039;Eivissa","og_description":"En el marc de les activitats pel 8 de Mar\u00e7, Dia Internacional de la Dona, la Federaci\u00f3 Socialista d\u2019Eivissa (FSE-PSOE) ha celebrat aquest dissabte la taula rodona \u201cLa import\u00e0ncia de les dones a la pol\u00edtica i l\u2019associacionisme\u201d. Durant l&#8217;acte, s\u2019ha denunciat l&#8217;assetjament sistem\u00e0tic que pateixen les dones en l\u2019esfera p\u00fablica, especialment a trav\u00e9s de les&hellip;","og_url":"https:\/\/www.psib-psoe.org\/eivissa\/taula-rodona-amb-motiu-del-8m-el-psoe-adverteix-de-laugment-de-la-violencia-politica-i-digital-contra-les-dones\/","og_site_name":"Federaci\u00f3 Socialista d&#039;Eivissa","article_published_time":"2026-03-07T12:38:11+00:00","article_modified_time":"2026-03-07T12:40:14+00:00","og_image":[{"width":1024,"height":592,"url":"https:\/\/www.psib-psoe.org\/eivissa\/wp-content\/uploads\/image-2.jpg","type":"image\/jpeg"}],"author":"adminpsib","twitter_card":"summary_large_image","twitter_misc":{"Escrit per":"adminpsib","Temps estimat de lectura":"3 minuts"},"schema":{"@context":"https:\/\/schema.org","@graph":[{"@type":["Article","BlogPosting"],"@id":"https:\/\/www.psib-psoe.org\/eivissa\/taula-rodona-amb-motiu-del-8m-el-psoe-adverteix-de-laugment-de-la-violencia-politica-i-digital-contra-les-dones\/#article","isPartOf":{"@id":"https:\/\/www.psib-psoe.org\/eivissa\/taula-rodona-amb-motiu-del-8m-el-psoe-adverteix-de-laugment-de-la-violencia-politica-i-digital-contra-les-dones\/"},"author":{"name":"adminpsib","@id":"https:\/\/www.psib-psoe.org\/eivissa\/#\/schema\/person\/099ab3ef73a3645a1d7f303518e6ce24"},"headline":"Taula rodona amb motiu del 8M: El PSOE adverteix de l\u2019augment de la viol\u00e8ncia pol\u00edtica i digital contra les dones","datePublished":"2026-03-07T12:38:11+00:00","dateModified":"2026-03-07T12:40:14+00:00","mainEntityOfPage":{"@id":"https:\/\/www.psib-psoe.org\/eivissa\/taula-rodona-amb-motiu-del-8m-el-psoe-adverteix-de-laugment-de-la-violencia-politica-i-digital-contra-les-dones\/"},"wordCount":679,"publisher":{"@id":"https:\/\/www.psib-psoe.org\/eivissa\/#organization"},"image":{"@id":"https:\/\/www.psib-psoe.org\/eivissa\/taula-rodona-amb-motiu-del-8m-el-psoe-adverteix-de-laugment-de-la-violencia-politica-i-digital-contra-les-dones\/#primaryimage"},"thumbnailUrl":"https:\/\/www.psib-psoe.org\/eivissa\/wp-content\/uploads\/image-2.jpg","articleSection":["Federaci\u00f3 d'Eivissa - Portada","FSE-PSOE"],"inLanguage":"ca"},{"@type":"WebPage","@id":"https:\/\/www.psib-psoe.org\/eivissa\/taula-rodona-amb-motiu-del-8m-el-psoe-adverteix-de-laugment-de-la-violencia-politica-i-digital-contra-les-dones\/","url":"https:\/\/www.psib-psoe.org\/eivissa\/taula-rodona-amb-motiu-del-8m-el-psoe-adverteix-de-laugment-de-la-violencia-politica-i-digital-contra-les-dones\/","name":"Taula rodona amb motiu del 8M: El PSOE adverteix de l\u2019augment de la viol\u00e8ncia pol\u00edtica i digital contra les dones - Federaci\u00f3 Socialista d&#039;Eivissa","isPartOf":{"@id":"https:\/\/www.psib-psoe.org\/eivissa\/#website"},"primaryImageOfPage":{"@id":"https:\/\/www.psib-psoe.org\/eivissa\/taula-rodona-amb-motiu-del-8m-el-psoe-adverteix-de-laugment-de-la-violencia-politica-i-digital-contra-les-dones\/#primaryimage"},"image":{"@id":"https:\/\/www.psib-psoe.org\/eivissa\/taula-rodona-amb-motiu-del-8m-el-psoe-adverteix-de-laugment-de-la-violencia-politica-i-digital-contra-les-dones\/#primaryimage"},"thumbnailUrl":"https:\/\/www.psib-psoe.org\/eivissa\/wp-content\/uploads\/image-2.jpg","datePublished":"2026-03-07T12:38:11+00:00","dateModified":"2026-03-07T12:40:14+00:00","breadcrumb":{"@id":"https:\/\/www.psib-psoe.org\/eivissa\/taula-rodona-amb-motiu-del-8m-el-psoe-adverteix-de-laugment-de-la-violencia-politica-i-digital-contra-les-dones\/#breadcrumb"},"inLanguage":"ca","potentialAction":[{"@type":"ReadAction","target":["https:\/\/www.psib-psoe.org\/eivissa\/taula-rodona-amb-motiu-del-8m-el-psoe-adverteix-de-laugment-de-la-violencia-politica-i-digital-contra-les-dones\/"]}]},{"@type":"ImageObject","inLanguage":"ca","@id":"https:\/\/www.psib-psoe.org\/eivissa\/taula-rodona-amb-motiu-del-8m-el-psoe-adverteix-de-laugment-de-la-violencia-politica-i-digital-contra-les-dones\/#primaryimage","url":"https:\/\/www.psib-psoe.org\/eivissa\/wp-content\/uploads\/image-2.jpg","contentUrl":"https:\/\/www.psib-psoe.org\/eivissa\/wp-content\/uploads\/image-2.jpg","width":1024,"height":592},{"@type":"BreadcrumbList","@id":"https:\/\/www.psib-psoe.org\/eivissa\/taula-rodona-amb-motiu-del-8m-el-psoe-adverteix-de-laugment-de-la-violencia-politica-i-digital-contra-les-dones\/#breadcrumb","itemListElement":[{"@type":"ListItem","position":1,"name":"Inici","item":"https:\/\/www.psib-psoe.org\/eivissa\/"},{"@type":"ListItem","position":2,"name":"Taula rodona amb motiu del 8M: El PSOE adverteix de l\u2019augment de la viol\u00e8ncia pol\u00edtica i digital contra les dones"}]},{"@type":"WebSite","@id":"https:\/\/www.psib-psoe.org\/eivissa\/#website","url":"https:\/\/www.psib-psoe.org\/eivissa\/","name":"Federaci\u00f3 Socialista d'Eivissa","description":"Socialistes d&#039;Eivissa","publisher":{"@id":"https:\/\/www.psib-psoe.org\/eivissa\/#organization"},"potentialAction":[{"@type":"SearchAction","target":{"@type":"EntryPoint","urlTemplate":"https:\/\/www.psib-psoe.org\/eivissa\/?s={search_term_string}"},"query-input":{"@type":"PropertyValueSpecification","valueRequired":true,"valueName":"search_term_string"}}],"inLanguage":"ca"},{"@type":"Organization","@id":"https:\/\/www.psib-psoe.org\/eivissa\/#organization","name":"Federaci\u00f3 Socialista d'Eivissa","url":"https:\/\/www.psib-psoe.org\/eivissa\/","logo":{"@type":"ImageObject","inLanguage":"ca","@id":"https:\/\/www.psib-psoe.org\/eivissa\/#\/schema\/logo\/image\/","url":"https:\/\/www.psib-psoe.org\/eivissa\/wp-content\/uploads\/LOGO-FSE-SOCIALISTA-DEIVISSA-HORI.png","contentUrl":"https:\/\/www.psib-psoe.org\/eivissa\/wp-content\/uploads\/LOGO-FSE-SOCIALISTA-DEIVISSA-HORI.png","width":6000,"height":3104,"caption":"Federaci\u00f3 Socialista d'Eivissa"},"image":{"@id":"https:\/\/www.psib-psoe.org\/eivissa\/#\/schema\/logo\/image\/"}},{"@type":"Person","@id":"https:\/\/www.psib-psoe.org\/eivissa\/#\/schema\/person\/099ab3ef73a3645a1d7f303518e6ce24","name":"adminpsib","url":"https:\/\/www.psib-psoe.org\/eivissa\/author\/adminpsib\/"}]}},"_links":{"self":[{"href":"https:\/\/www.psib-psoe.org\/eivissa\/wp-json\/wp\/v2\/posts\/41933","targetHints":{"allow":["GET"]}}],"collection":[{"href":"https:\/\/www.psib-psoe.org\/eivissa\/wp-json\/wp\/v2\/posts"}],"about":[{"href":"https:\/\/www.psib-psoe.org\/eivissa\/wp-json\/wp\/v2\/types\/post"}],"author":[{"embeddable":true,"href":"https:\/\/www.psib-psoe.org\/eivissa\/wp-json\/wp\/v2\/users\/1"}],"replies":[{"embeddable":true,"href":"https:\/\/www.psib-psoe.org\/eivissa\/wp-json\/wp\/v2\/comments?post=41933"}],"version-history":[{"count":3,"href":"https:\/\/www.psib-psoe.org\/eivissa\/wp-json\/wp\/v2\/posts\/41933\/revisions"}],"predecessor-version":[{"id":41938,"href":"https:\/\/www.psib-psoe.org\/eivissa\/wp-json\/wp\/v2\/posts\/41933\/revisions\/41938"}],"wp:featuredmedia":[{"embeddable":true,"href":"https:\/\/www.psib-psoe.org\/eivissa\/wp-json\/wp\/v2\/media\/41937"}],"wp:attachment":[{"href":"https:\/\/www.psib-psoe.org\/eivissa\/wp-json\/wp\/v2\/media?parent=41933"}],"wp:term":[{"taxonomy":"category","embeddable":true,"href":"https:\/\/www.psib-psoe.org\/eivissa\/wp-json\/wp\/v2\/categories?post=41933"},{"taxonomy":"post_tag","embeddable":true,"href":"https:\/\/www.psib-psoe.org\/eivissa\/wp-json\/wp\/v2\/tags?post=41933"}],"curies":[{"name":"wp","href":"https:\/\/api.w.org\/{rel}","templated":true}]}}