{"id":41952,"date":"2026-03-09T13:42:15","date_gmt":"2026-03-09T11:42:15","guid":{"rendered":"https:\/\/www.psib-psoe.org\/eivissa\/?p=41952"},"modified":"2026-03-09T13:42:15","modified_gmt":"2026-03-09T11:42:15","slug":"el-psoe-qualifica-de-vergonyosa-traicio-al-poble-de-sant-josep-la-decisio-del-partit-popular-de-renunciar-deliberadament-a-lherencia-de-villa-otilia-que-shavia-de-destinar-a-la-cons","status":"publish","type":"post","link":"https:\/\/www.psib-psoe.org\/eivissa\/el-psoe-qualifica-de-vergonyosa-traicio-al-poble-de-sant-josep-la-decisio-del-partit-popular-de-renunciar-deliberadament-a-lherencia-de-villa-otilia-que-shavia-de-destinar-a-la-cons\/","title":{"rendered":"El PSOE qualifica de vergonyosa tra\u00efci\u00f3 al poble de Sant Josep la decisi\u00f3 del Partit Popular de renunciar deliberadament a l\u2019her\u00e8ncia de Villa Otilia, que s\u2019havia de destinar a la construcci\u00f3 d\u2019una resid\u00e8ncia de majors"},"content":{"rendered":"\n<p>Els grups del PSOE al Consell d\u2019Eivissa i a l\u2019Ajuntament de Sant Josep de sa Talaia han expressat avui la seva absoluta indignaci\u00f3 davant el que consideren una decisi\u00f3 sense precedents en la hist\u00f2ria de l&#8217;illa: La ren\u00fancia per part del Partit Popular a la finca de Villa Otilia, una propietat d&#8217;uns 73.303 metres quadrats valorada en m\u00e9s de 800.000 euros que el matrimoni format per Josep Tur \u2018Coques\u2019 i Otilia Torres va llegar amb la voluntat expl\u00edcita de construir-hi una resid\u00e8ncia per a la gent gran i persones dependents.<\/p>\n\n\n\n<p>El PSOE qualifica de vergonyosa tra\u00efci\u00f3 al poble de Sant Josep i a la mem\u00f2ria dels donants la decisi\u00f3 de Vicent Mar\u00ed i Vicent Roig de renunciar a aquest important i absolutament necessari patrimoni p\u00fablic. Una decisi\u00f3 que no \u00e9s fruit de la casualitat ni d&#8217;impediments t\u00e8cnics insuperables, com intenta fer creure el PP, sin\u00f3 que respon a una operaci\u00f3 dissenyada per afavorir interessos privats en detriment del benestar p\u00fablic.&nbsp;<\/p>\n\n\n\n<p>Resulta especialment inacceptable que el Partit Popular s&#8217;escudi ara en la condici\u00f3 de s\u00f2l r\u00fastic de la parcel\u00b7la per declarar el projecte com a inviable, quan la instituci\u00f3 t\u00e9 la potestat de tramitar declaracions d&#8217;inter\u00e8s general per a infraestructures d&#8217;\u00fas comunitari, tal com s&#8217;ha fet hist\u00f2ricament amb escoles o instituts. Aquesta falta de voluntat pol\u00edtica per protegir el llegat de &#8220;Coques&#8221; suposa una aut\u00e8ntica bufetada a les necessitats sociosanit\u00e0ries dels vesins i les vesines de Sant Josep.<\/p>\n\n\n\n<p>El PSOE tamb\u00e9 denuncia l&#8217;opacitat de la gesti\u00f3 i sospita que el Consell d\u2019Eivissa i l&#8217;ajuntament han formalitzat una ren\u00fancia deliberada al llegat, ja que el testament establia un termini de cinc anys per iniciar la construcci\u00f3 de la resid\u00e8ncia a partir de la data d\u2019acceptaci\u00f3 de l&#8217;her\u00e8ncia. En haver abandonat aquest dret, el PP ha perm\u00e8s que la propietat passi a una fundaci\u00f3 privada que ja l&#8217;ha posada a la venda al mercat immobiliari, obrint la porta a qu\u00e8 un espai destinat a fins socials acabi convertit en un actiu especulatiu privat.<\/p>\n\n\n\n<p>Davant la gravetat d&#8217;aquests fets, el PSOE ha anunciat que reclamar\u00e0 de manera immediata l&#8217;acc\u00e9s a tots els escrits i notificacions oficials pels quals l&#8217;Ajuntament de Sant Josep i el Consell d&#8217;Eivissa han comunicat formalment la ren\u00fancia a l&#8217;her\u00e8ncia. El PSOE exigeix transpar\u00e8ncia total sobre el moment exacte en qu\u00e8 Vicent Mar\u00ed i Vicent Roig varen prendre aquesta decisi\u00f3 i els arguments legals utilitzats.&nbsp;<\/p>\n\n\n\n<p>Els grups socialistes no quedaran callats davant de la indignant decisi\u00f3 del PP de beneficia els interessos immobiliaris mentre priva el poble de Sant Josep d&#8217;un centre de dia i resid\u00e8ncia que resultaven vitals per al futur de la nostra gent gran, com aix\u00ed varen entendre Josep Tur \u2018Coques\u2019 i Otilia Torres.&nbsp;<\/p>\n","protected":false},"excerpt":{"rendered":"<p>Els grups del PSOE al Consell d\u2019Eivissa i a l\u2019Ajuntament de Sant Josep de sa Talaia han expressat avui la seva absoluta indignaci\u00f3 davant el que consideren una decisi\u00f3 sense precedents en la hist\u00f2ria de l&#8217;illa: La ren\u00fancia per part del Partit Popular a la finca de Villa Otilia, una propietat d&#8217;uns 73.303 metres quadrats&hellip;<\/p>\n","protected":false},"author":1,"featured_media":41951,"comment_status":"closed","ping_status":"closed","sticky":false,"template":"","format":"standard","meta":{"footnotes":""},"categories":[192,1,187],"tags":[],"class_list":["post-41952","post","type-post","status-publish","format-standard","has-post-thumbnail","hentry","category-consell-deivissa","category-federacio-de-eivissa-portada","category-sant-josep-de-sa-talaia"],"yoast_head":"<!-- This site is optimized with the Yoast SEO plugin v26.9 - https:\/\/yoast.com\/product\/yoast-seo-wordpress\/ -->\n<title>El PSOE qualifica de vergonyosa tra\u00efci\u00f3 al poble de Sant Josep la decisi\u00f3 del Partit Popular de renunciar deliberadament a l\u2019her\u00e8ncia de Villa Otilia, que s\u2019havia de destinar a la construcci\u00f3 d\u2019una resid\u00e8ncia de majors - Federaci\u00f3 Socialista d&#039;Eivissa<\/title>\n<meta name=\"robots\" content=\"index, follow, max-snippet:-1, max-image-preview:large, max-video-preview:-1\" \/>\n<link rel=\"canonical\" href=\"https:\/\/www.psib-psoe.org\/eivissa\/el-psoe-qualifica-de-vergonyosa-traicio-al-poble-de-sant-josep-la-decisio-del-partit-popular-de-renunciar-deliberadament-a-lherencia-de-villa-otilia-que-shavia-de-destinar-a-la-cons\/\" \/>\n<meta property=\"og:locale\" content=\"ca_ES\" \/>\n<meta property=\"og:type\" content=\"article\" \/>\n<meta property=\"og:title\" content=\"El PSOE qualifica de vergonyosa tra\u00efci\u00f3 al poble de Sant Josep la decisi\u00f3 del Partit Popular de renunciar deliberadament a l\u2019her\u00e8ncia de Villa Otilia, que s\u2019havia de destinar a la construcci\u00f3 d\u2019una resid\u00e8ncia de majors - Federaci\u00f3 Socialista d&#039;Eivissa\" \/>\n<meta property=\"og:description\" content=\"Els grups del PSOE al Consell d\u2019Eivissa i a l\u2019Ajuntament de Sant Josep de sa Talaia han expressat avui la seva absoluta indignaci\u00f3 davant el que consideren una decisi\u00f3 sense precedents en la hist\u00f2ria de l&#8217;illa: La ren\u00fancia per part del Partit Popular a la finca de Villa Otilia, una propietat d&#8217;uns 73.303 metres quadrats&hellip;\" \/>\n<meta property=\"og:url\" content=\"https:\/\/www.psib-psoe.org\/eivissa\/el-psoe-qualifica-de-vergonyosa-traicio-al-poble-de-sant-josep-la-decisio-del-partit-popular-de-renunciar-deliberadament-a-lherencia-de-villa-otilia-que-shavia-de-destinar-a-la-cons\/\" \/>\n<meta property=\"og:site_name\" content=\"Federaci\u00f3 Socialista d&#039;Eivissa\" \/>\n<meta property=\"article:published_time\" content=\"2026-03-09T11:42:15+00:00\" \/>\n<meta property=\"og:image\" content=\"https:\/\/www.psib-psoe.org\/eivissa\/wp-content\/uploads\/img_2532.jpg\" \/>\n\t<meta property=\"og:image:width\" content=\"2000\" \/>\n\t<meta property=\"og:image:height\" content=\"860\" \/>\n\t<meta property=\"og:image:type\" content=\"image\/jpeg\" \/>\n<meta name=\"author\" content=\"adminpsib\" \/>\n<meta name=\"twitter:card\" content=\"summary_large_image\" \/>\n<meta name=\"twitter:label1\" content=\"Escrit per\" \/>\n\t<meta name=\"twitter:data1\" content=\"adminpsib\" \/>\n\t<meta name=\"twitter:label2\" content=\"Temps estimat de lectura\" \/>\n\t<meta name=\"twitter:data2\" content=\"2 minuts\" \/>\n<script type=\"application\/ld+json\" class=\"yoast-schema-graph\">{\"@context\":\"https:\/\/schema.org\",\"@graph\":[{\"@type\":[\"Article\",\"BlogPosting\"],\"@id\":\"https:\/\/www.psib-psoe.org\/eivissa\/el-psoe-qualifica-de-vergonyosa-traicio-al-poble-de-sant-josep-la-decisio-del-partit-popular-de-renunciar-deliberadament-a-lherencia-de-villa-otilia-que-shavia-de-destinar-a-la-cons\/#article\",\"isPartOf\":{\"@id\":\"https:\/\/www.psib-psoe.org\/eivissa\/el-psoe-qualifica-de-vergonyosa-traicio-al-poble-de-sant-josep-la-decisio-del-partit-popular-de-renunciar-deliberadament-a-lherencia-de-villa-otilia-que-shavia-de-destinar-a-la-cons\/\"},\"author\":{\"name\":\"adminpsib\",\"@id\":\"https:\/\/www.psib-psoe.org\/eivissa\/#\/schema\/person\/099ab3ef73a3645a1d7f303518e6ce24\"},\"headline\":\"El PSOE qualifica de vergonyosa tra\u00efci\u00f3 al poble de Sant Josep la decisi\u00f3 del Partit Popular de renunciar deliberadament a l\u2019her\u00e8ncia de Villa Otilia, que s\u2019havia de destinar a la construcci\u00f3 d\u2019una resid\u00e8ncia de majors\",\"datePublished\":\"2026-03-09T11:42:15+00:00\",\"mainEntityOfPage\":{\"@id\":\"https:\/\/www.psib-psoe.org\/eivissa\/el-psoe-qualifica-de-vergonyosa-traicio-al-poble-de-sant-josep-la-decisio-del-partit-popular-de-renunciar-deliberadament-a-lherencia-de-villa-otilia-que-shavia-de-destinar-a-la-cons\/\"},\"wordCount\":520,\"publisher\":{\"@id\":\"https:\/\/www.psib-psoe.org\/eivissa\/#organization\"},\"image\":{\"@id\":\"https:\/\/www.psib-psoe.org\/eivissa\/el-psoe-qualifica-de-vergonyosa-traicio-al-poble-de-sant-josep-la-decisio-del-partit-popular-de-renunciar-deliberadament-a-lherencia-de-villa-otilia-que-shavia-de-destinar-a-la-cons\/#primaryimage\"},\"thumbnailUrl\":\"https:\/\/www.psib-psoe.org\/eivissa\/wp-content\/uploads\/img_2532.jpg\",\"articleSection\":[\"Consell d'Eivissa\",\"Federaci\u00f3 d'Eivissa - Portada\",\"Sant Josep de sa Talaia\"],\"inLanguage\":\"ca\"},{\"@type\":\"WebPage\",\"@id\":\"https:\/\/www.psib-psoe.org\/eivissa\/el-psoe-qualifica-de-vergonyosa-traicio-al-poble-de-sant-josep-la-decisio-del-partit-popular-de-renunciar-deliberadament-a-lherencia-de-villa-otilia-que-shavia-de-destinar-a-la-cons\/\",\"url\":\"https:\/\/www.psib-psoe.org\/eivissa\/el-psoe-qualifica-de-vergonyosa-traicio-al-poble-de-sant-josep-la-decisio-del-partit-popular-de-renunciar-deliberadament-a-lherencia-de-villa-otilia-que-shavia-de-destinar-a-la-cons\/\",\"name\":\"El PSOE qualifica de vergonyosa tra\u00efci\u00f3 al poble de Sant Josep la decisi\u00f3 del Partit Popular de renunciar deliberadament a l\u2019her\u00e8ncia de Villa Otilia, que s\u2019havia de destinar a la construcci\u00f3 d\u2019una resid\u00e8ncia de majors - Federaci\u00f3 Socialista d&#039;Eivissa\",\"isPartOf\":{\"@id\":\"https:\/\/www.psib-psoe.org\/eivissa\/#website\"},\"primaryImageOfPage\":{\"@id\":\"https:\/\/www.psib-psoe.org\/eivissa\/el-psoe-qualifica-de-vergonyosa-traicio-al-poble-de-sant-josep-la-decisio-del-partit-popular-de-renunciar-deliberadament-a-lherencia-de-villa-otilia-que-shavia-de-destinar-a-la-cons\/#primaryimage\"},\"image\":{\"@id\":\"https:\/\/www.psib-psoe.org\/eivissa\/el-psoe-qualifica-de-vergonyosa-traicio-al-poble-de-sant-josep-la-decisio-del-partit-popular-de-renunciar-deliberadament-a-lherencia-de-villa-otilia-que-shavia-de-destinar-a-la-cons\/#primaryimage\"},\"thumbnailUrl\":\"https:\/\/www.psib-psoe.org\/eivissa\/wp-content\/uploads\/img_2532.jpg\",\"datePublished\":\"2026-03-09T11:42:15+00:00\",\"breadcrumb\":{\"@id\":\"https:\/\/www.psib-psoe.org\/eivissa\/el-psoe-qualifica-de-vergonyosa-traicio-al-poble-de-sant-josep-la-decisio-del-partit-popular-de-renunciar-deliberadament-a-lherencia-de-villa-otilia-que-shavia-de-destinar-a-la-cons\/#breadcrumb\"},\"inLanguage\":\"ca\",\"potentialAction\":[{\"@type\":\"ReadAction\",\"target\":[\"https:\/\/www.psib-psoe.org\/eivissa\/el-psoe-qualifica-de-vergonyosa-traicio-al-poble-de-sant-josep-la-decisio-del-partit-popular-de-renunciar-deliberadament-a-lherencia-de-villa-otilia-que-shavia-de-destinar-a-la-cons\/\"]}]},{\"@type\":\"ImageObject\",\"inLanguage\":\"ca\",\"@id\":\"https:\/\/www.psib-psoe.org\/eivissa\/el-psoe-qualifica-de-vergonyosa-traicio-al-poble-de-sant-josep-la-decisio-del-partit-popular-de-renunciar-deliberadament-a-lherencia-de-villa-otilia-que-shavia-de-destinar-a-la-cons\/#primaryimage\",\"url\":\"https:\/\/www.psib-psoe.org\/eivissa\/wp-content\/uploads\/img_2532.jpg\",\"contentUrl\":\"https:\/\/www.psib-psoe.org\/eivissa\/wp-content\/uploads\/img_2532.jpg\",\"width\":2000,\"height\":860},{\"@type\":\"BreadcrumbList\",\"@id\":\"https:\/\/www.psib-psoe.org\/eivissa\/el-psoe-qualifica-de-vergonyosa-traicio-al-poble-de-sant-josep-la-decisio-del-partit-popular-de-renunciar-deliberadament-a-lherencia-de-villa-otilia-que-shavia-de-destinar-a-la-cons\/#breadcrumb\",\"itemListElement\":[{\"@type\":\"ListItem\",\"position\":1,\"name\":\"Inici\",\"item\":\"https:\/\/www.psib-psoe.org\/eivissa\/\"},{\"@type\":\"ListItem\",\"position\":2,\"name\":\"El PSOE qualifica de vergonyosa tra\u00efci\u00f3 al poble de Sant Josep la decisi\u00f3 del Partit Popular de renunciar deliberadament a l\u2019her\u00e8ncia de Villa Otilia, que s\u2019havia de destinar a la construcci\u00f3 d\u2019una resid\u00e8ncia de majors\"}]},{\"@type\":\"WebSite\",\"@id\":\"https:\/\/www.psib-psoe.org\/eivissa\/#website\",\"url\":\"https:\/\/www.psib-psoe.org\/eivissa\/\",\"name\":\"Federaci\u00f3 Socialista d'Eivissa\",\"description\":\"Socialistes d&#039;Eivissa\",\"publisher\":{\"@id\":\"https:\/\/www.psib-psoe.org\/eivissa\/#organization\"},\"potentialAction\":[{\"@type\":\"SearchAction\",\"target\":{\"@type\":\"EntryPoint\",\"urlTemplate\":\"https:\/\/www.psib-psoe.org\/eivissa\/?s={search_term_string}\"},\"query-input\":{\"@type\":\"PropertyValueSpecification\",\"valueRequired\":true,\"valueName\":\"search_term_string\"}}],\"inLanguage\":\"ca\"},{\"@type\":\"Organization\",\"@id\":\"https:\/\/www.psib-psoe.org\/eivissa\/#organization\",\"name\":\"Federaci\u00f3 Socialista d'Eivissa\",\"url\":\"https:\/\/www.psib-psoe.org\/eivissa\/\",\"logo\":{\"@type\":\"ImageObject\",\"inLanguage\":\"ca\",\"@id\":\"https:\/\/www.psib-psoe.org\/eivissa\/#\/schema\/logo\/image\/\",\"url\":\"https:\/\/www.psib-psoe.org\/eivissa\/wp-content\/uploads\/LOGO-FSE-SOCIALISTA-DEIVISSA-HORI.png\",\"contentUrl\":\"https:\/\/www.psib-psoe.org\/eivissa\/wp-content\/uploads\/LOGO-FSE-SOCIALISTA-DEIVISSA-HORI.png\",\"width\":6000,\"height\":3104,\"caption\":\"Federaci\u00f3 Socialista d'Eivissa\"},\"image\":{\"@id\":\"https:\/\/www.psib-psoe.org\/eivissa\/#\/schema\/logo\/image\/\"}},{\"@type\":\"Person\",\"@id\":\"https:\/\/www.psib-psoe.org\/eivissa\/#\/schema\/person\/099ab3ef73a3645a1d7f303518e6ce24\",\"name\":\"adminpsib\",\"url\":\"https:\/\/www.psib-psoe.org\/eivissa\/author\/adminpsib\/\"}]}<\/script>\n<!-- \/ Yoast SEO plugin. -->","yoast_head_json":{"title":"El PSOE qualifica de vergonyosa tra\u00efci\u00f3 al poble de Sant Josep la decisi\u00f3 del Partit Popular de renunciar deliberadament a l\u2019her\u00e8ncia de Villa Otilia, que s\u2019havia de destinar a la construcci\u00f3 d\u2019una resid\u00e8ncia de majors - Federaci\u00f3 Socialista d&#039;Eivissa","robots":{"index":"index","follow":"follow","max-snippet":"max-snippet:-1","max-image-preview":"max-image-preview:large","max-video-preview":"max-video-preview:-1"},"canonical":"https:\/\/www.psib-psoe.org\/eivissa\/el-psoe-qualifica-de-vergonyosa-traicio-al-poble-de-sant-josep-la-decisio-del-partit-popular-de-renunciar-deliberadament-a-lherencia-de-villa-otilia-que-shavia-de-destinar-a-la-cons\/","og_locale":"ca_ES","og_type":"article","og_title":"El PSOE qualifica de vergonyosa tra\u00efci\u00f3 al poble de Sant Josep la decisi\u00f3 del Partit Popular de renunciar deliberadament a l\u2019her\u00e8ncia de Villa Otilia, que s\u2019havia de destinar a la construcci\u00f3 d\u2019una resid\u00e8ncia de majors - Federaci\u00f3 Socialista d&#039;Eivissa","og_description":"Els grups del PSOE al Consell d\u2019Eivissa i a l\u2019Ajuntament de Sant Josep de sa Talaia han expressat avui la seva absoluta indignaci\u00f3 davant el que consideren una decisi\u00f3 sense precedents en la hist\u00f2ria de l&#8217;illa: La ren\u00fancia per part del Partit Popular a la finca de Villa Otilia, una propietat d&#8217;uns 73.303 metres quadrats&hellip;","og_url":"https:\/\/www.psib-psoe.org\/eivissa\/el-psoe-qualifica-de-vergonyosa-traicio-al-poble-de-sant-josep-la-decisio-del-partit-popular-de-renunciar-deliberadament-a-lherencia-de-villa-otilia-que-shavia-de-destinar-a-la-cons\/","og_site_name":"Federaci\u00f3 Socialista d&#039;Eivissa","article_published_time":"2026-03-09T11:42:15+00:00","og_image":[{"width":2000,"height":860,"url":"https:\/\/www.psib-psoe.org\/eivissa\/wp-content\/uploads\/img_2532.jpg","type":"image\/jpeg"}],"author":"adminpsib","twitter_card":"summary_large_image","twitter_misc":{"Escrit per":"adminpsib","Temps estimat de lectura":"2 minuts"},"schema":{"@context":"https:\/\/schema.org","@graph":[{"@type":["Article","BlogPosting"],"@id":"https:\/\/www.psib-psoe.org\/eivissa\/el-psoe-qualifica-de-vergonyosa-traicio-al-poble-de-sant-josep-la-decisio-del-partit-popular-de-renunciar-deliberadament-a-lherencia-de-villa-otilia-que-shavia-de-destinar-a-la-cons\/#article","isPartOf":{"@id":"https:\/\/www.psib-psoe.org\/eivissa\/el-psoe-qualifica-de-vergonyosa-traicio-al-poble-de-sant-josep-la-decisio-del-partit-popular-de-renunciar-deliberadament-a-lherencia-de-villa-otilia-que-shavia-de-destinar-a-la-cons\/"},"author":{"name":"adminpsib","@id":"https:\/\/www.psib-psoe.org\/eivissa\/#\/schema\/person\/099ab3ef73a3645a1d7f303518e6ce24"},"headline":"El PSOE qualifica de vergonyosa tra\u00efci\u00f3 al poble de Sant Josep la decisi\u00f3 del Partit Popular de renunciar deliberadament a l\u2019her\u00e8ncia de Villa Otilia, que s\u2019havia de destinar a la construcci\u00f3 d\u2019una resid\u00e8ncia de majors","datePublished":"2026-03-09T11:42:15+00:00","mainEntityOfPage":{"@id":"https:\/\/www.psib-psoe.org\/eivissa\/el-psoe-qualifica-de-vergonyosa-traicio-al-poble-de-sant-josep-la-decisio-del-partit-popular-de-renunciar-deliberadament-a-lherencia-de-villa-otilia-que-shavia-de-destinar-a-la-cons\/"},"wordCount":520,"publisher":{"@id":"https:\/\/www.psib-psoe.org\/eivissa\/#organization"},"image":{"@id":"https:\/\/www.psib-psoe.org\/eivissa\/el-psoe-qualifica-de-vergonyosa-traicio-al-poble-de-sant-josep-la-decisio-del-partit-popular-de-renunciar-deliberadament-a-lherencia-de-villa-otilia-que-shavia-de-destinar-a-la-cons\/#primaryimage"},"thumbnailUrl":"https:\/\/www.psib-psoe.org\/eivissa\/wp-content\/uploads\/img_2532.jpg","articleSection":["Consell d'Eivissa","Federaci\u00f3 d'Eivissa - Portada","Sant Josep de sa Talaia"],"inLanguage":"ca"},{"@type":"WebPage","@id":"https:\/\/www.psib-psoe.org\/eivissa\/el-psoe-qualifica-de-vergonyosa-traicio-al-poble-de-sant-josep-la-decisio-del-partit-popular-de-renunciar-deliberadament-a-lherencia-de-villa-otilia-que-shavia-de-destinar-a-la-cons\/","url":"https:\/\/www.psib-psoe.org\/eivissa\/el-psoe-qualifica-de-vergonyosa-traicio-al-poble-de-sant-josep-la-decisio-del-partit-popular-de-renunciar-deliberadament-a-lherencia-de-villa-otilia-que-shavia-de-destinar-a-la-cons\/","name":"El PSOE qualifica de vergonyosa tra\u00efci\u00f3 al poble de Sant Josep la decisi\u00f3 del Partit Popular de renunciar deliberadament a l\u2019her\u00e8ncia de Villa Otilia, que s\u2019havia de destinar a la construcci\u00f3 d\u2019una resid\u00e8ncia de majors - Federaci\u00f3 Socialista d&#039;Eivissa","isPartOf":{"@id":"https:\/\/www.psib-psoe.org\/eivissa\/#website"},"primaryImageOfPage":{"@id":"https:\/\/www.psib-psoe.org\/eivissa\/el-psoe-qualifica-de-vergonyosa-traicio-al-poble-de-sant-josep-la-decisio-del-partit-popular-de-renunciar-deliberadament-a-lherencia-de-villa-otilia-que-shavia-de-destinar-a-la-cons\/#primaryimage"},"image":{"@id":"https:\/\/www.psib-psoe.org\/eivissa\/el-psoe-qualifica-de-vergonyosa-traicio-al-poble-de-sant-josep-la-decisio-del-partit-popular-de-renunciar-deliberadament-a-lherencia-de-villa-otilia-que-shavia-de-destinar-a-la-cons\/#primaryimage"},"thumbnailUrl":"https:\/\/www.psib-psoe.org\/eivissa\/wp-content\/uploads\/img_2532.jpg","datePublished":"2026-03-09T11:42:15+00:00","breadcrumb":{"@id":"https:\/\/www.psib-psoe.org\/eivissa\/el-psoe-qualifica-de-vergonyosa-traicio-al-poble-de-sant-josep-la-decisio-del-partit-popular-de-renunciar-deliberadament-a-lherencia-de-villa-otilia-que-shavia-de-destinar-a-la-cons\/#breadcrumb"},"inLanguage":"ca","potentialAction":[{"@type":"ReadAction","target":["https:\/\/www.psib-psoe.org\/eivissa\/el-psoe-qualifica-de-vergonyosa-traicio-al-poble-de-sant-josep-la-decisio-del-partit-popular-de-renunciar-deliberadament-a-lherencia-de-villa-otilia-que-shavia-de-destinar-a-la-cons\/"]}]},{"@type":"ImageObject","inLanguage":"ca","@id":"https:\/\/www.psib-psoe.org\/eivissa\/el-psoe-qualifica-de-vergonyosa-traicio-al-poble-de-sant-josep-la-decisio-del-partit-popular-de-renunciar-deliberadament-a-lherencia-de-villa-otilia-que-shavia-de-destinar-a-la-cons\/#primaryimage","url":"https:\/\/www.psib-psoe.org\/eivissa\/wp-content\/uploads\/img_2532.jpg","contentUrl":"https:\/\/www.psib-psoe.org\/eivissa\/wp-content\/uploads\/img_2532.jpg","width":2000,"height":860},{"@type":"BreadcrumbList","@id":"https:\/\/www.psib-psoe.org\/eivissa\/el-psoe-qualifica-de-vergonyosa-traicio-al-poble-de-sant-josep-la-decisio-del-partit-popular-de-renunciar-deliberadament-a-lherencia-de-villa-otilia-que-shavia-de-destinar-a-la-cons\/#breadcrumb","itemListElement":[{"@type":"ListItem","position":1,"name":"Inici","item":"https:\/\/www.psib-psoe.org\/eivissa\/"},{"@type":"ListItem","position":2,"name":"El PSOE qualifica de vergonyosa tra\u00efci\u00f3 al poble de Sant Josep la decisi\u00f3 del Partit Popular de renunciar deliberadament a l\u2019her\u00e8ncia de Villa Otilia, que s\u2019havia de destinar a la construcci\u00f3 d\u2019una resid\u00e8ncia de majors"}]},{"@type":"WebSite","@id":"https:\/\/www.psib-psoe.org\/eivissa\/#website","url":"https:\/\/www.psib-psoe.org\/eivissa\/","name":"Federaci\u00f3 Socialista d'Eivissa","description":"Socialistes d&#039;Eivissa","publisher":{"@id":"https:\/\/www.psib-psoe.org\/eivissa\/#organization"},"potentialAction":[{"@type":"SearchAction","target":{"@type":"EntryPoint","urlTemplate":"https:\/\/www.psib-psoe.org\/eivissa\/?s={search_term_string}"},"query-input":{"@type":"PropertyValueSpecification","valueRequired":true,"valueName":"search_term_string"}}],"inLanguage":"ca"},{"@type":"Organization","@id":"https:\/\/www.psib-psoe.org\/eivissa\/#organization","name":"Federaci\u00f3 Socialista d'Eivissa","url":"https:\/\/www.psib-psoe.org\/eivissa\/","logo":{"@type":"ImageObject","inLanguage":"ca","@id":"https:\/\/www.psib-psoe.org\/eivissa\/#\/schema\/logo\/image\/","url":"https:\/\/www.psib-psoe.org\/eivissa\/wp-content\/uploads\/LOGO-FSE-SOCIALISTA-DEIVISSA-HORI.png","contentUrl":"https:\/\/www.psib-psoe.org\/eivissa\/wp-content\/uploads\/LOGO-FSE-SOCIALISTA-DEIVISSA-HORI.png","width":6000,"height":3104,"caption":"Federaci\u00f3 Socialista d'Eivissa"},"image":{"@id":"https:\/\/www.psib-psoe.org\/eivissa\/#\/schema\/logo\/image\/"}},{"@type":"Person","@id":"https:\/\/www.psib-psoe.org\/eivissa\/#\/schema\/person\/099ab3ef73a3645a1d7f303518e6ce24","name":"adminpsib","url":"https:\/\/www.psib-psoe.org\/eivissa\/author\/adminpsib\/"}]}},"_links":{"self":[{"href":"https:\/\/www.psib-psoe.org\/eivissa\/wp-json\/wp\/v2\/posts\/41952","targetHints":{"allow":["GET"]}}],"collection":[{"href":"https:\/\/www.psib-psoe.org\/eivissa\/wp-json\/wp\/v2\/posts"}],"about":[{"href":"https:\/\/www.psib-psoe.org\/eivissa\/wp-json\/wp\/v2\/types\/post"}],"author":[{"embeddable":true,"href":"https:\/\/www.psib-psoe.org\/eivissa\/wp-json\/wp\/v2\/users\/1"}],"replies":[{"embeddable":true,"href":"https:\/\/www.psib-psoe.org\/eivissa\/wp-json\/wp\/v2\/comments?post=41952"}],"version-history":[{"count":1,"href":"https:\/\/www.psib-psoe.org\/eivissa\/wp-json\/wp\/v2\/posts\/41952\/revisions"}],"predecessor-version":[{"id":41953,"href":"https:\/\/www.psib-psoe.org\/eivissa\/wp-json\/wp\/v2\/posts\/41952\/revisions\/41953"}],"wp:featuredmedia":[{"embeddable":true,"href":"https:\/\/www.psib-psoe.org\/eivissa\/wp-json\/wp\/v2\/media\/41951"}],"wp:attachment":[{"href":"https:\/\/www.psib-psoe.org\/eivissa\/wp-json\/wp\/v2\/media?parent=41952"}],"wp:term":[{"taxonomy":"category","embeddable":true,"href":"https:\/\/www.psib-psoe.org\/eivissa\/wp-json\/wp\/v2\/categories?post=41952"},{"taxonomy":"post_tag","embeddable":true,"href":"https:\/\/www.psib-psoe.org\/eivissa\/wp-json\/wp\/v2\/tags?post=41952"}],"curies":[{"name":"wp","href":"https:\/\/api.w.org\/{rel}","templated":true}]}}