{"id":41955,"date":"2026-03-09T20:23:51","date_gmt":"2026-03-09T18:23:51","guid":{"rendered":"https:\/\/www.psib-psoe.org\/eivissa\/?p=41955"},"modified":"2026-03-09T20:23:51","modified_gmt":"2026-03-09T18:23:51","slug":"vicent-rosello-alerta-de-la-deriva-extremista-del-partit-popular-deivissa-i-denuncia-que-ja-no-es-diferencia-en-res-de-lextrema-dreta","status":"publish","type":"post","link":"https:\/\/www.psib-psoe.org\/eivissa\/vicent-rosello-alerta-de-la-deriva-extremista-del-partit-popular-deivissa-i-denuncia-que-ja-no-es-diferencia-en-res-de-lextrema-dreta\/","title":{"rendered":"Vicent Rosell\u00f3 alerta de la \u201cderiva extremista del Partit Popular d\u2019Eivissa\u201d i denuncia que \u201cja no es diferencia en res de l\u2019extrema dreta\u201d"},"content":{"rendered":"\n<p>La Comissi\u00f3 Executiva de la Federaci\u00f3 Socialista d\u2019Eivissa (FSE-PSOE), reunida avui, ha manifestat la seva profunda preocupaci\u00f3 per la \u201cderiva\u201d pol\u00edtica del Partit Popular de la nostra illa, que \u201cs\u2019ha allunyat de la pol\u00edtica \u00fatil per a la ciutadania per abra\u00e7ar els discursos i les actituds de l\u2019extrema dreta\u201d.<\/p>\n\n\n\n<p>El secretari general de la FSE-PSOE, Vicent Rosell\u00f3, ha advertit que el PP \u201cha renunciat a governar pensant en els problemes reals de la gent i s\u2019ha instal\u00b7lat en la confrontaci\u00f3 permanent i en la c\u00f2pia dels discursos de la ultradreta\u201d.<\/p>\n\n\n\n<p>\u201cEn lloc d\u2019impulsar pol\u00edtiques p\u00fabliques que donin resposta a les necessitats de la ciutadania de la nostra illa, el PP ha abandonat completament la pol\u00edtica \u00fatil: no hi ha aposta per l\u2019habitatge o per la millora dels serveis p\u00fablics\u201d, ha lamentat Rosell\u00f3.<\/p>\n\n\n\n<p>Per contra, els \u00faltims episodis protagonitzats pel PP evidencien, segons ha denunciat, \u201cun retroc\u00e9s institucional i en drets\u201d.<\/p>\n\n\n\n<p>Entre aquests exemples, Vicent Rosell\u00f3 ha assenyalat l\u2019actitud del PP davant el Dia Internacional de la Dona: \u201cHem vist com es boicotejaven i menyspreaven els actes del 8M, contraprogramant la concentraci\u00f3 reivindicativa amb la Cursa de la Dona, negant-se a condemnar insults masclistes contra la nostra portaveu al Consell o destinant el Casal d\u2019Igualtat de l\u2019Ajuntament d\u2019Eivissa a activitats que no tenen res a veure amb la igualtat.\u201d<\/p>\n\n\n\n<p>La Federaci\u00f3 Socialista d\u2019Eivissa tamb\u00e9 ha denunciat que el PP est\u00e0 assumint els plantejaments propis de l\u2019extrema dreta en mat\u00e8ria d\u2019immigraci\u00f3. Segons Vicent Rosell\u00f3, la seva oposici\u00f3 a la regularitzaci\u00f3 d\u2019immigrants, la retirada de la targeta de transport als migrants o la negativa a destinar recursos suficients al Centre de Menors s\u00f3n exemples clars d\u2019aquesta \u201cderiva\u201d.<\/p>\n\n\n\n<p>\u201cEl PP d\u2019Eivissa, tant des del Consell com des de tots els ajuntaments, ha convertit les pol\u00edtiques contra les persones migrants en el seu discurs prioritari. \u00c9s la conseq\u00fc\u00e8ncia de la seva desesperaci\u00f3 per competir amb Vox\u201d, ha afirmat.<\/p>\n\n\n\n<p>A m\u00e9s, Rosell\u00f3 ha advertit que \u201cla derogaci\u00f3 i els atacs a les pol\u00edtiques de mem\u00f2ria democr\u00e0tica que es viur\u00e0 dem\u00e0 en el Parlament balear representa un retroc\u00e9s molt greu\u201d. \u201cSer\u00e0 un dia que passar\u00e0 a la hist\u00f2ria m\u00e9s fosca dels m\u00e9s de quaranta anys d\u2019autonomia\u201d, ha afegit.<\/p>\n\n\n\n<p>Per al secretari general socialista, aquests fets no s\u00f3n casos a\u00efllats sin\u00f3 part d\u2019una estrat\u00e8gia de radicalitzaci\u00f3 del PP a tot Espanya.<\/p>\n\n\n\n<p>\u201cEl Partit Popular ha decidit competir amb l\u2019extrema dreta en lloc de defensar els valors democr\u00e0tics i de conviv\u00e8ncia que han sostingut el nostre sistema durant d\u00e8cades\u201d, ha afirmat.<\/p>\n\n\n\n<p>Vicent Rosell\u00f3 tamb\u00e9 ha criticat la posici\u00f3 del PP en l\u2019\u00e0mbit internacional: \u201cEn comptes de donar suport al Govern d\u2019Espanya en la defensa de la pau i del no a la guerra, el PP prefereix posar-se del costat de Donald Trump\u201d.<\/p>\n\n\n\n<p>Davant aquesta situaci\u00f3, la Federaci\u00f3 Socialista d\u2019Eivissa ha reafirmat el seu comprom\u00eds amb la defensa de la conviv\u00e8ncia, els serveis p\u00fablics i els drets democr\u00e0tics.<\/p>\n\n\n\n<p>\u201cEl PSOE continuar\u00e0 defensant la conviv\u00e8ncia, els serveis p\u00fablics, la democr\u00e0cia, els drets fonamentals, la igualtat i, com no, la pau\u201d, ha assegurat Rosell\u00f3.<\/p>\n\n\n\n<p>Finalment, el secretari general socialista ha concl\u00f2s que \u201cEivissa necessita pol\u00edtica \u00fatil i institucions dignes, no la radicalitzaci\u00f3 del Partit Popular\u201d. \u201cEls socialistes continuarem treballant per una illa cohesionada, respectuosa i amb institucions que estiguin a l\u2019altura de la ciutadania\u201d, ha afirmat.<\/p>\n","protected":false},"excerpt":{"rendered":"<p>La Comissi\u00f3 Executiva de la Federaci\u00f3 Socialista d\u2019Eivissa (FSE-PSOE), reunida avui, ha manifestat la seva profunda preocupaci\u00f3 per la \u201cderiva\u201d pol\u00edtica del Partit Popular de la nostra illa, que \u201cs\u2019ha allunyat de la pol\u00edtica \u00fatil per a la ciutadania per abra\u00e7ar els discursos i les actituds de l\u2019extrema dreta\u201d. El secretari general de la FSE-PSOE,&hellip;<\/p>\n","protected":false},"author":1,"featured_media":41954,"comment_status":"closed","ping_status":"closed","sticky":false,"template":"","format":"standard","meta":{"footnotes":""},"categories":[1,212],"tags":[],"class_list":["post-41955","post","type-post","status-publish","format-standard","has-post-thumbnail","hentry","category-federacio-de-eivissa-portada","category-fse-psoe"],"yoast_head":"<!-- This site is optimized with the Yoast SEO plugin v26.9 - https:\/\/yoast.com\/product\/yoast-seo-wordpress\/ -->\n<title>Vicent Rosell\u00f3 alerta de la \u201cderiva extremista del Partit Popular d\u2019Eivissa\u201d i denuncia que \u201cja no es diferencia en res de l\u2019extrema dreta\u201d - Federaci\u00f3 Socialista d&#039;Eivissa<\/title>\n<meta name=\"robots\" content=\"index, follow, max-snippet:-1, max-image-preview:large, max-video-preview:-1\" \/>\n<link rel=\"canonical\" href=\"https:\/\/www.psib-psoe.org\/eivissa\/vicent-rosello-alerta-de-la-deriva-extremista-del-partit-popular-deivissa-i-denuncia-que-ja-no-es-diferencia-en-res-de-lextrema-dreta\/\" \/>\n<meta property=\"og:locale\" content=\"ca_ES\" \/>\n<meta property=\"og:type\" content=\"article\" \/>\n<meta property=\"og:title\" content=\"Vicent Rosell\u00f3 alerta de la \u201cderiva extremista del Partit Popular d\u2019Eivissa\u201d i denuncia que \u201cja no es diferencia en res de l\u2019extrema dreta\u201d - Federaci\u00f3 Socialista d&#039;Eivissa\" \/>\n<meta property=\"og:description\" content=\"La Comissi\u00f3 Executiva de la Federaci\u00f3 Socialista d\u2019Eivissa (FSE-PSOE), reunida avui, ha manifestat la seva profunda preocupaci\u00f3 per la \u201cderiva\u201d pol\u00edtica del Partit Popular de la nostra illa, que \u201cs\u2019ha allunyat de la pol\u00edtica \u00fatil per a la ciutadania per abra\u00e7ar els discursos i les actituds de l\u2019extrema dreta\u201d. El secretari general de la FSE-PSOE,&hellip;\" \/>\n<meta property=\"og:url\" content=\"https:\/\/www.psib-psoe.org\/eivissa\/vicent-rosello-alerta-de-la-deriva-extremista-del-partit-popular-deivissa-i-denuncia-que-ja-no-es-diferencia-en-res-de-lextrema-dreta\/\" \/>\n<meta property=\"og:site_name\" content=\"Federaci\u00f3 Socialista d&#039;Eivissa\" \/>\n<meta property=\"article:published_time\" content=\"2026-03-09T18:23:51+00:00\" \/>\n<meta property=\"og:image\" content=\"https:\/\/www.psib-psoe.org\/eivissa\/wp-content\/uploads\/img_2575.jpg\" \/>\n\t<meta property=\"og:image:width\" content=\"2000\" \/>\n\t<meta property=\"og:image:height\" content=\"1500\" \/>\n\t<meta property=\"og:image:type\" content=\"image\/jpeg\" \/>\n<meta name=\"author\" content=\"adminpsib\" \/>\n<meta name=\"twitter:card\" content=\"summary_large_image\" \/>\n<meta name=\"twitter:label1\" content=\"Escrit per\" \/>\n\t<meta name=\"twitter:data1\" content=\"adminpsib\" \/>\n\t<meta name=\"twitter:label2\" content=\"Temps estimat de lectura\" \/>\n\t<meta name=\"twitter:data2\" content=\"3 minuts\" \/>\n<script type=\"application\/ld+json\" class=\"yoast-schema-graph\">{\"@context\":\"https:\/\/schema.org\",\"@graph\":[{\"@type\":[\"Article\",\"BlogPosting\"],\"@id\":\"https:\/\/www.psib-psoe.org\/eivissa\/vicent-rosello-alerta-de-la-deriva-extremista-del-partit-popular-deivissa-i-denuncia-que-ja-no-es-diferencia-en-res-de-lextrema-dreta\/#article\",\"isPartOf\":{\"@id\":\"https:\/\/www.psib-psoe.org\/eivissa\/vicent-rosello-alerta-de-la-deriva-extremista-del-partit-popular-deivissa-i-denuncia-que-ja-no-es-diferencia-en-res-de-lextrema-dreta\/\"},\"author\":{\"name\":\"adminpsib\",\"@id\":\"https:\/\/www.psib-psoe.org\/eivissa\/#\/schema\/person\/099ab3ef73a3645a1d7f303518e6ce24\"},\"headline\":\"Vicent Rosell\u00f3 alerta de la \u201cderiva extremista del Partit Popular d\u2019Eivissa\u201d i denuncia que \u201cja no es diferencia en res de l\u2019extrema dreta\u201d\",\"datePublished\":\"2026-03-09T18:23:51+00:00\",\"mainEntityOfPage\":{\"@id\":\"https:\/\/www.psib-psoe.org\/eivissa\/vicent-rosello-alerta-de-la-deriva-extremista-del-partit-popular-deivissa-i-denuncia-que-ja-no-es-diferencia-en-res-de-lextrema-dreta\/\"},\"wordCount\":629,\"publisher\":{\"@id\":\"https:\/\/www.psib-psoe.org\/eivissa\/#organization\"},\"image\":{\"@id\":\"https:\/\/www.psib-psoe.org\/eivissa\/vicent-rosello-alerta-de-la-deriva-extremista-del-partit-popular-deivissa-i-denuncia-que-ja-no-es-diferencia-en-res-de-lextrema-dreta\/#primaryimage\"},\"thumbnailUrl\":\"https:\/\/www.psib-psoe.org\/eivissa\/wp-content\/uploads\/img_2575.jpg\",\"articleSection\":[\"Federaci\u00f3 d'Eivissa - Portada\",\"FSE-PSOE\"],\"inLanguage\":\"ca\"},{\"@type\":\"WebPage\",\"@id\":\"https:\/\/www.psib-psoe.org\/eivissa\/vicent-rosello-alerta-de-la-deriva-extremista-del-partit-popular-deivissa-i-denuncia-que-ja-no-es-diferencia-en-res-de-lextrema-dreta\/\",\"url\":\"https:\/\/www.psib-psoe.org\/eivissa\/vicent-rosello-alerta-de-la-deriva-extremista-del-partit-popular-deivissa-i-denuncia-que-ja-no-es-diferencia-en-res-de-lextrema-dreta\/\",\"name\":\"Vicent Rosell\u00f3 alerta de la \u201cderiva extremista del Partit Popular d\u2019Eivissa\u201d i denuncia que \u201cja no es diferencia en res de l\u2019extrema dreta\u201d - Federaci\u00f3 Socialista d&#039;Eivissa\",\"isPartOf\":{\"@id\":\"https:\/\/www.psib-psoe.org\/eivissa\/#website\"},\"primaryImageOfPage\":{\"@id\":\"https:\/\/www.psib-psoe.org\/eivissa\/vicent-rosello-alerta-de-la-deriva-extremista-del-partit-popular-deivissa-i-denuncia-que-ja-no-es-diferencia-en-res-de-lextrema-dreta\/#primaryimage\"},\"image\":{\"@id\":\"https:\/\/www.psib-psoe.org\/eivissa\/vicent-rosello-alerta-de-la-deriva-extremista-del-partit-popular-deivissa-i-denuncia-que-ja-no-es-diferencia-en-res-de-lextrema-dreta\/#primaryimage\"},\"thumbnailUrl\":\"https:\/\/www.psib-psoe.org\/eivissa\/wp-content\/uploads\/img_2575.jpg\",\"datePublished\":\"2026-03-09T18:23:51+00:00\",\"breadcrumb\":{\"@id\":\"https:\/\/www.psib-psoe.org\/eivissa\/vicent-rosello-alerta-de-la-deriva-extremista-del-partit-popular-deivissa-i-denuncia-que-ja-no-es-diferencia-en-res-de-lextrema-dreta\/#breadcrumb\"},\"inLanguage\":\"ca\",\"potentialAction\":[{\"@type\":\"ReadAction\",\"target\":[\"https:\/\/www.psib-psoe.org\/eivissa\/vicent-rosello-alerta-de-la-deriva-extremista-del-partit-popular-deivissa-i-denuncia-que-ja-no-es-diferencia-en-res-de-lextrema-dreta\/\"]}]},{\"@type\":\"ImageObject\",\"inLanguage\":\"ca\",\"@id\":\"https:\/\/www.psib-psoe.org\/eivissa\/vicent-rosello-alerta-de-la-deriva-extremista-del-partit-popular-deivissa-i-denuncia-que-ja-no-es-diferencia-en-res-de-lextrema-dreta\/#primaryimage\",\"url\":\"https:\/\/www.psib-psoe.org\/eivissa\/wp-content\/uploads\/img_2575.jpg\",\"contentUrl\":\"https:\/\/www.psib-psoe.org\/eivissa\/wp-content\/uploads\/img_2575.jpg\",\"width\":2000,\"height\":1500},{\"@type\":\"BreadcrumbList\",\"@id\":\"https:\/\/www.psib-psoe.org\/eivissa\/vicent-rosello-alerta-de-la-deriva-extremista-del-partit-popular-deivissa-i-denuncia-que-ja-no-es-diferencia-en-res-de-lextrema-dreta\/#breadcrumb\",\"itemListElement\":[{\"@type\":\"ListItem\",\"position\":1,\"name\":\"Inici\",\"item\":\"https:\/\/www.psib-psoe.org\/eivissa\/\"},{\"@type\":\"ListItem\",\"position\":2,\"name\":\"Vicent Rosell\u00f3 alerta de la \u201cderiva extremista del Partit Popular d\u2019Eivissa\u201d i denuncia que \u201cja no es diferencia en res de l\u2019extrema dreta\u201d\"}]},{\"@type\":\"WebSite\",\"@id\":\"https:\/\/www.psib-psoe.org\/eivissa\/#website\",\"url\":\"https:\/\/www.psib-psoe.org\/eivissa\/\",\"name\":\"Federaci\u00f3 Socialista d'Eivissa\",\"description\":\"Socialistes d&#039;Eivissa\",\"publisher\":{\"@id\":\"https:\/\/www.psib-psoe.org\/eivissa\/#organization\"},\"potentialAction\":[{\"@type\":\"SearchAction\",\"target\":{\"@type\":\"EntryPoint\",\"urlTemplate\":\"https:\/\/www.psib-psoe.org\/eivissa\/?s={search_term_string}\"},\"query-input\":{\"@type\":\"PropertyValueSpecification\",\"valueRequired\":true,\"valueName\":\"search_term_string\"}}],\"inLanguage\":\"ca\"},{\"@type\":\"Organization\",\"@id\":\"https:\/\/www.psib-psoe.org\/eivissa\/#organization\",\"name\":\"Federaci\u00f3 Socialista d'Eivissa\",\"url\":\"https:\/\/www.psib-psoe.org\/eivissa\/\",\"logo\":{\"@type\":\"ImageObject\",\"inLanguage\":\"ca\",\"@id\":\"https:\/\/www.psib-psoe.org\/eivissa\/#\/schema\/logo\/image\/\",\"url\":\"https:\/\/www.psib-psoe.org\/eivissa\/wp-content\/uploads\/LOGO-FSE-SOCIALISTA-DEIVISSA-HORI.png\",\"contentUrl\":\"https:\/\/www.psib-psoe.org\/eivissa\/wp-content\/uploads\/LOGO-FSE-SOCIALISTA-DEIVISSA-HORI.png\",\"width\":6000,\"height\":3104,\"caption\":\"Federaci\u00f3 Socialista d'Eivissa\"},\"image\":{\"@id\":\"https:\/\/www.psib-psoe.org\/eivissa\/#\/schema\/logo\/image\/\"}},{\"@type\":\"Person\",\"@id\":\"https:\/\/www.psib-psoe.org\/eivissa\/#\/schema\/person\/099ab3ef73a3645a1d7f303518e6ce24\",\"name\":\"adminpsib\",\"url\":\"https:\/\/www.psib-psoe.org\/eivissa\/author\/adminpsib\/\"}]}<\/script>\n<!-- \/ Yoast SEO plugin. -->","yoast_head_json":{"title":"Vicent Rosell\u00f3 alerta de la \u201cderiva extremista del Partit Popular d\u2019Eivissa\u201d i denuncia que \u201cja no es diferencia en res de l\u2019extrema dreta\u201d - Federaci\u00f3 Socialista d&#039;Eivissa","robots":{"index":"index","follow":"follow","max-snippet":"max-snippet:-1","max-image-preview":"max-image-preview:large","max-video-preview":"max-video-preview:-1"},"canonical":"https:\/\/www.psib-psoe.org\/eivissa\/vicent-rosello-alerta-de-la-deriva-extremista-del-partit-popular-deivissa-i-denuncia-que-ja-no-es-diferencia-en-res-de-lextrema-dreta\/","og_locale":"ca_ES","og_type":"article","og_title":"Vicent Rosell\u00f3 alerta de la \u201cderiva extremista del Partit Popular d\u2019Eivissa\u201d i denuncia que \u201cja no es diferencia en res de l\u2019extrema dreta\u201d - Federaci\u00f3 Socialista d&#039;Eivissa","og_description":"La Comissi\u00f3 Executiva de la Federaci\u00f3 Socialista d\u2019Eivissa (FSE-PSOE), reunida avui, ha manifestat la seva profunda preocupaci\u00f3 per la \u201cderiva\u201d pol\u00edtica del Partit Popular de la nostra illa, que \u201cs\u2019ha allunyat de la pol\u00edtica \u00fatil per a la ciutadania per abra\u00e7ar els discursos i les actituds de l\u2019extrema dreta\u201d. El secretari general de la FSE-PSOE,&hellip;","og_url":"https:\/\/www.psib-psoe.org\/eivissa\/vicent-rosello-alerta-de-la-deriva-extremista-del-partit-popular-deivissa-i-denuncia-que-ja-no-es-diferencia-en-res-de-lextrema-dreta\/","og_site_name":"Federaci\u00f3 Socialista d&#039;Eivissa","article_published_time":"2026-03-09T18:23:51+00:00","og_image":[{"width":2000,"height":1500,"url":"https:\/\/www.psib-psoe.org\/eivissa\/wp-content\/uploads\/img_2575.jpg","type":"image\/jpeg"}],"author":"adminpsib","twitter_card":"summary_large_image","twitter_misc":{"Escrit per":"adminpsib","Temps estimat de lectura":"3 minuts"},"schema":{"@context":"https:\/\/schema.org","@graph":[{"@type":["Article","BlogPosting"],"@id":"https:\/\/www.psib-psoe.org\/eivissa\/vicent-rosello-alerta-de-la-deriva-extremista-del-partit-popular-deivissa-i-denuncia-que-ja-no-es-diferencia-en-res-de-lextrema-dreta\/#article","isPartOf":{"@id":"https:\/\/www.psib-psoe.org\/eivissa\/vicent-rosello-alerta-de-la-deriva-extremista-del-partit-popular-deivissa-i-denuncia-que-ja-no-es-diferencia-en-res-de-lextrema-dreta\/"},"author":{"name":"adminpsib","@id":"https:\/\/www.psib-psoe.org\/eivissa\/#\/schema\/person\/099ab3ef73a3645a1d7f303518e6ce24"},"headline":"Vicent Rosell\u00f3 alerta de la \u201cderiva extremista del Partit Popular d\u2019Eivissa\u201d i denuncia que \u201cja no es diferencia en res de l\u2019extrema dreta\u201d","datePublished":"2026-03-09T18:23:51+00:00","mainEntityOfPage":{"@id":"https:\/\/www.psib-psoe.org\/eivissa\/vicent-rosello-alerta-de-la-deriva-extremista-del-partit-popular-deivissa-i-denuncia-que-ja-no-es-diferencia-en-res-de-lextrema-dreta\/"},"wordCount":629,"publisher":{"@id":"https:\/\/www.psib-psoe.org\/eivissa\/#organization"},"image":{"@id":"https:\/\/www.psib-psoe.org\/eivissa\/vicent-rosello-alerta-de-la-deriva-extremista-del-partit-popular-deivissa-i-denuncia-que-ja-no-es-diferencia-en-res-de-lextrema-dreta\/#primaryimage"},"thumbnailUrl":"https:\/\/www.psib-psoe.org\/eivissa\/wp-content\/uploads\/img_2575.jpg","articleSection":["Federaci\u00f3 d'Eivissa - Portada","FSE-PSOE"],"inLanguage":"ca"},{"@type":"WebPage","@id":"https:\/\/www.psib-psoe.org\/eivissa\/vicent-rosello-alerta-de-la-deriva-extremista-del-partit-popular-deivissa-i-denuncia-que-ja-no-es-diferencia-en-res-de-lextrema-dreta\/","url":"https:\/\/www.psib-psoe.org\/eivissa\/vicent-rosello-alerta-de-la-deriva-extremista-del-partit-popular-deivissa-i-denuncia-que-ja-no-es-diferencia-en-res-de-lextrema-dreta\/","name":"Vicent Rosell\u00f3 alerta de la \u201cderiva extremista del Partit Popular d\u2019Eivissa\u201d i denuncia que \u201cja no es diferencia en res de l\u2019extrema dreta\u201d - Federaci\u00f3 Socialista d&#039;Eivissa","isPartOf":{"@id":"https:\/\/www.psib-psoe.org\/eivissa\/#website"},"primaryImageOfPage":{"@id":"https:\/\/www.psib-psoe.org\/eivissa\/vicent-rosello-alerta-de-la-deriva-extremista-del-partit-popular-deivissa-i-denuncia-que-ja-no-es-diferencia-en-res-de-lextrema-dreta\/#primaryimage"},"image":{"@id":"https:\/\/www.psib-psoe.org\/eivissa\/vicent-rosello-alerta-de-la-deriva-extremista-del-partit-popular-deivissa-i-denuncia-que-ja-no-es-diferencia-en-res-de-lextrema-dreta\/#primaryimage"},"thumbnailUrl":"https:\/\/www.psib-psoe.org\/eivissa\/wp-content\/uploads\/img_2575.jpg","datePublished":"2026-03-09T18:23:51+00:00","breadcrumb":{"@id":"https:\/\/www.psib-psoe.org\/eivissa\/vicent-rosello-alerta-de-la-deriva-extremista-del-partit-popular-deivissa-i-denuncia-que-ja-no-es-diferencia-en-res-de-lextrema-dreta\/#breadcrumb"},"inLanguage":"ca","potentialAction":[{"@type":"ReadAction","target":["https:\/\/www.psib-psoe.org\/eivissa\/vicent-rosello-alerta-de-la-deriva-extremista-del-partit-popular-deivissa-i-denuncia-que-ja-no-es-diferencia-en-res-de-lextrema-dreta\/"]}]},{"@type":"ImageObject","inLanguage":"ca","@id":"https:\/\/www.psib-psoe.org\/eivissa\/vicent-rosello-alerta-de-la-deriva-extremista-del-partit-popular-deivissa-i-denuncia-que-ja-no-es-diferencia-en-res-de-lextrema-dreta\/#primaryimage","url":"https:\/\/www.psib-psoe.org\/eivissa\/wp-content\/uploads\/img_2575.jpg","contentUrl":"https:\/\/www.psib-psoe.org\/eivissa\/wp-content\/uploads\/img_2575.jpg","width":2000,"height":1500},{"@type":"BreadcrumbList","@id":"https:\/\/www.psib-psoe.org\/eivissa\/vicent-rosello-alerta-de-la-deriva-extremista-del-partit-popular-deivissa-i-denuncia-que-ja-no-es-diferencia-en-res-de-lextrema-dreta\/#breadcrumb","itemListElement":[{"@type":"ListItem","position":1,"name":"Inici","item":"https:\/\/www.psib-psoe.org\/eivissa\/"},{"@type":"ListItem","position":2,"name":"Vicent Rosell\u00f3 alerta de la \u201cderiva extremista del Partit Popular d\u2019Eivissa\u201d i denuncia que \u201cja no es diferencia en res de l\u2019extrema dreta\u201d"}]},{"@type":"WebSite","@id":"https:\/\/www.psib-psoe.org\/eivissa\/#website","url":"https:\/\/www.psib-psoe.org\/eivissa\/","name":"Federaci\u00f3 Socialista d'Eivissa","description":"Socialistes d&#039;Eivissa","publisher":{"@id":"https:\/\/www.psib-psoe.org\/eivissa\/#organization"},"potentialAction":[{"@type":"SearchAction","target":{"@type":"EntryPoint","urlTemplate":"https:\/\/www.psib-psoe.org\/eivissa\/?s={search_term_string}"},"query-input":{"@type":"PropertyValueSpecification","valueRequired":true,"valueName":"search_term_string"}}],"inLanguage":"ca"},{"@type":"Organization","@id":"https:\/\/www.psib-psoe.org\/eivissa\/#organization","name":"Federaci\u00f3 Socialista d'Eivissa","url":"https:\/\/www.psib-psoe.org\/eivissa\/","logo":{"@type":"ImageObject","inLanguage":"ca","@id":"https:\/\/www.psib-psoe.org\/eivissa\/#\/schema\/logo\/image\/","url":"https:\/\/www.psib-psoe.org\/eivissa\/wp-content\/uploads\/LOGO-FSE-SOCIALISTA-DEIVISSA-HORI.png","contentUrl":"https:\/\/www.psib-psoe.org\/eivissa\/wp-content\/uploads\/LOGO-FSE-SOCIALISTA-DEIVISSA-HORI.png","width":6000,"height":3104,"caption":"Federaci\u00f3 Socialista d'Eivissa"},"image":{"@id":"https:\/\/www.psib-psoe.org\/eivissa\/#\/schema\/logo\/image\/"}},{"@type":"Person","@id":"https:\/\/www.psib-psoe.org\/eivissa\/#\/schema\/person\/099ab3ef73a3645a1d7f303518e6ce24","name":"adminpsib","url":"https:\/\/www.psib-psoe.org\/eivissa\/author\/adminpsib\/"}]}},"_links":{"self":[{"href":"https:\/\/www.psib-psoe.org\/eivissa\/wp-json\/wp\/v2\/posts\/41955","targetHints":{"allow":["GET"]}}],"collection":[{"href":"https:\/\/www.psib-psoe.org\/eivissa\/wp-json\/wp\/v2\/posts"}],"about":[{"href":"https:\/\/www.psib-psoe.org\/eivissa\/wp-json\/wp\/v2\/types\/post"}],"author":[{"embeddable":true,"href":"https:\/\/www.psib-psoe.org\/eivissa\/wp-json\/wp\/v2\/users\/1"}],"replies":[{"embeddable":true,"href":"https:\/\/www.psib-psoe.org\/eivissa\/wp-json\/wp\/v2\/comments?post=41955"}],"version-history":[{"count":1,"href":"https:\/\/www.psib-psoe.org\/eivissa\/wp-json\/wp\/v2\/posts\/41955\/revisions"}],"predecessor-version":[{"id":41956,"href":"https:\/\/www.psib-psoe.org\/eivissa\/wp-json\/wp\/v2\/posts\/41955\/revisions\/41956"}],"wp:featuredmedia":[{"embeddable":true,"href":"https:\/\/www.psib-psoe.org\/eivissa\/wp-json\/wp\/v2\/media\/41954"}],"wp:attachment":[{"href":"https:\/\/www.psib-psoe.org\/eivissa\/wp-json\/wp\/v2\/media?parent=41955"}],"wp:term":[{"taxonomy":"category","embeddable":true,"href":"https:\/\/www.psib-psoe.org\/eivissa\/wp-json\/wp\/v2\/categories?post=41955"},{"taxonomy":"post_tag","embeddable":true,"href":"https:\/\/www.psib-psoe.org\/eivissa\/wp-json\/wp\/v2\/tags?post=41955"}],"curies":[{"name":"wp","href":"https:\/\/api.w.org\/{rel}","templated":true}]}}