{"id":41958,"date":"2026-03-11T14:01:41","date_gmt":"2026-03-11T12:01:41","guid":{"rendered":"https:\/\/www.psib-psoe.org\/eivissa\/?p=41958"},"modified":"2026-03-11T14:01:41","modified_gmt":"2026-03-11T12:01:41","slug":"la-federacio-socialista-deivissa-lamenta-que-el-parlament-va-viure-la-jornada-mes-fosca-amb-la-derogacio-de-la-llei-de-memoria-democratica-i-acusa-vicent-mari-i-la-resta-de","status":"publish","type":"post","link":"https:\/\/www.psib-psoe.org\/eivissa\/la-federacio-socialista-deivissa-lamenta-que-el-parlament-va-viure-la-jornada-mes-fosca-amb-la-derogacio-de-la-llei-de-memoria-democratica-i-acusa-vicent-mari-i-la-resta-de\/","title":{"rendered":"La Federaci\u00f3 Socialista d\u2019Eivissa lamenta que el Parlament va viure la \u201cjornada m\u00e9s fosca\u201d amb la derogaci\u00f3 de la Llei de Mem\u00f2ria Democr\u00e0tica i acusa Vicent Mar\u00ed i la resta de diputats del PP eivissenc de claudicar davant l\u2019extrema dreta"},"content":{"rendered":"\n<p>La Federaci\u00f3 Socialista d\u2019Eivissa (FSE-PSOE) vol manifestar la seva profunda indignaci\u00f3 i rebuig per la derogaci\u00f3 en el Parlament balear de la Llei de Mem\u00f2ria i Reconeixement Democr\u00e0tics de les Illes Balears per part del PP i Vox. El Partit Socialista qualifica la decisi\u00f3 d\u2019atac directe a la dignitat de les v\u00edctimes de la Guerra Civil i la dictadura, i una concessi\u00f3 inacceptable del Partit Popular cap als postulats de l\u2019extrema dreta. Marga Prohens, amb Vicent Mar\u00ed al capdavant dels diputats i diputades del PP d\u2019Eivissa, ha claudicat davant Vox derogonat el dret a la mem\u00f2ria i a la reparaci\u00f3 a les v\u00edctimes del franquisme.&nbsp;<\/p>\n\n\n\n<p>El secretari de Cultura, Patrimoni i Mem\u00f2ria Democr\u00e0tica de la FSE-PSOE, I\u00f1aki de Er\u00f3stegui, ha advertit de les conseq\u00fc\u00e8ncies d&#8217;aquesta decisi\u00f3 del PP i Vox: \u201cAhir el Parlament va viure una de les seves jornades m\u00e9s fosques. La derogaci\u00f3 d\u2019aquesta llei no \u00e9s avan\u00e7ar: \u00e9s fer passes enrere. \u00c9s girar l\u2019esquena a les v\u00edctimes, a les seves fam\u00edlies i a la dignitat democr\u00e0tica d\u2019aquestes illes\u201d.<\/p>\n\n\n\n<p>El PSOE lamenta que l\u2019eliminaci\u00f3 d\u2019aquest marc normatiu suposa desmantellar un consens social i pol\u00edtic que havia situat les Illes Balears a l\u2019avantguarda de la reparaci\u00f3 hist\u00f2rica. De Er\u00f3stegui ha alertat que, amb aquesta passa, \u201cdesapareixen eines essencials de reconeixement i reparaci\u00f3; es debilita la retirada de s\u00edmbols franquistes i es renuncia a preservar espais que formen part de la nostra hist\u00f2ria\u201d.<\/p>\n\n\n\n<p>Des de la FSE-PSOE tamb\u00e9 es vol posar especial \u00e8mfasi en el perill que aquesta mesura suposa per a la conviv\u00e8ncia i l\u2019educaci\u00f3: \u201cEl m\u00e9s greu \u00e9s que es posa en risc que les noves generacions entenguin all\u00f2 que va passar i per qu\u00e8 no s\u2019ha de repetir mai m\u00e9s. Perqu\u00e8 la mem\u00f2ria no divideix. La mem\u00f2ria dignifica, repara i defensa la democr\u00e0cia\u201d, ha subratllat el secretari de Mem\u00f2ria.<\/p>\n\n\n\n<p>Finalment, el PSOE vol manifestar el seu comprom\u00eds amb les associacions de mem\u00f2ria i les fam\u00edlies de les v\u00edctimes, assegurant que continuaran treballant des de totes les institucions per garantir que el dret a la mem\u00f2ria, la veritat i la just\u00edcia no sigui esborrat per cap acord de govern de car\u00e0cter reaccionari, com el que representen PP i Vox a la nostra Comunitat.<\/p>\n\n\n\n<p>Com ha manifestat I\u00f1aki de Er\u00f3stegui, \u201cels i les socialistes mai deixarem de reivindicar la mem\u00f2ria democr\u00e0tica com un deure col\u00b7lectiu i una eina per evitar que el feixisme i l\u2019odi tornin a tenir cabuda a les nostres institucions\u201d, i especialment en el moment actual, \u201camb un PP que est\u00e0 assumint plenament tots els postulats de l&#8217;extrema dreta\u201d.<\/p>\n","protected":false},"excerpt":{"rendered":"<p>La Federaci\u00f3 Socialista d\u2019Eivissa (FSE-PSOE) vol manifestar la seva profunda indignaci\u00f3 i rebuig per la derogaci\u00f3 en el Parlament balear de la Llei de Mem\u00f2ria i Reconeixement Democr\u00e0tics de les Illes Balears per part del PP i Vox. El Partit Socialista qualifica la decisi\u00f3 d\u2019atac directe a la dignitat de les v\u00edctimes de la Guerra&hellip;<\/p>\n","protected":false},"author":1,"featured_media":41957,"comment_status":"closed","ping_status":"closed","sticky":false,"template":"","format":"standard","meta":{"footnotes":""},"categories":[1,212,191],"tags":[],"class_list":["post-41958","post","type-post","status-publish","format-standard","has-post-thumbnail","hentry","category-federacio-de-eivissa-portada","category-fse-psoe","category-govern-de-les-illes-balears-parlament"],"yoast_head":"<!-- This site is optimized with the Yoast SEO plugin v26.9 - https:\/\/yoast.com\/product\/yoast-seo-wordpress\/ -->\n<title>La Federaci\u00f3 Socialista d\u2019Eivissa lamenta que el Parlament va viure la \u201cjornada m\u00e9s fosca\u201d amb la derogaci\u00f3 de la Llei de Mem\u00f2ria Democr\u00e0tica i acusa Vicent Mar\u00ed i la resta de diputats del PP eivissenc de claudicar davant l\u2019extrema dreta - Federaci\u00f3 Socialista d&#039;Eivissa<\/title>\n<meta name=\"robots\" content=\"index, follow, max-snippet:-1, max-image-preview:large, max-video-preview:-1\" \/>\n<link rel=\"canonical\" href=\"https:\/\/www.psib-psoe.org\/eivissa\/la-federacio-socialista-deivissa-lamenta-que-el-parlament-va-viure-la-jornada-mes-fosca-amb-la-derogacio-de-la-llei-de-memoria-democratica-i-acusa-vicent-mari-i-la-resta-de\/\" \/>\n<meta property=\"og:locale\" content=\"ca_ES\" \/>\n<meta property=\"og:type\" content=\"article\" \/>\n<meta property=\"og:title\" content=\"La Federaci\u00f3 Socialista d\u2019Eivissa lamenta que el Parlament va viure la \u201cjornada m\u00e9s fosca\u201d amb la derogaci\u00f3 de la Llei de Mem\u00f2ria Democr\u00e0tica i acusa Vicent Mar\u00ed i la resta de diputats del PP eivissenc de claudicar davant l\u2019extrema dreta - Federaci\u00f3 Socialista d&#039;Eivissa\" \/>\n<meta property=\"og:description\" content=\"La Federaci\u00f3 Socialista d\u2019Eivissa (FSE-PSOE) vol manifestar la seva profunda indignaci\u00f3 i rebuig per la derogaci\u00f3 en el Parlament balear de la Llei de Mem\u00f2ria i Reconeixement Democr\u00e0tics de les Illes Balears per part del PP i Vox. El Partit Socialista qualifica la decisi\u00f3 d\u2019atac directe a la dignitat de les v\u00edctimes de la Guerra&hellip;\" \/>\n<meta property=\"og:url\" content=\"https:\/\/www.psib-psoe.org\/eivissa\/la-federacio-socialista-deivissa-lamenta-que-el-parlament-va-viure-la-jornada-mes-fosca-amb-la-derogacio-de-la-llei-de-memoria-democratica-i-acusa-vicent-mari-i-la-resta-de\/\" \/>\n<meta property=\"og:site_name\" content=\"Federaci\u00f3 Socialista d&#039;Eivissa\" \/>\n<meta property=\"article:published_time\" content=\"2026-03-11T12:01:41+00:00\" \/>\n<meta property=\"og:image\" content=\"https:\/\/www.psib-psoe.org\/eivissa\/wp-content\/uploads\/img_2684.jpg\" \/>\n\t<meta property=\"og:image:width\" content=\"1179\" \/>\n\t<meta property=\"og:image:height\" content=\"784\" \/>\n\t<meta property=\"og:image:type\" content=\"image\/jpeg\" \/>\n<meta name=\"author\" content=\"adminpsib\" \/>\n<meta name=\"twitter:card\" content=\"summary_large_image\" \/>\n<meta name=\"twitter:label1\" content=\"Escrit per\" \/>\n\t<meta name=\"twitter:data1\" content=\"adminpsib\" \/>\n\t<meta name=\"twitter:label2\" content=\"Temps estimat de lectura\" \/>\n\t<meta name=\"twitter:data2\" content=\"2 minuts\" \/>\n<script type=\"application\/ld+json\" class=\"yoast-schema-graph\">{\"@context\":\"https:\/\/schema.org\",\"@graph\":[{\"@type\":[\"Article\",\"BlogPosting\"],\"@id\":\"https:\/\/www.psib-psoe.org\/eivissa\/la-federacio-socialista-deivissa-lamenta-que-el-parlament-va-viure-la-jornada-mes-fosca-amb-la-derogacio-de-la-llei-de-memoria-democratica-i-acusa-vicent-mari-i-la-resta-de\/#article\",\"isPartOf\":{\"@id\":\"https:\/\/www.psib-psoe.org\/eivissa\/la-federacio-socialista-deivissa-lamenta-que-el-parlament-va-viure-la-jornada-mes-fosca-amb-la-derogacio-de-la-llei-de-memoria-democratica-i-acusa-vicent-mari-i-la-resta-de\/\"},\"author\":{\"name\":\"adminpsib\",\"@id\":\"https:\/\/www.psib-psoe.org\/eivissa\/#\/schema\/person\/099ab3ef73a3645a1d7f303518e6ce24\"},\"headline\":\"La Federaci\u00f3 Socialista d\u2019Eivissa lamenta que el Parlament va viure la \u201cjornada m\u00e9s fosca\u201d amb la derogaci\u00f3 de la Llei de Mem\u00f2ria Democr\u00e0tica i acusa Vicent Mar\u00ed i la resta de diputats del PP eivissenc de claudicar davant l\u2019extrema dreta\",\"datePublished\":\"2026-03-11T12:01:41+00:00\",\"mainEntityOfPage\":{\"@id\":\"https:\/\/www.psib-psoe.org\/eivissa\/la-federacio-socialista-deivissa-lamenta-que-el-parlament-va-viure-la-jornada-mes-fosca-amb-la-derogacio-de-la-llei-de-memoria-democratica-i-acusa-vicent-mari-i-la-resta-de\/\"},\"wordCount\":520,\"publisher\":{\"@id\":\"https:\/\/www.psib-psoe.org\/eivissa\/#organization\"},\"image\":{\"@id\":\"https:\/\/www.psib-psoe.org\/eivissa\/la-federacio-socialista-deivissa-lamenta-que-el-parlament-va-viure-la-jornada-mes-fosca-amb-la-derogacio-de-la-llei-de-memoria-democratica-i-acusa-vicent-mari-i-la-resta-de\/#primaryimage\"},\"thumbnailUrl\":\"https:\/\/www.psib-psoe.org\/eivissa\/wp-content\/uploads\/img_2684.jpg\",\"articleSection\":[\"Federaci\u00f3 d'Eivissa - Portada\",\"FSE-PSOE\",\"Govern de les Illes Balears - Parlament - PSIB-PSOE\"],\"inLanguage\":\"ca\"},{\"@type\":\"WebPage\",\"@id\":\"https:\/\/www.psib-psoe.org\/eivissa\/la-federacio-socialista-deivissa-lamenta-que-el-parlament-va-viure-la-jornada-mes-fosca-amb-la-derogacio-de-la-llei-de-memoria-democratica-i-acusa-vicent-mari-i-la-resta-de\/\",\"url\":\"https:\/\/www.psib-psoe.org\/eivissa\/la-federacio-socialista-deivissa-lamenta-que-el-parlament-va-viure-la-jornada-mes-fosca-amb-la-derogacio-de-la-llei-de-memoria-democratica-i-acusa-vicent-mari-i-la-resta-de\/\",\"name\":\"La Federaci\u00f3 Socialista d\u2019Eivissa lamenta que el Parlament va viure la \u201cjornada m\u00e9s fosca\u201d amb la derogaci\u00f3 de la Llei de Mem\u00f2ria Democr\u00e0tica i acusa Vicent Mar\u00ed i la resta de diputats del PP eivissenc de claudicar davant l\u2019extrema dreta - Federaci\u00f3 Socialista d&#039;Eivissa\",\"isPartOf\":{\"@id\":\"https:\/\/www.psib-psoe.org\/eivissa\/#website\"},\"primaryImageOfPage\":{\"@id\":\"https:\/\/www.psib-psoe.org\/eivissa\/la-federacio-socialista-deivissa-lamenta-que-el-parlament-va-viure-la-jornada-mes-fosca-amb-la-derogacio-de-la-llei-de-memoria-democratica-i-acusa-vicent-mari-i-la-resta-de\/#primaryimage\"},\"image\":{\"@id\":\"https:\/\/www.psib-psoe.org\/eivissa\/la-federacio-socialista-deivissa-lamenta-que-el-parlament-va-viure-la-jornada-mes-fosca-amb-la-derogacio-de-la-llei-de-memoria-democratica-i-acusa-vicent-mari-i-la-resta-de\/#primaryimage\"},\"thumbnailUrl\":\"https:\/\/www.psib-psoe.org\/eivissa\/wp-content\/uploads\/img_2684.jpg\",\"datePublished\":\"2026-03-11T12:01:41+00:00\",\"breadcrumb\":{\"@id\":\"https:\/\/www.psib-psoe.org\/eivissa\/la-federacio-socialista-deivissa-lamenta-que-el-parlament-va-viure-la-jornada-mes-fosca-amb-la-derogacio-de-la-llei-de-memoria-democratica-i-acusa-vicent-mari-i-la-resta-de\/#breadcrumb\"},\"inLanguage\":\"ca\",\"potentialAction\":[{\"@type\":\"ReadAction\",\"target\":[\"https:\/\/www.psib-psoe.org\/eivissa\/la-federacio-socialista-deivissa-lamenta-que-el-parlament-va-viure-la-jornada-mes-fosca-amb-la-derogacio-de-la-llei-de-memoria-democratica-i-acusa-vicent-mari-i-la-resta-de\/\"]}]},{\"@type\":\"ImageObject\",\"inLanguage\":\"ca\",\"@id\":\"https:\/\/www.psib-psoe.org\/eivissa\/la-federacio-socialista-deivissa-lamenta-que-el-parlament-va-viure-la-jornada-mes-fosca-amb-la-derogacio-de-la-llei-de-memoria-democratica-i-acusa-vicent-mari-i-la-resta-de\/#primaryimage\",\"url\":\"https:\/\/www.psib-psoe.org\/eivissa\/wp-content\/uploads\/img_2684.jpg\",\"contentUrl\":\"https:\/\/www.psib-psoe.org\/eivissa\/wp-content\/uploads\/img_2684.jpg\",\"width\":1179,\"height\":784},{\"@type\":\"BreadcrumbList\",\"@id\":\"https:\/\/www.psib-psoe.org\/eivissa\/la-federacio-socialista-deivissa-lamenta-que-el-parlament-va-viure-la-jornada-mes-fosca-amb-la-derogacio-de-la-llei-de-memoria-democratica-i-acusa-vicent-mari-i-la-resta-de\/#breadcrumb\",\"itemListElement\":[{\"@type\":\"ListItem\",\"position\":1,\"name\":\"Inici\",\"item\":\"https:\/\/www.psib-psoe.org\/eivissa\/\"},{\"@type\":\"ListItem\",\"position\":2,\"name\":\"La Federaci\u00f3 Socialista d\u2019Eivissa lamenta que el Parlament va viure la \u201cjornada m\u00e9s fosca\u201d amb la derogaci\u00f3 de la Llei de Mem\u00f2ria Democr\u00e0tica i acusa Vicent Mar\u00ed i la resta de diputats del PP eivissenc de claudicar davant l\u2019extrema dreta\"}]},{\"@type\":\"WebSite\",\"@id\":\"https:\/\/www.psib-psoe.org\/eivissa\/#website\",\"url\":\"https:\/\/www.psib-psoe.org\/eivissa\/\",\"name\":\"Federaci\u00f3 Socialista d'Eivissa\",\"description\":\"Socialistes d&#039;Eivissa\",\"publisher\":{\"@id\":\"https:\/\/www.psib-psoe.org\/eivissa\/#organization\"},\"potentialAction\":[{\"@type\":\"SearchAction\",\"target\":{\"@type\":\"EntryPoint\",\"urlTemplate\":\"https:\/\/www.psib-psoe.org\/eivissa\/?s={search_term_string}\"},\"query-input\":{\"@type\":\"PropertyValueSpecification\",\"valueRequired\":true,\"valueName\":\"search_term_string\"}}],\"inLanguage\":\"ca\"},{\"@type\":\"Organization\",\"@id\":\"https:\/\/www.psib-psoe.org\/eivissa\/#organization\",\"name\":\"Federaci\u00f3 Socialista d'Eivissa\",\"url\":\"https:\/\/www.psib-psoe.org\/eivissa\/\",\"logo\":{\"@type\":\"ImageObject\",\"inLanguage\":\"ca\",\"@id\":\"https:\/\/www.psib-psoe.org\/eivissa\/#\/schema\/logo\/image\/\",\"url\":\"https:\/\/www.psib-psoe.org\/eivissa\/wp-content\/uploads\/LOGO-FSE-SOCIALISTA-DEIVISSA-HORI.png\",\"contentUrl\":\"https:\/\/www.psib-psoe.org\/eivissa\/wp-content\/uploads\/LOGO-FSE-SOCIALISTA-DEIVISSA-HORI.png\",\"width\":6000,\"height\":3104,\"caption\":\"Federaci\u00f3 Socialista d'Eivissa\"},\"image\":{\"@id\":\"https:\/\/www.psib-psoe.org\/eivissa\/#\/schema\/logo\/image\/\"}},{\"@type\":\"Person\",\"@id\":\"https:\/\/www.psib-psoe.org\/eivissa\/#\/schema\/person\/099ab3ef73a3645a1d7f303518e6ce24\",\"name\":\"adminpsib\",\"url\":\"https:\/\/www.psib-psoe.org\/eivissa\/author\/adminpsib\/\"}]}<\/script>\n<!-- \/ Yoast SEO plugin. -->","yoast_head_json":{"title":"La Federaci\u00f3 Socialista d\u2019Eivissa lamenta que el Parlament va viure la \u201cjornada m\u00e9s fosca\u201d amb la derogaci\u00f3 de la Llei de Mem\u00f2ria Democr\u00e0tica i acusa Vicent Mar\u00ed i la resta de diputats del PP eivissenc de claudicar davant l\u2019extrema dreta - Federaci\u00f3 Socialista d&#039;Eivissa","robots":{"index":"index","follow":"follow","max-snippet":"max-snippet:-1","max-image-preview":"max-image-preview:large","max-video-preview":"max-video-preview:-1"},"canonical":"https:\/\/www.psib-psoe.org\/eivissa\/la-federacio-socialista-deivissa-lamenta-que-el-parlament-va-viure-la-jornada-mes-fosca-amb-la-derogacio-de-la-llei-de-memoria-democratica-i-acusa-vicent-mari-i-la-resta-de\/","og_locale":"ca_ES","og_type":"article","og_title":"La Federaci\u00f3 Socialista d\u2019Eivissa lamenta que el Parlament va viure la \u201cjornada m\u00e9s fosca\u201d amb la derogaci\u00f3 de la Llei de Mem\u00f2ria Democr\u00e0tica i acusa Vicent Mar\u00ed i la resta de diputats del PP eivissenc de claudicar davant l\u2019extrema dreta - Federaci\u00f3 Socialista d&#039;Eivissa","og_description":"La Federaci\u00f3 Socialista d\u2019Eivissa (FSE-PSOE) vol manifestar la seva profunda indignaci\u00f3 i rebuig per la derogaci\u00f3 en el Parlament balear de la Llei de Mem\u00f2ria i Reconeixement Democr\u00e0tics de les Illes Balears per part del PP i Vox. El Partit Socialista qualifica la decisi\u00f3 d\u2019atac directe a la dignitat de les v\u00edctimes de la Guerra&hellip;","og_url":"https:\/\/www.psib-psoe.org\/eivissa\/la-federacio-socialista-deivissa-lamenta-que-el-parlament-va-viure-la-jornada-mes-fosca-amb-la-derogacio-de-la-llei-de-memoria-democratica-i-acusa-vicent-mari-i-la-resta-de\/","og_site_name":"Federaci\u00f3 Socialista d&#039;Eivissa","article_published_time":"2026-03-11T12:01:41+00:00","og_image":[{"width":1179,"height":784,"url":"https:\/\/www.psib-psoe.org\/eivissa\/wp-content\/uploads\/img_2684.jpg","type":"image\/jpeg"}],"author":"adminpsib","twitter_card":"summary_large_image","twitter_misc":{"Escrit per":"adminpsib","Temps estimat de lectura":"2 minuts"},"schema":{"@context":"https:\/\/schema.org","@graph":[{"@type":["Article","BlogPosting"],"@id":"https:\/\/www.psib-psoe.org\/eivissa\/la-federacio-socialista-deivissa-lamenta-que-el-parlament-va-viure-la-jornada-mes-fosca-amb-la-derogacio-de-la-llei-de-memoria-democratica-i-acusa-vicent-mari-i-la-resta-de\/#article","isPartOf":{"@id":"https:\/\/www.psib-psoe.org\/eivissa\/la-federacio-socialista-deivissa-lamenta-que-el-parlament-va-viure-la-jornada-mes-fosca-amb-la-derogacio-de-la-llei-de-memoria-democratica-i-acusa-vicent-mari-i-la-resta-de\/"},"author":{"name":"adminpsib","@id":"https:\/\/www.psib-psoe.org\/eivissa\/#\/schema\/person\/099ab3ef73a3645a1d7f303518e6ce24"},"headline":"La Federaci\u00f3 Socialista d\u2019Eivissa lamenta que el Parlament va viure la \u201cjornada m\u00e9s fosca\u201d amb la derogaci\u00f3 de la Llei de Mem\u00f2ria Democr\u00e0tica i acusa Vicent Mar\u00ed i la resta de diputats del PP eivissenc de claudicar davant l\u2019extrema dreta","datePublished":"2026-03-11T12:01:41+00:00","mainEntityOfPage":{"@id":"https:\/\/www.psib-psoe.org\/eivissa\/la-federacio-socialista-deivissa-lamenta-que-el-parlament-va-viure-la-jornada-mes-fosca-amb-la-derogacio-de-la-llei-de-memoria-democratica-i-acusa-vicent-mari-i-la-resta-de\/"},"wordCount":520,"publisher":{"@id":"https:\/\/www.psib-psoe.org\/eivissa\/#organization"},"image":{"@id":"https:\/\/www.psib-psoe.org\/eivissa\/la-federacio-socialista-deivissa-lamenta-que-el-parlament-va-viure-la-jornada-mes-fosca-amb-la-derogacio-de-la-llei-de-memoria-democratica-i-acusa-vicent-mari-i-la-resta-de\/#primaryimage"},"thumbnailUrl":"https:\/\/www.psib-psoe.org\/eivissa\/wp-content\/uploads\/img_2684.jpg","articleSection":["Federaci\u00f3 d'Eivissa - Portada","FSE-PSOE","Govern de les Illes Balears - Parlament - PSIB-PSOE"],"inLanguage":"ca"},{"@type":"WebPage","@id":"https:\/\/www.psib-psoe.org\/eivissa\/la-federacio-socialista-deivissa-lamenta-que-el-parlament-va-viure-la-jornada-mes-fosca-amb-la-derogacio-de-la-llei-de-memoria-democratica-i-acusa-vicent-mari-i-la-resta-de\/","url":"https:\/\/www.psib-psoe.org\/eivissa\/la-federacio-socialista-deivissa-lamenta-que-el-parlament-va-viure-la-jornada-mes-fosca-amb-la-derogacio-de-la-llei-de-memoria-democratica-i-acusa-vicent-mari-i-la-resta-de\/","name":"La Federaci\u00f3 Socialista d\u2019Eivissa lamenta que el Parlament va viure la \u201cjornada m\u00e9s fosca\u201d amb la derogaci\u00f3 de la Llei de Mem\u00f2ria Democr\u00e0tica i acusa Vicent Mar\u00ed i la resta de diputats del PP eivissenc de claudicar davant l\u2019extrema dreta - Federaci\u00f3 Socialista d&#039;Eivissa","isPartOf":{"@id":"https:\/\/www.psib-psoe.org\/eivissa\/#website"},"primaryImageOfPage":{"@id":"https:\/\/www.psib-psoe.org\/eivissa\/la-federacio-socialista-deivissa-lamenta-que-el-parlament-va-viure-la-jornada-mes-fosca-amb-la-derogacio-de-la-llei-de-memoria-democratica-i-acusa-vicent-mari-i-la-resta-de\/#primaryimage"},"image":{"@id":"https:\/\/www.psib-psoe.org\/eivissa\/la-federacio-socialista-deivissa-lamenta-que-el-parlament-va-viure-la-jornada-mes-fosca-amb-la-derogacio-de-la-llei-de-memoria-democratica-i-acusa-vicent-mari-i-la-resta-de\/#primaryimage"},"thumbnailUrl":"https:\/\/www.psib-psoe.org\/eivissa\/wp-content\/uploads\/img_2684.jpg","datePublished":"2026-03-11T12:01:41+00:00","breadcrumb":{"@id":"https:\/\/www.psib-psoe.org\/eivissa\/la-federacio-socialista-deivissa-lamenta-que-el-parlament-va-viure-la-jornada-mes-fosca-amb-la-derogacio-de-la-llei-de-memoria-democratica-i-acusa-vicent-mari-i-la-resta-de\/#breadcrumb"},"inLanguage":"ca","potentialAction":[{"@type":"ReadAction","target":["https:\/\/www.psib-psoe.org\/eivissa\/la-federacio-socialista-deivissa-lamenta-que-el-parlament-va-viure-la-jornada-mes-fosca-amb-la-derogacio-de-la-llei-de-memoria-democratica-i-acusa-vicent-mari-i-la-resta-de\/"]}]},{"@type":"ImageObject","inLanguage":"ca","@id":"https:\/\/www.psib-psoe.org\/eivissa\/la-federacio-socialista-deivissa-lamenta-que-el-parlament-va-viure-la-jornada-mes-fosca-amb-la-derogacio-de-la-llei-de-memoria-democratica-i-acusa-vicent-mari-i-la-resta-de\/#primaryimage","url":"https:\/\/www.psib-psoe.org\/eivissa\/wp-content\/uploads\/img_2684.jpg","contentUrl":"https:\/\/www.psib-psoe.org\/eivissa\/wp-content\/uploads\/img_2684.jpg","width":1179,"height":784},{"@type":"BreadcrumbList","@id":"https:\/\/www.psib-psoe.org\/eivissa\/la-federacio-socialista-deivissa-lamenta-que-el-parlament-va-viure-la-jornada-mes-fosca-amb-la-derogacio-de-la-llei-de-memoria-democratica-i-acusa-vicent-mari-i-la-resta-de\/#breadcrumb","itemListElement":[{"@type":"ListItem","position":1,"name":"Inici","item":"https:\/\/www.psib-psoe.org\/eivissa\/"},{"@type":"ListItem","position":2,"name":"La Federaci\u00f3 Socialista d\u2019Eivissa lamenta que el Parlament va viure la \u201cjornada m\u00e9s fosca\u201d amb la derogaci\u00f3 de la Llei de Mem\u00f2ria Democr\u00e0tica i acusa Vicent Mar\u00ed i la resta de diputats del PP eivissenc de claudicar davant l\u2019extrema dreta"}]},{"@type":"WebSite","@id":"https:\/\/www.psib-psoe.org\/eivissa\/#website","url":"https:\/\/www.psib-psoe.org\/eivissa\/","name":"Federaci\u00f3 Socialista d'Eivissa","description":"Socialistes d&#039;Eivissa","publisher":{"@id":"https:\/\/www.psib-psoe.org\/eivissa\/#organization"},"potentialAction":[{"@type":"SearchAction","target":{"@type":"EntryPoint","urlTemplate":"https:\/\/www.psib-psoe.org\/eivissa\/?s={search_term_string}"},"query-input":{"@type":"PropertyValueSpecification","valueRequired":true,"valueName":"search_term_string"}}],"inLanguage":"ca"},{"@type":"Organization","@id":"https:\/\/www.psib-psoe.org\/eivissa\/#organization","name":"Federaci\u00f3 Socialista d'Eivissa","url":"https:\/\/www.psib-psoe.org\/eivissa\/","logo":{"@type":"ImageObject","inLanguage":"ca","@id":"https:\/\/www.psib-psoe.org\/eivissa\/#\/schema\/logo\/image\/","url":"https:\/\/www.psib-psoe.org\/eivissa\/wp-content\/uploads\/LOGO-FSE-SOCIALISTA-DEIVISSA-HORI.png","contentUrl":"https:\/\/www.psib-psoe.org\/eivissa\/wp-content\/uploads\/LOGO-FSE-SOCIALISTA-DEIVISSA-HORI.png","width":6000,"height":3104,"caption":"Federaci\u00f3 Socialista d'Eivissa"},"image":{"@id":"https:\/\/www.psib-psoe.org\/eivissa\/#\/schema\/logo\/image\/"}},{"@type":"Person","@id":"https:\/\/www.psib-psoe.org\/eivissa\/#\/schema\/person\/099ab3ef73a3645a1d7f303518e6ce24","name":"adminpsib","url":"https:\/\/www.psib-psoe.org\/eivissa\/author\/adminpsib\/"}]}},"_links":{"self":[{"href":"https:\/\/www.psib-psoe.org\/eivissa\/wp-json\/wp\/v2\/posts\/41958","targetHints":{"allow":["GET"]}}],"collection":[{"href":"https:\/\/www.psib-psoe.org\/eivissa\/wp-json\/wp\/v2\/posts"}],"about":[{"href":"https:\/\/www.psib-psoe.org\/eivissa\/wp-json\/wp\/v2\/types\/post"}],"author":[{"embeddable":true,"href":"https:\/\/www.psib-psoe.org\/eivissa\/wp-json\/wp\/v2\/users\/1"}],"replies":[{"embeddable":true,"href":"https:\/\/www.psib-psoe.org\/eivissa\/wp-json\/wp\/v2\/comments?post=41958"}],"version-history":[{"count":1,"href":"https:\/\/www.psib-psoe.org\/eivissa\/wp-json\/wp\/v2\/posts\/41958\/revisions"}],"predecessor-version":[{"id":41959,"href":"https:\/\/www.psib-psoe.org\/eivissa\/wp-json\/wp\/v2\/posts\/41958\/revisions\/41959"}],"wp:featuredmedia":[{"embeddable":true,"href":"https:\/\/www.psib-psoe.org\/eivissa\/wp-json\/wp\/v2\/media\/41957"}],"wp:attachment":[{"href":"https:\/\/www.psib-psoe.org\/eivissa\/wp-json\/wp\/v2\/media?parent=41958"}],"wp:term":[{"taxonomy":"category","embeddable":true,"href":"https:\/\/www.psib-psoe.org\/eivissa\/wp-json\/wp\/v2\/categories?post=41958"},{"taxonomy":"post_tag","embeddable":true,"href":"https:\/\/www.psib-psoe.org\/eivissa\/wp-json\/wp\/v2\/tags?post=41958"}],"curies":[{"name":"wp","href":"https:\/\/api.w.org\/{rel}","templated":true}]}}