{"id":41969,"date":"2026-03-12T14:57:19","date_gmt":"2026-03-12T12:57:19","guid":{"rendered":"https:\/\/www.psib-psoe.org\/eivissa\/?p=41969"},"modified":"2026-03-12T14:57:19","modified_gmt":"2026-03-12T12:57:19","slug":"el-pp-vota-en-contra-de-la-proposta-del-psoe-en-favor-duna-escola-agraria-a-eivissa-que-doni-resposta-a-les-necessitats-del-sector","status":"publish","type":"post","link":"https:\/\/www.psib-psoe.org\/eivissa\/el-pp-vota-en-contra-de-la-proposta-del-psoe-en-favor-duna-escola-agraria-a-eivissa-que-doni-resposta-a-les-necessitats-del-sector\/","title":{"rendered":"El PP vota en contra de la proposta del PSOE en favor d\u2019una escola agr\u00e0ria a Eivissa que doni resposta a les necessitats del sector"},"content":{"rendered":"\n<p>El PSOE vol expressar la seva profunda decepci\u00f3 despr\u00e9s que el Partit Popular hagi votat avui en el Parlament balear en contra de la proposta socialista relativa a la creaci\u00f3 d\u2019una escola agr\u00e0ria p\u00fablica a Eivissa. La proposta instava el Govern a iniciar els tr\u00e0mits per oferir cicles formatius de grau mitj\u00e0 i superior en l&#8217;\u00e0mbit agrari, aix\u00ed com programes de formaci\u00f3 cont\u00ednua i ocupacional per a persones adultes. Unes necessitats formatives que actualment no aborda el Centre de Can Marines.&nbsp;<br><\/p>\n\n\n\n<p>La iniciativa, que ha defensat la diputada del PSIB-PSOE Malena Riudevets en la Comissi\u00f3 d\u2019Economia, pretenia donar impuls que venen reclamant les entitats i professionals del camp piti\u00fas, aix\u00ed com apostar per una economia diversificada.<br><\/p>\n\n\n\n<p>La proposta socialista fixava l&#8217;objectiu d&#8217;establir un pla de viabilitat i implementaci\u00f3 abans de la finalitzaci\u00f3 de l&#8217;any 2026, comptant amb la participaci\u00f3 dels consells insulars, ajuntaments i el sector primari.<br><\/p>\n\n\n\n<p>La iniciativa rebutjada pel PP preveia tamb\u00e9 incloure una l\u00ednia d&#8217;investigaci\u00f3 i innovaci\u00f3 agr\u00e0ria dins el futur centre, amb l&#8217;objectiu de desenvolupar projectes adaptats a les condicions agroambientals de les Piti\u00fcses. El PSOE lamenta que no s&#8217;hagi volgut corregir un dels d\u00e8ficits identificats pel sector: la falta d&#8217;aplicabilitat pr\u00e0ctica i d&#8217;acc\u00e9s real a les l\u00ednies de recerca d&#8217;organismes com l&#8217;IRFAP (Institut de Recerca i Formaci\u00f3 Agroaliment\u00e0ria i Pesquera).<\/p>\n\n\n\n<p><br>Aix\u00ed mateix, la proposta buscava aprofitar espais p\u00fablics i projectes actius com el Banc de Terres per a la formaci\u00f3 pr\u00e0ctica, a m\u00e9s d&#8217;explorar vies de cofinan\u00e7ament a trav\u00e9s del Fons Europeu Agr\u00edcola de Desenvolupament Rural (FEADER) i altres programes de transici\u00f3 verda.<\/p>\n\n\n\n<p><br>Amb aquest rebuig del PP, el Grup Parlamentari Socialista considera que es perd l&#8217;oportunitat d&#8217;articular col\u00b7laboracions estables amb entitats com l&#8217;APAEEF (Associaci\u00f3 de Productors d&#8217;Agricultura Ecol\u00f2gica d&#8217;Eivissa i Formentera) i les cooperatives locals, claus per a la innovaci\u00f3 educativa i el desenvolupament de projectes conjunts al camp d&#8217;Eivissa i Formentera.<\/p>\n","protected":false},"excerpt":{"rendered":"<p>El PSOE vol expressar la seva profunda decepci\u00f3 despr\u00e9s que el Partit Popular hagi votat avui en el Parlament balear en contra de la proposta socialista relativa a la creaci\u00f3 d\u2019una escola agr\u00e0ria p\u00fablica a Eivissa. La proposta instava el Govern a iniciar els tr\u00e0mits per oferir cicles formatius de grau mitj\u00e0 i superior en&hellip;<\/p>\n","protected":false},"author":1,"featured_media":41968,"comment_status":"closed","ping_status":"closed","sticky":false,"template":"","format":"standard","meta":{"footnotes":""},"categories":[1,191],"tags":[],"class_list":["post-41969","post","type-post","status-publish","format-standard","has-post-thumbnail","hentry","category-federacio-de-eivissa-portada","category-govern-de-les-illes-balears-parlament"],"yoast_head":"<!-- This site is optimized with the Yoast SEO plugin v26.9 - https:\/\/yoast.com\/product\/yoast-seo-wordpress\/ -->\n<title>El PP vota en contra de la proposta del PSOE en favor d\u2019una escola agr\u00e0ria a Eivissa que doni resposta a les necessitats del sector - Federaci\u00f3 Socialista d&#039;Eivissa<\/title>\n<meta name=\"robots\" content=\"index, follow, max-snippet:-1, max-image-preview:large, max-video-preview:-1\" \/>\n<link rel=\"canonical\" href=\"https:\/\/www.psib-psoe.org\/eivissa\/el-pp-vota-en-contra-de-la-proposta-del-psoe-en-favor-duna-escola-agraria-a-eivissa-que-doni-resposta-a-les-necessitats-del-sector\/\" \/>\n<meta property=\"og:locale\" content=\"ca_ES\" \/>\n<meta property=\"og:type\" content=\"article\" \/>\n<meta property=\"og:title\" content=\"El PP vota en contra de la proposta del PSOE en favor d\u2019una escola agr\u00e0ria a Eivissa que doni resposta a les necessitats del sector - Federaci\u00f3 Socialista d&#039;Eivissa\" \/>\n<meta property=\"og:description\" content=\"El PSOE vol expressar la seva profunda decepci\u00f3 despr\u00e9s que el Partit Popular hagi votat avui en el Parlament balear en contra de la proposta socialista relativa a la creaci\u00f3 d\u2019una escola agr\u00e0ria p\u00fablica a Eivissa. La proposta instava el Govern a iniciar els tr\u00e0mits per oferir cicles formatius de grau mitj\u00e0 i superior en&hellip;\" \/>\n<meta property=\"og:url\" content=\"https:\/\/www.psib-psoe.org\/eivissa\/el-pp-vota-en-contra-de-la-proposta-del-psoe-en-favor-duna-escola-agraria-a-eivissa-que-doni-resposta-a-les-necessitats-del-sector\/\" \/>\n<meta property=\"og:site_name\" content=\"Federaci\u00f3 Socialista d&#039;Eivissa\" \/>\n<meta property=\"article:published_time\" content=\"2026-03-12T12:57:19+00:00\" \/>\n<meta property=\"og:image\" content=\"https:\/\/www.psib-psoe.org\/eivissa\/wp-content\/uploads\/img_2708.jpg\" \/>\n\t<meta property=\"og:image:width\" content=\"600\" \/>\n\t<meta property=\"og:image:height\" content=\"400\" \/>\n\t<meta property=\"og:image:type\" content=\"image\/jpeg\" \/>\n<meta name=\"author\" content=\"adminpsib\" \/>\n<meta name=\"twitter:card\" content=\"summary_large_image\" \/>\n<meta name=\"twitter:label1\" content=\"Escrit per\" \/>\n\t<meta name=\"twitter:data1\" content=\"adminpsib\" \/>\n\t<meta name=\"twitter:label2\" content=\"Temps estimat de lectura\" \/>\n\t<meta name=\"twitter:data2\" content=\"2 minuts\" \/>\n<script type=\"application\/ld+json\" class=\"yoast-schema-graph\">{\"@context\":\"https:\/\/schema.org\",\"@graph\":[{\"@type\":[\"Article\",\"BlogPosting\"],\"@id\":\"https:\/\/www.psib-psoe.org\/eivissa\/el-pp-vota-en-contra-de-la-proposta-del-psoe-en-favor-duna-escola-agraria-a-eivissa-que-doni-resposta-a-les-necessitats-del-sector\/#article\",\"isPartOf\":{\"@id\":\"https:\/\/www.psib-psoe.org\/eivissa\/el-pp-vota-en-contra-de-la-proposta-del-psoe-en-favor-duna-escola-agraria-a-eivissa-que-doni-resposta-a-les-necessitats-del-sector\/\"},\"author\":{\"name\":\"adminpsib\",\"@id\":\"https:\/\/www.psib-psoe.org\/eivissa\/#\/schema\/person\/099ab3ef73a3645a1d7f303518e6ce24\"},\"headline\":\"El PP vota en contra de la proposta del PSOE en favor d\u2019una escola agr\u00e0ria a Eivissa que doni resposta a les necessitats del sector\",\"datePublished\":\"2026-03-12T12:57:19+00:00\",\"mainEntityOfPage\":{\"@id\":\"https:\/\/www.psib-psoe.org\/eivissa\/el-pp-vota-en-contra-de-la-proposta-del-psoe-en-favor-duna-escola-agraria-a-eivissa-que-doni-resposta-a-les-necessitats-del-sector\/\"},\"wordCount\":360,\"publisher\":{\"@id\":\"https:\/\/www.psib-psoe.org\/eivissa\/#organization\"},\"image\":{\"@id\":\"https:\/\/www.psib-psoe.org\/eivissa\/el-pp-vota-en-contra-de-la-proposta-del-psoe-en-favor-duna-escola-agraria-a-eivissa-que-doni-resposta-a-les-necessitats-del-sector\/#primaryimage\"},\"thumbnailUrl\":\"https:\/\/www.psib-psoe.org\/eivissa\/wp-content\/uploads\/img_2708.jpg\",\"articleSection\":[\"Federaci\u00f3 d'Eivissa - Portada\",\"Govern de les Illes Balears - Parlament - PSIB-PSOE\"],\"inLanguage\":\"ca\"},{\"@type\":\"WebPage\",\"@id\":\"https:\/\/www.psib-psoe.org\/eivissa\/el-pp-vota-en-contra-de-la-proposta-del-psoe-en-favor-duna-escola-agraria-a-eivissa-que-doni-resposta-a-les-necessitats-del-sector\/\",\"url\":\"https:\/\/www.psib-psoe.org\/eivissa\/el-pp-vota-en-contra-de-la-proposta-del-psoe-en-favor-duna-escola-agraria-a-eivissa-que-doni-resposta-a-les-necessitats-del-sector\/\",\"name\":\"El PP vota en contra de la proposta del PSOE en favor d\u2019una escola agr\u00e0ria a Eivissa que doni resposta a les necessitats del sector - Federaci\u00f3 Socialista d&#039;Eivissa\",\"isPartOf\":{\"@id\":\"https:\/\/www.psib-psoe.org\/eivissa\/#website\"},\"primaryImageOfPage\":{\"@id\":\"https:\/\/www.psib-psoe.org\/eivissa\/el-pp-vota-en-contra-de-la-proposta-del-psoe-en-favor-duna-escola-agraria-a-eivissa-que-doni-resposta-a-les-necessitats-del-sector\/#primaryimage\"},\"image\":{\"@id\":\"https:\/\/www.psib-psoe.org\/eivissa\/el-pp-vota-en-contra-de-la-proposta-del-psoe-en-favor-duna-escola-agraria-a-eivissa-que-doni-resposta-a-les-necessitats-del-sector\/#primaryimage\"},\"thumbnailUrl\":\"https:\/\/www.psib-psoe.org\/eivissa\/wp-content\/uploads\/img_2708.jpg\",\"datePublished\":\"2026-03-12T12:57:19+00:00\",\"breadcrumb\":{\"@id\":\"https:\/\/www.psib-psoe.org\/eivissa\/el-pp-vota-en-contra-de-la-proposta-del-psoe-en-favor-duna-escola-agraria-a-eivissa-que-doni-resposta-a-les-necessitats-del-sector\/#breadcrumb\"},\"inLanguage\":\"ca\",\"potentialAction\":[{\"@type\":\"ReadAction\",\"target\":[\"https:\/\/www.psib-psoe.org\/eivissa\/el-pp-vota-en-contra-de-la-proposta-del-psoe-en-favor-duna-escola-agraria-a-eivissa-que-doni-resposta-a-les-necessitats-del-sector\/\"]}]},{\"@type\":\"ImageObject\",\"inLanguage\":\"ca\",\"@id\":\"https:\/\/www.psib-psoe.org\/eivissa\/el-pp-vota-en-contra-de-la-proposta-del-psoe-en-favor-duna-escola-agraria-a-eivissa-que-doni-resposta-a-les-necessitats-del-sector\/#primaryimage\",\"url\":\"https:\/\/www.psib-psoe.org\/eivissa\/wp-content\/uploads\/img_2708.jpg\",\"contentUrl\":\"https:\/\/www.psib-psoe.org\/eivissa\/wp-content\/uploads\/img_2708.jpg\",\"width\":600,\"height\":400},{\"@type\":\"BreadcrumbList\",\"@id\":\"https:\/\/www.psib-psoe.org\/eivissa\/el-pp-vota-en-contra-de-la-proposta-del-psoe-en-favor-duna-escola-agraria-a-eivissa-que-doni-resposta-a-les-necessitats-del-sector\/#breadcrumb\",\"itemListElement\":[{\"@type\":\"ListItem\",\"position\":1,\"name\":\"Inici\",\"item\":\"https:\/\/www.psib-psoe.org\/eivissa\/\"},{\"@type\":\"ListItem\",\"position\":2,\"name\":\"El PP vota en contra de la proposta del PSOE en favor d\u2019una escola agr\u00e0ria a Eivissa que doni resposta a les necessitats del sector\"}]},{\"@type\":\"WebSite\",\"@id\":\"https:\/\/www.psib-psoe.org\/eivissa\/#website\",\"url\":\"https:\/\/www.psib-psoe.org\/eivissa\/\",\"name\":\"Federaci\u00f3 Socialista d'Eivissa\",\"description\":\"Socialistes d&#039;Eivissa\",\"publisher\":{\"@id\":\"https:\/\/www.psib-psoe.org\/eivissa\/#organization\"},\"potentialAction\":[{\"@type\":\"SearchAction\",\"target\":{\"@type\":\"EntryPoint\",\"urlTemplate\":\"https:\/\/www.psib-psoe.org\/eivissa\/?s={search_term_string}\"},\"query-input\":{\"@type\":\"PropertyValueSpecification\",\"valueRequired\":true,\"valueName\":\"search_term_string\"}}],\"inLanguage\":\"ca\"},{\"@type\":\"Organization\",\"@id\":\"https:\/\/www.psib-psoe.org\/eivissa\/#organization\",\"name\":\"Federaci\u00f3 Socialista d'Eivissa\",\"url\":\"https:\/\/www.psib-psoe.org\/eivissa\/\",\"logo\":{\"@type\":\"ImageObject\",\"inLanguage\":\"ca\",\"@id\":\"https:\/\/www.psib-psoe.org\/eivissa\/#\/schema\/logo\/image\/\",\"url\":\"https:\/\/www.psib-psoe.org\/eivissa\/wp-content\/uploads\/LOGO-FSE-SOCIALISTA-DEIVISSA-HORI.png\",\"contentUrl\":\"https:\/\/www.psib-psoe.org\/eivissa\/wp-content\/uploads\/LOGO-FSE-SOCIALISTA-DEIVISSA-HORI.png\",\"width\":6000,\"height\":3104,\"caption\":\"Federaci\u00f3 Socialista d'Eivissa\"},\"image\":{\"@id\":\"https:\/\/www.psib-psoe.org\/eivissa\/#\/schema\/logo\/image\/\"}},{\"@type\":\"Person\",\"@id\":\"https:\/\/www.psib-psoe.org\/eivissa\/#\/schema\/person\/099ab3ef73a3645a1d7f303518e6ce24\",\"name\":\"adminpsib\",\"url\":\"https:\/\/www.psib-psoe.org\/eivissa\/author\/adminpsib\/\"}]}<\/script>\n<!-- \/ Yoast SEO plugin. -->","yoast_head_json":{"title":"El PP vota en contra de la proposta del PSOE en favor d\u2019una escola agr\u00e0ria a Eivissa que doni resposta a les necessitats del sector - Federaci\u00f3 Socialista d&#039;Eivissa","robots":{"index":"index","follow":"follow","max-snippet":"max-snippet:-1","max-image-preview":"max-image-preview:large","max-video-preview":"max-video-preview:-1"},"canonical":"https:\/\/www.psib-psoe.org\/eivissa\/el-pp-vota-en-contra-de-la-proposta-del-psoe-en-favor-duna-escola-agraria-a-eivissa-que-doni-resposta-a-les-necessitats-del-sector\/","og_locale":"ca_ES","og_type":"article","og_title":"El PP vota en contra de la proposta del PSOE en favor d\u2019una escola agr\u00e0ria a Eivissa que doni resposta a les necessitats del sector - Federaci\u00f3 Socialista d&#039;Eivissa","og_description":"El PSOE vol expressar la seva profunda decepci\u00f3 despr\u00e9s que el Partit Popular hagi votat avui en el Parlament balear en contra de la proposta socialista relativa a la creaci\u00f3 d\u2019una escola agr\u00e0ria p\u00fablica a Eivissa. La proposta instava el Govern a iniciar els tr\u00e0mits per oferir cicles formatius de grau mitj\u00e0 i superior en&hellip;","og_url":"https:\/\/www.psib-psoe.org\/eivissa\/el-pp-vota-en-contra-de-la-proposta-del-psoe-en-favor-duna-escola-agraria-a-eivissa-que-doni-resposta-a-les-necessitats-del-sector\/","og_site_name":"Federaci\u00f3 Socialista d&#039;Eivissa","article_published_time":"2026-03-12T12:57:19+00:00","og_image":[{"width":600,"height":400,"url":"https:\/\/www.psib-psoe.org\/eivissa\/wp-content\/uploads\/img_2708.jpg","type":"image\/jpeg"}],"author":"adminpsib","twitter_card":"summary_large_image","twitter_misc":{"Escrit per":"adminpsib","Temps estimat de lectura":"2 minuts"},"schema":{"@context":"https:\/\/schema.org","@graph":[{"@type":["Article","BlogPosting"],"@id":"https:\/\/www.psib-psoe.org\/eivissa\/el-pp-vota-en-contra-de-la-proposta-del-psoe-en-favor-duna-escola-agraria-a-eivissa-que-doni-resposta-a-les-necessitats-del-sector\/#article","isPartOf":{"@id":"https:\/\/www.psib-psoe.org\/eivissa\/el-pp-vota-en-contra-de-la-proposta-del-psoe-en-favor-duna-escola-agraria-a-eivissa-que-doni-resposta-a-les-necessitats-del-sector\/"},"author":{"name":"adminpsib","@id":"https:\/\/www.psib-psoe.org\/eivissa\/#\/schema\/person\/099ab3ef73a3645a1d7f303518e6ce24"},"headline":"El PP vota en contra de la proposta del PSOE en favor d\u2019una escola agr\u00e0ria a Eivissa que doni resposta a les necessitats del sector","datePublished":"2026-03-12T12:57:19+00:00","mainEntityOfPage":{"@id":"https:\/\/www.psib-psoe.org\/eivissa\/el-pp-vota-en-contra-de-la-proposta-del-psoe-en-favor-duna-escola-agraria-a-eivissa-que-doni-resposta-a-les-necessitats-del-sector\/"},"wordCount":360,"publisher":{"@id":"https:\/\/www.psib-psoe.org\/eivissa\/#organization"},"image":{"@id":"https:\/\/www.psib-psoe.org\/eivissa\/el-pp-vota-en-contra-de-la-proposta-del-psoe-en-favor-duna-escola-agraria-a-eivissa-que-doni-resposta-a-les-necessitats-del-sector\/#primaryimage"},"thumbnailUrl":"https:\/\/www.psib-psoe.org\/eivissa\/wp-content\/uploads\/img_2708.jpg","articleSection":["Federaci\u00f3 d'Eivissa - Portada","Govern de les Illes Balears - Parlament - PSIB-PSOE"],"inLanguage":"ca"},{"@type":"WebPage","@id":"https:\/\/www.psib-psoe.org\/eivissa\/el-pp-vota-en-contra-de-la-proposta-del-psoe-en-favor-duna-escola-agraria-a-eivissa-que-doni-resposta-a-les-necessitats-del-sector\/","url":"https:\/\/www.psib-psoe.org\/eivissa\/el-pp-vota-en-contra-de-la-proposta-del-psoe-en-favor-duna-escola-agraria-a-eivissa-que-doni-resposta-a-les-necessitats-del-sector\/","name":"El PP vota en contra de la proposta del PSOE en favor d\u2019una escola agr\u00e0ria a Eivissa que doni resposta a les necessitats del sector - Federaci\u00f3 Socialista d&#039;Eivissa","isPartOf":{"@id":"https:\/\/www.psib-psoe.org\/eivissa\/#website"},"primaryImageOfPage":{"@id":"https:\/\/www.psib-psoe.org\/eivissa\/el-pp-vota-en-contra-de-la-proposta-del-psoe-en-favor-duna-escola-agraria-a-eivissa-que-doni-resposta-a-les-necessitats-del-sector\/#primaryimage"},"image":{"@id":"https:\/\/www.psib-psoe.org\/eivissa\/el-pp-vota-en-contra-de-la-proposta-del-psoe-en-favor-duna-escola-agraria-a-eivissa-que-doni-resposta-a-les-necessitats-del-sector\/#primaryimage"},"thumbnailUrl":"https:\/\/www.psib-psoe.org\/eivissa\/wp-content\/uploads\/img_2708.jpg","datePublished":"2026-03-12T12:57:19+00:00","breadcrumb":{"@id":"https:\/\/www.psib-psoe.org\/eivissa\/el-pp-vota-en-contra-de-la-proposta-del-psoe-en-favor-duna-escola-agraria-a-eivissa-que-doni-resposta-a-les-necessitats-del-sector\/#breadcrumb"},"inLanguage":"ca","potentialAction":[{"@type":"ReadAction","target":["https:\/\/www.psib-psoe.org\/eivissa\/el-pp-vota-en-contra-de-la-proposta-del-psoe-en-favor-duna-escola-agraria-a-eivissa-que-doni-resposta-a-les-necessitats-del-sector\/"]}]},{"@type":"ImageObject","inLanguage":"ca","@id":"https:\/\/www.psib-psoe.org\/eivissa\/el-pp-vota-en-contra-de-la-proposta-del-psoe-en-favor-duna-escola-agraria-a-eivissa-que-doni-resposta-a-les-necessitats-del-sector\/#primaryimage","url":"https:\/\/www.psib-psoe.org\/eivissa\/wp-content\/uploads\/img_2708.jpg","contentUrl":"https:\/\/www.psib-psoe.org\/eivissa\/wp-content\/uploads\/img_2708.jpg","width":600,"height":400},{"@type":"BreadcrumbList","@id":"https:\/\/www.psib-psoe.org\/eivissa\/el-pp-vota-en-contra-de-la-proposta-del-psoe-en-favor-duna-escola-agraria-a-eivissa-que-doni-resposta-a-les-necessitats-del-sector\/#breadcrumb","itemListElement":[{"@type":"ListItem","position":1,"name":"Inici","item":"https:\/\/www.psib-psoe.org\/eivissa\/"},{"@type":"ListItem","position":2,"name":"El PP vota en contra de la proposta del PSOE en favor d\u2019una escola agr\u00e0ria a Eivissa que doni resposta a les necessitats del sector"}]},{"@type":"WebSite","@id":"https:\/\/www.psib-psoe.org\/eivissa\/#website","url":"https:\/\/www.psib-psoe.org\/eivissa\/","name":"Federaci\u00f3 Socialista d'Eivissa","description":"Socialistes d&#039;Eivissa","publisher":{"@id":"https:\/\/www.psib-psoe.org\/eivissa\/#organization"},"potentialAction":[{"@type":"SearchAction","target":{"@type":"EntryPoint","urlTemplate":"https:\/\/www.psib-psoe.org\/eivissa\/?s={search_term_string}"},"query-input":{"@type":"PropertyValueSpecification","valueRequired":true,"valueName":"search_term_string"}}],"inLanguage":"ca"},{"@type":"Organization","@id":"https:\/\/www.psib-psoe.org\/eivissa\/#organization","name":"Federaci\u00f3 Socialista d'Eivissa","url":"https:\/\/www.psib-psoe.org\/eivissa\/","logo":{"@type":"ImageObject","inLanguage":"ca","@id":"https:\/\/www.psib-psoe.org\/eivissa\/#\/schema\/logo\/image\/","url":"https:\/\/www.psib-psoe.org\/eivissa\/wp-content\/uploads\/LOGO-FSE-SOCIALISTA-DEIVISSA-HORI.png","contentUrl":"https:\/\/www.psib-psoe.org\/eivissa\/wp-content\/uploads\/LOGO-FSE-SOCIALISTA-DEIVISSA-HORI.png","width":6000,"height":3104,"caption":"Federaci\u00f3 Socialista d'Eivissa"},"image":{"@id":"https:\/\/www.psib-psoe.org\/eivissa\/#\/schema\/logo\/image\/"}},{"@type":"Person","@id":"https:\/\/www.psib-psoe.org\/eivissa\/#\/schema\/person\/099ab3ef73a3645a1d7f303518e6ce24","name":"adminpsib","url":"https:\/\/www.psib-psoe.org\/eivissa\/author\/adminpsib\/"}]}},"_links":{"self":[{"href":"https:\/\/www.psib-psoe.org\/eivissa\/wp-json\/wp\/v2\/posts\/41969","targetHints":{"allow":["GET"]}}],"collection":[{"href":"https:\/\/www.psib-psoe.org\/eivissa\/wp-json\/wp\/v2\/posts"}],"about":[{"href":"https:\/\/www.psib-psoe.org\/eivissa\/wp-json\/wp\/v2\/types\/post"}],"author":[{"embeddable":true,"href":"https:\/\/www.psib-psoe.org\/eivissa\/wp-json\/wp\/v2\/users\/1"}],"replies":[{"embeddable":true,"href":"https:\/\/www.psib-psoe.org\/eivissa\/wp-json\/wp\/v2\/comments?post=41969"}],"version-history":[{"count":1,"href":"https:\/\/www.psib-psoe.org\/eivissa\/wp-json\/wp\/v2\/posts\/41969\/revisions"}],"predecessor-version":[{"id":41970,"href":"https:\/\/www.psib-psoe.org\/eivissa\/wp-json\/wp\/v2\/posts\/41969\/revisions\/41970"}],"wp:featuredmedia":[{"embeddable":true,"href":"https:\/\/www.psib-psoe.org\/eivissa\/wp-json\/wp\/v2\/media\/41968"}],"wp:attachment":[{"href":"https:\/\/www.psib-psoe.org\/eivissa\/wp-json\/wp\/v2\/media?parent=41969"}],"wp:term":[{"taxonomy":"category","embeddable":true,"href":"https:\/\/www.psib-psoe.org\/eivissa\/wp-json\/wp\/v2\/categories?post=41969"},{"taxonomy":"post_tag","embeddable":true,"href":"https:\/\/www.psib-psoe.org\/eivissa\/wp-json\/wp\/v2\/tags?post=41969"}],"curies":[{"name":"wp","href":"https:\/\/api.w.org\/{rel}","templated":true}]}}