{"id":41973,"date":"2026-03-13T14:31:37","date_gmt":"2026-03-13T12:31:37","guid":{"rendered":"https:\/\/www.psib-psoe.org\/eivissa\/?p=41973"},"modified":"2026-03-13T14:31:37","modified_gmt":"2026-03-13T12:31:37","slug":"el-psoe-acusa-lalcalde-deivissa-de-gestio-nulla-improvisacio-i-falta-de-respecte-cap-a-veins-i-comerciants-per-la-situacio-de-les-obres-en-dalt-vila","status":"publish","type":"post","link":"https:\/\/www.psib-psoe.org\/eivissa\/el-psoe-acusa-lalcalde-deivissa-de-gestio-nulla-improvisacio-i-falta-de-respecte-cap-a-veins-i-comerciants-per-la-situacio-de-les-obres-en-dalt-vila\/","title":{"rendered":"El PSOE acusa l&#8217;alcalde d&#8217;Eivissa de \u201cgesti\u00f3 nul\u00b7la, improvisaci\u00f3 i falta de respecte\u201d cap a ve\u00efns i comerciants per la situaci\u00f3 de les obres en Dalt Vila."},"content":{"rendered":"<p>El Grup Municipal Socialista a l&#8217;Ajuntament d&#8217;Eivissa ha denunciat p\u00fablicament el \u201ccaos, la improvisaci\u00f3 i l&#8217;absoluta falta de planificaci\u00f3\u201d amb la qual Trigero i l&#8217;equip de govern del Partit Popular est\u00e0 executant les obres en la zona hist\u00f2rica de Dalt Vila, una situaci\u00f3 que est\u00e0 provocant greus perjudicisecon\u00f2mics a comerciants i restauradors que treballen a aquesta zona.<\/p>\n<p>Des del PSOE denunciem que la falta de planificaci\u00f3 en els primers dos anys de soposada gesti\u00f3 de Triguero i el seu equip ha portat al fet de tenir ara totes aquestes obres en marxa al mateix temps, generant caos, mol\u00e8sties i molta preocupaci\u00f3 entre ve\u00efnat i comerciants del casc hist\u00f2ric.<\/p>\n<p>\u201cEl que est\u00e0 passant a Dalt Vila i al Mercat Vell \u00e9s un exemple m\u00e9s de la manera de governar d&#8217;aquest alcalde: decisions improvisades, falta de di\u00e0leg i zero sensibilitat cap als qui viuen i cap als qui sostenen l&#8217;activitat econ\u00f2mica del centre hist\u00f2ric\u201d, ha assenyalat el regidor socialista Pep Tur.<\/p>\n<p>Els socialistes som especialment cr\u00edtics amb les declaracions de l&#8217;alcalde, qui ha afirmat p\u00fablicament que l&#8217;Ajuntament mant\u00e9 contacte permanent amb ve\u00efns i professionals de la zona. \u201cAix\u00f2 simplement no \u00e9s veritat. Comerciants i restauradors ens traslladen que no han estat informats ni consultats. L&#8217;alcalde est\u00e0 intentant construir un relat que no es correspon amb la realitat. Cosa que per altra banda no ens sorpr\u00e8n, ja que ha estat una constant de Triguero: mentir quan es veuen les costures de les seves decisions. Ho va fer quan va dir que els ve\u00efns de La Marina aprovaven el nou control d\u2019acc\u00e9s de vehicles al barri a l\u2019inici de la legislatura i ho va tornar a fer quan va assegurar que ve\u00efns i comerciants van avalar el canvi de projecte de supermercat a centre polivalent de sa Peixateria\u201d, afegeix Tur.<\/p>\n<p>El PSOE adverteix a m\u00e9s de que aquest descontrol pot provocar p\u00e8rdues econ\u00f2miques per als negocis de Dalt Vila, especialment en un moment clau per a l&#8217;activitat tur\u00edstica. Per a Tur, \u201cmolts comerciantsestan veient com no poden iniciar les tasques de condicionament dels seus negocis ni contractar al personal necessari per a l\u2019inici de la temporadaperqu\u00e8 l\u2019espai est\u00e0 ocupat per les obres. Fins ara les persones afectades no han tingut una informaci\u00f3 clara ni una m\u00ednima coordinaci\u00f3 per part de l\u2019Ajuntament, que es veu obligat a fer-ho ara a correcuita\u201d.<\/p>\n<p>\u201cTamb\u00e9 estem escoltant cont\u00ednuament que el govern de l\u2019Ajuntament est\u00e0 fent una inversi\u00f3 de 5 milions d\u2019euros. El que no diuen \u00e9s que d\u2019aquests milions n\u2019hi ha tres que van heretar de l\u2019anterior govern progressista. Partides econ\u00f2miques aconseguides dels fons europeus mitjan\u00e7ant el Grupo de CiudadesPatrimonio, i assignades ja llavors als projectes que ara s\u2019estan executant\u201d, recorda el regidor socialista.<\/p>\n<p>\u201cLa manera de governar de Triguero \u00e9s imposar decisions des d&#8217;un despatx sense escoltar a la ciutadania i oferint una imatge idealitzada de s\u00ed mateix mitjan\u00e7ant el departament de marketing de l\u2019Ajuntament, dedicat a fer els seus v\u00eddeos de propaganda pagats amb els sous de tots\u201d, ha finalitzat Pep Tur. <\/p>\n","protected":false},"excerpt":{"rendered":"<p>El Grup Municipal Socialista a l&#8217;Ajuntament d&#8217;Eivissa ha denunciat p\u00fablicament el \u201ccaos, la improvisaci\u00f3 i l&#8217;absoluta falta de planificaci\u00f3\u201d amb la qual Trigero i l&#8217;equip de govern del Partit Popular est\u00e0 executant les obres en la zona hist\u00f2rica de Dalt Vila, una situaci\u00f3 que est\u00e0 provocant greus perjudicisecon\u00f2mics a comerciants i restauradors que treballen a&hellip;<\/p>\n","protected":false},"author":1,"featured_media":41974,"comment_status":"closed","ping_status":"closed","sticky":false,"template":"","format":"standard","meta":{"footnotes":""},"categories":[183,1],"tags":[],"class_list":["post-41973","post","type-post","status-publish","format-standard","has-post-thumbnail","hentry","category-ciutat-deivissa","category-federacio-de-eivissa-portada"],"yoast_head":"<!-- This site is optimized with the Yoast SEO plugin v26.9 - https:\/\/yoast.com\/product\/yoast-seo-wordpress\/ -->\n<title>El PSOE acusa l&#039;alcalde d&#039;Eivissa de \u201cgesti\u00f3 nul\u00b7la, improvisaci\u00f3 i falta de respecte\u201d cap a ve\u00efns i comerciants per la situaci\u00f3 de les obres en Dalt Vila. - Federaci\u00f3 Socialista d&#039;Eivissa<\/title>\n<meta name=\"robots\" content=\"index, follow, max-snippet:-1, max-image-preview:large, max-video-preview:-1\" \/>\n<link rel=\"canonical\" href=\"https:\/\/www.psib-psoe.org\/eivissa\/el-psoe-acusa-lalcalde-deivissa-de-gestio-nulla-improvisacio-i-falta-de-respecte-cap-a-veins-i-comerciants-per-la-situacio-de-les-obres-en-dalt-vila\/\" \/>\n<meta property=\"og:locale\" content=\"ca_ES\" \/>\n<meta property=\"og:type\" content=\"article\" \/>\n<meta property=\"og:title\" content=\"El PSOE acusa l&#039;alcalde d&#039;Eivissa de \u201cgesti\u00f3 nul\u00b7la, improvisaci\u00f3 i falta de respecte\u201d cap a ve\u00efns i comerciants per la situaci\u00f3 de les obres en Dalt Vila. - Federaci\u00f3 Socialista d&#039;Eivissa\" \/>\n<meta property=\"og:description\" content=\"El Grup Municipal Socialista a l&#8217;Ajuntament d&#8217;Eivissa ha denunciat p\u00fablicament el \u201ccaos, la improvisaci\u00f3 i l&#8217;absoluta falta de planificaci\u00f3\u201d amb la qual Trigero i l&#8217;equip de govern del Partit Popular est\u00e0 executant les obres en la zona hist\u00f2rica de Dalt Vila, una situaci\u00f3 que est\u00e0 provocant greus perjudicisecon\u00f2mics a comerciants i restauradors que treballen a&hellip;\" \/>\n<meta property=\"og:url\" content=\"https:\/\/www.psib-psoe.org\/eivissa\/el-psoe-acusa-lalcalde-deivissa-de-gestio-nulla-improvisacio-i-falta-de-respecte-cap-a-veins-i-comerciants-per-la-situacio-de-les-obres-en-dalt-vila\/\" \/>\n<meta property=\"og:site_name\" content=\"Federaci\u00f3 Socialista d&#039;Eivissa\" \/>\n<meta property=\"article:published_time\" content=\"2026-03-13T12:31:37+00:00\" \/>\n<meta property=\"og:image\" content=\"https:\/\/www.psib-psoe.org\/eivissa\/wp-content\/uploads\/obres-Dalt-Vila.jpg\" \/>\n\t<meta property=\"og:image:width\" content=\"1290\" \/>\n\t<meta property=\"og:image:height\" content=\"1783\" \/>\n\t<meta property=\"og:image:type\" content=\"image\/jpeg\" \/>\n<meta name=\"author\" content=\"adminpsib\" \/>\n<meta name=\"twitter:card\" content=\"summary_large_image\" \/>\n<meta name=\"twitter:label1\" content=\"Escrit per\" \/>\n\t<meta name=\"twitter:data1\" content=\"adminpsib\" \/>\n\t<meta name=\"twitter:label2\" content=\"Temps estimat de lectura\" \/>\n\t<meta name=\"twitter:data2\" content=\"3 minuts\" \/>\n<script type=\"application\/ld+json\" class=\"yoast-schema-graph\">{\"@context\":\"https:\/\/schema.org\",\"@graph\":[{\"@type\":[\"Article\",\"BlogPosting\"],\"@id\":\"https:\/\/www.psib-psoe.org\/eivissa\/el-psoe-acusa-lalcalde-deivissa-de-gestio-nulla-improvisacio-i-falta-de-respecte-cap-a-veins-i-comerciants-per-la-situacio-de-les-obres-en-dalt-vila\/#article\",\"isPartOf\":{\"@id\":\"https:\/\/www.psib-psoe.org\/eivissa\/el-psoe-acusa-lalcalde-deivissa-de-gestio-nulla-improvisacio-i-falta-de-respecte-cap-a-veins-i-comerciants-per-la-situacio-de-les-obres-en-dalt-vila\/\"},\"author\":{\"name\":\"adminpsib\",\"@id\":\"https:\/\/www.psib-psoe.org\/eivissa\/#\/schema\/person\/099ab3ef73a3645a1d7f303518e6ce24\"},\"headline\":\"El PSOE acusa l&#8217;alcalde d&#8217;Eivissa de \u201cgesti\u00f3 nul\u00b7la, improvisaci\u00f3 i falta de respecte\u201d cap a ve\u00efns i comerciants per la situaci\u00f3 de les obres en Dalt Vila.\",\"datePublished\":\"2026-03-13T12:31:37+00:00\",\"mainEntityOfPage\":{\"@id\":\"https:\/\/www.psib-psoe.org\/eivissa\/el-psoe-acusa-lalcalde-deivissa-de-gestio-nulla-improvisacio-i-falta-de-respecte-cap-a-veins-i-comerciants-per-la-situacio-de-les-obres-en-dalt-vila\/\"},\"wordCount\":563,\"publisher\":{\"@id\":\"https:\/\/www.psib-psoe.org\/eivissa\/#organization\"},\"image\":{\"@id\":\"https:\/\/www.psib-psoe.org\/eivissa\/el-psoe-acusa-lalcalde-deivissa-de-gestio-nulla-improvisacio-i-falta-de-respecte-cap-a-veins-i-comerciants-per-la-situacio-de-les-obres-en-dalt-vila\/#primaryimage\"},\"thumbnailUrl\":\"https:\/\/www.psib-psoe.org\/eivissa\/wp-content\/uploads\/obres-Dalt-Vila.jpg\",\"articleSection\":[\"Ciutat d'Eivissa\",\"Federaci\u00f3 d'Eivissa - Portada\"],\"inLanguage\":\"ca\"},{\"@type\":\"WebPage\",\"@id\":\"https:\/\/www.psib-psoe.org\/eivissa\/el-psoe-acusa-lalcalde-deivissa-de-gestio-nulla-improvisacio-i-falta-de-respecte-cap-a-veins-i-comerciants-per-la-situacio-de-les-obres-en-dalt-vila\/\",\"url\":\"https:\/\/www.psib-psoe.org\/eivissa\/el-psoe-acusa-lalcalde-deivissa-de-gestio-nulla-improvisacio-i-falta-de-respecte-cap-a-veins-i-comerciants-per-la-situacio-de-les-obres-en-dalt-vila\/\",\"name\":\"El PSOE acusa l'alcalde d'Eivissa de \u201cgesti\u00f3 nul\u00b7la, improvisaci\u00f3 i falta de respecte\u201d cap a ve\u00efns i comerciants per la situaci\u00f3 de les obres en Dalt Vila. - Federaci\u00f3 Socialista d&#039;Eivissa\",\"isPartOf\":{\"@id\":\"https:\/\/www.psib-psoe.org\/eivissa\/#website\"},\"primaryImageOfPage\":{\"@id\":\"https:\/\/www.psib-psoe.org\/eivissa\/el-psoe-acusa-lalcalde-deivissa-de-gestio-nulla-improvisacio-i-falta-de-respecte-cap-a-veins-i-comerciants-per-la-situacio-de-les-obres-en-dalt-vila\/#primaryimage\"},\"image\":{\"@id\":\"https:\/\/www.psib-psoe.org\/eivissa\/el-psoe-acusa-lalcalde-deivissa-de-gestio-nulla-improvisacio-i-falta-de-respecte-cap-a-veins-i-comerciants-per-la-situacio-de-les-obres-en-dalt-vila\/#primaryimage\"},\"thumbnailUrl\":\"https:\/\/www.psib-psoe.org\/eivissa\/wp-content\/uploads\/obres-Dalt-Vila.jpg\",\"datePublished\":\"2026-03-13T12:31:37+00:00\",\"breadcrumb\":{\"@id\":\"https:\/\/www.psib-psoe.org\/eivissa\/el-psoe-acusa-lalcalde-deivissa-de-gestio-nulla-improvisacio-i-falta-de-respecte-cap-a-veins-i-comerciants-per-la-situacio-de-les-obres-en-dalt-vila\/#breadcrumb\"},\"inLanguage\":\"ca\",\"potentialAction\":[{\"@type\":\"ReadAction\",\"target\":[\"https:\/\/www.psib-psoe.org\/eivissa\/el-psoe-acusa-lalcalde-deivissa-de-gestio-nulla-improvisacio-i-falta-de-respecte-cap-a-veins-i-comerciants-per-la-situacio-de-les-obres-en-dalt-vila\/\"]}]},{\"@type\":\"ImageObject\",\"inLanguage\":\"ca\",\"@id\":\"https:\/\/www.psib-psoe.org\/eivissa\/el-psoe-acusa-lalcalde-deivissa-de-gestio-nulla-improvisacio-i-falta-de-respecte-cap-a-veins-i-comerciants-per-la-situacio-de-les-obres-en-dalt-vila\/#primaryimage\",\"url\":\"https:\/\/www.psib-psoe.org\/eivissa\/wp-content\/uploads\/obres-Dalt-Vila.jpg\",\"contentUrl\":\"https:\/\/www.psib-psoe.org\/eivissa\/wp-content\/uploads\/obres-Dalt-Vila.jpg\",\"width\":1290,\"height\":1783,\"caption\":\"Screenshot\"},{\"@type\":\"BreadcrumbList\",\"@id\":\"https:\/\/www.psib-psoe.org\/eivissa\/el-psoe-acusa-lalcalde-deivissa-de-gestio-nulla-improvisacio-i-falta-de-respecte-cap-a-veins-i-comerciants-per-la-situacio-de-les-obres-en-dalt-vila\/#breadcrumb\",\"itemListElement\":[{\"@type\":\"ListItem\",\"position\":1,\"name\":\"Inici\",\"item\":\"https:\/\/www.psib-psoe.org\/eivissa\/\"},{\"@type\":\"ListItem\",\"position\":2,\"name\":\"El PSOE acusa l&#8217;alcalde d&#8217;Eivissa de \u201cgesti\u00f3 nul\u00b7la, improvisaci\u00f3 i falta de respecte\u201d cap a ve\u00efns i comerciants per la situaci\u00f3 de les obres en Dalt Vila.\"}]},{\"@type\":\"WebSite\",\"@id\":\"https:\/\/www.psib-psoe.org\/eivissa\/#website\",\"url\":\"https:\/\/www.psib-psoe.org\/eivissa\/\",\"name\":\"Federaci\u00f3 Socialista d'Eivissa\",\"description\":\"Socialistes d&#039;Eivissa\",\"publisher\":{\"@id\":\"https:\/\/www.psib-psoe.org\/eivissa\/#organization\"},\"potentialAction\":[{\"@type\":\"SearchAction\",\"target\":{\"@type\":\"EntryPoint\",\"urlTemplate\":\"https:\/\/www.psib-psoe.org\/eivissa\/?s={search_term_string}\"},\"query-input\":{\"@type\":\"PropertyValueSpecification\",\"valueRequired\":true,\"valueName\":\"search_term_string\"}}],\"inLanguage\":\"ca\"},{\"@type\":\"Organization\",\"@id\":\"https:\/\/www.psib-psoe.org\/eivissa\/#organization\",\"name\":\"Federaci\u00f3 Socialista d'Eivissa\",\"url\":\"https:\/\/www.psib-psoe.org\/eivissa\/\",\"logo\":{\"@type\":\"ImageObject\",\"inLanguage\":\"ca\",\"@id\":\"https:\/\/www.psib-psoe.org\/eivissa\/#\/schema\/logo\/image\/\",\"url\":\"https:\/\/www.psib-psoe.org\/eivissa\/wp-content\/uploads\/LOGO-FSE-SOCIALISTA-DEIVISSA-HORI.png\",\"contentUrl\":\"https:\/\/www.psib-psoe.org\/eivissa\/wp-content\/uploads\/LOGO-FSE-SOCIALISTA-DEIVISSA-HORI.png\",\"width\":6000,\"height\":3104,\"caption\":\"Federaci\u00f3 Socialista d'Eivissa\"},\"image\":{\"@id\":\"https:\/\/www.psib-psoe.org\/eivissa\/#\/schema\/logo\/image\/\"}},{\"@type\":\"Person\",\"@id\":\"https:\/\/www.psib-psoe.org\/eivissa\/#\/schema\/person\/099ab3ef73a3645a1d7f303518e6ce24\",\"name\":\"adminpsib\",\"url\":\"https:\/\/www.psib-psoe.org\/eivissa\/author\/adminpsib\/\"}]}<\/script>\n<!-- \/ Yoast SEO plugin. -->","yoast_head_json":{"title":"El PSOE acusa l'alcalde d'Eivissa de \u201cgesti\u00f3 nul\u00b7la, improvisaci\u00f3 i falta de respecte\u201d cap a ve\u00efns i comerciants per la situaci\u00f3 de les obres en Dalt Vila. - Federaci\u00f3 Socialista d&#039;Eivissa","robots":{"index":"index","follow":"follow","max-snippet":"max-snippet:-1","max-image-preview":"max-image-preview:large","max-video-preview":"max-video-preview:-1"},"canonical":"https:\/\/www.psib-psoe.org\/eivissa\/el-psoe-acusa-lalcalde-deivissa-de-gestio-nulla-improvisacio-i-falta-de-respecte-cap-a-veins-i-comerciants-per-la-situacio-de-les-obres-en-dalt-vila\/","og_locale":"ca_ES","og_type":"article","og_title":"El PSOE acusa l'alcalde d'Eivissa de \u201cgesti\u00f3 nul\u00b7la, improvisaci\u00f3 i falta de respecte\u201d cap a ve\u00efns i comerciants per la situaci\u00f3 de les obres en Dalt Vila. - Federaci\u00f3 Socialista d&#039;Eivissa","og_description":"El Grup Municipal Socialista a l&#8217;Ajuntament d&#8217;Eivissa ha denunciat p\u00fablicament el \u201ccaos, la improvisaci\u00f3 i l&#8217;absoluta falta de planificaci\u00f3\u201d amb la qual Trigero i l&#8217;equip de govern del Partit Popular est\u00e0 executant les obres en la zona hist\u00f2rica de Dalt Vila, una situaci\u00f3 que est\u00e0 provocant greus perjudicisecon\u00f2mics a comerciants i restauradors que treballen a&hellip;","og_url":"https:\/\/www.psib-psoe.org\/eivissa\/el-psoe-acusa-lalcalde-deivissa-de-gestio-nulla-improvisacio-i-falta-de-respecte-cap-a-veins-i-comerciants-per-la-situacio-de-les-obres-en-dalt-vila\/","og_site_name":"Federaci\u00f3 Socialista d&#039;Eivissa","article_published_time":"2026-03-13T12:31:37+00:00","og_image":[{"width":1290,"height":1783,"url":"https:\/\/www.psib-psoe.org\/eivissa\/wp-content\/uploads\/obres-Dalt-Vila.jpg","type":"image\/jpeg"}],"author":"adminpsib","twitter_card":"summary_large_image","twitter_misc":{"Escrit per":"adminpsib","Temps estimat de lectura":"3 minuts"},"schema":{"@context":"https:\/\/schema.org","@graph":[{"@type":["Article","BlogPosting"],"@id":"https:\/\/www.psib-psoe.org\/eivissa\/el-psoe-acusa-lalcalde-deivissa-de-gestio-nulla-improvisacio-i-falta-de-respecte-cap-a-veins-i-comerciants-per-la-situacio-de-les-obres-en-dalt-vila\/#article","isPartOf":{"@id":"https:\/\/www.psib-psoe.org\/eivissa\/el-psoe-acusa-lalcalde-deivissa-de-gestio-nulla-improvisacio-i-falta-de-respecte-cap-a-veins-i-comerciants-per-la-situacio-de-les-obres-en-dalt-vila\/"},"author":{"name":"adminpsib","@id":"https:\/\/www.psib-psoe.org\/eivissa\/#\/schema\/person\/099ab3ef73a3645a1d7f303518e6ce24"},"headline":"El PSOE acusa l&#8217;alcalde d&#8217;Eivissa de \u201cgesti\u00f3 nul\u00b7la, improvisaci\u00f3 i falta de respecte\u201d cap a ve\u00efns i comerciants per la situaci\u00f3 de les obres en Dalt Vila.","datePublished":"2026-03-13T12:31:37+00:00","mainEntityOfPage":{"@id":"https:\/\/www.psib-psoe.org\/eivissa\/el-psoe-acusa-lalcalde-deivissa-de-gestio-nulla-improvisacio-i-falta-de-respecte-cap-a-veins-i-comerciants-per-la-situacio-de-les-obres-en-dalt-vila\/"},"wordCount":563,"publisher":{"@id":"https:\/\/www.psib-psoe.org\/eivissa\/#organization"},"image":{"@id":"https:\/\/www.psib-psoe.org\/eivissa\/el-psoe-acusa-lalcalde-deivissa-de-gestio-nulla-improvisacio-i-falta-de-respecte-cap-a-veins-i-comerciants-per-la-situacio-de-les-obres-en-dalt-vila\/#primaryimage"},"thumbnailUrl":"https:\/\/www.psib-psoe.org\/eivissa\/wp-content\/uploads\/obres-Dalt-Vila.jpg","articleSection":["Ciutat d'Eivissa","Federaci\u00f3 d'Eivissa - Portada"],"inLanguage":"ca"},{"@type":"WebPage","@id":"https:\/\/www.psib-psoe.org\/eivissa\/el-psoe-acusa-lalcalde-deivissa-de-gestio-nulla-improvisacio-i-falta-de-respecte-cap-a-veins-i-comerciants-per-la-situacio-de-les-obres-en-dalt-vila\/","url":"https:\/\/www.psib-psoe.org\/eivissa\/el-psoe-acusa-lalcalde-deivissa-de-gestio-nulla-improvisacio-i-falta-de-respecte-cap-a-veins-i-comerciants-per-la-situacio-de-les-obres-en-dalt-vila\/","name":"El PSOE acusa l'alcalde d'Eivissa de \u201cgesti\u00f3 nul\u00b7la, improvisaci\u00f3 i falta de respecte\u201d cap a ve\u00efns i comerciants per la situaci\u00f3 de les obres en Dalt Vila. - Federaci\u00f3 Socialista d&#039;Eivissa","isPartOf":{"@id":"https:\/\/www.psib-psoe.org\/eivissa\/#website"},"primaryImageOfPage":{"@id":"https:\/\/www.psib-psoe.org\/eivissa\/el-psoe-acusa-lalcalde-deivissa-de-gestio-nulla-improvisacio-i-falta-de-respecte-cap-a-veins-i-comerciants-per-la-situacio-de-les-obres-en-dalt-vila\/#primaryimage"},"image":{"@id":"https:\/\/www.psib-psoe.org\/eivissa\/el-psoe-acusa-lalcalde-deivissa-de-gestio-nulla-improvisacio-i-falta-de-respecte-cap-a-veins-i-comerciants-per-la-situacio-de-les-obres-en-dalt-vila\/#primaryimage"},"thumbnailUrl":"https:\/\/www.psib-psoe.org\/eivissa\/wp-content\/uploads\/obres-Dalt-Vila.jpg","datePublished":"2026-03-13T12:31:37+00:00","breadcrumb":{"@id":"https:\/\/www.psib-psoe.org\/eivissa\/el-psoe-acusa-lalcalde-deivissa-de-gestio-nulla-improvisacio-i-falta-de-respecte-cap-a-veins-i-comerciants-per-la-situacio-de-les-obres-en-dalt-vila\/#breadcrumb"},"inLanguage":"ca","potentialAction":[{"@type":"ReadAction","target":["https:\/\/www.psib-psoe.org\/eivissa\/el-psoe-acusa-lalcalde-deivissa-de-gestio-nulla-improvisacio-i-falta-de-respecte-cap-a-veins-i-comerciants-per-la-situacio-de-les-obres-en-dalt-vila\/"]}]},{"@type":"ImageObject","inLanguage":"ca","@id":"https:\/\/www.psib-psoe.org\/eivissa\/el-psoe-acusa-lalcalde-deivissa-de-gestio-nulla-improvisacio-i-falta-de-respecte-cap-a-veins-i-comerciants-per-la-situacio-de-les-obres-en-dalt-vila\/#primaryimage","url":"https:\/\/www.psib-psoe.org\/eivissa\/wp-content\/uploads\/obres-Dalt-Vila.jpg","contentUrl":"https:\/\/www.psib-psoe.org\/eivissa\/wp-content\/uploads\/obres-Dalt-Vila.jpg","width":1290,"height":1783,"caption":"Screenshot"},{"@type":"BreadcrumbList","@id":"https:\/\/www.psib-psoe.org\/eivissa\/el-psoe-acusa-lalcalde-deivissa-de-gestio-nulla-improvisacio-i-falta-de-respecte-cap-a-veins-i-comerciants-per-la-situacio-de-les-obres-en-dalt-vila\/#breadcrumb","itemListElement":[{"@type":"ListItem","position":1,"name":"Inici","item":"https:\/\/www.psib-psoe.org\/eivissa\/"},{"@type":"ListItem","position":2,"name":"El PSOE acusa l&#8217;alcalde d&#8217;Eivissa de \u201cgesti\u00f3 nul\u00b7la, improvisaci\u00f3 i falta de respecte\u201d cap a ve\u00efns i comerciants per la situaci\u00f3 de les obres en Dalt Vila."}]},{"@type":"WebSite","@id":"https:\/\/www.psib-psoe.org\/eivissa\/#website","url":"https:\/\/www.psib-psoe.org\/eivissa\/","name":"Federaci\u00f3 Socialista d'Eivissa","description":"Socialistes d&#039;Eivissa","publisher":{"@id":"https:\/\/www.psib-psoe.org\/eivissa\/#organization"},"potentialAction":[{"@type":"SearchAction","target":{"@type":"EntryPoint","urlTemplate":"https:\/\/www.psib-psoe.org\/eivissa\/?s={search_term_string}"},"query-input":{"@type":"PropertyValueSpecification","valueRequired":true,"valueName":"search_term_string"}}],"inLanguage":"ca"},{"@type":"Organization","@id":"https:\/\/www.psib-psoe.org\/eivissa\/#organization","name":"Federaci\u00f3 Socialista d'Eivissa","url":"https:\/\/www.psib-psoe.org\/eivissa\/","logo":{"@type":"ImageObject","inLanguage":"ca","@id":"https:\/\/www.psib-psoe.org\/eivissa\/#\/schema\/logo\/image\/","url":"https:\/\/www.psib-psoe.org\/eivissa\/wp-content\/uploads\/LOGO-FSE-SOCIALISTA-DEIVISSA-HORI.png","contentUrl":"https:\/\/www.psib-psoe.org\/eivissa\/wp-content\/uploads\/LOGO-FSE-SOCIALISTA-DEIVISSA-HORI.png","width":6000,"height":3104,"caption":"Federaci\u00f3 Socialista d'Eivissa"},"image":{"@id":"https:\/\/www.psib-psoe.org\/eivissa\/#\/schema\/logo\/image\/"}},{"@type":"Person","@id":"https:\/\/www.psib-psoe.org\/eivissa\/#\/schema\/person\/099ab3ef73a3645a1d7f303518e6ce24","name":"adminpsib","url":"https:\/\/www.psib-psoe.org\/eivissa\/author\/adminpsib\/"}]}},"_links":{"self":[{"href":"https:\/\/www.psib-psoe.org\/eivissa\/wp-json\/wp\/v2\/posts\/41973","targetHints":{"allow":["GET"]}}],"collection":[{"href":"https:\/\/www.psib-psoe.org\/eivissa\/wp-json\/wp\/v2\/posts"}],"about":[{"href":"https:\/\/www.psib-psoe.org\/eivissa\/wp-json\/wp\/v2\/types\/post"}],"author":[{"embeddable":true,"href":"https:\/\/www.psib-psoe.org\/eivissa\/wp-json\/wp\/v2\/users\/1"}],"replies":[{"embeddable":true,"href":"https:\/\/www.psib-psoe.org\/eivissa\/wp-json\/wp\/v2\/comments?post=41973"}],"version-history":[{"count":1,"href":"https:\/\/www.psib-psoe.org\/eivissa\/wp-json\/wp\/v2\/posts\/41973\/revisions"}],"predecessor-version":[{"id":41975,"href":"https:\/\/www.psib-psoe.org\/eivissa\/wp-json\/wp\/v2\/posts\/41973\/revisions\/41975"}],"wp:featuredmedia":[{"embeddable":true,"href":"https:\/\/www.psib-psoe.org\/eivissa\/wp-json\/wp\/v2\/media\/41974"}],"wp:attachment":[{"href":"https:\/\/www.psib-psoe.org\/eivissa\/wp-json\/wp\/v2\/media?parent=41973"}],"wp:term":[{"taxonomy":"category","embeddable":true,"href":"https:\/\/www.psib-psoe.org\/eivissa\/wp-json\/wp\/v2\/categories?post=41973"},{"taxonomy":"post_tag","embeddable":true,"href":"https:\/\/www.psib-psoe.org\/eivissa\/wp-json\/wp\/v2\/tags?post=41973"}],"curies":[{"name":"wp","href":"https:\/\/api.w.org\/{rel}","templated":true}]}}