{"id":41983,"date":"2026-03-13T14:43:09","date_gmt":"2026-03-13T12:43:09","guid":{"rendered":"https:\/\/www.psib-psoe.org\/eivissa\/?p=41983"},"modified":"2026-03-13T14:43:09","modified_gmt":"2026-03-13T12:43:09","slug":"el-psoe-acusa-el-pp-de-convertir-el-8m-en-un-exercici-de-marqueting-institucional-i-de-contraprogramar-la-concentracio-feminista-de-lilla","status":"publish","type":"post","link":"https:\/\/www.psib-psoe.org\/eivissa\/el-psoe-acusa-el-pp-de-convertir-el-8m-en-un-exercici-de-marqueting-institucional-i-de-contraprogramar-la-concentracio-feminista-de-lilla\/","title":{"rendered":"El PSOE acusa el PP de convertir el 8M en un exercici de m\u00e0rqueting institucional i de contraprogramar la concentraci\u00f3 feminista de l\u2019illa"},"content":{"rendered":"\n<p>La Federaci\u00f3 Socialista d\u2019Eivissa (FSE-PSOE), a trav\u00e9s de la seva Secret\u00e0ria d\u2019Igualtat, Pilar Ribas, denuncia que el Consell Insular d\u2019Eivissa i l\u2019Ajuntament d\u2019Eivissa, governats pel Partit Popular, varen optar aquest 8 de mar\u00e7 per contraprogramar la concentraci\u00f3 convocada pel moviment feminista de l\u2019illa amb diferents actes institucionals a la mateixa franja hor\u00e0ria.<\/p>\n\n\n\n<p>Mentre les associacions feministes havien convocat la ciutadania al passeig de Vara de Rey per participar en una jornada reivindicativa amb activitats, accions simb\u00f2liques i la lectura d\u2019un manifest, les institucions governades pel PP varen impulsar activitats paral\u00b7leles com la denominada Cursa per la Dona, amb sortida a Sant Jordi i arribada al parc Reina Sofia, a m\u00e9s d&#8217;altres iniciatives institucionals que varen coincidir en horari amb la mobilitzaci\u00f3 feminista. A m\u00e9s, per primera vegada l\u2019Ajuntament d\u2019Eivissa no va voler col\u00b7laborar econ\u00f2micament amb alguna de les despeses de la convocat\u00f2ria, com s\u2019havia fet sempre, justificant que no hi havia pressupost a Igualtat.<\/p>\n\n\n\n<p>Des de la Federaci\u00f3 Socialista d\u2019Eivissa consideram que aquesta contraprogramaci\u00f3 no \u00e9s una simple coincid\u00e8ncia, sin\u00f3 una mostra clara de la manera com el Partit Popular ent\u00e9n el 8M: comuna jornada d\u2019actes institucionals i de fotografia, en lloc d\u2019una jornada de reivindicaci\u00f3 i mobilitzaci\u00f3 social.<\/p>\n\n\n\n<p>\u00abEl 8 de mar\u00e7 no \u00e9s una cursa ni una campanya d\u2019imatge institucional. \u00c9s un dia de reivindicaci\u00f3 feminista i de den\u00fancia de les desigualtats que encara pateixen les dones\u00bb, assenyala la Secretaria d\u2019Igualtat del PSOE d\u2019Eivissa.<\/p>\n\n\n\n<p>Les i els socialistes recorden que el moviment feminista \u00e9s qui hist\u00f2ricament ha impulsat els grans aven\u00e7os en drets i igualtat, i que les institucions tenen l\u2019obligaci\u00f3 d\u2019acompanyar i refor\u00e7ar aquesta mobilitzaci\u00f3, no de competir-hi ni de restar-li visibilitat.<\/p>\n\n\n\n<p>Per al PSOE d\u2019Eivissa, la decisi\u00f3 del Consell i de l\u2019Ajuntament evidencia \u00abuna preocupant falta de sensibilitat i de comprom\u00eds real amb el feminisme\u00bb, ja que optar per programar actes paral\u00b7lels en el moment en qu\u00e8 el moviment feminista es mobilitza suposa, en la pr\u00e0ctica, debilitar una convocat\u00f2ria social que representa d\u00e8cades de lluita pels drets de les dones.<\/p>\n\n\n\n<p>\u00abEl feminisme no necessita institucions que li facin ombra, necessita institucions que estiguin al seu costat\u00bb, conclouen des de la Secretaria d\u2019Igualtat de la Federaci\u00f3 Socialista d\u2019Eivissa.<\/p>\n\n\n\n<p>Per tot aix\u00f2, el PSOE d\u2019Eivissa reclama al Consell Insular i a l\u2019Ajuntament que abandonin la pol\u00edtica de gestos simb\u00f2lics i assumeixin un comprom\u00eds real amb la igualtat, comen\u00e7ant per respectar i refor\u00e7ar les convocat\u00f2ries del moviment feminista de l\u2019illa.<\/p>\n","protected":false},"excerpt":{"rendered":"<p>La Federaci\u00f3 Socialista d\u2019Eivissa (FSE-PSOE), a trav\u00e9s de la seva Secret\u00e0ria d\u2019Igualtat, Pilar Ribas, denuncia que el Consell Insular d\u2019Eivissa i l\u2019Ajuntament d\u2019Eivissa, governats pel Partit Popular, varen optar aquest 8 de mar\u00e7 per contraprogramar la concentraci\u00f3 convocada pel moviment feminista de l\u2019illa amb diferents actes institucionals a la mateixa franja hor\u00e0ria. Mentre les associacions&hellip;<\/p>\n","protected":false},"author":1,"featured_media":41982,"comment_status":"closed","ping_status":"closed","sticky":false,"template":"","format":"standard","meta":{"footnotes":""},"categories":[1],"tags":[],"class_list":["post-41983","post","type-post","status-publish","format-standard","has-post-thumbnail","hentry","category-federacio-de-eivissa-portada"],"yoast_head":"<!-- This site is optimized with the Yoast SEO plugin v26.9 - https:\/\/yoast.com\/product\/yoast-seo-wordpress\/ -->\n<title>El PSOE acusa el PP de convertir el 8M en un exercici de m\u00e0rqueting institucional i de contraprogramar la concentraci\u00f3 feminista de l\u2019illa - Federaci\u00f3 Socialista d&#039;Eivissa<\/title>\n<meta name=\"robots\" content=\"index, follow, max-snippet:-1, max-image-preview:large, max-video-preview:-1\" \/>\n<link rel=\"canonical\" href=\"https:\/\/www.psib-psoe.org\/eivissa\/el-psoe-acusa-el-pp-de-convertir-el-8m-en-un-exercici-de-marqueting-institucional-i-de-contraprogramar-la-concentracio-feminista-de-lilla\/\" \/>\n<meta property=\"og:locale\" content=\"ca_ES\" \/>\n<meta property=\"og:type\" content=\"article\" \/>\n<meta property=\"og:title\" content=\"El PSOE acusa el PP de convertir el 8M en un exercici de m\u00e0rqueting institucional i de contraprogramar la concentraci\u00f3 feminista de l\u2019illa - Federaci\u00f3 Socialista d&#039;Eivissa\" \/>\n<meta property=\"og:description\" content=\"La Federaci\u00f3 Socialista d\u2019Eivissa (FSE-PSOE), a trav\u00e9s de la seva Secret\u00e0ria d\u2019Igualtat, Pilar Ribas, denuncia que el Consell Insular d\u2019Eivissa i l\u2019Ajuntament d\u2019Eivissa, governats pel Partit Popular, varen optar aquest 8 de mar\u00e7 per contraprogramar la concentraci\u00f3 convocada pel moviment feminista de l\u2019illa amb diferents actes institucionals a la mateixa franja hor\u00e0ria. Mentre les associacions&hellip;\" \/>\n<meta property=\"og:url\" content=\"https:\/\/www.psib-psoe.org\/eivissa\/el-psoe-acusa-el-pp-de-convertir-el-8m-en-un-exercici-de-marqueting-institucional-i-de-contraprogramar-la-concentracio-feminista-de-lilla\/\" \/>\n<meta property=\"og:site_name\" content=\"Federaci\u00f3 Socialista d&#039;Eivissa\" \/>\n<meta property=\"article:published_time\" content=\"2026-03-13T12:43:09+00:00\" \/>\n<meta property=\"og:image\" content=\"https:\/\/www.psib-psoe.org\/eivissa\/wp-content\/uploads\/ce8486c4-b55f-4466-90aa-6b2f7d0ae2f6.jpg\" \/>\n\t<meta property=\"og:image:width\" content=\"2000\" \/>\n\t<meta property=\"og:image:height\" content=\"2000\" \/>\n\t<meta property=\"og:image:type\" content=\"image\/jpeg\" \/>\n<meta name=\"author\" content=\"adminpsib\" \/>\n<meta name=\"twitter:card\" content=\"summary_large_image\" \/>\n<meta name=\"twitter:label1\" content=\"Escrit per\" \/>\n\t<meta name=\"twitter:data1\" content=\"adminpsib\" \/>\n\t<meta name=\"twitter:label2\" content=\"Temps estimat de lectura\" \/>\n\t<meta name=\"twitter:data2\" content=\"2 minuts\" \/>\n<script type=\"application\/ld+json\" class=\"yoast-schema-graph\">{\"@context\":\"https:\/\/schema.org\",\"@graph\":[{\"@type\":[\"Article\",\"BlogPosting\"],\"@id\":\"https:\/\/www.psib-psoe.org\/eivissa\/el-psoe-acusa-el-pp-de-convertir-el-8m-en-un-exercici-de-marqueting-institucional-i-de-contraprogramar-la-concentracio-feminista-de-lilla\/#article\",\"isPartOf\":{\"@id\":\"https:\/\/www.psib-psoe.org\/eivissa\/el-psoe-acusa-el-pp-de-convertir-el-8m-en-un-exercici-de-marqueting-institucional-i-de-contraprogramar-la-concentracio-feminista-de-lilla\/\"},\"author\":{\"name\":\"adminpsib\",\"@id\":\"https:\/\/www.psib-psoe.org\/eivissa\/#\/schema\/person\/099ab3ef73a3645a1d7f303518e6ce24\"},\"headline\":\"El PSOE acusa el PP de convertir el 8M en un exercici de m\u00e0rqueting institucional i de contraprogramar la concentraci\u00f3 feminista de l\u2019illa\",\"datePublished\":\"2026-03-13T12:43:09+00:00\",\"mainEntityOfPage\":{\"@id\":\"https:\/\/www.psib-psoe.org\/eivissa\/el-psoe-acusa-el-pp-de-convertir-el-8m-en-un-exercici-de-marqueting-institucional-i-de-contraprogramar-la-concentracio-feminista-de-lilla\/\"},\"wordCount\":476,\"publisher\":{\"@id\":\"https:\/\/www.psib-psoe.org\/eivissa\/#organization\"},\"image\":{\"@id\":\"https:\/\/www.psib-psoe.org\/eivissa\/el-psoe-acusa-el-pp-de-convertir-el-8m-en-un-exercici-de-marqueting-institucional-i-de-contraprogramar-la-concentracio-feminista-de-lilla\/#primaryimage\"},\"thumbnailUrl\":\"https:\/\/www.psib-psoe.org\/eivissa\/wp-content\/uploads\/ce8486c4-b55f-4466-90aa-6b2f7d0ae2f6.jpg\",\"articleSection\":[\"Federaci\u00f3 d'Eivissa - Portada\"],\"inLanguage\":\"ca\"},{\"@type\":\"WebPage\",\"@id\":\"https:\/\/www.psib-psoe.org\/eivissa\/el-psoe-acusa-el-pp-de-convertir-el-8m-en-un-exercici-de-marqueting-institucional-i-de-contraprogramar-la-concentracio-feminista-de-lilla\/\",\"url\":\"https:\/\/www.psib-psoe.org\/eivissa\/el-psoe-acusa-el-pp-de-convertir-el-8m-en-un-exercici-de-marqueting-institucional-i-de-contraprogramar-la-concentracio-feminista-de-lilla\/\",\"name\":\"El PSOE acusa el PP de convertir el 8M en un exercici de m\u00e0rqueting institucional i de contraprogramar la concentraci\u00f3 feminista de l\u2019illa - Federaci\u00f3 Socialista d&#039;Eivissa\",\"isPartOf\":{\"@id\":\"https:\/\/www.psib-psoe.org\/eivissa\/#website\"},\"primaryImageOfPage\":{\"@id\":\"https:\/\/www.psib-psoe.org\/eivissa\/el-psoe-acusa-el-pp-de-convertir-el-8m-en-un-exercici-de-marqueting-institucional-i-de-contraprogramar-la-concentracio-feminista-de-lilla\/#primaryimage\"},\"image\":{\"@id\":\"https:\/\/www.psib-psoe.org\/eivissa\/el-psoe-acusa-el-pp-de-convertir-el-8m-en-un-exercici-de-marqueting-institucional-i-de-contraprogramar-la-concentracio-feminista-de-lilla\/#primaryimage\"},\"thumbnailUrl\":\"https:\/\/www.psib-psoe.org\/eivissa\/wp-content\/uploads\/ce8486c4-b55f-4466-90aa-6b2f7d0ae2f6.jpg\",\"datePublished\":\"2026-03-13T12:43:09+00:00\",\"breadcrumb\":{\"@id\":\"https:\/\/www.psib-psoe.org\/eivissa\/el-psoe-acusa-el-pp-de-convertir-el-8m-en-un-exercici-de-marqueting-institucional-i-de-contraprogramar-la-concentracio-feminista-de-lilla\/#breadcrumb\"},\"inLanguage\":\"ca\",\"potentialAction\":[{\"@type\":\"ReadAction\",\"target\":[\"https:\/\/www.psib-psoe.org\/eivissa\/el-psoe-acusa-el-pp-de-convertir-el-8m-en-un-exercici-de-marqueting-institucional-i-de-contraprogramar-la-concentracio-feminista-de-lilla\/\"]}]},{\"@type\":\"ImageObject\",\"inLanguage\":\"ca\",\"@id\":\"https:\/\/www.psib-psoe.org\/eivissa\/el-psoe-acusa-el-pp-de-convertir-el-8m-en-un-exercici-de-marqueting-institucional-i-de-contraprogramar-la-concentracio-feminista-de-lilla\/#primaryimage\",\"url\":\"https:\/\/www.psib-psoe.org\/eivissa\/wp-content\/uploads\/ce8486c4-b55f-4466-90aa-6b2f7d0ae2f6.jpg\",\"contentUrl\":\"https:\/\/www.psib-psoe.org\/eivissa\/wp-content\/uploads\/ce8486c4-b55f-4466-90aa-6b2f7d0ae2f6.jpg\",\"width\":2000,\"height\":2000},{\"@type\":\"BreadcrumbList\",\"@id\":\"https:\/\/www.psib-psoe.org\/eivissa\/el-psoe-acusa-el-pp-de-convertir-el-8m-en-un-exercici-de-marqueting-institucional-i-de-contraprogramar-la-concentracio-feminista-de-lilla\/#breadcrumb\",\"itemListElement\":[{\"@type\":\"ListItem\",\"position\":1,\"name\":\"Inici\",\"item\":\"https:\/\/www.psib-psoe.org\/eivissa\/\"},{\"@type\":\"ListItem\",\"position\":2,\"name\":\"El PSOE acusa el PP de convertir el 8M en un exercici de m\u00e0rqueting institucional i de contraprogramar la concentraci\u00f3 feminista de l\u2019illa\"}]},{\"@type\":\"WebSite\",\"@id\":\"https:\/\/www.psib-psoe.org\/eivissa\/#website\",\"url\":\"https:\/\/www.psib-psoe.org\/eivissa\/\",\"name\":\"Federaci\u00f3 Socialista d'Eivissa\",\"description\":\"Socialistes d&#039;Eivissa\",\"publisher\":{\"@id\":\"https:\/\/www.psib-psoe.org\/eivissa\/#organization\"},\"potentialAction\":[{\"@type\":\"SearchAction\",\"target\":{\"@type\":\"EntryPoint\",\"urlTemplate\":\"https:\/\/www.psib-psoe.org\/eivissa\/?s={search_term_string}\"},\"query-input\":{\"@type\":\"PropertyValueSpecification\",\"valueRequired\":true,\"valueName\":\"search_term_string\"}}],\"inLanguage\":\"ca\"},{\"@type\":\"Organization\",\"@id\":\"https:\/\/www.psib-psoe.org\/eivissa\/#organization\",\"name\":\"Federaci\u00f3 Socialista d'Eivissa\",\"url\":\"https:\/\/www.psib-psoe.org\/eivissa\/\",\"logo\":{\"@type\":\"ImageObject\",\"inLanguage\":\"ca\",\"@id\":\"https:\/\/www.psib-psoe.org\/eivissa\/#\/schema\/logo\/image\/\",\"url\":\"https:\/\/www.psib-psoe.org\/eivissa\/wp-content\/uploads\/LOGO-FSE-SOCIALISTA-DEIVISSA-HORI.png\",\"contentUrl\":\"https:\/\/www.psib-psoe.org\/eivissa\/wp-content\/uploads\/LOGO-FSE-SOCIALISTA-DEIVISSA-HORI.png\",\"width\":6000,\"height\":3104,\"caption\":\"Federaci\u00f3 Socialista d'Eivissa\"},\"image\":{\"@id\":\"https:\/\/www.psib-psoe.org\/eivissa\/#\/schema\/logo\/image\/\"}},{\"@type\":\"Person\",\"@id\":\"https:\/\/www.psib-psoe.org\/eivissa\/#\/schema\/person\/099ab3ef73a3645a1d7f303518e6ce24\",\"name\":\"adminpsib\",\"url\":\"https:\/\/www.psib-psoe.org\/eivissa\/author\/adminpsib\/\"}]}<\/script>\n<!-- \/ Yoast SEO plugin. -->","yoast_head_json":{"title":"El PSOE acusa el PP de convertir el 8M en un exercici de m\u00e0rqueting institucional i de contraprogramar la concentraci\u00f3 feminista de l\u2019illa - Federaci\u00f3 Socialista d&#039;Eivissa","robots":{"index":"index","follow":"follow","max-snippet":"max-snippet:-1","max-image-preview":"max-image-preview:large","max-video-preview":"max-video-preview:-1"},"canonical":"https:\/\/www.psib-psoe.org\/eivissa\/el-psoe-acusa-el-pp-de-convertir-el-8m-en-un-exercici-de-marqueting-institucional-i-de-contraprogramar-la-concentracio-feminista-de-lilla\/","og_locale":"ca_ES","og_type":"article","og_title":"El PSOE acusa el PP de convertir el 8M en un exercici de m\u00e0rqueting institucional i de contraprogramar la concentraci\u00f3 feminista de l\u2019illa - Federaci\u00f3 Socialista d&#039;Eivissa","og_description":"La Federaci\u00f3 Socialista d\u2019Eivissa (FSE-PSOE), a trav\u00e9s de la seva Secret\u00e0ria d\u2019Igualtat, Pilar Ribas, denuncia que el Consell Insular d\u2019Eivissa i l\u2019Ajuntament d\u2019Eivissa, governats pel Partit Popular, varen optar aquest 8 de mar\u00e7 per contraprogramar la concentraci\u00f3 convocada pel moviment feminista de l\u2019illa amb diferents actes institucionals a la mateixa franja hor\u00e0ria. Mentre les associacions&hellip;","og_url":"https:\/\/www.psib-psoe.org\/eivissa\/el-psoe-acusa-el-pp-de-convertir-el-8m-en-un-exercici-de-marqueting-institucional-i-de-contraprogramar-la-concentracio-feminista-de-lilla\/","og_site_name":"Federaci\u00f3 Socialista d&#039;Eivissa","article_published_time":"2026-03-13T12:43:09+00:00","og_image":[{"width":2000,"height":2000,"url":"https:\/\/www.psib-psoe.org\/eivissa\/wp-content\/uploads\/ce8486c4-b55f-4466-90aa-6b2f7d0ae2f6.jpg","type":"image\/jpeg"}],"author":"adminpsib","twitter_card":"summary_large_image","twitter_misc":{"Escrit per":"adminpsib","Temps estimat de lectura":"2 minuts"},"schema":{"@context":"https:\/\/schema.org","@graph":[{"@type":["Article","BlogPosting"],"@id":"https:\/\/www.psib-psoe.org\/eivissa\/el-psoe-acusa-el-pp-de-convertir-el-8m-en-un-exercici-de-marqueting-institucional-i-de-contraprogramar-la-concentracio-feminista-de-lilla\/#article","isPartOf":{"@id":"https:\/\/www.psib-psoe.org\/eivissa\/el-psoe-acusa-el-pp-de-convertir-el-8m-en-un-exercici-de-marqueting-institucional-i-de-contraprogramar-la-concentracio-feminista-de-lilla\/"},"author":{"name":"adminpsib","@id":"https:\/\/www.psib-psoe.org\/eivissa\/#\/schema\/person\/099ab3ef73a3645a1d7f303518e6ce24"},"headline":"El PSOE acusa el PP de convertir el 8M en un exercici de m\u00e0rqueting institucional i de contraprogramar la concentraci\u00f3 feminista de l\u2019illa","datePublished":"2026-03-13T12:43:09+00:00","mainEntityOfPage":{"@id":"https:\/\/www.psib-psoe.org\/eivissa\/el-psoe-acusa-el-pp-de-convertir-el-8m-en-un-exercici-de-marqueting-institucional-i-de-contraprogramar-la-concentracio-feminista-de-lilla\/"},"wordCount":476,"publisher":{"@id":"https:\/\/www.psib-psoe.org\/eivissa\/#organization"},"image":{"@id":"https:\/\/www.psib-psoe.org\/eivissa\/el-psoe-acusa-el-pp-de-convertir-el-8m-en-un-exercici-de-marqueting-institucional-i-de-contraprogramar-la-concentracio-feminista-de-lilla\/#primaryimage"},"thumbnailUrl":"https:\/\/www.psib-psoe.org\/eivissa\/wp-content\/uploads\/ce8486c4-b55f-4466-90aa-6b2f7d0ae2f6.jpg","articleSection":["Federaci\u00f3 d'Eivissa - Portada"],"inLanguage":"ca"},{"@type":"WebPage","@id":"https:\/\/www.psib-psoe.org\/eivissa\/el-psoe-acusa-el-pp-de-convertir-el-8m-en-un-exercici-de-marqueting-institucional-i-de-contraprogramar-la-concentracio-feminista-de-lilla\/","url":"https:\/\/www.psib-psoe.org\/eivissa\/el-psoe-acusa-el-pp-de-convertir-el-8m-en-un-exercici-de-marqueting-institucional-i-de-contraprogramar-la-concentracio-feminista-de-lilla\/","name":"El PSOE acusa el PP de convertir el 8M en un exercici de m\u00e0rqueting institucional i de contraprogramar la concentraci\u00f3 feminista de l\u2019illa - Federaci\u00f3 Socialista d&#039;Eivissa","isPartOf":{"@id":"https:\/\/www.psib-psoe.org\/eivissa\/#website"},"primaryImageOfPage":{"@id":"https:\/\/www.psib-psoe.org\/eivissa\/el-psoe-acusa-el-pp-de-convertir-el-8m-en-un-exercici-de-marqueting-institucional-i-de-contraprogramar-la-concentracio-feminista-de-lilla\/#primaryimage"},"image":{"@id":"https:\/\/www.psib-psoe.org\/eivissa\/el-psoe-acusa-el-pp-de-convertir-el-8m-en-un-exercici-de-marqueting-institucional-i-de-contraprogramar-la-concentracio-feminista-de-lilla\/#primaryimage"},"thumbnailUrl":"https:\/\/www.psib-psoe.org\/eivissa\/wp-content\/uploads\/ce8486c4-b55f-4466-90aa-6b2f7d0ae2f6.jpg","datePublished":"2026-03-13T12:43:09+00:00","breadcrumb":{"@id":"https:\/\/www.psib-psoe.org\/eivissa\/el-psoe-acusa-el-pp-de-convertir-el-8m-en-un-exercici-de-marqueting-institucional-i-de-contraprogramar-la-concentracio-feminista-de-lilla\/#breadcrumb"},"inLanguage":"ca","potentialAction":[{"@type":"ReadAction","target":["https:\/\/www.psib-psoe.org\/eivissa\/el-psoe-acusa-el-pp-de-convertir-el-8m-en-un-exercici-de-marqueting-institucional-i-de-contraprogramar-la-concentracio-feminista-de-lilla\/"]}]},{"@type":"ImageObject","inLanguage":"ca","@id":"https:\/\/www.psib-psoe.org\/eivissa\/el-psoe-acusa-el-pp-de-convertir-el-8m-en-un-exercici-de-marqueting-institucional-i-de-contraprogramar-la-concentracio-feminista-de-lilla\/#primaryimage","url":"https:\/\/www.psib-psoe.org\/eivissa\/wp-content\/uploads\/ce8486c4-b55f-4466-90aa-6b2f7d0ae2f6.jpg","contentUrl":"https:\/\/www.psib-psoe.org\/eivissa\/wp-content\/uploads\/ce8486c4-b55f-4466-90aa-6b2f7d0ae2f6.jpg","width":2000,"height":2000},{"@type":"BreadcrumbList","@id":"https:\/\/www.psib-psoe.org\/eivissa\/el-psoe-acusa-el-pp-de-convertir-el-8m-en-un-exercici-de-marqueting-institucional-i-de-contraprogramar-la-concentracio-feminista-de-lilla\/#breadcrumb","itemListElement":[{"@type":"ListItem","position":1,"name":"Inici","item":"https:\/\/www.psib-psoe.org\/eivissa\/"},{"@type":"ListItem","position":2,"name":"El PSOE acusa el PP de convertir el 8M en un exercici de m\u00e0rqueting institucional i de contraprogramar la concentraci\u00f3 feminista de l\u2019illa"}]},{"@type":"WebSite","@id":"https:\/\/www.psib-psoe.org\/eivissa\/#website","url":"https:\/\/www.psib-psoe.org\/eivissa\/","name":"Federaci\u00f3 Socialista d'Eivissa","description":"Socialistes d&#039;Eivissa","publisher":{"@id":"https:\/\/www.psib-psoe.org\/eivissa\/#organization"},"potentialAction":[{"@type":"SearchAction","target":{"@type":"EntryPoint","urlTemplate":"https:\/\/www.psib-psoe.org\/eivissa\/?s={search_term_string}"},"query-input":{"@type":"PropertyValueSpecification","valueRequired":true,"valueName":"search_term_string"}}],"inLanguage":"ca"},{"@type":"Organization","@id":"https:\/\/www.psib-psoe.org\/eivissa\/#organization","name":"Federaci\u00f3 Socialista d'Eivissa","url":"https:\/\/www.psib-psoe.org\/eivissa\/","logo":{"@type":"ImageObject","inLanguage":"ca","@id":"https:\/\/www.psib-psoe.org\/eivissa\/#\/schema\/logo\/image\/","url":"https:\/\/www.psib-psoe.org\/eivissa\/wp-content\/uploads\/LOGO-FSE-SOCIALISTA-DEIVISSA-HORI.png","contentUrl":"https:\/\/www.psib-psoe.org\/eivissa\/wp-content\/uploads\/LOGO-FSE-SOCIALISTA-DEIVISSA-HORI.png","width":6000,"height":3104,"caption":"Federaci\u00f3 Socialista d'Eivissa"},"image":{"@id":"https:\/\/www.psib-psoe.org\/eivissa\/#\/schema\/logo\/image\/"}},{"@type":"Person","@id":"https:\/\/www.psib-psoe.org\/eivissa\/#\/schema\/person\/099ab3ef73a3645a1d7f303518e6ce24","name":"adminpsib","url":"https:\/\/www.psib-psoe.org\/eivissa\/author\/adminpsib\/"}]}},"_links":{"self":[{"href":"https:\/\/www.psib-psoe.org\/eivissa\/wp-json\/wp\/v2\/posts\/41983","targetHints":{"allow":["GET"]}}],"collection":[{"href":"https:\/\/www.psib-psoe.org\/eivissa\/wp-json\/wp\/v2\/posts"}],"about":[{"href":"https:\/\/www.psib-psoe.org\/eivissa\/wp-json\/wp\/v2\/types\/post"}],"author":[{"embeddable":true,"href":"https:\/\/www.psib-psoe.org\/eivissa\/wp-json\/wp\/v2\/users\/1"}],"replies":[{"embeddable":true,"href":"https:\/\/www.psib-psoe.org\/eivissa\/wp-json\/wp\/v2\/comments?post=41983"}],"version-history":[{"count":1,"href":"https:\/\/www.psib-psoe.org\/eivissa\/wp-json\/wp\/v2\/posts\/41983\/revisions"}],"predecessor-version":[{"id":41984,"href":"https:\/\/www.psib-psoe.org\/eivissa\/wp-json\/wp\/v2\/posts\/41983\/revisions\/41984"}],"wp:featuredmedia":[{"embeddable":true,"href":"https:\/\/www.psib-psoe.org\/eivissa\/wp-json\/wp\/v2\/media\/41982"}],"wp:attachment":[{"href":"https:\/\/www.psib-psoe.org\/eivissa\/wp-json\/wp\/v2\/media?parent=41983"}],"wp:term":[{"taxonomy":"category","embeddable":true,"href":"https:\/\/www.psib-psoe.org\/eivissa\/wp-json\/wp\/v2\/categories?post=41983"},{"taxonomy":"post_tag","embeddable":true,"href":"https:\/\/www.psib-psoe.org\/eivissa\/wp-json\/wp\/v2\/tags?post=41983"}],"curies":[{"name":"wp","href":"https:\/\/api.w.org\/{rel}","templated":true}]}}