{"id":42178,"date":"2026-04-24T13:10:55","date_gmt":"2026-04-24T11:10:55","guid":{"rendered":"https:\/\/www.psib-psoe.org\/eivissa\/?p=42178"},"modified":"2026-04-24T13:10:55","modified_gmt":"2026-04-24T11:10:55","slug":"elena-lopez-bonet-es-el-pitjor-desastre-de-gestio-de-la-historia-del-consell-insular","status":"publish","type":"post","link":"https:\/\/www.psib-psoe.org\/eivissa\/elena-lopez-bonet-es-el-pitjor-desastre-de-gestio-de-la-historia-del-consell-insular\/","title":{"rendered":"Elena L\u00f3pez Bonet: \u201c\u00c9s el pitjor desastre de gesti\u00f3 de la hist\u00f2ria del Consell Insular\u201d"},"content":{"rendered":"\n<p>L\u2019oposici\u00f3 del Consell Insular d\u2019Eivissa ha exigit avui la reprovaci\u00f3 del conseller de Mobilitat, Mariano Juan, per la ca\u00f2tica posada en marxa del nou sistema de transport p\u00fablic. En el debat de la moci\u00f3 conjunta presentada pel PSOE i Esquerra Unida-Podem, la portaveu socialista, Elena L\u00f3pez Bonet ha descrit una situaci\u00f3 cr\u00edtica que afecta di\u00e0riament milers d&#8217;usuaris: &#8220;En comptes de millorar el sistema deficitari que ja ten\u00edem, l&#8217;han acabat d&#8217;enfonsar&#8221;, ha dit la portaveu, qui ha enumerat una llista interminable de defici\u00e8ncies: falta d\u2019informaci\u00f3, incompliment d\u2019horaris i freq\u00fc\u00e8ncies, sistemes de pagament ca\u00f2tics i la falta d&#8217;homologaci\u00f3 d\u2019elements b\u00e0sics com els portabicicletes.<\/p>\n\n\n\n<p>El que havia de ser una \u201cnova era\u201d ha acabat convertit en \u201cel pitjor desastre de gesti\u00f3 de la hist\u00f2ria del Consell Insular\u201d. Elena L\u00f3pez Bonet ha acusat el conseller Mariano Juan d\u2019assumir responsabilitats de forma &#8220;t\u00e8rbia&#8221; i de culpar exclusivament l&#8217;empresa adjudicat\u00e0ria, remarcant que el conseller ja hauria d\u2019haver dimitit fa dies.<\/p>\n\n\n\n<p>La portaveu del PSOE ha denunciat la &#8220;falta de previsi\u00f3 extrema&#8221; de l\u2019equip de govern de Vicent Mar\u00ed. &#8220;\u00c9s inaudit que els autobusos suposadament &#8216;eco&#8217; no tinguin encara un punt on recarregar-se i s&#8217;utilitzi un generador que consumeix molt m\u00e9s que el combustible convencional&#8221;, ha denunciat.&nbsp;<\/p>\n\n\n\n<p>A m\u00e9s, ha criticat que molts dels vehicles presentats com a nous siguin en realitat &#8220;rebutjats d&#8217;altres comunitats&#8221; o presentin dubtes sobre la seva ciberseguretat en ser de fabricaci\u00f3 xinesa.<\/p>\n\n\n\n<p>El PSOE ha lamentat especialment l&#8217;impacte d&#8217;aquest caos en els col\u00b7lectius m\u00e9s fr\u00e0gils. &#8220;Veim estudiants i menors tirats a les parades sense poder arribar a classe, treballadors que arriben tard i persones majors que no poden accedir directament a l\u2019Hospital de Can Misses&#8221;, ha explicat L\u00f3pez Bonet. Aix\u00ed mateix, ha denunciat la &#8220;imatge deplorable&#8221; d\u2019autobusos amb el n\u00famero de l\u00ednia escrit en un foli i aferrat amb cel\u00b7lo perqu\u00e8 els r\u00e8tols lluminosos no funcionen.<\/p>\n\n\n\n<p>&#8220;Fa set anys que vost\u00e8s gestionen i no han fet la feina. No \u00e9s un problema puntual, \u00e9s un problema estructural de falta de preocupaci\u00f3&#8221;, ha recordat la portaveu, recordant que l\u2019oposici\u00f3 ha presentat una dotzena de mocions en positiu en els darrers anys que han estat sistem\u00e0ticament rebutjades pel PP.<\/p>\n\n\n\n<p>&#8220;Vost\u00e8s corren per fer-se la foto amb els autobusos nous, per\u00f2 desapareixen quan hi ha problemes reals&#8221;, dirigint-se directament a Vicent Mar\u00ed.&nbsp; \u201cVost\u00e8s tenien una oportunitat hist\u00f2rica de posar-se, possiblement, la m\u00e9s gran de les medalles que es podien posar en aquesta instituci\u00f3, que era posar en marxa un servei de transport p\u00fablic digne, modern, com mereixen els ciutadans d&#8217;aquesta illa, i el que han fet ha estat tirar-se al sof\u00e0, rascar-se la panxa i esperar que una empresa els ho arregli tot. I aix\u00ed \u00e9s com estam ara.\u201d<\/p>\n\n\n\n<p><strong>El Consell, en risc de par\u00e0lisi per la nefasta gesti\u00f3 econ\u00f2mica<\/strong><\/p>\n\n\n\n<p>Elena L\u00f3pez Bonet ha advertit del risc de par\u00e0lisi del Consell per la nefasta gesti\u00f3 econ\u00f2mica de Vicent Mar\u00ed, despr\u00e9s del requeriment del Ministeri d\u2019Hisenda, que exigeix concreci\u00f3 en les mesures del Pla Econ\u00f2mic-Financer. Aquesta situaci\u00f3 arriba nom\u00e9s un mes despr\u00e9s que la instituci\u00f3 es vei\u00e9s obligada a aprovar dit pla per haver incomplit la regla de despesa durant l\u2019exercici anterior.<\/p>\n\n\n\n<p>\u201c\u00c9s trist que li h\u00e0gim dit tantes voltes que aix\u00f2 podia passar, que la seua gesti\u00f3 en mat\u00e8ria econ\u00f2mica estava essent un nyap\u201d, ha denunciat la portaveu.<\/p>\n\n\n\n<p>Segons la portaveu socialista, el risc que el Consell quedi paralitzat en el darrer tram de l\u2019any \u00e9s una possibilitat real a causa de l&#8217;esgotament del l\u00edmit de despesa perm\u00e8s: \u201cPot afectar perfectament a qu\u00e8 aquesta instituci\u00f3 estigui encara m\u00e9s paralitzada del que ara ja est\u00e0\u201d.<\/p>\n\n\n\n<p>Al conseller d\u2019Hisenda, Salvador Losa, li ha recriminat que \u201cha tornat a triar l\u2019opci\u00f3 de la xuleria, de la broma i de la prepot\u00e8ncia. No s\u00e9 qu\u00e8 li fa falta per baixar una miqueta les orelles\u201d.<\/p>\n\n\n\n<p>La portaveu ha instat el Consell a buscar solucions reals en lloc de &#8220;plorar&#8221; a altres institucions o mirar cap a fora per buscar culpables. En aquest sentit, ha suggerit alternatives de finan\u00e7ament internes, com reduir les partides destinades a la &#8220;repartidora de sous&#8221; de la FECOEV o ajustar l\u2019excessiva despesa en promoci\u00f3 tur\u00edstica, prop de 60 milions d\u2019euros d\u2019en\u00e7\u00e0 que governa Vicent Mar\u00ed, per a una illa que ja \u00e9s coneguda mundialment.<\/p>\n","protected":false},"excerpt":{"rendered":"<p>L\u2019oposici\u00f3 del Consell Insular d\u2019Eivissa ha exigit avui la reprovaci\u00f3 del conseller de Mobilitat, Mariano Juan, per la ca\u00f2tica posada en marxa del nou sistema de transport p\u00fablic. En el debat de la moci\u00f3 conjunta presentada pel PSOE i Esquerra Unida-Podem, la portaveu socialista, Elena L\u00f3pez Bonet ha descrit una situaci\u00f3 cr\u00edtica que afecta di\u00e0riament&hellip;<\/p>\n","protected":false},"author":1,"featured_media":42177,"comment_status":"closed","ping_status":"closed","sticky":false,"template":"","format":"standard","meta":{"footnotes":""},"categories":[192,1],"tags":[],"class_list":["post-42178","post","type-post","status-publish","format-standard","has-post-thumbnail","hentry","category-consell-deivissa","category-federacio-de-eivissa-portada"],"yoast_head":"<!-- This site is optimized with the Yoast SEO plugin v26.9 - https:\/\/yoast.com\/product\/yoast-seo-wordpress\/ -->\n<title>Elena L\u00f3pez Bonet: \u201c\u00c9s el pitjor desastre de gesti\u00f3 de la hist\u00f2ria del Consell Insular\u201d - Federaci\u00f3 Socialista d&#039;Eivissa<\/title>\n<meta name=\"robots\" content=\"index, follow, max-snippet:-1, max-image-preview:large, max-video-preview:-1\" \/>\n<link rel=\"canonical\" href=\"https:\/\/www.psib-psoe.org\/eivissa\/elena-lopez-bonet-es-el-pitjor-desastre-de-gestio-de-la-historia-del-consell-insular\/\" \/>\n<meta property=\"og:locale\" content=\"ca_ES\" \/>\n<meta property=\"og:type\" content=\"article\" \/>\n<meta property=\"og:title\" content=\"Elena L\u00f3pez Bonet: \u201c\u00c9s el pitjor desastre de gesti\u00f3 de la hist\u00f2ria del Consell Insular\u201d - Federaci\u00f3 Socialista d&#039;Eivissa\" \/>\n<meta property=\"og:description\" content=\"L\u2019oposici\u00f3 del Consell Insular d\u2019Eivissa ha exigit avui la reprovaci\u00f3 del conseller de Mobilitat, Mariano Juan, per la ca\u00f2tica posada en marxa del nou sistema de transport p\u00fablic. En el debat de la moci\u00f3 conjunta presentada pel PSOE i Esquerra Unida-Podem, la portaveu socialista, Elena L\u00f3pez Bonet ha descrit una situaci\u00f3 cr\u00edtica que afecta di\u00e0riament&hellip;\" \/>\n<meta property=\"og:url\" content=\"https:\/\/www.psib-psoe.org\/eivissa\/elena-lopez-bonet-es-el-pitjor-desastre-de-gestio-de-la-historia-del-consell-insular\/\" \/>\n<meta property=\"og:site_name\" content=\"Federaci\u00f3 Socialista d&#039;Eivissa\" \/>\n<meta property=\"article:published_time\" content=\"2026-04-24T11:10:55+00:00\" \/>\n<meta property=\"og:image\" content=\"https:\/\/www.psib-psoe.org\/eivissa\/wp-content\/uploads\/img_5262.jpg\" \/>\n\t<meta property=\"og:image:width\" content=\"1179\" \/>\n\t<meta property=\"og:image:height\" content=\"899\" \/>\n\t<meta property=\"og:image:type\" content=\"image\/jpeg\" \/>\n<meta name=\"author\" content=\"adminpsib\" \/>\n<meta name=\"twitter:card\" content=\"summary_large_image\" \/>\n<meta name=\"twitter:label1\" content=\"Escrit per\" \/>\n\t<meta name=\"twitter:data1\" content=\"adminpsib\" \/>\n\t<meta name=\"twitter:label2\" content=\"Temps estimat de lectura\" \/>\n\t<meta name=\"twitter:data2\" content=\"4 minuts\" \/>\n<script type=\"application\/ld+json\" class=\"yoast-schema-graph\">{\"@context\":\"https:\/\/schema.org\",\"@graph\":[{\"@type\":[\"Article\",\"BlogPosting\"],\"@id\":\"https:\/\/www.psib-psoe.org\/eivissa\/elena-lopez-bonet-es-el-pitjor-desastre-de-gestio-de-la-historia-del-consell-insular\/#article\",\"isPartOf\":{\"@id\":\"https:\/\/www.psib-psoe.org\/eivissa\/elena-lopez-bonet-es-el-pitjor-desastre-de-gestio-de-la-historia-del-consell-insular\/\"},\"author\":{\"name\":\"adminpsib\",\"@id\":\"https:\/\/www.psib-psoe.org\/eivissa\/#\/schema\/person\/099ab3ef73a3645a1d7f303518e6ce24\"},\"headline\":\"Elena L\u00f3pez Bonet: \u201c\u00c9s el pitjor desastre de gesti\u00f3 de la hist\u00f2ria del Consell Insular\u201d\",\"datePublished\":\"2026-04-24T11:10:55+00:00\",\"mainEntityOfPage\":{\"@id\":\"https:\/\/www.psib-psoe.org\/eivissa\/elena-lopez-bonet-es-el-pitjor-desastre-de-gestio-de-la-historia-del-consell-insular\/\"},\"wordCount\":785,\"publisher\":{\"@id\":\"https:\/\/www.psib-psoe.org\/eivissa\/#organization\"},\"image\":{\"@id\":\"https:\/\/www.psib-psoe.org\/eivissa\/elena-lopez-bonet-es-el-pitjor-desastre-de-gestio-de-la-historia-del-consell-insular\/#primaryimage\"},\"thumbnailUrl\":\"https:\/\/www.psib-psoe.org\/eivissa\/wp-content\/uploads\/img_5262.jpg\",\"articleSection\":[\"Consell d'Eivissa\",\"Federaci\u00f3 d'Eivissa - Portada\"],\"inLanguage\":\"ca\"},{\"@type\":\"WebPage\",\"@id\":\"https:\/\/www.psib-psoe.org\/eivissa\/elena-lopez-bonet-es-el-pitjor-desastre-de-gestio-de-la-historia-del-consell-insular\/\",\"url\":\"https:\/\/www.psib-psoe.org\/eivissa\/elena-lopez-bonet-es-el-pitjor-desastre-de-gestio-de-la-historia-del-consell-insular\/\",\"name\":\"Elena L\u00f3pez Bonet: \u201c\u00c9s el pitjor desastre de gesti\u00f3 de la hist\u00f2ria del Consell Insular\u201d - Federaci\u00f3 Socialista d&#039;Eivissa\",\"isPartOf\":{\"@id\":\"https:\/\/www.psib-psoe.org\/eivissa\/#website\"},\"primaryImageOfPage\":{\"@id\":\"https:\/\/www.psib-psoe.org\/eivissa\/elena-lopez-bonet-es-el-pitjor-desastre-de-gestio-de-la-historia-del-consell-insular\/#primaryimage\"},\"image\":{\"@id\":\"https:\/\/www.psib-psoe.org\/eivissa\/elena-lopez-bonet-es-el-pitjor-desastre-de-gestio-de-la-historia-del-consell-insular\/#primaryimage\"},\"thumbnailUrl\":\"https:\/\/www.psib-psoe.org\/eivissa\/wp-content\/uploads\/img_5262.jpg\",\"datePublished\":\"2026-04-24T11:10:55+00:00\",\"breadcrumb\":{\"@id\":\"https:\/\/www.psib-psoe.org\/eivissa\/elena-lopez-bonet-es-el-pitjor-desastre-de-gestio-de-la-historia-del-consell-insular\/#breadcrumb\"},\"inLanguage\":\"ca\",\"potentialAction\":[{\"@type\":\"ReadAction\",\"target\":[\"https:\/\/www.psib-psoe.org\/eivissa\/elena-lopez-bonet-es-el-pitjor-desastre-de-gestio-de-la-historia-del-consell-insular\/\"]}]},{\"@type\":\"ImageObject\",\"inLanguage\":\"ca\",\"@id\":\"https:\/\/www.psib-psoe.org\/eivissa\/elena-lopez-bonet-es-el-pitjor-desastre-de-gestio-de-la-historia-del-consell-insular\/#primaryimage\",\"url\":\"https:\/\/www.psib-psoe.org\/eivissa\/wp-content\/uploads\/img_5262.jpg\",\"contentUrl\":\"https:\/\/www.psib-psoe.org\/eivissa\/wp-content\/uploads\/img_5262.jpg\",\"width\":1179,\"height\":899},{\"@type\":\"BreadcrumbList\",\"@id\":\"https:\/\/www.psib-psoe.org\/eivissa\/elena-lopez-bonet-es-el-pitjor-desastre-de-gestio-de-la-historia-del-consell-insular\/#breadcrumb\",\"itemListElement\":[{\"@type\":\"ListItem\",\"position\":1,\"name\":\"Inici\",\"item\":\"https:\/\/www.psib-psoe.org\/eivissa\/\"},{\"@type\":\"ListItem\",\"position\":2,\"name\":\"Elena L\u00f3pez Bonet: \u201c\u00c9s el pitjor desastre de gesti\u00f3 de la hist\u00f2ria del Consell Insular\u201d\"}]},{\"@type\":\"WebSite\",\"@id\":\"https:\/\/www.psib-psoe.org\/eivissa\/#website\",\"url\":\"https:\/\/www.psib-psoe.org\/eivissa\/\",\"name\":\"Federaci\u00f3 Socialista d'Eivissa\",\"description\":\"Socialistes d&#039;Eivissa\",\"publisher\":{\"@id\":\"https:\/\/www.psib-psoe.org\/eivissa\/#organization\"},\"potentialAction\":[{\"@type\":\"SearchAction\",\"target\":{\"@type\":\"EntryPoint\",\"urlTemplate\":\"https:\/\/www.psib-psoe.org\/eivissa\/?s={search_term_string}\"},\"query-input\":{\"@type\":\"PropertyValueSpecification\",\"valueRequired\":true,\"valueName\":\"search_term_string\"}}],\"inLanguage\":\"ca\"},{\"@type\":\"Organization\",\"@id\":\"https:\/\/www.psib-psoe.org\/eivissa\/#organization\",\"name\":\"Federaci\u00f3 Socialista d'Eivissa\",\"url\":\"https:\/\/www.psib-psoe.org\/eivissa\/\",\"logo\":{\"@type\":\"ImageObject\",\"inLanguage\":\"ca\",\"@id\":\"https:\/\/www.psib-psoe.org\/eivissa\/#\/schema\/logo\/image\/\",\"url\":\"https:\/\/www.psib-psoe.org\/eivissa\/wp-content\/uploads\/LOGO-FSE-SOCIALISTA-DEIVISSA-HORI.png\",\"contentUrl\":\"https:\/\/www.psib-psoe.org\/eivissa\/wp-content\/uploads\/LOGO-FSE-SOCIALISTA-DEIVISSA-HORI.png\",\"width\":6000,\"height\":3104,\"caption\":\"Federaci\u00f3 Socialista d'Eivissa\"},\"image\":{\"@id\":\"https:\/\/www.psib-psoe.org\/eivissa\/#\/schema\/logo\/image\/\"}},{\"@type\":\"Person\",\"@id\":\"https:\/\/www.psib-psoe.org\/eivissa\/#\/schema\/person\/099ab3ef73a3645a1d7f303518e6ce24\",\"name\":\"adminpsib\",\"url\":\"https:\/\/www.psib-psoe.org\/eivissa\/author\/adminpsib\/\"}]}<\/script>\n<!-- \/ Yoast SEO plugin. -->","yoast_head_json":{"title":"Elena L\u00f3pez Bonet: \u201c\u00c9s el pitjor desastre de gesti\u00f3 de la hist\u00f2ria del Consell Insular\u201d - Federaci\u00f3 Socialista d&#039;Eivissa","robots":{"index":"index","follow":"follow","max-snippet":"max-snippet:-1","max-image-preview":"max-image-preview:large","max-video-preview":"max-video-preview:-1"},"canonical":"https:\/\/www.psib-psoe.org\/eivissa\/elena-lopez-bonet-es-el-pitjor-desastre-de-gestio-de-la-historia-del-consell-insular\/","og_locale":"ca_ES","og_type":"article","og_title":"Elena L\u00f3pez Bonet: \u201c\u00c9s el pitjor desastre de gesti\u00f3 de la hist\u00f2ria del Consell Insular\u201d - Federaci\u00f3 Socialista d&#039;Eivissa","og_description":"L\u2019oposici\u00f3 del Consell Insular d\u2019Eivissa ha exigit avui la reprovaci\u00f3 del conseller de Mobilitat, Mariano Juan, per la ca\u00f2tica posada en marxa del nou sistema de transport p\u00fablic. En el debat de la moci\u00f3 conjunta presentada pel PSOE i Esquerra Unida-Podem, la portaveu socialista, Elena L\u00f3pez Bonet ha descrit una situaci\u00f3 cr\u00edtica que afecta di\u00e0riament&hellip;","og_url":"https:\/\/www.psib-psoe.org\/eivissa\/elena-lopez-bonet-es-el-pitjor-desastre-de-gestio-de-la-historia-del-consell-insular\/","og_site_name":"Federaci\u00f3 Socialista d&#039;Eivissa","article_published_time":"2026-04-24T11:10:55+00:00","og_image":[{"width":1179,"height":899,"url":"https:\/\/www.psib-psoe.org\/eivissa\/wp-content\/uploads\/img_5262.jpg","type":"image\/jpeg"}],"author":"adminpsib","twitter_card":"summary_large_image","twitter_misc":{"Escrit per":"adminpsib","Temps estimat de lectura":"4 minuts"},"schema":{"@context":"https:\/\/schema.org","@graph":[{"@type":["Article","BlogPosting"],"@id":"https:\/\/www.psib-psoe.org\/eivissa\/elena-lopez-bonet-es-el-pitjor-desastre-de-gestio-de-la-historia-del-consell-insular\/#article","isPartOf":{"@id":"https:\/\/www.psib-psoe.org\/eivissa\/elena-lopez-bonet-es-el-pitjor-desastre-de-gestio-de-la-historia-del-consell-insular\/"},"author":{"name":"adminpsib","@id":"https:\/\/www.psib-psoe.org\/eivissa\/#\/schema\/person\/099ab3ef73a3645a1d7f303518e6ce24"},"headline":"Elena L\u00f3pez Bonet: \u201c\u00c9s el pitjor desastre de gesti\u00f3 de la hist\u00f2ria del Consell Insular\u201d","datePublished":"2026-04-24T11:10:55+00:00","mainEntityOfPage":{"@id":"https:\/\/www.psib-psoe.org\/eivissa\/elena-lopez-bonet-es-el-pitjor-desastre-de-gestio-de-la-historia-del-consell-insular\/"},"wordCount":785,"publisher":{"@id":"https:\/\/www.psib-psoe.org\/eivissa\/#organization"},"image":{"@id":"https:\/\/www.psib-psoe.org\/eivissa\/elena-lopez-bonet-es-el-pitjor-desastre-de-gestio-de-la-historia-del-consell-insular\/#primaryimage"},"thumbnailUrl":"https:\/\/www.psib-psoe.org\/eivissa\/wp-content\/uploads\/img_5262.jpg","articleSection":["Consell d'Eivissa","Federaci\u00f3 d'Eivissa - Portada"],"inLanguage":"ca"},{"@type":"WebPage","@id":"https:\/\/www.psib-psoe.org\/eivissa\/elena-lopez-bonet-es-el-pitjor-desastre-de-gestio-de-la-historia-del-consell-insular\/","url":"https:\/\/www.psib-psoe.org\/eivissa\/elena-lopez-bonet-es-el-pitjor-desastre-de-gestio-de-la-historia-del-consell-insular\/","name":"Elena L\u00f3pez Bonet: \u201c\u00c9s el pitjor desastre de gesti\u00f3 de la hist\u00f2ria del Consell Insular\u201d - Federaci\u00f3 Socialista d&#039;Eivissa","isPartOf":{"@id":"https:\/\/www.psib-psoe.org\/eivissa\/#website"},"primaryImageOfPage":{"@id":"https:\/\/www.psib-psoe.org\/eivissa\/elena-lopez-bonet-es-el-pitjor-desastre-de-gestio-de-la-historia-del-consell-insular\/#primaryimage"},"image":{"@id":"https:\/\/www.psib-psoe.org\/eivissa\/elena-lopez-bonet-es-el-pitjor-desastre-de-gestio-de-la-historia-del-consell-insular\/#primaryimage"},"thumbnailUrl":"https:\/\/www.psib-psoe.org\/eivissa\/wp-content\/uploads\/img_5262.jpg","datePublished":"2026-04-24T11:10:55+00:00","breadcrumb":{"@id":"https:\/\/www.psib-psoe.org\/eivissa\/elena-lopez-bonet-es-el-pitjor-desastre-de-gestio-de-la-historia-del-consell-insular\/#breadcrumb"},"inLanguage":"ca","potentialAction":[{"@type":"ReadAction","target":["https:\/\/www.psib-psoe.org\/eivissa\/elena-lopez-bonet-es-el-pitjor-desastre-de-gestio-de-la-historia-del-consell-insular\/"]}]},{"@type":"ImageObject","inLanguage":"ca","@id":"https:\/\/www.psib-psoe.org\/eivissa\/elena-lopez-bonet-es-el-pitjor-desastre-de-gestio-de-la-historia-del-consell-insular\/#primaryimage","url":"https:\/\/www.psib-psoe.org\/eivissa\/wp-content\/uploads\/img_5262.jpg","contentUrl":"https:\/\/www.psib-psoe.org\/eivissa\/wp-content\/uploads\/img_5262.jpg","width":1179,"height":899},{"@type":"BreadcrumbList","@id":"https:\/\/www.psib-psoe.org\/eivissa\/elena-lopez-bonet-es-el-pitjor-desastre-de-gestio-de-la-historia-del-consell-insular\/#breadcrumb","itemListElement":[{"@type":"ListItem","position":1,"name":"Inici","item":"https:\/\/www.psib-psoe.org\/eivissa\/"},{"@type":"ListItem","position":2,"name":"Elena L\u00f3pez Bonet: \u201c\u00c9s el pitjor desastre de gesti\u00f3 de la hist\u00f2ria del Consell Insular\u201d"}]},{"@type":"WebSite","@id":"https:\/\/www.psib-psoe.org\/eivissa\/#website","url":"https:\/\/www.psib-psoe.org\/eivissa\/","name":"Federaci\u00f3 Socialista d'Eivissa","description":"Socialistes d&#039;Eivissa","publisher":{"@id":"https:\/\/www.psib-psoe.org\/eivissa\/#organization"},"potentialAction":[{"@type":"SearchAction","target":{"@type":"EntryPoint","urlTemplate":"https:\/\/www.psib-psoe.org\/eivissa\/?s={search_term_string}"},"query-input":{"@type":"PropertyValueSpecification","valueRequired":true,"valueName":"search_term_string"}}],"inLanguage":"ca"},{"@type":"Organization","@id":"https:\/\/www.psib-psoe.org\/eivissa\/#organization","name":"Federaci\u00f3 Socialista d'Eivissa","url":"https:\/\/www.psib-psoe.org\/eivissa\/","logo":{"@type":"ImageObject","inLanguage":"ca","@id":"https:\/\/www.psib-psoe.org\/eivissa\/#\/schema\/logo\/image\/","url":"https:\/\/www.psib-psoe.org\/eivissa\/wp-content\/uploads\/LOGO-FSE-SOCIALISTA-DEIVISSA-HORI.png","contentUrl":"https:\/\/www.psib-psoe.org\/eivissa\/wp-content\/uploads\/LOGO-FSE-SOCIALISTA-DEIVISSA-HORI.png","width":6000,"height":3104,"caption":"Federaci\u00f3 Socialista d'Eivissa"},"image":{"@id":"https:\/\/www.psib-psoe.org\/eivissa\/#\/schema\/logo\/image\/"}},{"@type":"Person","@id":"https:\/\/www.psib-psoe.org\/eivissa\/#\/schema\/person\/099ab3ef73a3645a1d7f303518e6ce24","name":"adminpsib","url":"https:\/\/www.psib-psoe.org\/eivissa\/author\/adminpsib\/"}]}},"_links":{"self":[{"href":"https:\/\/www.psib-psoe.org\/eivissa\/wp-json\/wp\/v2\/posts\/42178","targetHints":{"allow":["GET"]}}],"collection":[{"href":"https:\/\/www.psib-psoe.org\/eivissa\/wp-json\/wp\/v2\/posts"}],"about":[{"href":"https:\/\/www.psib-psoe.org\/eivissa\/wp-json\/wp\/v2\/types\/post"}],"author":[{"embeddable":true,"href":"https:\/\/www.psib-psoe.org\/eivissa\/wp-json\/wp\/v2\/users\/1"}],"replies":[{"embeddable":true,"href":"https:\/\/www.psib-psoe.org\/eivissa\/wp-json\/wp\/v2\/comments?post=42178"}],"version-history":[{"count":1,"href":"https:\/\/www.psib-psoe.org\/eivissa\/wp-json\/wp\/v2\/posts\/42178\/revisions"}],"predecessor-version":[{"id":42179,"href":"https:\/\/www.psib-psoe.org\/eivissa\/wp-json\/wp\/v2\/posts\/42178\/revisions\/42179"}],"wp:featuredmedia":[{"embeddable":true,"href":"https:\/\/www.psib-psoe.org\/eivissa\/wp-json\/wp\/v2\/media\/42177"}],"wp:attachment":[{"href":"https:\/\/www.psib-psoe.org\/eivissa\/wp-json\/wp\/v2\/media?parent=42178"}],"wp:term":[{"taxonomy":"category","embeddable":true,"href":"https:\/\/www.psib-psoe.org\/eivissa\/wp-json\/wp\/v2\/categories?post=42178"},{"taxonomy":"post_tag","embeddable":true,"href":"https:\/\/www.psib-psoe.org\/eivissa\/wp-json\/wp\/v2\/tags?post=42178"}],"curies":[{"name":"wp","href":"https:\/\/api.w.org\/{rel}","templated":true}]}}