{"id":42185,"date":"2026-04-25T13:34:16","date_gmt":"2026-04-25T11:34:16","guid":{"rendered":"https:\/\/www.psib-psoe.org\/eivissa\/?p=42185"},"modified":"2026-04-25T13:34:16","modified_gmt":"2026-04-25T11:34:16","slug":"mes-de-120-persones-participen-en-la-iii-jornada-parlant-i-caminant-per-la-salut-as-puig-den-valls-organitzada-pel-psoe","status":"publish","type":"post","link":"https:\/\/www.psib-psoe.org\/eivissa\/mes-de-120-persones-participen-en-la-iii-jornada-parlant-i-caminant-per-la-salut-as-puig-den-valls-organitzada-pel-psoe\/","title":{"rendered":"M\u00e9s de 120 persones participen en la III Jornada \u00abParlant i caminant per la salut\u00bb as Puig d\u2019en Valls organitzada pel PSOE"},"content":{"rendered":"\n<p>La Federaci\u00f3 Socialista d\u2019Eivissa (FSE-PSOE) ha celebrat amb un gran \u00e8xit de participaci\u00f3 la tercera edici\u00f3 de la jornada \u00abParlant i caminant per la salut\u00bb. M\u00e9s de 120 persones s\u2019han aplegat aquest dissabte al Centre Cultural des Puig d\u2019en Valls per formar part d\u2019una iniciativa que combina la divulgaci\u00f3 professional amb l\u2019activitat f\u00edsica, amb el lema d\u2019enguany: \u00abActiva\u2019t, Alimenta\u2019t, Cuida\u2019t\u00bb.<\/p>\n\n\n\n<p>L\u2019acte ha set presentat per Estela Terrer, secret\u00e0ria de Salut de la FSE-PSOE i infermera, qui ha destacat la import\u00e0ncia de promoure h\u00e0bits de vida saludables des de la proximitat. Durant la seua intervenci\u00f3, Terrer ha subratllat que l\u2019objectiu de la jornada, impulsada per la secretaria de salut del PSOE conjuntament amb l\u2019agrupaci\u00f3 Socialista de Santa Eul\u00e0ria des Riu, \u00e9s \u00abpromoure h\u00e0bits saludables que siguin \u00fatils, pr\u00e0ctics i a l\u2019abast de tots i totes\u00bb.<\/p>\n\n\n\n<p>\u00abVolem oferir-vos eines reals per millorar la vostra salut en el dia a dia, perqu\u00e8 cuidar-se no \u00e9s complicat, \u00e9s q\u00fcesti\u00f3 de comen\u00e7ar\u00bb, ha afirmat Estela Terrer davant els assistents.<\/p>\n\n\n\n<p>Aprofitant que l\u2019acte se celebrava as Puig d\u2019en Valls, la secret\u00e0ria de Salut ha volgut fer un altaveu a una de les demandes hist\u00f2riques i urgents de la zona: la construcci\u00f3 de la nova Unitat B\u00e0sica de Salut. Terrer ha set contundent en reclamar aquesta infraestructura, recordant que \u00abhauria d\u2019haver-se fet l\u2019any passat\u00bb.<\/p>\n\n\n\n<p>\u00abHi ha 1.600 usuaris i usu\u00e0ries que s\u2019han de despla\u00e7ar al Centre de Salut de Vila, molts d\u2019ells persones majors amb grans dificultats de mobilitat\u00bb, ha denunciat la representant socialista, vinculant directament la millora de la salut amb la facilitat d\u2019acc\u00e9s als serveis p\u00fablics.<\/p>\n\n\n\n<p>La jornada ha comptat amb una taula rodona moderada per la mateixa Terrer, en la qual han participat Irati Matas (nutrici\u00f3), Aritz Rodr\u00edguez (ci\u00e8ncies de l\u2019activitat f\u00edsica) i Aurora Tur (psicologia i esport), oferint una visi\u00f3 del benestar emocional i f\u00edsic.<\/p>\n\n\n\n<p>L&#8217;esdeveniment ha finalitzat amb una sessi\u00f3 de ball terap\u00e8utic dirigida per l&#8217;educadora f\u00edsica Mar\u00eda Jos\u00e9 Torres, que ha fet moure a tots els participants, demostrant que l\u2019exercici r\u00edtmic \u00e9s una eina clau per a la prevenci\u00f3 i la millora de la qualitat de vida.<\/p>\n\n\n\n<p>Amb aquesta activitat, el PSOE d\u2019Eivissa manifesta el seu comprom\u00eds amb la salut p\u00fablica i amb la creaci\u00f3 d&#8217;espais de trobada que fomentin una societat m\u00e9s activa, informada i amb millors serveis sanitaris de proximitat.<\/p>\n\n\n\n<figure class=\"wp-block-image size-large\"><img loading=\"lazy\" decoding=\"async\" width=\"1024\" height=\"768\" src=\"https:\/\/www.psib-psoe.org\/eivissa\/wp-content\/uploads\/fac9f4cc-dbd6-4c1a-8d3c-24f1a0a63a8b-1024x768.jpg\" class=\"wp-image-42181\" srcset=\"https:\/\/www.psib-psoe.org\/eivissa\/wp-content\/uploads\/fac9f4cc-dbd6-4c1a-8d3c-24f1a0a63a8b-1024x768.jpg 1024w, https:\/\/www.psib-psoe.org\/eivissa\/wp-content\/uploads\/fac9f4cc-dbd6-4c1a-8d3c-24f1a0a63a8b-300x225.jpg 300w, https:\/\/www.psib-psoe.org\/eivissa\/wp-content\/uploads\/fac9f4cc-dbd6-4c1a-8d3c-24f1a0a63a8b-768x576.jpg 768w, https:\/\/www.psib-psoe.org\/eivissa\/wp-content\/uploads\/fac9f4cc-dbd6-4c1a-8d3c-24f1a0a63a8b-1536x1152.jpg 1536w, https:\/\/www.psib-psoe.org\/eivissa\/wp-content\/uploads\/fac9f4cc-dbd6-4c1a-8d3c-24f1a0a63a8b-150x113.jpg 150w, https:\/\/www.psib-psoe.org\/eivissa\/wp-content\/uploads\/fac9f4cc-dbd6-4c1a-8d3c-24f1a0a63a8b-600x450.jpg 600w, https:\/\/www.psib-psoe.org\/eivissa\/wp-content\/uploads\/fac9f4cc-dbd6-4c1a-8d3c-24f1a0a63a8b-900x675.jpg 900w, https:\/\/www.psib-psoe.org\/eivissa\/wp-content\/uploads\/fac9f4cc-dbd6-4c1a-8d3c-24f1a0a63a8b-20x16.jpg 20w, https:\/\/www.psib-psoe.org\/eivissa\/wp-content\/uploads\/fac9f4cc-dbd6-4c1a-8d3c-24f1a0a63a8b.jpg 1600w\" sizes=\"auto, (max-width: 1024px) 100vw, 1024px\" \/><\/figure>\n\n\n\n<figure class=\"wp-block-image size-large\"><img loading=\"lazy\" decoding=\"async\" width=\"1024\" height=\"768\" src=\"https:\/\/www.psib-psoe.org\/eivissa\/wp-content\/uploads\/3d11bc6f-3d6e-44e1-a0a1-a5b84942a668-1024x768.jpg\" class=\"wp-image-42182\" srcset=\"https:\/\/www.psib-psoe.org\/eivissa\/wp-content\/uploads\/3d11bc6f-3d6e-44e1-a0a1-a5b84942a668-1024x768.jpg 1024w, https:\/\/www.psib-psoe.org\/eivissa\/wp-content\/uploads\/3d11bc6f-3d6e-44e1-a0a1-a5b84942a668-300x225.jpg 300w, https:\/\/www.psib-psoe.org\/eivissa\/wp-content\/uploads\/3d11bc6f-3d6e-44e1-a0a1-a5b84942a668-768x576.jpg 768w, https:\/\/www.psib-psoe.org\/eivissa\/wp-content\/uploads\/3d11bc6f-3d6e-44e1-a0a1-a5b84942a668-1536x1152.jpg 1536w, https:\/\/www.psib-psoe.org\/eivissa\/wp-content\/uploads\/3d11bc6f-3d6e-44e1-a0a1-a5b84942a668-150x113.jpg 150w, https:\/\/www.psib-psoe.org\/eivissa\/wp-content\/uploads\/3d11bc6f-3d6e-44e1-a0a1-a5b84942a668-600x450.jpg 600w, https:\/\/www.psib-psoe.org\/eivissa\/wp-content\/uploads\/3d11bc6f-3d6e-44e1-a0a1-a5b84942a668-900x675.jpg 900w, https:\/\/www.psib-psoe.org\/eivissa\/wp-content\/uploads\/3d11bc6f-3d6e-44e1-a0a1-a5b84942a668-20x16.jpg 20w, https:\/\/www.psib-psoe.org\/eivissa\/wp-content\/uploads\/3d11bc6f-3d6e-44e1-a0a1-a5b84942a668.jpg 1600w\" sizes=\"auto, (max-width: 1024px) 100vw, 1024px\" \/><\/figure>\n\n\n\n<figure class=\"wp-block-image size-large\"><img loading=\"lazy\" decoding=\"async\" width=\"1024\" height=\"768\" src=\"https:\/\/www.psib-psoe.org\/eivissa\/wp-content\/uploads\/cfb88e94-ec11-49ea-a0c7-4a0cd9458cbb-1024x768.jpg\" class=\"wp-image-42183\" srcset=\"https:\/\/www.psib-psoe.org\/eivissa\/wp-content\/uploads\/cfb88e94-ec11-49ea-a0c7-4a0cd9458cbb-1024x768.jpg 1024w, https:\/\/www.psib-psoe.org\/eivissa\/wp-content\/uploads\/cfb88e94-ec11-49ea-a0c7-4a0cd9458cbb-300x225.jpg 300w, https:\/\/www.psib-psoe.org\/eivissa\/wp-content\/uploads\/cfb88e94-ec11-49ea-a0c7-4a0cd9458cbb-768x576.jpg 768w, https:\/\/www.psib-psoe.org\/eivissa\/wp-content\/uploads\/cfb88e94-ec11-49ea-a0c7-4a0cd9458cbb-1536x1152.jpg 1536w, https:\/\/www.psib-psoe.org\/eivissa\/wp-content\/uploads\/cfb88e94-ec11-49ea-a0c7-4a0cd9458cbb-150x113.jpg 150w, https:\/\/www.psib-psoe.org\/eivissa\/wp-content\/uploads\/cfb88e94-ec11-49ea-a0c7-4a0cd9458cbb-600x450.jpg 600w, https:\/\/www.psib-psoe.org\/eivissa\/wp-content\/uploads\/cfb88e94-ec11-49ea-a0c7-4a0cd9458cbb-900x675.jpg 900w, https:\/\/www.psib-psoe.org\/eivissa\/wp-content\/uploads\/cfb88e94-ec11-49ea-a0c7-4a0cd9458cbb-20x16.jpg 20w, https:\/\/www.psib-psoe.org\/eivissa\/wp-content\/uploads\/cfb88e94-ec11-49ea-a0c7-4a0cd9458cbb.jpg 1600w\" sizes=\"auto, (max-width: 1024px) 100vw, 1024px\" \/><\/figure>\n\n\n\n<figure class=\"wp-block-image size-large\"><img loading=\"lazy\" decoding=\"async\" width=\"768\" height=\"1024\" src=\"https:\/\/www.psib-psoe.org\/eivissa\/wp-content\/uploads\/3eae84c0-a664-4a48-af7e-94cfe7f70e69-768x1024.jpg\" class=\"wp-image-42184\" srcset=\"https:\/\/www.psib-psoe.org\/eivissa\/wp-content\/uploads\/3eae84c0-a664-4a48-af7e-94cfe7f70e69-768x1024.jpg 768w, https:\/\/www.psib-psoe.org\/eivissa\/wp-content\/uploads\/3eae84c0-a664-4a48-af7e-94cfe7f70e69-225x300.jpg 225w, https:\/\/www.psib-psoe.org\/eivissa\/wp-content\/uploads\/3eae84c0-a664-4a48-af7e-94cfe7f70e69-1152x1536.jpg 1152w, https:\/\/www.psib-psoe.org\/eivissa\/wp-content\/uploads\/3eae84c0-a664-4a48-af7e-94cfe7f70e69-300x400.jpg 300w, https:\/\/www.psib-psoe.org\/eivissa\/wp-content\/uploads\/3eae84c0-a664-4a48-af7e-94cfe7f70e69-150x200.jpg 150w, https:\/\/www.psib-psoe.org\/eivissa\/wp-content\/uploads\/3eae84c0-a664-4a48-af7e-94cfe7f70e69-600x800.jpg 600w, https:\/\/www.psib-psoe.org\/eivissa\/wp-content\/uploads\/3eae84c0-a664-4a48-af7e-94cfe7f70e69-900x1200.jpg 900w, https:\/\/www.psib-psoe.org\/eivissa\/wp-content\/uploads\/3eae84c0-a664-4a48-af7e-94cfe7f70e69-20x27.jpg 20w, https:\/\/www.psib-psoe.org\/eivissa\/wp-content\/uploads\/3eae84c0-a664-4a48-af7e-94cfe7f70e69.jpg 1500w\" sizes=\"auto, (max-width: 768px) 100vw, 768px\" \/><\/figure>\n","protected":false},"excerpt":{"rendered":"<p>La Federaci\u00f3 Socialista d\u2019Eivissa (FSE-PSOE) ha celebrat amb un gran \u00e8xit de participaci\u00f3 la tercera edici\u00f3 de la jornada \u00abParlant i caminant per la salut\u00bb. M\u00e9s de 120 persones s\u2019han aplegat aquest dissabte al Centre Cultural des Puig d\u2019en Valls per formar part d\u2019una iniciativa que combina la divulgaci\u00f3 professional amb l\u2019activitat f\u00edsica, amb el&hellip;<\/p>\n","protected":false},"author":1,"featured_media":42180,"comment_status":"closed","ping_status":"closed","sticky":false,"template":"","format":"standard","meta":{"footnotes":""},"categories":[1,212,234,186],"tags":[],"class_list":["post-42185","post","type-post","status-publish","format-standard","has-post-thumbnail","hentry","category-federacio-de-eivissa-portada","category-fse-psoe","category-municipis","category-santa-eularia-des-riu"],"yoast_head":"<!-- This site is optimized with the Yoast SEO plugin v26.9 - https:\/\/yoast.com\/product\/yoast-seo-wordpress\/ -->\n<title>M\u00e9s de 120 persones participen en la III Jornada \u00abParlant i caminant per la salut\u00bb as Puig d\u2019en Valls organitzada pel PSOE - Federaci\u00f3 Socialista d&#039;Eivissa<\/title>\n<meta name=\"robots\" content=\"index, follow, max-snippet:-1, max-image-preview:large, max-video-preview:-1\" \/>\n<link rel=\"canonical\" href=\"https:\/\/www.psib-psoe.org\/eivissa\/mes-de-120-persones-participen-en-la-iii-jornada-parlant-i-caminant-per-la-salut-as-puig-den-valls-organitzada-pel-psoe\/\" \/>\n<meta property=\"og:locale\" content=\"ca_ES\" \/>\n<meta property=\"og:type\" content=\"article\" \/>\n<meta property=\"og:title\" content=\"M\u00e9s de 120 persones participen en la III Jornada \u00abParlant i caminant per la salut\u00bb as Puig d\u2019en Valls organitzada pel PSOE - Federaci\u00f3 Socialista d&#039;Eivissa\" \/>\n<meta property=\"og:description\" content=\"La Federaci\u00f3 Socialista d\u2019Eivissa (FSE-PSOE) ha celebrat amb un gran \u00e8xit de participaci\u00f3 la tercera edici\u00f3 de la jornada \u00abParlant i caminant per la salut\u00bb. M\u00e9s de 120 persones s\u2019han aplegat aquest dissabte al Centre Cultural des Puig d\u2019en Valls per formar part d\u2019una iniciativa que combina la divulgaci\u00f3 professional amb l\u2019activitat f\u00edsica, amb el&hellip;\" \/>\n<meta property=\"og:url\" content=\"https:\/\/www.psib-psoe.org\/eivissa\/mes-de-120-persones-participen-en-la-iii-jornada-parlant-i-caminant-per-la-salut-as-puig-den-valls-organitzada-pel-psoe\/\" \/>\n<meta property=\"og:site_name\" content=\"Federaci\u00f3 Socialista d&#039;Eivissa\" \/>\n<meta property=\"article:published_time\" content=\"2026-04-25T11:34:16+00:00\" \/>\n<meta property=\"og:image\" content=\"https:\/\/www.psib-psoe.org\/eivissa\/wp-content\/uploads\/12d3afb8-43ba-4b48-8c47-94c6ac1ade5f.jpg\" \/>\n\t<meta property=\"og:image:width\" content=\"1600\" \/>\n\t<meta property=\"og:image:height\" content=\"1200\" \/>\n\t<meta property=\"og:image:type\" content=\"image\/jpeg\" \/>\n<meta name=\"author\" content=\"adminpsib\" \/>\n<meta name=\"twitter:card\" content=\"summary_large_image\" \/>\n<meta name=\"twitter:label1\" content=\"Escrit per\" \/>\n\t<meta name=\"twitter:data1\" content=\"adminpsib\" \/>\n\t<meta name=\"twitter:label2\" content=\"Temps estimat de lectura\" \/>\n\t<meta name=\"twitter:data2\" content=\"2 minuts\" \/>\n<script type=\"application\/ld+json\" class=\"yoast-schema-graph\">{\"@context\":\"https:\/\/schema.org\",\"@graph\":[{\"@type\":[\"Article\",\"BlogPosting\"],\"@id\":\"https:\/\/www.psib-psoe.org\/eivissa\/mes-de-120-persones-participen-en-la-iii-jornada-parlant-i-caminant-per-la-salut-as-puig-den-valls-organitzada-pel-psoe\/#article\",\"isPartOf\":{\"@id\":\"https:\/\/www.psib-psoe.org\/eivissa\/mes-de-120-persones-participen-en-la-iii-jornada-parlant-i-caminant-per-la-salut-as-puig-den-valls-organitzada-pel-psoe\/\"},\"author\":{\"name\":\"adminpsib\",\"@id\":\"https:\/\/www.psib-psoe.org\/eivissa\/#\/schema\/person\/099ab3ef73a3645a1d7f303518e6ce24\"},\"headline\":\"M\u00e9s de 120 persones participen en la III Jornada \u00abParlant i caminant per la salut\u00bb as Puig d\u2019en Valls organitzada pel PSOE\",\"datePublished\":\"2026-04-25T11:34:16+00:00\",\"mainEntityOfPage\":{\"@id\":\"https:\/\/www.psib-psoe.org\/eivissa\/mes-de-120-persones-participen-en-la-iii-jornada-parlant-i-caminant-per-la-salut-as-puig-den-valls-organitzada-pel-psoe\/\"},\"wordCount\":453,\"publisher\":{\"@id\":\"https:\/\/www.psib-psoe.org\/eivissa\/#organization\"},\"image\":{\"@id\":\"https:\/\/www.psib-psoe.org\/eivissa\/mes-de-120-persones-participen-en-la-iii-jornada-parlant-i-caminant-per-la-salut-as-puig-den-valls-organitzada-pel-psoe\/#primaryimage\"},\"thumbnailUrl\":\"https:\/\/www.psib-psoe.org\/eivissa\/wp-content\/uploads\/12d3afb8-43ba-4b48-8c47-94c6ac1ade5f.jpg\",\"articleSection\":[\"Federaci\u00f3 d'Eivissa - Portada\",\"FSE-PSOE\",\"Municipis\",\"Santa Eul\u00e0ria des Riu\"],\"inLanguage\":\"ca\"},{\"@type\":\"WebPage\",\"@id\":\"https:\/\/www.psib-psoe.org\/eivissa\/mes-de-120-persones-participen-en-la-iii-jornada-parlant-i-caminant-per-la-salut-as-puig-den-valls-organitzada-pel-psoe\/\",\"url\":\"https:\/\/www.psib-psoe.org\/eivissa\/mes-de-120-persones-participen-en-la-iii-jornada-parlant-i-caminant-per-la-salut-as-puig-den-valls-organitzada-pel-psoe\/\",\"name\":\"M\u00e9s de 120 persones participen en la III Jornada \u00abParlant i caminant per la salut\u00bb as Puig d\u2019en Valls organitzada pel PSOE - Federaci\u00f3 Socialista d&#039;Eivissa\",\"isPartOf\":{\"@id\":\"https:\/\/www.psib-psoe.org\/eivissa\/#website\"},\"primaryImageOfPage\":{\"@id\":\"https:\/\/www.psib-psoe.org\/eivissa\/mes-de-120-persones-participen-en-la-iii-jornada-parlant-i-caminant-per-la-salut-as-puig-den-valls-organitzada-pel-psoe\/#primaryimage\"},\"image\":{\"@id\":\"https:\/\/www.psib-psoe.org\/eivissa\/mes-de-120-persones-participen-en-la-iii-jornada-parlant-i-caminant-per-la-salut-as-puig-den-valls-organitzada-pel-psoe\/#primaryimage\"},\"thumbnailUrl\":\"https:\/\/www.psib-psoe.org\/eivissa\/wp-content\/uploads\/12d3afb8-43ba-4b48-8c47-94c6ac1ade5f.jpg\",\"datePublished\":\"2026-04-25T11:34:16+00:00\",\"breadcrumb\":{\"@id\":\"https:\/\/www.psib-psoe.org\/eivissa\/mes-de-120-persones-participen-en-la-iii-jornada-parlant-i-caminant-per-la-salut-as-puig-den-valls-organitzada-pel-psoe\/#breadcrumb\"},\"inLanguage\":\"ca\",\"potentialAction\":[{\"@type\":\"ReadAction\",\"target\":[\"https:\/\/www.psib-psoe.org\/eivissa\/mes-de-120-persones-participen-en-la-iii-jornada-parlant-i-caminant-per-la-salut-as-puig-den-valls-organitzada-pel-psoe\/\"]}]},{\"@type\":\"ImageObject\",\"inLanguage\":\"ca\",\"@id\":\"https:\/\/www.psib-psoe.org\/eivissa\/mes-de-120-persones-participen-en-la-iii-jornada-parlant-i-caminant-per-la-salut-as-puig-den-valls-organitzada-pel-psoe\/#primaryimage\",\"url\":\"https:\/\/www.psib-psoe.org\/eivissa\/wp-content\/uploads\/12d3afb8-43ba-4b48-8c47-94c6ac1ade5f.jpg\",\"contentUrl\":\"https:\/\/www.psib-psoe.org\/eivissa\/wp-content\/uploads\/12d3afb8-43ba-4b48-8c47-94c6ac1ade5f.jpg\",\"width\":1600,\"height\":1200},{\"@type\":\"BreadcrumbList\",\"@id\":\"https:\/\/www.psib-psoe.org\/eivissa\/mes-de-120-persones-participen-en-la-iii-jornada-parlant-i-caminant-per-la-salut-as-puig-den-valls-organitzada-pel-psoe\/#breadcrumb\",\"itemListElement\":[{\"@type\":\"ListItem\",\"position\":1,\"name\":\"Inici\",\"item\":\"https:\/\/www.psib-psoe.org\/eivissa\/\"},{\"@type\":\"ListItem\",\"position\":2,\"name\":\"M\u00e9s de 120 persones participen en la III Jornada \u00abParlant i caminant per la salut\u00bb as Puig d\u2019en Valls organitzada pel PSOE\"}]},{\"@type\":\"WebSite\",\"@id\":\"https:\/\/www.psib-psoe.org\/eivissa\/#website\",\"url\":\"https:\/\/www.psib-psoe.org\/eivissa\/\",\"name\":\"Federaci\u00f3 Socialista d'Eivissa\",\"description\":\"Socialistes d&#039;Eivissa\",\"publisher\":{\"@id\":\"https:\/\/www.psib-psoe.org\/eivissa\/#organization\"},\"potentialAction\":[{\"@type\":\"SearchAction\",\"target\":{\"@type\":\"EntryPoint\",\"urlTemplate\":\"https:\/\/www.psib-psoe.org\/eivissa\/?s={search_term_string}\"},\"query-input\":{\"@type\":\"PropertyValueSpecification\",\"valueRequired\":true,\"valueName\":\"search_term_string\"}}],\"inLanguage\":\"ca\"},{\"@type\":\"Organization\",\"@id\":\"https:\/\/www.psib-psoe.org\/eivissa\/#organization\",\"name\":\"Federaci\u00f3 Socialista d'Eivissa\",\"url\":\"https:\/\/www.psib-psoe.org\/eivissa\/\",\"logo\":{\"@type\":\"ImageObject\",\"inLanguage\":\"ca\",\"@id\":\"https:\/\/www.psib-psoe.org\/eivissa\/#\/schema\/logo\/image\/\",\"url\":\"https:\/\/www.psib-psoe.org\/eivissa\/wp-content\/uploads\/LOGO-FSE-SOCIALISTA-DEIVISSA-HORI.png\",\"contentUrl\":\"https:\/\/www.psib-psoe.org\/eivissa\/wp-content\/uploads\/LOGO-FSE-SOCIALISTA-DEIVISSA-HORI.png\",\"width\":6000,\"height\":3104,\"caption\":\"Federaci\u00f3 Socialista d'Eivissa\"},\"image\":{\"@id\":\"https:\/\/www.psib-psoe.org\/eivissa\/#\/schema\/logo\/image\/\"}},{\"@type\":\"Person\",\"@id\":\"https:\/\/www.psib-psoe.org\/eivissa\/#\/schema\/person\/099ab3ef73a3645a1d7f303518e6ce24\",\"name\":\"adminpsib\",\"url\":\"https:\/\/www.psib-psoe.org\/eivissa\/author\/adminpsib\/\"}]}<\/script>\n<!-- \/ Yoast SEO plugin. -->","yoast_head_json":{"title":"M\u00e9s de 120 persones participen en la III Jornada \u00abParlant i caminant per la salut\u00bb as Puig d\u2019en Valls organitzada pel PSOE - Federaci\u00f3 Socialista d&#039;Eivissa","robots":{"index":"index","follow":"follow","max-snippet":"max-snippet:-1","max-image-preview":"max-image-preview:large","max-video-preview":"max-video-preview:-1"},"canonical":"https:\/\/www.psib-psoe.org\/eivissa\/mes-de-120-persones-participen-en-la-iii-jornada-parlant-i-caminant-per-la-salut-as-puig-den-valls-organitzada-pel-psoe\/","og_locale":"ca_ES","og_type":"article","og_title":"M\u00e9s de 120 persones participen en la III Jornada \u00abParlant i caminant per la salut\u00bb as Puig d\u2019en Valls organitzada pel PSOE - Federaci\u00f3 Socialista d&#039;Eivissa","og_description":"La Federaci\u00f3 Socialista d\u2019Eivissa (FSE-PSOE) ha celebrat amb un gran \u00e8xit de participaci\u00f3 la tercera edici\u00f3 de la jornada \u00abParlant i caminant per la salut\u00bb. M\u00e9s de 120 persones s\u2019han aplegat aquest dissabte al Centre Cultural des Puig d\u2019en Valls per formar part d\u2019una iniciativa que combina la divulgaci\u00f3 professional amb l\u2019activitat f\u00edsica, amb el&hellip;","og_url":"https:\/\/www.psib-psoe.org\/eivissa\/mes-de-120-persones-participen-en-la-iii-jornada-parlant-i-caminant-per-la-salut-as-puig-den-valls-organitzada-pel-psoe\/","og_site_name":"Federaci\u00f3 Socialista d&#039;Eivissa","article_published_time":"2026-04-25T11:34:16+00:00","og_image":[{"width":1600,"height":1200,"url":"https:\/\/www.psib-psoe.org\/eivissa\/wp-content\/uploads\/12d3afb8-43ba-4b48-8c47-94c6ac1ade5f.jpg","type":"image\/jpeg"}],"author":"adminpsib","twitter_card":"summary_large_image","twitter_misc":{"Escrit per":"adminpsib","Temps estimat de lectura":"2 minuts"},"schema":{"@context":"https:\/\/schema.org","@graph":[{"@type":["Article","BlogPosting"],"@id":"https:\/\/www.psib-psoe.org\/eivissa\/mes-de-120-persones-participen-en-la-iii-jornada-parlant-i-caminant-per-la-salut-as-puig-den-valls-organitzada-pel-psoe\/#article","isPartOf":{"@id":"https:\/\/www.psib-psoe.org\/eivissa\/mes-de-120-persones-participen-en-la-iii-jornada-parlant-i-caminant-per-la-salut-as-puig-den-valls-organitzada-pel-psoe\/"},"author":{"name":"adminpsib","@id":"https:\/\/www.psib-psoe.org\/eivissa\/#\/schema\/person\/099ab3ef73a3645a1d7f303518e6ce24"},"headline":"M\u00e9s de 120 persones participen en la III Jornada \u00abParlant i caminant per la salut\u00bb as Puig d\u2019en Valls organitzada pel PSOE","datePublished":"2026-04-25T11:34:16+00:00","mainEntityOfPage":{"@id":"https:\/\/www.psib-psoe.org\/eivissa\/mes-de-120-persones-participen-en-la-iii-jornada-parlant-i-caminant-per-la-salut-as-puig-den-valls-organitzada-pel-psoe\/"},"wordCount":453,"publisher":{"@id":"https:\/\/www.psib-psoe.org\/eivissa\/#organization"},"image":{"@id":"https:\/\/www.psib-psoe.org\/eivissa\/mes-de-120-persones-participen-en-la-iii-jornada-parlant-i-caminant-per-la-salut-as-puig-den-valls-organitzada-pel-psoe\/#primaryimage"},"thumbnailUrl":"https:\/\/www.psib-psoe.org\/eivissa\/wp-content\/uploads\/12d3afb8-43ba-4b48-8c47-94c6ac1ade5f.jpg","articleSection":["Federaci\u00f3 d'Eivissa - Portada","FSE-PSOE","Municipis","Santa Eul\u00e0ria des Riu"],"inLanguage":"ca"},{"@type":"WebPage","@id":"https:\/\/www.psib-psoe.org\/eivissa\/mes-de-120-persones-participen-en-la-iii-jornada-parlant-i-caminant-per-la-salut-as-puig-den-valls-organitzada-pel-psoe\/","url":"https:\/\/www.psib-psoe.org\/eivissa\/mes-de-120-persones-participen-en-la-iii-jornada-parlant-i-caminant-per-la-salut-as-puig-den-valls-organitzada-pel-psoe\/","name":"M\u00e9s de 120 persones participen en la III Jornada \u00abParlant i caminant per la salut\u00bb as Puig d\u2019en Valls organitzada pel PSOE - Federaci\u00f3 Socialista d&#039;Eivissa","isPartOf":{"@id":"https:\/\/www.psib-psoe.org\/eivissa\/#website"},"primaryImageOfPage":{"@id":"https:\/\/www.psib-psoe.org\/eivissa\/mes-de-120-persones-participen-en-la-iii-jornada-parlant-i-caminant-per-la-salut-as-puig-den-valls-organitzada-pel-psoe\/#primaryimage"},"image":{"@id":"https:\/\/www.psib-psoe.org\/eivissa\/mes-de-120-persones-participen-en-la-iii-jornada-parlant-i-caminant-per-la-salut-as-puig-den-valls-organitzada-pel-psoe\/#primaryimage"},"thumbnailUrl":"https:\/\/www.psib-psoe.org\/eivissa\/wp-content\/uploads\/12d3afb8-43ba-4b48-8c47-94c6ac1ade5f.jpg","datePublished":"2026-04-25T11:34:16+00:00","breadcrumb":{"@id":"https:\/\/www.psib-psoe.org\/eivissa\/mes-de-120-persones-participen-en-la-iii-jornada-parlant-i-caminant-per-la-salut-as-puig-den-valls-organitzada-pel-psoe\/#breadcrumb"},"inLanguage":"ca","potentialAction":[{"@type":"ReadAction","target":["https:\/\/www.psib-psoe.org\/eivissa\/mes-de-120-persones-participen-en-la-iii-jornada-parlant-i-caminant-per-la-salut-as-puig-den-valls-organitzada-pel-psoe\/"]}]},{"@type":"ImageObject","inLanguage":"ca","@id":"https:\/\/www.psib-psoe.org\/eivissa\/mes-de-120-persones-participen-en-la-iii-jornada-parlant-i-caminant-per-la-salut-as-puig-den-valls-organitzada-pel-psoe\/#primaryimage","url":"https:\/\/www.psib-psoe.org\/eivissa\/wp-content\/uploads\/12d3afb8-43ba-4b48-8c47-94c6ac1ade5f.jpg","contentUrl":"https:\/\/www.psib-psoe.org\/eivissa\/wp-content\/uploads\/12d3afb8-43ba-4b48-8c47-94c6ac1ade5f.jpg","width":1600,"height":1200},{"@type":"BreadcrumbList","@id":"https:\/\/www.psib-psoe.org\/eivissa\/mes-de-120-persones-participen-en-la-iii-jornada-parlant-i-caminant-per-la-salut-as-puig-den-valls-organitzada-pel-psoe\/#breadcrumb","itemListElement":[{"@type":"ListItem","position":1,"name":"Inici","item":"https:\/\/www.psib-psoe.org\/eivissa\/"},{"@type":"ListItem","position":2,"name":"M\u00e9s de 120 persones participen en la III Jornada \u00abParlant i caminant per la salut\u00bb as Puig d\u2019en Valls organitzada pel PSOE"}]},{"@type":"WebSite","@id":"https:\/\/www.psib-psoe.org\/eivissa\/#website","url":"https:\/\/www.psib-psoe.org\/eivissa\/","name":"Federaci\u00f3 Socialista d'Eivissa","description":"Socialistes d&#039;Eivissa","publisher":{"@id":"https:\/\/www.psib-psoe.org\/eivissa\/#organization"},"potentialAction":[{"@type":"SearchAction","target":{"@type":"EntryPoint","urlTemplate":"https:\/\/www.psib-psoe.org\/eivissa\/?s={search_term_string}"},"query-input":{"@type":"PropertyValueSpecification","valueRequired":true,"valueName":"search_term_string"}}],"inLanguage":"ca"},{"@type":"Organization","@id":"https:\/\/www.psib-psoe.org\/eivissa\/#organization","name":"Federaci\u00f3 Socialista d'Eivissa","url":"https:\/\/www.psib-psoe.org\/eivissa\/","logo":{"@type":"ImageObject","inLanguage":"ca","@id":"https:\/\/www.psib-psoe.org\/eivissa\/#\/schema\/logo\/image\/","url":"https:\/\/www.psib-psoe.org\/eivissa\/wp-content\/uploads\/LOGO-FSE-SOCIALISTA-DEIVISSA-HORI.png","contentUrl":"https:\/\/www.psib-psoe.org\/eivissa\/wp-content\/uploads\/LOGO-FSE-SOCIALISTA-DEIVISSA-HORI.png","width":6000,"height":3104,"caption":"Federaci\u00f3 Socialista d'Eivissa"},"image":{"@id":"https:\/\/www.psib-psoe.org\/eivissa\/#\/schema\/logo\/image\/"}},{"@type":"Person","@id":"https:\/\/www.psib-psoe.org\/eivissa\/#\/schema\/person\/099ab3ef73a3645a1d7f303518e6ce24","name":"adminpsib","url":"https:\/\/www.psib-psoe.org\/eivissa\/author\/adminpsib\/"}]}},"_links":{"self":[{"href":"https:\/\/www.psib-psoe.org\/eivissa\/wp-json\/wp\/v2\/posts\/42185","targetHints":{"allow":["GET"]}}],"collection":[{"href":"https:\/\/www.psib-psoe.org\/eivissa\/wp-json\/wp\/v2\/posts"}],"about":[{"href":"https:\/\/www.psib-psoe.org\/eivissa\/wp-json\/wp\/v2\/types\/post"}],"author":[{"embeddable":true,"href":"https:\/\/www.psib-psoe.org\/eivissa\/wp-json\/wp\/v2\/users\/1"}],"replies":[{"embeddable":true,"href":"https:\/\/www.psib-psoe.org\/eivissa\/wp-json\/wp\/v2\/comments?post=42185"}],"version-history":[{"count":1,"href":"https:\/\/www.psib-psoe.org\/eivissa\/wp-json\/wp\/v2\/posts\/42185\/revisions"}],"predecessor-version":[{"id":42186,"href":"https:\/\/www.psib-psoe.org\/eivissa\/wp-json\/wp\/v2\/posts\/42185\/revisions\/42186"}],"wp:featuredmedia":[{"embeddable":true,"href":"https:\/\/www.psib-psoe.org\/eivissa\/wp-json\/wp\/v2\/media\/42180"}],"wp:attachment":[{"href":"https:\/\/www.psib-psoe.org\/eivissa\/wp-json\/wp\/v2\/media?parent=42185"}],"wp:term":[{"taxonomy":"category","embeddable":true,"href":"https:\/\/www.psib-psoe.org\/eivissa\/wp-json\/wp\/v2\/categories?post=42185"},{"taxonomy":"post_tag","embeddable":true,"href":"https:\/\/www.psib-psoe.org\/eivissa\/wp-json\/wp\/v2\/tags?post=42185"}],"curies":[{"name":"wp","href":"https:\/\/api.w.org\/{rel}","templated":true}]}}