{"id":42188,"date":"2026-04-27T18:54:18","date_gmt":"2026-04-27T16:54:18","guid":{"rendered":"https:\/\/www.psib-psoe.org\/eivissa\/?p=42188"},"modified":"2026-04-27T18:54:18","modified_gmt":"2026-04-27T16:54:18","slug":"la-regularitzacio-es-justicia-social-dignitat-i-prosperitat-per-a-eivissa-vicent-rosello-presenta-el-servei-gratuit-del-psoe-per-ajudar-les-persones-migrants-a-formalitzar-la-s","status":"publish","type":"post","link":"https:\/\/www.psib-psoe.org\/eivissa\/la-regularitzacio-es-justicia-social-dignitat-i-prosperitat-per-a-eivissa-vicent-rosello-presenta-el-servei-gratuit-del-psoe-per-ajudar-les-persones-migrants-a-formalitzar-la-s\/","title":{"rendered":"\u201cLa regularitzaci\u00f3 \u00e9s just\u00edcia social, dignitat i prosperitat per a Eivissa\u201d\u00a0Vicent Rosell\u00f3 presenta el servei gratu\u00eft del PSOE per ajudar les persones migrants a formalitzar la seua resid\u00e8ncia a la nostra illa"},"content":{"rendered":"<p>El secretari general de la Federaci\u00f3 Socialista d\u2019Eivissa (FSE-PSOE), Vicent Rosell\u00f3, ha presentat avui el nou servei del Partit Socialista d\u2019informaci\u00f3 i assessorament gratu\u00eft per a persones migrants, una iniciativa que busca acompanyar i ajudar en el proc\u00e9s de regularitzaci\u00f3 extraordin\u00e0ria impulsat pel Govern d\u2019Espanya<span style=\"caret-color: rgb(0, 0, 0); font-family: Arial, sans-serif; font-size: 18.666666px; font-style: normal; font-variant-caps: normal; font-weight: 400; letter-spacing: normal; orphans: 2; text-align: start; text-indent: 0px; text-transform: none; white-space: pre-wrap; widows: 2; word-spacing: 0px; -webkit-tap-highlight-color: rgba(0, 0, 0, 0); -webkit-text-size-adjust: none; -webkit-text-stroke-width: 0px; text-decoration: none; display: inline !important; float: none\">.<\/span><\/p>\n<p><span style=\"caret-color: rgb(0, 0, 0); font-family: Arial, sans-serif; font-size: 18.666666px; font-style: normal; font-variant-caps: normal; font-weight: 400; letter-spacing: normal; orphans: 2; text-align: start; text-indent: 0px; text-transform: none; white-space: pre-wrap; widows: 2; word-spacing: 0px; -webkit-tap-highlight-color: rgba(0, 0, 0, 0); -webkit-text-size-adjust: none; -webkit-text-stroke-width: 0px; text-decoration: none; display: inline !important; float: none\">Acompanyat per la portaveu del PSOE al Consell Insular, Elena L\u00f3pez Bonet, i la secret\u00e0ria de Drets Socials de la FSE-PSOE, Carmen Boned, <\/span><span style=\"caret-color: rgb(0, 0, 0); font-family: Arial, sans-serif; font-size: 18.666666px; font-style: normal; font-variant-caps: normal; font-weight: 400; letter-spacing: normal; orphans: 2; text-align: start; text-indent: 0px; text-transform: none; white-space: pre-wrap; widows: 2; word-spacing: 0px; -webkit-tap-highlight-color: rgba(0, 0, 0, 0); -webkit-text-size-adjust: none; -webkit-text-stroke-width: 0px; text-decoration: none; display: inline !important; float: none\">Rosell\u00f3 ha destacat que la regularitzaci\u00f3 \u00e9s, per damunt de tot, \u201cuna q\u00fcesti\u00f3 de just\u00edcia social i de dignitat davant una realitat present a tots els barris i pobles de la nostra illa\u201d.<\/span><\/p>\n<p>\u201cNo estam inventant res de nou, sin\u00f3 donant seguretat jur\u00eddica a milers de persones que ja viuen a Eivissa, que formen part de la nostra comunitat i que treballen amb nosaltres, per\u00f2 que fins ara patien la invisibilitat administrativa\u201d.<\/p>\n<p>Durant la presentaci\u00f3, Rosell\u00f3 ha posat l\u2019accent en el deure moral que t\u00e9 la societat eivissenca, recordant que \u201cEivissa tamb\u00e9 va ser terra d\u2019emigrants\u201d i que la mem\u00f2ria hist\u00f2rica obliga a actuar amb humanitat.<\/p>\n<p>A m\u00e9s, ha assenyalat que aquesta decisi\u00f3 tamb\u00e9 respon a una necessitat econ\u00f2mica de l\u2019illa: \u201cLa regularitzaci\u00f3 no \u00e9s nom\u00e9s una q\u00fcesti\u00f3 de drets i de dignitat per a totes aquestes persones, sin\u00f3 tamb\u00e9 una q\u00fcesti\u00f3 de prosperitat econ\u00f2mica per al conjunt de la societat eivissenca. Permetre que aquests treballadors cotitzin i paguin impostos \u00e9s enfortir els nostres serveis p\u00fablics i donar resposta a la falta de m\u00e0 d\u2019obra de l\u2019economia insular\u201d.<\/p>\n<p>Vicent Rosell\u00f3 tamb\u00e9 s\u2019ha referit al Partit Popular, que \u201cha intentat boicotejar aquest proc\u00e9s fins a l\u2019\u00faltim minut\u201d, per\u00f2 que s&#8217;ha quedat \u201ccompletament sol, a remolc de l\u2019extrema dreta i en contra d\u2019una inmensa majoria social de la nostra illa i del nostre pa\u00eds\u201d.&nbsp;<\/p>\n<p>\u201cMentre el PP s\u2019ha dedicat a posar pals a les rodes i a generar por, el Partit Socialista s\u2019implica en la dignificaci\u00f3 de totes aquestes persones. No es pot entendre que el PP d\u2019Eivissa prefereixi l\u2019exclusi\u00f3 abans que permetre que aquestes persones puguin cotitzar, pagar els seus impostos i tenir drets b\u00e0sics\u201d, ha afirmat el secretari general, qualificant l&#8217;actitud dels populars d&#8217;\u201ca\u00efllada i irresponsable\u201d.<\/p>\n<p><strong>Seus i horaris del servei<\/strong><br \/>\nEl servei d\u2019assessorament de la Federaci\u00f3 Socialista d\u2019Eivissa est\u00e0 prestat per persones volunt\u00e0ries, \u00e9s totalment gratu\u00eft i s\u2019ofereix a les seus del PSOE de la ciutat d\u2019Eivissa, Santa Eul\u00e0ria des Riu i Sant Antoni de Portmany. S\u2019informa les persones migrants sobre les passes administratives que han de seguir, aix\u00ed com sobre la documentaci\u00f3 que han d\u2019aportar, per poder completar amb \u00e8xit el tr\u00e0mit de regularitzaci\u00f3 de la seua resid\u00e8ncia.<\/p>\n<p>Carmen Boned explicat que el servei d\u2019assessorament del PSOE ja est\u00e0 operatiu i s\u2019ofereix en els seg\u00fcents punts d\u2019atenci\u00f3 i horaris:<\/p>\n<p><strong>Eivissa<\/strong> (Seu de la FSE-PSOE): dilluns i dimecres d\u201911 h a 13 h i de 16 h a 18 h (Via Romana, 15).<br \/>\n<strong>Santa Eul\u00e0ria<\/strong> (Agrupaci\u00f3 Socialista): dilluns de 17 h a 19.30 h i dimarts de 18.30 h a 20.30 h (carrer de Sant Josep, 14).<br \/>\n<strong>Sant Antoni<\/strong> (Agrupaci\u00f3 Socialista): dimecres de 18 h a 20 h (carrer del General Balanzat, 3).<\/p>\n<p>L\u2019objectiu central del servei \u00e9s \u201cacompanyar les persones migrants oferint-los informaci\u00f3 personalitzada\u201d sobre els requisits fixats pel Govern d\u2019Espanya i les passes que han de donar.<\/p>\n<p>Com ha explicat Carmen Boned, per a totes aquestes persones, el primer pas indispensable \u00e9s acreditar que han arribat a Espanya abans de l\u20191 de gener de 2026 i que poden demostrar una perman\u00e8ncia continuada al pa\u00eds durant els cinc mesos previs a la sol\u00b7licitud. A m\u00e9s, s\u2019ha de comptar amb un expedient net d\u2019antecedents penals, tant a l\u2019Estat espanyol com als pa\u00efsos on s\u2019hagi residit durant els darrers cinc anys.<\/p>\n<p>En el cas espec\u00edfic dels sol\u00b7licitants de protecci\u00f3 internacional, el proc\u00e9s se simplifica, ja que aquest col\u00b7lectiu no ha d\u2019acreditar una activitat laboral pr\u00e8via ni situacions de vulnerabilitat per acollir-se a la mesura.Per a la resta de sol\u00b7licitants, es requereix demostrar que es troben en una de tres situacions socials i laborals espec\u00edfiques: la conviv\u00e8ncia en una unitat familiar amb descendents o ascendents al seu c\u00e0rrec; l\u2019exist\u00e8ncia d\u2019una activitat laboral, encara que hagi estat informal o puntual, amb contractes que sumin m\u00e9s de 90 dies en un any; o, finalment, una situaci\u00f3 de vulnerabilitat econ\u00f2mica o depend\u00e8ncia acreditada mitjan\u00e7ant certificats de Serveis Socials.<\/p>\n<p>Aquests documents es poden tramitar tant a trav\u00e9s dels ajuntaments com de la comunitat aut\u00f2noma, mitjan\u00e7ant l\u2019Oficina d\u2019Informaci\u00f3 al Migrant (OFIM), aix\u00ed com amb certificats o informes emesos per ONG o associacions del tercer sector on la persona hagi rebut atenci\u00f3 en algun moment, o documents que acreditin que ha estat atesa pels serveis socials dels sindicats.<\/p>\n<p>Pel que fa a la formalitzaci\u00f3 del tr\u00e0mit, la presentaci\u00f3 de la sol\u00b7licitud s\u2019ha de fer mitjan\u00e7ant el model oficial espec\u00edfic que els ministeris de Pol\u00edtica Territorial i Mem\u00f2ria Democr\u00e0tica, i d\u2019Inclusi\u00f3, Seguretat Social i Migracions, posen a disposici\u00f3 a les seues p\u00e0gines web.<\/p>\n<p>El procediment ofereix diverses vies per facilitar la gesti\u00f3 a les persones interessades: aquelles que disposin de signatura electr\u00f2nica podran tramitar directament la seua sol\u00b7licitud de manera telem\u00e0tica, tot i que tamb\u00e9 es preveu la possibilitat de delegar el tr\u00e0mit a professionals com advocats, gestories o membres del Col\u00b7legi de Graduats Socials, que podran actuar en representaci\u00f3 del sol\u00b7licitant.<\/p>\n<p>Aix\u00ed mateix, s\u2019han habilitat punts d\u2019atenci\u00f3 presencial on es pot realitzar la sol\u00b7licitud, concretament a les oficines de Correus i a les depend\u00e8ncies de la Seguretat Social (INSS).<\/p>\n","protected":false},"excerpt":{"rendered":"<p>El secretari general de la Federaci\u00f3 Socialista d\u2019Eivissa (FSE-PSOE), Vicent Rosell\u00f3, ha presentat avui el nou servei del Partit Socialista d\u2019informaci\u00f3 i assessorament gratu\u00eft per a persones migrants, una iniciativa que busca acompanyar i ajudar en el proc\u00e9s de regularitzaci\u00f3 extraordin\u00e0ria impulsat pel Govern d\u2019Espanya. Acompanyat per la portaveu del PSOE al Consell Insular, Elena&hellip;<\/p>\n","protected":false},"author":1,"featured_media":42198,"comment_status":"closed","ping_status":"closed","sticky":false,"template":"","format":"standard","meta":{"footnotes":""},"categories":[1,212],"tags":[],"class_list":["post-42188","post","type-post","status-publish","format-standard","has-post-thumbnail","hentry","category-federacio-de-eivissa-portada","category-fse-psoe"],"yoast_head":"<!-- This site is optimized with the Yoast SEO plugin v26.9 - https:\/\/yoast.com\/product\/yoast-seo-wordpress\/ -->\n<title>\u201cLa regularitzaci\u00f3 \u00e9s just\u00edcia social, dignitat i prosperitat per a Eivissa\u201d\u00a0Vicent Rosell\u00f3 presenta el servei gratu\u00eft del PSOE per ajudar les persones migrants a formalitzar la seua resid\u00e8ncia a la nostra illa - Federaci\u00f3 Socialista d&#039;Eivissa<\/title>\n<meta name=\"robots\" content=\"index, follow, max-snippet:-1, max-image-preview:large, max-video-preview:-1\" \/>\n<link rel=\"canonical\" href=\"https:\/\/www.psib-psoe.org\/eivissa\/la-regularitzacio-es-justicia-social-dignitat-i-prosperitat-per-a-eivissa-vicent-rosello-presenta-el-servei-gratuit-del-psoe-per-ajudar-les-persones-migrants-a-formalitzar-la-s\/\" \/>\n<meta property=\"og:locale\" content=\"ca_ES\" \/>\n<meta property=\"og:type\" content=\"article\" \/>\n<meta property=\"og:title\" content=\"\u201cLa regularitzaci\u00f3 \u00e9s just\u00edcia social, dignitat i prosperitat per a Eivissa\u201d\u00a0Vicent Rosell\u00f3 presenta el servei gratu\u00eft del PSOE per ajudar les persones migrants a formalitzar la seua resid\u00e8ncia a la nostra illa - Federaci\u00f3 Socialista d&#039;Eivissa\" \/>\n<meta property=\"og:description\" content=\"El secretari general de la Federaci\u00f3 Socialista d\u2019Eivissa (FSE-PSOE), Vicent Rosell\u00f3, ha presentat avui el nou servei del Partit Socialista d\u2019informaci\u00f3 i assessorament gratu\u00eft per a persones migrants, una iniciativa que busca acompanyar i ajudar en el proc\u00e9s de regularitzaci\u00f3 extraordin\u00e0ria impulsat pel Govern d\u2019Espanya. Acompanyat per la portaveu del PSOE al Consell Insular, Elena&hellip;\" \/>\n<meta property=\"og:url\" content=\"https:\/\/www.psib-psoe.org\/eivissa\/la-regularitzacio-es-justicia-social-dignitat-i-prosperitat-per-a-eivissa-vicent-rosello-presenta-el-servei-gratuit-del-psoe-per-ajudar-les-persones-migrants-a-formalitzar-la-s\/\" \/>\n<meta property=\"og:site_name\" content=\"Federaci\u00f3 Socialista d&#039;Eivissa\" \/>\n<meta property=\"article:published_time\" content=\"2026-04-27T16:54:18+00:00\" \/>\n<meta property=\"og:image\" content=\"https:\/\/www.psib-psoe.org\/eivissa\/wp-content\/uploads\/img_5453.jpg\" \/>\n\t<meta property=\"og:image:width\" content=\"2000\" \/>\n\t<meta property=\"og:image:height\" content=\"1500\" \/>\n\t<meta property=\"og:image:type\" content=\"image\/jpeg\" \/>\n<meta name=\"author\" content=\"adminpsib\" \/>\n<meta name=\"twitter:card\" content=\"summary_large_image\" \/>\n<meta name=\"twitter:label1\" content=\"Escrit per\" \/>\n\t<meta name=\"twitter:data1\" content=\"adminpsib\" \/>\n<script type=\"application\/ld+json\" class=\"yoast-schema-graph\">{\"@context\":\"https:\/\/schema.org\",\"@graph\":[{\"@type\":[\"Article\",\"BlogPosting\"],\"@id\":\"https:\/\/www.psib-psoe.org\/eivissa\/la-regularitzacio-es-justicia-social-dignitat-i-prosperitat-per-a-eivissa-vicent-rosello-presenta-el-servei-gratuit-del-psoe-per-ajudar-les-persones-migrants-a-formalitzar-la-s\/#article\",\"isPartOf\":{\"@id\":\"https:\/\/www.psib-psoe.org\/eivissa\/la-regularitzacio-es-justicia-social-dignitat-i-prosperitat-per-a-eivissa-vicent-rosello-presenta-el-servei-gratuit-del-psoe-per-ajudar-les-persones-migrants-a-formalitzar-la-s\/\"},\"author\":{\"name\":\"adminpsib\",\"@id\":\"https:\/\/www.psib-psoe.org\/eivissa\/#\/schema\/person\/099ab3ef73a3645a1d7f303518e6ce24\"},\"headline\":\"\u201cLa regularitzaci\u00f3 \u00e9s just\u00edcia social, dignitat i prosperitat per a Eivissa\u201d\u00a0Vicent Rosell\u00f3 presenta el servei gratu\u00eft del PSOE per ajudar les persones migrants a formalitzar la seua resid\u00e8ncia a la nostra illa\",\"datePublished\":\"2026-04-27T16:54:18+00:00\",\"mainEntityOfPage\":{\"@id\":\"https:\/\/www.psib-psoe.org\/eivissa\/la-regularitzacio-es-justicia-social-dignitat-i-prosperitat-per-a-eivissa-vicent-rosello-presenta-el-servei-gratuit-del-psoe-per-ajudar-les-persones-migrants-a-formalitzar-la-s\/\"},\"wordCount\":1031,\"publisher\":{\"@id\":\"https:\/\/www.psib-psoe.org\/eivissa\/#organization\"},\"image\":{\"@id\":\"https:\/\/www.psib-psoe.org\/eivissa\/la-regularitzacio-es-justicia-social-dignitat-i-prosperitat-per-a-eivissa-vicent-rosello-presenta-el-servei-gratuit-del-psoe-per-ajudar-les-persones-migrants-a-formalitzar-la-s\/#primaryimage\"},\"thumbnailUrl\":\"https:\/\/www.psib-psoe.org\/eivissa\/wp-content\/uploads\/img_5453.jpg\",\"articleSection\":[\"Federaci\u00f3 d'Eivissa - Portada\",\"FSE-PSOE\"],\"inLanguage\":\"ca\"},{\"@type\":\"WebPage\",\"@id\":\"https:\/\/www.psib-psoe.org\/eivissa\/la-regularitzacio-es-justicia-social-dignitat-i-prosperitat-per-a-eivissa-vicent-rosello-presenta-el-servei-gratuit-del-psoe-per-ajudar-les-persones-migrants-a-formalitzar-la-s\/\",\"url\":\"https:\/\/www.psib-psoe.org\/eivissa\/la-regularitzacio-es-justicia-social-dignitat-i-prosperitat-per-a-eivissa-vicent-rosello-presenta-el-servei-gratuit-del-psoe-per-ajudar-les-persones-migrants-a-formalitzar-la-s\/\",\"name\":\"\u201cLa regularitzaci\u00f3 \u00e9s just\u00edcia social, dignitat i prosperitat per a Eivissa\u201d\u00a0Vicent Rosell\u00f3 presenta el servei gratu\u00eft del PSOE per ajudar les persones migrants a formalitzar la seua resid\u00e8ncia a la nostra illa - Federaci\u00f3 Socialista d&#039;Eivissa\",\"isPartOf\":{\"@id\":\"https:\/\/www.psib-psoe.org\/eivissa\/#website\"},\"primaryImageOfPage\":{\"@id\":\"https:\/\/www.psib-psoe.org\/eivissa\/la-regularitzacio-es-justicia-social-dignitat-i-prosperitat-per-a-eivissa-vicent-rosello-presenta-el-servei-gratuit-del-psoe-per-ajudar-les-persones-migrants-a-formalitzar-la-s\/#primaryimage\"},\"image\":{\"@id\":\"https:\/\/www.psib-psoe.org\/eivissa\/la-regularitzacio-es-justicia-social-dignitat-i-prosperitat-per-a-eivissa-vicent-rosello-presenta-el-servei-gratuit-del-psoe-per-ajudar-les-persones-migrants-a-formalitzar-la-s\/#primaryimage\"},\"thumbnailUrl\":\"https:\/\/www.psib-psoe.org\/eivissa\/wp-content\/uploads\/img_5453.jpg\",\"datePublished\":\"2026-04-27T16:54:18+00:00\",\"breadcrumb\":{\"@id\":\"https:\/\/www.psib-psoe.org\/eivissa\/la-regularitzacio-es-justicia-social-dignitat-i-prosperitat-per-a-eivissa-vicent-rosello-presenta-el-servei-gratuit-del-psoe-per-ajudar-les-persones-migrants-a-formalitzar-la-s\/#breadcrumb\"},\"inLanguage\":\"ca\",\"potentialAction\":[{\"@type\":\"ReadAction\",\"target\":[\"https:\/\/www.psib-psoe.org\/eivissa\/la-regularitzacio-es-justicia-social-dignitat-i-prosperitat-per-a-eivissa-vicent-rosello-presenta-el-servei-gratuit-del-psoe-per-ajudar-les-persones-migrants-a-formalitzar-la-s\/\"]}]},{\"@type\":\"ImageObject\",\"inLanguage\":\"ca\",\"@id\":\"https:\/\/www.psib-psoe.org\/eivissa\/la-regularitzacio-es-justicia-social-dignitat-i-prosperitat-per-a-eivissa-vicent-rosello-presenta-el-servei-gratuit-del-psoe-per-ajudar-les-persones-migrants-a-formalitzar-la-s\/#primaryimage\",\"url\":\"https:\/\/www.psib-psoe.org\/eivissa\/wp-content\/uploads\/img_5453.jpg\",\"contentUrl\":\"https:\/\/www.psib-psoe.org\/eivissa\/wp-content\/uploads\/img_5453.jpg\",\"width\":2000,\"height\":1500},{\"@type\":\"BreadcrumbList\",\"@id\":\"https:\/\/www.psib-psoe.org\/eivissa\/la-regularitzacio-es-justicia-social-dignitat-i-prosperitat-per-a-eivissa-vicent-rosello-presenta-el-servei-gratuit-del-psoe-per-ajudar-les-persones-migrants-a-formalitzar-la-s\/#breadcrumb\",\"itemListElement\":[{\"@type\":\"ListItem\",\"position\":1,\"name\":\"Inici\",\"item\":\"https:\/\/www.psib-psoe.org\/eivissa\/\"},{\"@type\":\"ListItem\",\"position\":2,\"name\":\"\u201cLa regularitzaci\u00f3 \u00e9s just\u00edcia social, dignitat i prosperitat per a Eivissa\u201d\u00a0Vicent Rosell\u00f3 presenta el servei gratu\u00eft del PSOE per ajudar les persones migrants a formalitzar la seua resid\u00e8ncia a la nostra illa\"}]},{\"@type\":\"WebSite\",\"@id\":\"https:\/\/www.psib-psoe.org\/eivissa\/#website\",\"url\":\"https:\/\/www.psib-psoe.org\/eivissa\/\",\"name\":\"Federaci\u00f3 Socialista d'Eivissa\",\"description\":\"Socialistes d&#039;Eivissa\",\"publisher\":{\"@id\":\"https:\/\/www.psib-psoe.org\/eivissa\/#organization\"},\"potentialAction\":[{\"@type\":\"SearchAction\",\"target\":{\"@type\":\"EntryPoint\",\"urlTemplate\":\"https:\/\/www.psib-psoe.org\/eivissa\/?s={search_term_string}\"},\"query-input\":{\"@type\":\"PropertyValueSpecification\",\"valueRequired\":true,\"valueName\":\"search_term_string\"}}],\"inLanguage\":\"ca\"},{\"@type\":\"Organization\",\"@id\":\"https:\/\/www.psib-psoe.org\/eivissa\/#organization\",\"name\":\"Federaci\u00f3 Socialista d'Eivissa\",\"url\":\"https:\/\/www.psib-psoe.org\/eivissa\/\",\"logo\":{\"@type\":\"ImageObject\",\"inLanguage\":\"ca\",\"@id\":\"https:\/\/www.psib-psoe.org\/eivissa\/#\/schema\/logo\/image\/\",\"url\":\"https:\/\/www.psib-psoe.org\/eivissa\/wp-content\/uploads\/LOGO-FSE-SOCIALISTA-DEIVISSA-HORI.png\",\"contentUrl\":\"https:\/\/www.psib-psoe.org\/eivissa\/wp-content\/uploads\/LOGO-FSE-SOCIALISTA-DEIVISSA-HORI.png\",\"width\":6000,\"height\":3104,\"caption\":\"Federaci\u00f3 Socialista d'Eivissa\"},\"image\":{\"@id\":\"https:\/\/www.psib-psoe.org\/eivissa\/#\/schema\/logo\/image\/\"}},{\"@type\":\"Person\",\"@id\":\"https:\/\/www.psib-psoe.org\/eivissa\/#\/schema\/person\/099ab3ef73a3645a1d7f303518e6ce24\",\"name\":\"adminpsib\",\"url\":\"https:\/\/www.psib-psoe.org\/eivissa\/author\/adminpsib\/\"}]}<\/script>\n<!-- \/ Yoast SEO plugin. -->","yoast_head_json":{"title":"\u201cLa regularitzaci\u00f3 \u00e9s just\u00edcia social, dignitat i prosperitat per a Eivissa\u201d\u00a0Vicent Rosell\u00f3 presenta el servei gratu\u00eft del PSOE per ajudar les persones migrants a formalitzar la seua resid\u00e8ncia a la nostra illa - Federaci\u00f3 Socialista d&#039;Eivissa","robots":{"index":"index","follow":"follow","max-snippet":"max-snippet:-1","max-image-preview":"max-image-preview:large","max-video-preview":"max-video-preview:-1"},"canonical":"https:\/\/www.psib-psoe.org\/eivissa\/la-regularitzacio-es-justicia-social-dignitat-i-prosperitat-per-a-eivissa-vicent-rosello-presenta-el-servei-gratuit-del-psoe-per-ajudar-les-persones-migrants-a-formalitzar-la-s\/","og_locale":"ca_ES","og_type":"article","og_title":"\u201cLa regularitzaci\u00f3 \u00e9s just\u00edcia social, dignitat i prosperitat per a Eivissa\u201d\u00a0Vicent Rosell\u00f3 presenta el servei gratu\u00eft del PSOE per ajudar les persones migrants a formalitzar la seua resid\u00e8ncia a la nostra illa - Federaci\u00f3 Socialista d&#039;Eivissa","og_description":"El secretari general de la Federaci\u00f3 Socialista d\u2019Eivissa (FSE-PSOE), Vicent Rosell\u00f3, ha presentat avui el nou servei del Partit Socialista d\u2019informaci\u00f3 i assessorament gratu\u00eft per a persones migrants, una iniciativa que busca acompanyar i ajudar en el proc\u00e9s de regularitzaci\u00f3 extraordin\u00e0ria impulsat pel Govern d\u2019Espanya. Acompanyat per la portaveu del PSOE al Consell Insular, Elena&hellip;","og_url":"https:\/\/www.psib-psoe.org\/eivissa\/la-regularitzacio-es-justicia-social-dignitat-i-prosperitat-per-a-eivissa-vicent-rosello-presenta-el-servei-gratuit-del-psoe-per-ajudar-les-persones-migrants-a-formalitzar-la-s\/","og_site_name":"Federaci\u00f3 Socialista d&#039;Eivissa","article_published_time":"2026-04-27T16:54:18+00:00","og_image":[{"width":2000,"height":1500,"url":"https:\/\/www.psib-psoe.org\/eivissa\/wp-content\/uploads\/img_5453.jpg","type":"image\/jpeg"}],"author":"adminpsib","twitter_card":"summary_large_image","twitter_misc":{"Escrit per":"adminpsib"},"schema":{"@context":"https:\/\/schema.org","@graph":[{"@type":["Article","BlogPosting"],"@id":"https:\/\/www.psib-psoe.org\/eivissa\/la-regularitzacio-es-justicia-social-dignitat-i-prosperitat-per-a-eivissa-vicent-rosello-presenta-el-servei-gratuit-del-psoe-per-ajudar-les-persones-migrants-a-formalitzar-la-s\/#article","isPartOf":{"@id":"https:\/\/www.psib-psoe.org\/eivissa\/la-regularitzacio-es-justicia-social-dignitat-i-prosperitat-per-a-eivissa-vicent-rosello-presenta-el-servei-gratuit-del-psoe-per-ajudar-les-persones-migrants-a-formalitzar-la-s\/"},"author":{"name":"adminpsib","@id":"https:\/\/www.psib-psoe.org\/eivissa\/#\/schema\/person\/099ab3ef73a3645a1d7f303518e6ce24"},"headline":"\u201cLa regularitzaci\u00f3 \u00e9s just\u00edcia social, dignitat i prosperitat per a Eivissa\u201d\u00a0Vicent Rosell\u00f3 presenta el servei gratu\u00eft del PSOE per ajudar les persones migrants a formalitzar la seua resid\u00e8ncia a la nostra illa","datePublished":"2026-04-27T16:54:18+00:00","mainEntityOfPage":{"@id":"https:\/\/www.psib-psoe.org\/eivissa\/la-regularitzacio-es-justicia-social-dignitat-i-prosperitat-per-a-eivissa-vicent-rosello-presenta-el-servei-gratuit-del-psoe-per-ajudar-les-persones-migrants-a-formalitzar-la-s\/"},"wordCount":1031,"publisher":{"@id":"https:\/\/www.psib-psoe.org\/eivissa\/#organization"},"image":{"@id":"https:\/\/www.psib-psoe.org\/eivissa\/la-regularitzacio-es-justicia-social-dignitat-i-prosperitat-per-a-eivissa-vicent-rosello-presenta-el-servei-gratuit-del-psoe-per-ajudar-les-persones-migrants-a-formalitzar-la-s\/#primaryimage"},"thumbnailUrl":"https:\/\/www.psib-psoe.org\/eivissa\/wp-content\/uploads\/img_5453.jpg","articleSection":["Federaci\u00f3 d'Eivissa - Portada","FSE-PSOE"],"inLanguage":"ca"},{"@type":"WebPage","@id":"https:\/\/www.psib-psoe.org\/eivissa\/la-regularitzacio-es-justicia-social-dignitat-i-prosperitat-per-a-eivissa-vicent-rosello-presenta-el-servei-gratuit-del-psoe-per-ajudar-les-persones-migrants-a-formalitzar-la-s\/","url":"https:\/\/www.psib-psoe.org\/eivissa\/la-regularitzacio-es-justicia-social-dignitat-i-prosperitat-per-a-eivissa-vicent-rosello-presenta-el-servei-gratuit-del-psoe-per-ajudar-les-persones-migrants-a-formalitzar-la-s\/","name":"\u201cLa regularitzaci\u00f3 \u00e9s just\u00edcia social, dignitat i prosperitat per a Eivissa\u201d\u00a0Vicent Rosell\u00f3 presenta el servei gratu\u00eft del PSOE per ajudar les persones migrants a formalitzar la seua resid\u00e8ncia a la nostra illa - Federaci\u00f3 Socialista d&#039;Eivissa","isPartOf":{"@id":"https:\/\/www.psib-psoe.org\/eivissa\/#website"},"primaryImageOfPage":{"@id":"https:\/\/www.psib-psoe.org\/eivissa\/la-regularitzacio-es-justicia-social-dignitat-i-prosperitat-per-a-eivissa-vicent-rosello-presenta-el-servei-gratuit-del-psoe-per-ajudar-les-persones-migrants-a-formalitzar-la-s\/#primaryimage"},"image":{"@id":"https:\/\/www.psib-psoe.org\/eivissa\/la-regularitzacio-es-justicia-social-dignitat-i-prosperitat-per-a-eivissa-vicent-rosello-presenta-el-servei-gratuit-del-psoe-per-ajudar-les-persones-migrants-a-formalitzar-la-s\/#primaryimage"},"thumbnailUrl":"https:\/\/www.psib-psoe.org\/eivissa\/wp-content\/uploads\/img_5453.jpg","datePublished":"2026-04-27T16:54:18+00:00","breadcrumb":{"@id":"https:\/\/www.psib-psoe.org\/eivissa\/la-regularitzacio-es-justicia-social-dignitat-i-prosperitat-per-a-eivissa-vicent-rosello-presenta-el-servei-gratuit-del-psoe-per-ajudar-les-persones-migrants-a-formalitzar-la-s\/#breadcrumb"},"inLanguage":"ca","potentialAction":[{"@type":"ReadAction","target":["https:\/\/www.psib-psoe.org\/eivissa\/la-regularitzacio-es-justicia-social-dignitat-i-prosperitat-per-a-eivissa-vicent-rosello-presenta-el-servei-gratuit-del-psoe-per-ajudar-les-persones-migrants-a-formalitzar-la-s\/"]}]},{"@type":"ImageObject","inLanguage":"ca","@id":"https:\/\/www.psib-psoe.org\/eivissa\/la-regularitzacio-es-justicia-social-dignitat-i-prosperitat-per-a-eivissa-vicent-rosello-presenta-el-servei-gratuit-del-psoe-per-ajudar-les-persones-migrants-a-formalitzar-la-s\/#primaryimage","url":"https:\/\/www.psib-psoe.org\/eivissa\/wp-content\/uploads\/img_5453.jpg","contentUrl":"https:\/\/www.psib-psoe.org\/eivissa\/wp-content\/uploads\/img_5453.jpg","width":2000,"height":1500},{"@type":"BreadcrumbList","@id":"https:\/\/www.psib-psoe.org\/eivissa\/la-regularitzacio-es-justicia-social-dignitat-i-prosperitat-per-a-eivissa-vicent-rosello-presenta-el-servei-gratuit-del-psoe-per-ajudar-les-persones-migrants-a-formalitzar-la-s\/#breadcrumb","itemListElement":[{"@type":"ListItem","position":1,"name":"Inici","item":"https:\/\/www.psib-psoe.org\/eivissa\/"},{"@type":"ListItem","position":2,"name":"\u201cLa regularitzaci\u00f3 \u00e9s just\u00edcia social, dignitat i prosperitat per a Eivissa\u201d\u00a0Vicent Rosell\u00f3 presenta el servei gratu\u00eft del PSOE per ajudar les persones migrants a formalitzar la seua resid\u00e8ncia a la nostra illa"}]},{"@type":"WebSite","@id":"https:\/\/www.psib-psoe.org\/eivissa\/#website","url":"https:\/\/www.psib-psoe.org\/eivissa\/","name":"Federaci\u00f3 Socialista d'Eivissa","description":"Socialistes d&#039;Eivissa","publisher":{"@id":"https:\/\/www.psib-psoe.org\/eivissa\/#organization"},"potentialAction":[{"@type":"SearchAction","target":{"@type":"EntryPoint","urlTemplate":"https:\/\/www.psib-psoe.org\/eivissa\/?s={search_term_string}"},"query-input":{"@type":"PropertyValueSpecification","valueRequired":true,"valueName":"search_term_string"}}],"inLanguage":"ca"},{"@type":"Organization","@id":"https:\/\/www.psib-psoe.org\/eivissa\/#organization","name":"Federaci\u00f3 Socialista d'Eivissa","url":"https:\/\/www.psib-psoe.org\/eivissa\/","logo":{"@type":"ImageObject","inLanguage":"ca","@id":"https:\/\/www.psib-psoe.org\/eivissa\/#\/schema\/logo\/image\/","url":"https:\/\/www.psib-psoe.org\/eivissa\/wp-content\/uploads\/LOGO-FSE-SOCIALISTA-DEIVISSA-HORI.png","contentUrl":"https:\/\/www.psib-psoe.org\/eivissa\/wp-content\/uploads\/LOGO-FSE-SOCIALISTA-DEIVISSA-HORI.png","width":6000,"height":3104,"caption":"Federaci\u00f3 Socialista d'Eivissa"},"image":{"@id":"https:\/\/www.psib-psoe.org\/eivissa\/#\/schema\/logo\/image\/"}},{"@type":"Person","@id":"https:\/\/www.psib-psoe.org\/eivissa\/#\/schema\/person\/099ab3ef73a3645a1d7f303518e6ce24","name":"adminpsib","url":"https:\/\/www.psib-psoe.org\/eivissa\/author\/adminpsib\/"}]}},"_links":{"self":[{"href":"https:\/\/www.psib-psoe.org\/eivissa\/wp-json\/wp\/v2\/posts\/42188","targetHints":{"allow":["GET"]}}],"collection":[{"href":"https:\/\/www.psib-psoe.org\/eivissa\/wp-json\/wp\/v2\/posts"}],"about":[{"href":"https:\/\/www.psib-psoe.org\/eivissa\/wp-json\/wp\/v2\/types\/post"}],"author":[{"embeddable":true,"href":"https:\/\/www.psib-psoe.org\/eivissa\/wp-json\/wp\/v2\/users\/1"}],"replies":[{"embeddable":true,"href":"https:\/\/www.psib-psoe.org\/eivissa\/wp-json\/wp\/v2\/comments?post=42188"}],"version-history":[{"count":3,"href":"https:\/\/www.psib-psoe.org\/eivissa\/wp-json\/wp\/v2\/posts\/42188\/revisions"}],"predecessor-version":[{"id":42197,"href":"https:\/\/www.psib-psoe.org\/eivissa\/wp-json\/wp\/v2\/posts\/42188\/revisions\/42197"}],"wp:featuredmedia":[{"embeddable":true,"href":"https:\/\/www.psib-psoe.org\/eivissa\/wp-json\/wp\/v2\/media\/42198"}],"wp:attachment":[{"href":"https:\/\/www.psib-psoe.org\/eivissa\/wp-json\/wp\/v2\/media?parent=42188"}],"wp:term":[{"taxonomy":"category","embeddable":true,"href":"https:\/\/www.psib-psoe.org\/eivissa\/wp-json\/wp\/v2\/categories?post=42188"},{"taxonomy":"post_tag","embeddable":true,"href":"https:\/\/www.psib-psoe.org\/eivissa\/wp-json\/wp\/v2\/tags?post=42188"}],"curies":[{"name":"wp","href":"https:\/\/api.w.org\/{rel}","templated":true}]}}