{"id":42190,"date":"2026-04-27T13:04:52","date_gmt":"2026-04-27T11:04:52","guid":{"rendered":"https:\/\/www.psib-psoe.org\/eivissa\/?p=42190"},"modified":"2026-04-27T13:36:11","modified_gmt":"2026-04-27T11:36:11","slug":"el-psoe-denuncia-una-nova-jornada-caotica-en-el-transport-escolar-amb-desenes-destudiants-tirats-a-les-parades-mentre-vicent-mari-i-mariano-juan-continuen-sense-assumir-responsabilitats","status":"publish","type":"post","link":"https:\/\/www.psib-psoe.org\/eivissa\/el-psoe-denuncia-una-nova-jornada-caotica-en-el-transport-escolar-amb-desenes-destudiants-tirats-a-les-parades-mentre-vicent-mari-i-mariano-juan-continuen-sense-assumir-responsabilitats\/","title":{"rendered":"El PSOE denuncia una nova jornada ca\u00f2tica en el transport escolar, amb desenes d\u2019estudiants tirats a les parades, mentre Vicent Mar\u00ed i Mariano Juan continuen sense assumir responsabilitats"},"content":{"rendered":"<p>El Grup Socialista al Consell Insular d\u2019Eivissa vol denunciar la greu situaci\u00f3 viscuda aquest mat\u00ed, en qu\u00e8 desenes d\u2019alumnes de diversos instituts de l\u2019illa han tornat a quedar-se sense servei de transport escolar, evidenciant el frac\u00e0s en la gesti\u00f3 del nou servei de transport del Consell Insular presidit per Vicent Mar\u00ed i gestionat pel conseller Mariano Juan. La desastrosa posada en marxa del servei p\u00fablic de transport tamb\u00e9 est\u00e0 repercutint en el transport escolar, ja que els vehicles i conductors s\u00f3n compartits entre tots dos serveis.<\/p>\n<p>Estudiants de l\u2019IES Sa Serra i de l\u2019IES Sa Blanca Dona han estat abandonats a les parades de zones com Sant Rafel, Can Tom\u00e0s, ses Pa\u00efsses i ses Figueretes, sense cap alternativa ni cap tipus d\u2019informaci\u00f3. Parlam de menors d\u2019edat deixats abandonats, en una situaci\u00f3 totalment inacceptable que ha generat angoixa i indefensi\u00f3 tant entre els alumnes com entre les seues fam\u00edlies.<\/p>\n<p>La conseq\u00fc\u00e8ncia directa d\u2019aquest desgavell ha estat que nombrosos pares i mares s\u2019han vist obligats a anar de manera precipitada recollir els seus fills i filles i garantir que arribassin als centres educatius.<\/p>\n<p>A aix\u00f2 s\u2019hi suma que algunes rutes de transport regular, com \u00e9s la que cobria la zona de Cala de Bou i donava servei a l\u2019IES Sant Agust\u00ed, amb la posada en marxa del nou servei s\u2019han deixat de prestar, i moltes altres incid\u00e8ncies com incompliment d&#8217;horaris i falta d&#8217;informaci\u00f3.<\/p>\n<p>Aquest nou episodi no \u00e9s un fet puntual, sin\u00f3 la confirmaci\u00f3 d\u2019un problema estructural que el Grup PSOE ja va advertir des de l\u2019inici de la nova contracta de transport. El passat 1 d\u2019abril, coincidint amb la seua posada en marxa, m\u00e9s de 200 alumnes es varen veure afectats per incid\u00e8ncies similars que impediren l\u2019arribada a classe en condicions normals. Des d\u2019aleshores, el Grup Socialista ha registrat preguntes, requeriments i den\u00fancies p\u00fabliques exigint mesures correctores immediates.<\/p>\n<p>Despr\u00e9s de 27 dies des de la posada en marxa del nou servei, l\u2019equip de govern del PP no ha estat capa\u00e7 de garantir el correcte funcionament del transport regular, que tamb\u00e9 est\u00e0 afectant les l\u00ecnies de transport escolar. Aquesta reiteraci\u00f3 d\u2019errors posa de manifest una falta absoluta de planificaci\u00f3, supervisi\u00f3 i control sobre l\u2019empresa concession\u00e0ria, aix\u00ed com una deixadesa pol\u00edtica inadmissible en la gesti\u00f3 d\u2019un servei essencial.<\/p>\n<p>El conseller socialista V\u00edctor Torres ha set contundent: \u201cEl que ha passat avui \u00e9s absolutament inacceptable. No podem permetre que menors quedin abandonats a les parades\u201d. El Consell Insular d\u2019Eivissa t\u00e9 totes les compet\u00e8ncies en mat\u00e8ria de transport terrestre: \u201cAqu\u00ed no hi ha excuses possibles. El Consell ha dissenyat aquest servei, l\u2019ha adjudicat i t\u00e9 l\u2019obligaci\u00f3 de controlar-lo i que no afecti al transport escolar. Si falla, la responsabilitat \u00e9s pol\u00edtica i t\u00e9 noms i cognoms\u201d.<\/p>\n<p>En aquest sentit, ha assenyalat directament els responsables de l\u2019actual situaci\u00f3: \u201cEl conseller Mariano Juan \u00e9s el responsable directe de la gesti\u00f3 i el president Vicent Mar\u00ed \u00e9s el m\u00e0xim responsable pol\u00edtic. No poden continuar amagant-se darrere l\u2019empresa concession\u00e0ria mentre el servei fa aig\u00fces\u201d.<\/p>\n<p>A m\u00e9s, ha advertit de l\u2019escenari immediat: \u201cTot just comen\u00e7a la temporada i la pressi\u00f3 sobre el transport nom\u00e9s anir\u00e0 a m\u00e9s. Si ara ja hi ha col\u00b7lapses, qu\u00e8 passar\u00e0 a partir de l\u20191 de maig amb l\u2019increment de la demanda cap a platges i zones d\u2019oci? <\/p>\n<p>Finalment, Torres ha tornat a exigir responsabilitats: \u201cNo n\u2019hi ha prou amb anunciar sancions a l\u2019empresa. Aix\u00f2 \u00e9s intentar tapar el problema. Quan els errors es repeteixen i afecten un servei essencial com el transport escolar, estam davant un frac\u00e0s de gesti\u00f3 pol\u00edtica. Exigim que Mariano Juan i Vicent Mar\u00ed donin explicacions immediates i assumeixin responsabilitats. Les fam\u00edlies d\u2019Eivissa no mereixen aquest desgavell ni aquesta falta de respecte\u201d.<\/p>\n","protected":false},"excerpt":{"rendered":"<p>El Grup Socialista al Consell Insular d\u2019Eivissa vol denunciar la greu situaci\u00f3 viscuda aquest mat\u00ed, en qu\u00e8 desenes d\u2019alumnes de diversos instituts de l\u2019illa han tornat a quedar-se sense servei de transport escolar, evidenciant el frac\u00e0s en la gesti\u00f3 del nou servei de transport del Consell Insular presidit per Vicent Mar\u00ed i gestionat pel conseller&hellip;<\/p>\n","protected":false},"author":1,"featured_media":42115,"comment_status":"closed","ping_status":"closed","sticky":false,"template":"","format":"standard","meta":{"footnotes":""},"categories":[192,1],"tags":[],"class_list":["post-42190","post","type-post","status-publish","format-standard","has-post-thumbnail","hentry","category-consell-deivissa","category-federacio-de-eivissa-portada"],"yoast_head":"<!-- This site is optimized with the Yoast SEO plugin v26.9 - https:\/\/yoast.com\/product\/yoast-seo-wordpress\/ -->\n<title>El PSOE denuncia una nova jornada ca\u00f2tica en el transport escolar, amb desenes d\u2019estudiants tirats a les parades, mentre Vicent Mar\u00ed i Mariano Juan continuen sense assumir responsabilitats - Federaci\u00f3 Socialista d&#039;Eivissa<\/title>\n<meta name=\"robots\" content=\"index, follow, max-snippet:-1, max-image-preview:large, max-video-preview:-1\" \/>\n<link rel=\"canonical\" href=\"https:\/\/www.psib-psoe.org\/eivissa\/el-psoe-denuncia-una-nova-jornada-caotica-en-el-transport-escolar-amb-desenes-destudiants-tirats-a-les-parades-mentre-vicent-mari-i-mariano-juan-continuen-sense-assumir-responsabilitats\/\" \/>\n<meta property=\"og:locale\" content=\"ca_ES\" \/>\n<meta property=\"og:type\" content=\"article\" \/>\n<meta property=\"og:title\" content=\"El PSOE denuncia una nova jornada ca\u00f2tica en el transport escolar, amb desenes d\u2019estudiants tirats a les parades, mentre Vicent Mar\u00ed i Mariano Juan continuen sense assumir responsabilitats - Federaci\u00f3 Socialista d&#039;Eivissa\" \/>\n<meta property=\"og:description\" content=\"El Grup Socialista al Consell Insular d\u2019Eivissa vol denunciar la greu situaci\u00f3 viscuda aquest mat\u00ed, en qu\u00e8 desenes d\u2019alumnes de diversos instituts de l\u2019illa han tornat a quedar-se sense servei de transport escolar, evidenciant el frac\u00e0s en la gesti\u00f3 del nou servei de transport del Consell Insular presidit per Vicent Mar\u00ed i gestionat pel conseller&hellip;\" \/>\n<meta property=\"og:url\" content=\"https:\/\/www.psib-psoe.org\/eivissa\/el-psoe-denuncia-una-nova-jornada-caotica-en-el-transport-escolar-amb-desenes-destudiants-tirats-a-les-parades-mentre-vicent-mari-i-mariano-juan-continuen-sense-assumir-responsabilitats\/\" \/>\n<meta property=\"og:site_name\" content=\"Federaci\u00f3 Socialista d&#039;Eivissa\" \/>\n<meta property=\"article:published_time\" content=\"2026-04-27T11:04:52+00:00\" \/>\n<meta property=\"article:modified_time\" content=\"2026-04-27T11:36:11+00:00\" \/>\n<meta property=\"og:image\" content=\"https:\/\/www.psib-psoe.org\/eivissa\/wp-content\/uploads\/nous-autobusos9-1-scaled.jpg\" \/>\n\t<meta property=\"og:image:width\" content=\"2560\" \/>\n\t<meta property=\"og:image:height\" content=\"1920\" \/>\n\t<meta property=\"og:image:type\" content=\"image\/jpeg\" \/>\n<meta name=\"author\" content=\"adminpsib\" \/>\n<meta name=\"twitter:card\" content=\"summary_large_image\" \/>\n<meta name=\"twitter:label1\" content=\"Escrit per\" \/>\n\t<meta name=\"twitter:data1\" content=\"adminpsib\" \/>\n\t<meta name=\"twitter:label2\" content=\"Temps estimat de lectura\" \/>\n\t<meta name=\"twitter:data2\" content=\"4 minuts\" \/>\n<script type=\"application\/ld+json\" class=\"yoast-schema-graph\">{\"@context\":\"https:\/\/schema.org\",\"@graph\":[{\"@type\":[\"Article\",\"BlogPosting\"],\"@id\":\"https:\/\/www.psib-psoe.org\/eivissa\/el-psoe-denuncia-una-nova-jornada-caotica-en-el-transport-escolar-amb-desenes-destudiants-tirats-a-les-parades-mentre-vicent-mari-i-mariano-juan-continuen-sense-assumir-responsabilitats\/#article\",\"isPartOf\":{\"@id\":\"https:\/\/www.psib-psoe.org\/eivissa\/el-psoe-denuncia-una-nova-jornada-caotica-en-el-transport-escolar-amb-desenes-destudiants-tirats-a-les-parades-mentre-vicent-mari-i-mariano-juan-continuen-sense-assumir-responsabilitats\/\"},\"author\":{\"name\":\"adminpsib\",\"@id\":\"https:\/\/www.psib-psoe.org\/eivissa\/#\/schema\/person\/099ab3ef73a3645a1d7f303518e6ce24\"},\"headline\":\"El PSOE denuncia una nova jornada ca\u00f2tica en el transport escolar, amb desenes d\u2019estudiants tirats a les parades, mentre Vicent Mar\u00ed i Mariano Juan continuen sense assumir responsabilitats\",\"datePublished\":\"2026-04-27T11:04:52+00:00\",\"dateModified\":\"2026-04-27T11:36:11+00:00\",\"mainEntityOfPage\":{\"@id\":\"https:\/\/www.psib-psoe.org\/eivissa\/el-psoe-denuncia-una-nova-jornada-caotica-en-el-transport-escolar-amb-desenes-destudiants-tirats-a-les-parades-mentre-vicent-mari-i-mariano-juan-continuen-sense-assumir-responsabilitats\/\"},\"wordCount\":701,\"publisher\":{\"@id\":\"https:\/\/www.psib-psoe.org\/eivissa\/#organization\"},\"image\":{\"@id\":\"https:\/\/www.psib-psoe.org\/eivissa\/el-psoe-denuncia-una-nova-jornada-caotica-en-el-transport-escolar-amb-desenes-destudiants-tirats-a-les-parades-mentre-vicent-mari-i-mariano-juan-continuen-sense-assumir-responsabilitats\/#primaryimage\"},\"thumbnailUrl\":\"https:\/\/www.psib-psoe.org\/eivissa\/wp-content\/uploads\/nous-autobusos9-1-scaled.jpg\",\"articleSection\":[\"Consell d'Eivissa\",\"Federaci\u00f3 d'Eivissa - Portada\"],\"inLanguage\":\"ca\"},{\"@type\":\"WebPage\",\"@id\":\"https:\/\/www.psib-psoe.org\/eivissa\/el-psoe-denuncia-una-nova-jornada-caotica-en-el-transport-escolar-amb-desenes-destudiants-tirats-a-les-parades-mentre-vicent-mari-i-mariano-juan-continuen-sense-assumir-responsabilitats\/\",\"url\":\"https:\/\/www.psib-psoe.org\/eivissa\/el-psoe-denuncia-una-nova-jornada-caotica-en-el-transport-escolar-amb-desenes-destudiants-tirats-a-les-parades-mentre-vicent-mari-i-mariano-juan-continuen-sense-assumir-responsabilitats\/\",\"name\":\"El PSOE denuncia una nova jornada ca\u00f2tica en el transport escolar, amb desenes d\u2019estudiants tirats a les parades, mentre Vicent Mar\u00ed i Mariano Juan continuen sense assumir responsabilitats - Federaci\u00f3 Socialista d&#039;Eivissa\",\"isPartOf\":{\"@id\":\"https:\/\/www.psib-psoe.org\/eivissa\/#website\"},\"primaryImageOfPage\":{\"@id\":\"https:\/\/www.psib-psoe.org\/eivissa\/el-psoe-denuncia-una-nova-jornada-caotica-en-el-transport-escolar-amb-desenes-destudiants-tirats-a-les-parades-mentre-vicent-mari-i-mariano-juan-continuen-sense-assumir-responsabilitats\/#primaryimage\"},\"image\":{\"@id\":\"https:\/\/www.psib-psoe.org\/eivissa\/el-psoe-denuncia-una-nova-jornada-caotica-en-el-transport-escolar-amb-desenes-destudiants-tirats-a-les-parades-mentre-vicent-mari-i-mariano-juan-continuen-sense-assumir-responsabilitats\/#primaryimage\"},\"thumbnailUrl\":\"https:\/\/www.psib-psoe.org\/eivissa\/wp-content\/uploads\/nous-autobusos9-1-scaled.jpg\",\"datePublished\":\"2026-04-27T11:04:52+00:00\",\"dateModified\":\"2026-04-27T11:36:11+00:00\",\"breadcrumb\":{\"@id\":\"https:\/\/www.psib-psoe.org\/eivissa\/el-psoe-denuncia-una-nova-jornada-caotica-en-el-transport-escolar-amb-desenes-destudiants-tirats-a-les-parades-mentre-vicent-mari-i-mariano-juan-continuen-sense-assumir-responsabilitats\/#breadcrumb\"},\"inLanguage\":\"ca\",\"potentialAction\":[{\"@type\":\"ReadAction\",\"target\":[\"https:\/\/www.psib-psoe.org\/eivissa\/el-psoe-denuncia-una-nova-jornada-caotica-en-el-transport-escolar-amb-desenes-destudiants-tirats-a-les-parades-mentre-vicent-mari-i-mariano-juan-continuen-sense-assumir-responsabilitats\/\"]}]},{\"@type\":\"ImageObject\",\"inLanguage\":\"ca\",\"@id\":\"https:\/\/www.psib-psoe.org\/eivissa\/el-psoe-denuncia-una-nova-jornada-caotica-en-el-transport-escolar-amb-desenes-destudiants-tirats-a-les-parades-mentre-vicent-mari-i-mariano-juan-continuen-sense-assumir-responsabilitats\/#primaryimage\",\"url\":\"https:\/\/www.psib-psoe.org\/eivissa\/wp-content\/uploads\/nous-autobusos9-1-scaled.jpg\",\"contentUrl\":\"https:\/\/www.psib-psoe.org\/eivissa\/wp-content\/uploads\/nous-autobusos9-1-scaled.jpg\",\"width\":2560,\"height\":1920},{\"@type\":\"BreadcrumbList\",\"@id\":\"https:\/\/www.psib-psoe.org\/eivissa\/el-psoe-denuncia-una-nova-jornada-caotica-en-el-transport-escolar-amb-desenes-destudiants-tirats-a-les-parades-mentre-vicent-mari-i-mariano-juan-continuen-sense-assumir-responsabilitats\/#breadcrumb\",\"itemListElement\":[{\"@type\":\"ListItem\",\"position\":1,\"name\":\"Inici\",\"item\":\"https:\/\/www.psib-psoe.org\/eivissa\/\"},{\"@type\":\"ListItem\",\"position\":2,\"name\":\"El PSOE denuncia una nova jornada ca\u00f2tica en el transport escolar, amb desenes d\u2019estudiants tirats a les parades, mentre Vicent Mar\u00ed i Mariano Juan continuen sense assumir responsabilitats\"}]},{\"@type\":\"WebSite\",\"@id\":\"https:\/\/www.psib-psoe.org\/eivissa\/#website\",\"url\":\"https:\/\/www.psib-psoe.org\/eivissa\/\",\"name\":\"Federaci\u00f3 Socialista d'Eivissa\",\"description\":\"Socialistes d&#039;Eivissa\",\"publisher\":{\"@id\":\"https:\/\/www.psib-psoe.org\/eivissa\/#organization\"},\"potentialAction\":[{\"@type\":\"SearchAction\",\"target\":{\"@type\":\"EntryPoint\",\"urlTemplate\":\"https:\/\/www.psib-psoe.org\/eivissa\/?s={search_term_string}\"},\"query-input\":{\"@type\":\"PropertyValueSpecification\",\"valueRequired\":true,\"valueName\":\"search_term_string\"}}],\"inLanguage\":\"ca\"},{\"@type\":\"Organization\",\"@id\":\"https:\/\/www.psib-psoe.org\/eivissa\/#organization\",\"name\":\"Federaci\u00f3 Socialista d'Eivissa\",\"url\":\"https:\/\/www.psib-psoe.org\/eivissa\/\",\"logo\":{\"@type\":\"ImageObject\",\"inLanguage\":\"ca\",\"@id\":\"https:\/\/www.psib-psoe.org\/eivissa\/#\/schema\/logo\/image\/\",\"url\":\"https:\/\/www.psib-psoe.org\/eivissa\/wp-content\/uploads\/LOGO-FSE-SOCIALISTA-DEIVISSA-HORI.png\",\"contentUrl\":\"https:\/\/www.psib-psoe.org\/eivissa\/wp-content\/uploads\/LOGO-FSE-SOCIALISTA-DEIVISSA-HORI.png\",\"width\":6000,\"height\":3104,\"caption\":\"Federaci\u00f3 Socialista d'Eivissa\"},\"image\":{\"@id\":\"https:\/\/www.psib-psoe.org\/eivissa\/#\/schema\/logo\/image\/\"}},{\"@type\":\"Person\",\"@id\":\"https:\/\/www.psib-psoe.org\/eivissa\/#\/schema\/person\/099ab3ef73a3645a1d7f303518e6ce24\",\"name\":\"adminpsib\",\"url\":\"https:\/\/www.psib-psoe.org\/eivissa\/author\/adminpsib\/\"}]}<\/script>\n<!-- \/ Yoast SEO plugin. -->","yoast_head_json":{"title":"El PSOE denuncia una nova jornada ca\u00f2tica en el transport escolar, amb desenes d\u2019estudiants tirats a les parades, mentre Vicent Mar\u00ed i Mariano Juan continuen sense assumir responsabilitats - Federaci\u00f3 Socialista d&#039;Eivissa","robots":{"index":"index","follow":"follow","max-snippet":"max-snippet:-1","max-image-preview":"max-image-preview:large","max-video-preview":"max-video-preview:-1"},"canonical":"https:\/\/www.psib-psoe.org\/eivissa\/el-psoe-denuncia-una-nova-jornada-caotica-en-el-transport-escolar-amb-desenes-destudiants-tirats-a-les-parades-mentre-vicent-mari-i-mariano-juan-continuen-sense-assumir-responsabilitats\/","og_locale":"ca_ES","og_type":"article","og_title":"El PSOE denuncia una nova jornada ca\u00f2tica en el transport escolar, amb desenes d\u2019estudiants tirats a les parades, mentre Vicent Mar\u00ed i Mariano Juan continuen sense assumir responsabilitats - Federaci\u00f3 Socialista d&#039;Eivissa","og_description":"El Grup Socialista al Consell Insular d\u2019Eivissa vol denunciar la greu situaci\u00f3 viscuda aquest mat\u00ed, en qu\u00e8 desenes d\u2019alumnes de diversos instituts de l\u2019illa han tornat a quedar-se sense servei de transport escolar, evidenciant el frac\u00e0s en la gesti\u00f3 del nou servei de transport del Consell Insular presidit per Vicent Mar\u00ed i gestionat pel conseller&hellip;","og_url":"https:\/\/www.psib-psoe.org\/eivissa\/el-psoe-denuncia-una-nova-jornada-caotica-en-el-transport-escolar-amb-desenes-destudiants-tirats-a-les-parades-mentre-vicent-mari-i-mariano-juan-continuen-sense-assumir-responsabilitats\/","og_site_name":"Federaci\u00f3 Socialista d&#039;Eivissa","article_published_time":"2026-04-27T11:04:52+00:00","article_modified_time":"2026-04-27T11:36:11+00:00","og_image":[{"width":2560,"height":1920,"url":"https:\/\/www.psib-psoe.org\/eivissa\/wp-content\/uploads\/nous-autobusos9-1-scaled.jpg","type":"image\/jpeg"}],"author":"adminpsib","twitter_card":"summary_large_image","twitter_misc":{"Escrit per":"adminpsib","Temps estimat de lectura":"4 minuts"},"schema":{"@context":"https:\/\/schema.org","@graph":[{"@type":["Article","BlogPosting"],"@id":"https:\/\/www.psib-psoe.org\/eivissa\/el-psoe-denuncia-una-nova-jornada-caotica-en-el-transport-escolar-amb-desenes-destudiants-tirats-a-les-parades-mentre-vicent-mari-i-mariano-juan-continuen-sense-assumir-responsabilitats\/#article","isPartOf":{"@id":"https:\/\/www.psib-psoe.org\/eivissa\/el-psoe-denuncia-una-nova-jornada-caotica-en-el-transport-escolar-amb-desenes-destudiants-tirats-a-les-parades-mentre-vicent-mari-i-mariano-juan-continuen-sense-assumir-responsabilitats\/"},"author":{"name":"adminpsib","@id":"https:\/\/www.psib-psoe.org\/eivissa\/#\/schema\/person\/099ab3ef73a3645a1d7f303518e6ce24"},"headline":"El PSOE denuncia una nova jornada ca\u00f2tica en el transport escolar, amb desenes d\u2019estudiants tirats a les parades, mentre Vicent Mar\u00ed i Mariano Juan continuen sense assumir responsabilitats","datePublished":"2026-04-27T11:04:52+00:00","dateModified":"2026-04-27T11:36:11+00:00","mainEntityOfPage":{"@id":"https:\/\/www.psib-psoe.org\/eivissa\/el-psoe-denuncia-una-nova-jornada-caotica-en-el-transport-escolar-amb-desenes-destudiants-tirats-a-les-parades-mentre-vicent-mari-i-mariano-juan-continuen-sense-assumir-responsabilitats\/"},"wordCount":701,"publisher":{"@id":"https:\/\/www.psib-psoe.org\/eivissa\/#organization"},"image":{"@id":"https:\/\/www.psib-psoe.org\/eivissa\/el-psoe-denuncia-una-nova-jornada-caotica-en-el-transport-escolar-amb-desenes-destudiants-tirats-a-les-parades-mentre-vicent-mari-i-mariano-juan-continuen-sense-assumir-responsabilitats\/#primaryimage"},"thumbnailUrl":"https:\/\/www.psib-psoe.org\/eivissa\/wp-content\/uploads\/nous-autobusos9-1-scaled.jpg","articleSection":["Consell d'Eivissa","Federaci\u00f3 d'Eivissa - Portada"],"inLanguage":"ca"},{"@type":"WebPage","@id":"https:\/\/www.psib-psoe.org\/eivissa\/el-psoe-denuncia-una-nova-jornada-caotica-en-el-transport-escolar-amb-desenes-destudiants-tirats-a-les-parades-mentre-vicent-mari-i-mariano-juan-continuen-sense-assumir-responsabilitats\/","url":"https:\/\/www.psib-psoe.org\/eivissa\/el-psoe-denuncia-una-nova-jornada-caotica-en-el-transport-escolar-amb-desenes-destudiants-tirats-a-les-parades-mentre-vicent-mari-i-mariano-juan-continuen-sense-assumir-responsabilitats\/","name":"El PSOE denuncia una nova jornada ca\u00f2tica en el transport escolar, amb desenes d\u2019estudiants tirats a les parades, mentre Vicent Mar\u00ed i Mariano Juan continuen sense assumir responsabilitats - Federaci\u00f3 Socialista d&#039;Eivissa","isPartOf":{"@id":"https:\/\/www.psib-psoe.org\/eivissa\/#website"},"primaryImageOfPage":{"@id":"https:\/\/www.psib-psoe.org\/eivissa\/el-psoe-denuncia-una-nova-jornada-caotica-en-el-transport-escolar-amb-desenes-destudiants-tirats-a-les-parades-mentre-vicent-mari-i-mariano-juan-continuen-sense-assumir-responsabilitats\/#primaryimage"},"image":{"@id":"https:\/\/www.psib-psoe.org\/eivissa\/el-psoe-denuncia-una-nova-jornada-caotica-en-el-transport-escolar-amb-desenes-destudiants-tirats-a-les-parades-mentre-vicent-mari-i-mariano-juan-continuen-sense-assumir-responsabilitats\/#primaryimage"},"thumbnailUrl":"https:\/\/www.psib-psoe.org\/eivissa\/wp-content\/uploads\/nous-autobusos9-1-scaled.jpg","datePublished":"2026-04-27T11:04:52+00:00","dateModified":"2026-04-27T11:36:11+00:00","breadcrumb":{"@id":"https:\/\/www.psib-psoe.org\/eivissa\/el-psoe-denuncia-una-nova-jornada-caotica-en-el-transport-escolar-amb-desenes-destudiants-tirats-a-les-parades-mentre-vicent-mari-i-mariano-juan-continuen-sense-assumir-responsabilitats\/#breadcrumb"},"inLanguage":"ca","potentialAction":[{"@type":"ReadAction","target":["https:\/\/www.psib-psoe.org\/eivissa\/el-psoe-denuncia-una-nova-jornada-caotica-en-el-transport-escolar-amb-desenes-destudiants-tirats-a-les-parades-mentre-vicent-mari-i-mariano-juan-continuen-sense-assumir-responsabilitats\/"]}]},{"@type":"ImageObject","inLanguage":"ca","@id":"https:\/\/www.psib-psoe.org\/eivissa\/el-psoe-denuncia-una-nova-jornada-caotica-en-el-transport-escolar-amb-desenes-destudiants-tirats-a-les-parades-mentre-vicent-mari-i-mariano-juan-continuen-sense-assumir-responsabilitats\/#primaryimage","url":"https:\/\/www.psib-psoe.org\/eivissa\/wp-content\/uploads\/nous-autobusos9-1-scaled.jpg","contentUrl":"https:\/\/www.psib-psoe.org\/eivissa\/wp-content\/uploads\/nous-autobusos9-1-scaled.jpg","width":2560,"height":1920},{"@type":"BreadcrumbList","@id":"https:\/\/www.psib-psoe.org\/eivissa\/el-psoe-denuncia-una-nova-jornada-caotica-en-el-transport-escolar-amb-desenes-destudiants-tirats-a-les-parades-mentre-vicent-mari-i-mariano-juan-continuen-sense-assumir-responsabilitats\/#breadcrumb","itemListElement":[{"@type":"ListItem","position":1,"name":"Inici","item":"https:\/\/www.psib-psoe.org\/eivissa\/"},{"@type":"ListItem","position":2,"name":"El PSOE denuncia una nova jornada ca\u00f2tica en el transport escolar, amb desenes d\u2019estudiants tirats a les parades, mentre Vicent Mar\u00ed i Mariano Juan continuen sense assumir responsabilitats"}]},{"@type":"WebSite","@id":"https:\/\/www.psib-psoe.org\/eivissa\/#website","url":"https:\/\/www.psib-psoe.org\/eivissa\/","name":"Federaci\u00f3 Socialista d'Eivissa","description":"Socialistes d&#039;Eivissa","publisher":{"@id":"https:\/\/www.psib-psoe.org\/eivissa\/#organization"},"potentialAction":[{"@type":"SearchAction","target":{"@type":"EntryPoint","urlTemplate":"https:\/\/www.psib-psoe.org\/eivissa\/?s={search_term_string}"},"query-input":{"@type":"PropertyValueSpecification","valueRequired":true,"valueName":"search_term_string"}}],"inLanguage":"ca"},{"@type":"Organization","@id":"https:\/\/www.psib-psoe.org\/eivissa\/#organization","name":"Federaci\u00f3 Socialista d'Eivissa","url":"https:\/\/www.psib-psoe.org\/eivissa\/","logo":{"@type":"ImageObject","inLanguage":"ca","@id":"https:\/\/www.psib-psoe.org\/eivissa\/#\/schema\/logo\/image\/","url":"https:\/\/www.psib-psoe.org\/eivissa\/wp-content\/uploads\/LOGO-FSE-SOCIALISTA-DEIVISSA-HORI.png","contentUrl":"https:\/\/www.psib-psoe.org\/eivissa\/wp-content\/uploads\/LOGO-FSE-SOCIALISTA-DEIVISSA-HORI.png","width":6000,"height":3104,"caption":"Federaci\u00f3 Socialista d'Eivissa"},"image":{"@id":"https:\/\/www.psib-psoe.org\/eivissa\/#\/schema\/logo\/image\/"}},{"@type":"Person","@id":"https:\/\/www.psib-psoe.org\/eivissa\/#\/schema\/person\/099ab3ef73a3645a1d7f303518e6ce24","name":"adminpsib","url":"https:\/\/www.psib-psoe.org\/eivissa\/author\/adminpsib\/"}]}},"_links":{"self":[{"href":"https:\/\/www.psib-psoe.org\/eivissa\/wp-json\/wp\/v2\/posts\/42190","targetHints":{"allow":["GET"]}}],"collection":[{"href":"https:\/\/www.psib-psoe.org\/eivissa\/wp-json\/wp\/v2\/posts"}],"about":[{"href":"https:\/\/www.psib-psoe.org\/eivissa\/wp-json\/wp\/v2\/types\/post"}],"author":[{"embeddable":true,"href":"https:\/\/www.psib-psoe.org\/eivissa\/wp-json\/wp\/v2\/users\/1"}],"replies":[{"embeddable":true,"href":"https:\/\/www.psib-psoe.org\/eivissa\/wp-json\/wp\/v2\/comments?post=42190"}],"version-history":[{"count":5,"href":"https:\/\/www.psib-psoe.org\/eivissa\/wp-json\/wp\/v2\/posts\/42190\/revisions"}],"predecessor-version":[{"id":42195,"href":"https:\/\/www.psib-psoe.org\/eivissa\/wp-json\/wp\/v2\/posts\/42190\/revisions\/42195"}],"wp:featuredmedia":[{"embeddable":true,"href":"https:\/\/www.psib-psoe.org\/eivissa\/wp-json\/wp\/v2\/media\/42115"}],"wp:attachment":[{"href":"https:\/\/www.psib-psoe.org\/eivissa\/wp-json\/wp\/v2\/media?parent=42190"}],"wp:term":[{"taxonomy":"category","embeddable":true,"href":"https:\/\/www.psib-psoe.org\/eivissa\/wp-json\/wp\/v2\/categories?post=42190"},{"taxonomy":"post_tag","embeddable":true,"href":"https:\/\/www.psib-psoe.org\/eivissa\/wp-json\/wp\/v2\/tags?post=42190"}],"curies":[{"name":"wp","href":"https:\/\/api.w.org\/{rel}","templated":true}]}}