{"id":42200,"date":"2026-04-28T10:36:26","date_gmt":"2026-04-28T08:36:26","guid":{"rendered":"https:\/\/www.psib-psoe.org\/eivissa\/?p=42200"},"modified":"2026-04-28T10:36:26","modified_gmt":"2026-04-28T08:36:26","slug":"el-psoe-de-sant-antoni-responsabilitza-marcos-serra-del-caos-que-varen-patir-els-vesins-de-can-bonet-durant-la-festa-dobertura-de-la-discoteca-que-hi-ha-a-la-zona","status":"publish","type":"post","link":"https:\/\/www.psib-psoe.org\/eivissa\/el-psoe-de-sant-antoni-responsabilitza-marcos-serra-del-caos-que-varen-patir-els-vesins-de-can-bonet-durant-la-festa-dobertura-de-la-discoteca-que-hi-ha-a-la-zona\/","title":{"rendered":"El PSOE de Sant Antoni responsabilitza Marcos Serra del caos que varen patir els vesins de Can Bonet durant la festa d\u2019obertura de la discoteca que hi ha a la zona"},"content":{"rendered":"\n<p>El Grup Municipal Socialista de Sant Antoni de Portmany vol expressar la seva total indignaci\u00f3 i el seu suport incondicional als residents a Can Bonet, despr\u00e9s dels incidents i mol\u00e8sties registrades durant la festa d&#8217;obertura de la discoteca que hi a les proximitats del barri.<\/p>\n\n\n\n<p>El PSOE denuncia que la festa va suposar una jornada de caos de tr\u00e0nsit, nivells de remors inacceptables i comportaments inc\u00edvics en plena via p\u00fablica, que van transformar un barri tradicionalment tranquil en un escenari de desordre que els vesins no haurien de suportar.<\/p>\n\n\n\n<p>Per al Grup Socialista, el que va passar a Can Bonet no \u00e9s un fet a\u00efllat, sin\u00f3 la conseq\u00fc\u00e8ncia directa d&#8217;una pol\u00edtica municipal de l\u2019alcalde del PP, Marcos Serra, que prioritza els interessos de les grans empreses d&#8217;oci per damunt del benestar de la ciutadania.<\/p>\n\n\n\n<p>El grup municipal considera inadmissible que l&#8217;ajuntament permeti i fomenti la instal\u00b7laci\u00f3 d&#8217;establiments d&#8217;aquest abast en nuclis residencials. Can Bonet \u00e9s un barri on viuen fam\u00edlies, no un recinte firal ni una prolongaci\u00f3 de la zona d&#8217;oci nocturn.<\/p>\n\n\n\n<p>El PSOE subratlla que l&#8217;Associaci\u00f3 de Vesins ja havia manifestat el seu rebuig i la seva preocupaci\u00f3 molt abans de l&#8217;obertura, sense que l&#8217;equip de govern hagi adoptat cap mesura preventiva ni hagi ofert solucions reals.&nbsp;<\/p>\n\n\n\n<p>L&#8217;organitzaci\u00f3 i el control als accessos van ser clarament insuficients per absorbir el flux d&#8217;assistents i la remor va afectar el descans de centenars de fam\u00edlies. Un model de festa i descontrol que, com adverteix el Grup Socialista, s&#8217;est\u00e0 estenent per tot el municipi, envaint \u00e0rees que haurien d&#8217;estar protegides pel seu car\u00e0cter residencial.<\/p>\n\n\n\n<p>El Grup Municipal Socialista exigeix a l&#8217;alcalde i al seu equip de govern una rectificaci\u00f3 immediata. No n&#8217;hi ha prou amb lamentar les mol\u00e8sties; \u00e9s necessari una fiscalitzaci\u00f3 estricta de les llic\u00e8ncies i un pla de seguretat i conviv\u00e8ncia que protegeixi els barris de Sant Antoni.<\/p>\n\n\n\n<p>El PSOE conclou que l&#8217;Ajuntament no pot continuar mirant cap a una altra banda mentre els vesins de Can Bonet veuen com la seva qualitat de vida es degrada per culpa d\u2019una gesti\u00f3 de Marcos Serra que nom\u00e9s es preocupa dels beneficis econ\u00f2mics d\u2019uns pocs.&nbsp;<\/p>\n\n\n\n<p>Sant Antoni es mereix un model de municipi equilibrat, on hi puguin conviure les activitats tur\u00edstiques i l\u2019oci amb el descans i la qualitat de vida de tots els portmanyins i portmanyines. Aix\u00f2 passa per respectar els barris i les persones que hi viuen tot l&#8217;any, una cosa que a Marcos Serra li no ha preocupat mai, fet que confirma la necessitat i la urg\u00e8ncia d\u2019un canvi pol\u00edtic a l\u2019Ajuntament de Sant Antoni.<\/p>\n","protected":false},"excerpt":{"rendered":"<p>El Grup Municipal Socialista de Sant Antoni de Portmany vol expressar la seva total indignaci\u00f3 i el seu suport incondicional als residents a Can Bonet, despr\u00e9s dels incidents i mol\u00e8sties registrades durant la festa d&#8217;obertura de la discoteca que hi a les proximitats del barri. El PSOE denuncia que la festa va suposar una jornada&hellip;<\/p>\n","protected":false},"author":1,"featured_media":42199,"comment_status":"closed","ping_status":"closed","sticky":false,"template":"","format":"standard","meta":{"footnotes":""},"categories":[1,234,188],"tags":[],"class_list":["post-42200","post","type-post","status-publish","format-standard","has-post-thumbnail","hentry","category-federacio-de-eivissa-portada","category-municipis","category-sant-antoni-de-portmany"],"yoast_head":"<!-- This site is optimized with the Yoast SEO plugin v26.9 - https:\/\/yoast.com\/product\/yoast-seo-wordpress\/ -->\n<title>El PSOE de Sant Antoni responsabilitza Marcos Serra del caos que varen patir els vesins de Can Bonet durant la festa d\u2019obertura de la discoteca que hi ha a la zona - Federaci\u00f3 Socialista d&#039;Eivissa<\/title>\n<meta name=\"robots\" content=\"index, follow, max-snippet:-1, max-image-preview:large, max-video-preview:-1\" \/>\n<link rel=\"canonical\" href=\"https:\/\/www.psib-psoe.org\/eivissa\/el-psoe-de-sant-antoni-responsabilitza-marcos-serra-del-caos-que-varen-patir-els-vesins-de-can-bonet-durant-la-festa-dobertura-de-la-discoteca-que-hi-ha-a-la-zona\/\" \/>\n<meta property=\"og:locale\" content=\"ca_ES\" \/>\n<meta property=\"og:type\" content=\"article\" \/>\n<meta property=\"og:title\" content=\"El PSOE de Sant Antoni responsabilitza Marcos Serra del caos que varen patir els vesins de Can Bonet durant la festa d\u2019obertura de la discoteca que hi ha a la zona - Federaci\u00f3 Socialista d&#039;Eivissa\" \/>\n<meta property=\"og:description\" content=\"El Grup Municipal Socialista de Sant Antoni de Portmany vol expressar la seva total indignaci\u00f3 i el seu suport incondicional als residents a Can Bonet, despr\u00e9s dels incidents i mol\u00e8sties registrades durant la festa d&#8217;obertura de la discoteca que hi a les proximitats del barri. El PSOE denuncia que la festa va suposar una jornada&hellip;\" \/>\n<meta property=\"og:url\" content=\"https:\/\/www.psib-psoe.org\/eivissa\/el-psoe-de-sant-antoni-responsabilitza-marcos-serra-del-caos-que-varen-patir-els-vesins-de-can-bonet-durant-la-festa-dobertura-de-la-discoteca-que-hi-ha-a-la-zona\/\" \/>\n<meta property=\"og:site_name\" content=\"Federaci\u00f3 Socialista d&#039;Eivissa\" \/>\n<meta property=\"article:published_time\" content=\"2026-04-28T08:36:26+00:00\" \/>\n<meta property=\"og:image\" content=\"https:\/\/www.psib-psoe.org\/eivissa\/wp-content\/uploads\/img_5462.jpg\" \/>\n\t<meta property=\"og:image:width\" content=\"640\" \/>\n\t<meta property=\"og:image:height\" content=\"360\" \/>\n\t<meta property=\"og:image:type\" content=\"image\/jpeg\" \/>\n<meta name=\"author\" content=\"adminpsib\" \/>\n<meta name=\"twitter:card\" content=\"summary_large_image\" \/>\n<meta name=\"twitter:label1\" content=\"Escrit per\" \/>\n\t<meta name=\"twitter:data1\" content=\"adminpsib\" \/>\n\t<meta name=\"twitter:label2\" content=\"Temps estimat de lectura\" \/>\n\t<meta name=\"twitter:data2\" content=\"2 minuts\" \/>\n<script type=\"application\/ld+json\" class=\"yoast-schema-graph\">{\"@context\":\"https:\/\/schema.org\",\"@graph\":[{\"@type\":[\"Article\",\"BlogPosting\"],\"@id\":\"https:\/\/www.psib-psoe.org\/eivissa\/el-psoe-de-sant-antoni-responsabilitza-marcos-serra-del-caos-que-varen-patir-els-vesins-de-can-bonet-durant-la-festa-dobertura-de-la-discoteca-que-hi-ha-a-la-zona\/#article\",\"isPartOf\":{\"@id\":\"https:\/\/www.psib-psoe.org\/eivissa\/el-psoe-de-sant-antoni-responsabilitza-marcos-serra-del-caos-que-varen-patir-els-vesins-de-can-bonet-durant-la-festa-dobertura-de-la-discoteca-que-hi-ha-a-la-zona\/\"},\"author\":{\"name\":\"adminpsib\",\"@id\":\"https:\/\/www.psib-psoe.org\/eivissa\/#\/schema\/person\/099ab3ef73a3645a1d7f303518e6ce24\"},\"headline\":\"El PSOE de Sant Antoni responsabilitza Marcos Serra del caos que varen patir els vesins de Can Bonet durant la festa d\u2019obertura de la discoteca que hi ha a la zona\",\"datePublished\":\"2026-04-28T08:36:26+00:00\",\"mainEntityOfPage\":{\"@id\":\"https:\/\/www.psib-psoe.org\/eivissa\/el-psoe-de-sant-antoni-responsabilitza-marcos-serra-del-caos-que-varen-patir-els-vesins-de-can-bonet-durant-la-festa-dobertura-de-la-discoteca-que-hi-ha-a-la-zona\/\"},\"wordCount\":486,\"publisher\":{\"@id\":\"https:\/\/www.psib-psoe.org\/eivissa\/#organization\"},\"image\":{\"@id\":\"https:\/\/www.psib-psoe.org\/eivissa\/el-psoe-de-sant-antoni-responsabilitza-marcos-serra-del-caos-que-varen-patir-els-vesins-de-can-bonet-durant-la-festa-dobertura-de-la-discoteca-que-hi-ha-a-la-zona\/#primaryimage\"},\"thumbnailUrl\":\"https:\/\/www.psib-psoe.org\/eivissa\/wp-content\/uploads\/img_5462.jpg\",\"articleSection\":[\"Federaci\u00f3 d'Eivissa - Portada\",\"Municipis\",\"Sant Antoni de Portmany\"],\"inLanguage\":\"ca\"},{\"@type\":\"WebPage\",\"@id\":\"https:\/\/www.psib-psoe.org\/eivissa\/el-psoe-de-sant-antoni-responsabilitza-marcos-serra-del-caos-que-varen-patir-els-vesins-de-can-bonet-durant-la-festa-dobertura-de-la-discoteca-que-hi-ha-a-la-zona\/\",\"url\":\"https:\/\/www.psib-psoe.org\/eivissa\/el-psoe-de-sant-antoni-responsabilitza-marcos-serra-del-caos-que-varen-patir-els-vesins-de-can-bonet-durant-la-festa-dobertura-de-la-discoteca-que-hi-ha-a-la-zona\/\",\"name\":\"El PSOE de Sant Antoni responsabilitza Marcos Serra del caos que varen patir els vesins de Can Bonet durant la festa d\u2019obertura de la discoteca que hi ha a la zona - Federaci\u00f3 Socialista d&#039;Eivissa\",\"isPartOf\":{\"@id\":\"https:\/\/www.psib-psoe.org\/eivissa\/#website\"},\"primaryImageOfPage\":{\"@id\":\"https:\/\/www.psib-psoe.org\/eivissa\/el-psoe-de-sant-antoni-responsabilitza-marcos-serra-del-caos-que-varen-patir-els-vesins-de-can-bonet-durant-la-festa-dobertura-de-la-discoteca-que-hi-ha-a-la-zona\/#primaryimage\"},\"image\":{\"@id\":\"https:\/\/www.psib-psoe.org\/eivissa\/el-psoe-de-sant-antoni-responsabilitza-marcos-serra-del-caos-que-varen-patir-els-vesins-de-can-bonet-durant-la-festa-dobertura-de-la-discoteca-que-hi-ha-a-la-zona\/#primaryimage\"},\"thumbnailUrl\":\"https:\/\/www.psib-psoe.org\/eivissa\/wp-content\/uploads\/img_5462.jpg\",\"datePublished\":\"2026-04-28T08:36:26+00:00\",\"breadcrumb\":{\"@id\":\"https:\/\/www.psib-psoe.org\/eivissa\/el-psoe-de-sant-antoni-responsabilitza-marcos-serra-del-caos-que-varen-patir-els-vesins-de-can-bonet-durant-la-festa-dobertura-de-la-discoteca-que-hi-ha-a-la-zona\/#breadcrumb\"},\"inLanguage\":\"ca\",\"potentialAction\":[{\"@type\":\"ReadAction\",\"target\":[\"https:\/\/www.psib-psoe.org\/eivissa\/el-psoe-de-sant-antoni-responsabilitza-marcos-serra-del-caos-que-varen-patir-els-vesins-de-can-bonet-durant-la-festa-dobertura-de-la-discoteca-que-hi-ha-a-la-zona\/\"]}]},{\"@type\":\"ImageObject\",\"inLanguage\":\"ca\",\"@id\":\"https:\/\/www.psib-psoe.org\/eivissa\/el-psoe-de-sant-antoni-responsabilitza-marcos-serra-del-caos-que-varen-patir-els-vesins-de-can-bonet-durant-la-festa-dobertura-de-la-discoteca-que-hi-ha-a-la-zona\/#primaryimage\",\"url\":\"https:\/\/www.psib-psoe.org\/eivissa\/wp-content\/uploads\/img_5462.jpg\",\"contentUrl\":\"https:\/\/www.psib-psoe.org\/eivissa\/wp-content\/uploads\/img_5462.jpg\",\"width\":640,\"height\":360},{\"@type\":\"BreadcrumbList\",\"@id\":\"https:\/\/www.psib-psoe.org\/eivissa\/el-psoe-de-sant-antoni-responsabilitza-marcos-serra-del-caos-que-varen-patir-els-vesins-de-can-bonet-durant-la-festa-dobertura-de-la-discoteca-que-hi-ha-a-la-zona\/#breadcrumb\",\"itemListElement\":[{\"@type\":\"ListItem\",\"position\":1,\"name\":\"Inici\",\"item\":\"https:\/\/www.psib-psoe.org\/eivissa\/\"},{\"@type\":\"ListItem\",\"position\":2,\"name\":\"El PSOE de Sant Antoni responsabilitza Marcos Serra del caos que varen patir els vesins de Can Bonet durant la festa d\u2019obertura de la discoteca que hi ha a la zona\"}]},{\"@type\":\"WebSite\",\"@id\":\"https:\/\/www.psib-psoe.org\/eivissa\/#website\",\"url\":\"https:\/\/www.psib-psoe.org\/eivissa\/\",\"name\":\"Federaci\u00f3 Socialista d'Eivissa\",\"description\":\"Socialistes d&#039;Eivissa\",\"publisher\":{\"@id\":\"https:\/\/www.psib-psoe.org\/eivissa\/#organization\"},\"potentialAction\":[{\"@type\":\"SearchAction\",\"target\":{\"@type\":\"EntryPoint\",\"urlTemplate\":\"https:\/\/www.psib-psoe.org\/eivissa\/?s={search_term_string}\"},\"query-input\":{\"@type\":\"PropertyValueSpecification\",\"valueRequired\":true,\"valueName\":\"search_term_string\"}}],\"inLanguage\":\"ca\"},{\"@type\":\"Organization\",\"@id\":\"https:\/\/www.psib-psoe.org\/eivissa\/#organization\",\"name\":\"Federaci\u00f3 Socialista d'Eivissa\",\"url\":\"https:\/\/www.psib-psoe.org\/eivissa\/\",\"logo\":{\"@type\":\"ImageObject\",\"inLanguage\":\"ca\",\"@id\":\"https:\/\/www.psib-psoe.org\/eivissa\/#\/schema\/logo\/image\/\",\"url\":\"https:\/\/www.psib-psoe.org\/eivissa\/wp-content\/uploads\/LOGO-FSE-SOCIALISTA-DEIVISSA-HORI.png\",\"contentUrl\":\"https:\/\/www.psib-psoe.org\/eivissa\/wp-content\/uploads\/LOGO-FSE-SOCIALISTA-DEIVISSA-HORI.png\",\"width\":6000,\"height\":3104,\"caption\":\"Federaci\u00f3 Socialista d'Eivissa\"},\"image\":{\"@id\":\"https:\/\/www.psib-psoe.org\/eivissa\/#\/schema\/logo\/image\/\"}},{\"@type\":\"Person\",\"@id\":\"https:\/\/www.psib-psoe.org\/eivissa\/#\/schema\/person\/099ab3ef73a3645a1d7f303518e6ce24\",\"name\":\"adminpsib\",\"url\":\"https:\/\/www.psib-psoe.org\/eivissa\/author\/adminpsib\/\"}]}<\/script>\n<!-- \/ Yoast SEO plugin. -->","yoast_head_json":{"title":"El PSOE de Sant Antoni responsabilitza Marcos Serra del caos que varen patir els vesins de Can Bonet durant la festa d\u2019obertura de la discoteca que hi ha a la zona - Federaci\u00f3 Socialista d&#039;Eivissa","robots":{"index":"index","follow":"follow","max-snippet":"max-snippet:-1","max-image-preview":"max-image-preview:large","max-video-preview":"max-video-preview:-1"},"canonical":"https:\/\/www.psib-psoe.org\/eivissa\/el-psoe-de-sant-antoni-responsabilitza-marcos-serra-del-caos-que-varen-patir-els-vesins-de-can-bonet-durant-la-festa-dobertura-de-la-discoteca-que-hi-ha-a-la-zona\/","og_locale":"ca_ES","og_type":"article","og_title":"El PSOE de Sant Antoni responsabilitza Marcos Serra del caos que varen patir els vesins de Can Bonet durant la festa d\u2019obertura de la discoteca que hi ha a la zona - Federaci\u00f3 Socialista d&#039;Eivissa","og_description":"El Grup Municipal Socialista de Sant Antoni de Portmany vol expressar la seva total indignaci\u00f3 i el seu suport incondicional als residents a Can Bonet, despr\u00e9s dels incidents i mol\u00e8sties registrades durant la festa d&#8217;obertura de la discoteca que hi a les proximitats del barri. El PSOE denuncia que la festa va suposar una jornada&hellip;","og_url":"https:\/\/www.psib-psoe.org\/eivissa\/el-psoe-de-sant-antoni-responsabilitza-marcos-serra-del-caos-que-varen-patir-els-vesins-de-can-bonet-durant-la-festa-dobertura-de-la-discoteca-que-hi-ha-a-la-zona\/","og_site_name":"Federaci\u00f3 Socialista d&#039;Eivissa","article_published_time":"2026-04-28T08:36:26+00:00","og_image":[{"width":640,"height":360,"url":"https:\/\/www.psib-psoe.org\/eivissa\/wp-content\/uploads\/img_5462.jpg","type":"image\/jpeg"}],"author":"adminpsib","twitter_card":"summary_large_image","twitter_misc":{"Escrit per":"adminpsib","Temps estimat de lectura":"2 minuts"},"schema":{"@context":"https:\/\/schema.org","@graph":[{"@type":["Article","BlogPosting"],"@id":"https:\/\/www.psib-psoe.org\/eivissa\/el-psoe-de-sant-antoni-responsabilitza-marcos-serra-del-caos-que-varen-patir-els-vesins-de-can-bonet-durant-la-festa-dobertura-de-la-discoteca-que-hi-ha-a-la-zona\/#article","isPartOf":{"@id":"https:\/\/www.psib-psoe.org\/eivissa\/el-psoe-de-sant-antoni-responsabilitza-marcos-serra-del-caos-que-varen-patir-els-vesins-de-can-bonet-durant-la-festa-dobertura-de-la-discoteca-que-hi-ha-a-la-zona\/"},"author":{"name":"adminpsib","@id":"https:\/\/www.psib-psoe.org\/eivissa\/#\/schema\/person\/099ab3ef73a3645a1d7f303518e6ce24"},"headline":"El PSOE de Sant Antoni responsabilitza Marcos Serra del caos que varen patir els vesins de Can Bonet durant la festa d\u2019obertura de la discoteca que hi ha a la zona","datePublished":"2026-04-28T08:36:26+00:00","mainEntityOfPage":{"@id":"https:\/\/www.psib-psoe.org\/eivissa\/el-psoe-de-sant-antoni-responsabilitza-marcos-serra-del-caos-que-varen-patir-els-vesins-de-can-bonet-durant-la-festa-dobertura-de-la-discoteca-que-hi-ha-a-la-zona\/"},"wordCount":486,"publisher":{"@id":"https:\/\/www.psib-psoe.org\/eivissa\/#organization"},"image":{"@id":"https:\/\/www.psib-psoe.org\/eivissa\/el-psoe-de-sant-antoni-responsabilitza-marcos-serra-del-caos-que-varen-patir-els-vesins-de-can-bonet-durant-la-festa-dobertura-de-la-discoteca-que-hi-ha-a-la-zona\/#primaryimage"},"thumbnailUrl":"https:\/\/www.psib-psoe.org\/eivissa\/wp-content\/uploads\/img_5462.jpg","articleSection":["Federaci\u00f3 d'Eivissa - Portada","Municipis","Sant Antoni de Portmany"],"inLanguage":"ca"},{"@type":"WebPage","@id":"https:\/\/www.psib-psoe.org\/eivissa\/el-psoe-de-sant-antoni-responsabilitza-marcos-serra-del-caos-que-varen-patir-els-vesins-de-can-bonet-durant-la-festa-dobertura-de-la-discoteca-que-hi-ha-a-la-zona\/","url":"https:\/\/www.psib-psoe.org\/eivissa\/el-psoe-de-sant-antoni-responsabilitza-marcos-serra-del-caos-que-varen-patir-els-vesins-de-can-bonet-durant-la-festa-dobertura-de-la-discoteca-que-hi-ha-a-la-zona\/","name":"El PSOE de Sant Antoni responsabilitza Marcos Serra del caos que varen patir els vesins de Can Bonet durant la festa d\u2019obertura de la discoteca que hi ha a la zona - Federaci\u00f3 Socialista d&#039;Eivissa","isPartOf":{"@id":"https:\/\/www.psib-psoe.org\/eivissa\/#website"},"primaryImageOfPage":{"@id":"https:\/\/www.psib-psoe.org\/eivissa\/el-psoe-de-sant-antoni-responsabilitza-marcos-serra-del-caos-que-varen-patir-els-vesins-de-can-bonet-durant-la-festa-dobertura-de-la-discoteca-que-hi-ha-a-la-zona\/#primaryimage"},"image":{"@id":"https:\/\/www.psib-psoe.org\/eivissa\/el-psoe-de-sant-antoni-responsabilitza-marcos-serra-del-caos-que-varen-patir-els-vesins-de-can-bonet-durant-la-festa-dobertura-de-la-discoteca-que-hi-ha-a-la-zona\/#primaryimage"},"thumbnailUrl":"https:\/\/www.psib-psoe.org\/eivissa\/wp-content\/uploads\/img_5462.jpg","datePublished":"2026-04-28T08:36:26+00:00","breadcrumb":{"@id":"https:\/\/www.psib-psoe.org\/eivissa\/el-psoe-de-sant-antoni-responsabilitza-marcos-serra-del-caos-que-varen-patir-els-vesins-de-can-bonet-durant-la-festa-dobertura-de-la-discoteca-que-hi-ha-a-la-zona\/#breadcrumb"},"inLanguage":"ca","potentialAction":[{"@type":"ReadAction","target":["https:\/\/www.psib-psoe.org\/eivissa\/el-psoe-de-sant-antoni-responsabilitza-marcos-serra-del-caos-que-varen-patir-els-vesins-de-can-bonet-durant-la-festa-dobertura-de-la-discoteca-que-hi-ha-a-la-zona\/"]}]},{"@type":"ImageObject","inLanguage":"ca","@id":"https:\/\/www.psib-psoe.org\/eivissa\/el-psoe-de-sant-antoni-responsabilitza-marcos-serra-del-caos-que-varen-patir-els-vesins-de-can-bonet-durant-la-festa-dobertura-de-la-discoteca-que-hi-ha-a-la-zona\/#primaryimage","url":"https:\/\/www.psib-psoe.org\/eivissa\/wp-content\/uploads\/img_5462.jpg","contentUrl":"https:\/\/www.psib-psoe.org\/eivissa\/wp-content\/uploads\/img_5462.jpg","width":640,"height":360},{"@type":"BreadcrumbList","@id":"https:\/\/www.psib-psoe.org\/eivissa\/el-psoe-de-sant-antoni-responsabilitza-marcos-serra-del-caos-que-varen-patir-els-vesins-de-can-bonet-durant-la-festa-dobertura-de-la-discoteca-que-hi-ha-a-la-zona\/#breadcrumb","itemListElement":[{"@type":"ListItem","position":1,"name":"Inici","item":"https:\/\/www.psib-psoe.org\/eivissa\/"},{"@type":"ListItem","position":2,"name":"El PSOE de Sant Antoni responsabilitza Marcos Serra del caos que varen patir els vesins de Can Bonet durant la festa d\u2019obertura de la discoteca que hi ha a la zona"}]},{"@type":"WebSite","@id":"https:\/\/www.psib-psoe.org\/eivissa\/#website","url":"https:\/\/www.psib-psoe.org\/eivissa\/","name":"Federaci\u00f3 Socialista d'Eivissa","description":"Socialistes d&#039;Eivissa","publisher":{"@id":"https:\/\/www.psib-psoe.org\/eivissa\/#organization"},"potentialAction":[{"@type":"SearchAction","target":{"@type":"EntryPoint","urlTemplate":"https:\/\/www.psib-psoe.org\/eivissa\/?s={search_term_string}"},"query-input":{"@type":"PropertyValueSpecification","valueRequired":true,"valueName":"search_term_string"}}],"inLanguage":"ca"},{"@type":"Organization","@id":"https:\/\/www.psib-psoe.org\/eivissa\/#organization","name":"Federaci\u00f3 Socialista d'Eivissa","url":"https:\/\/www.psib-psoe.org\/eivissa\/","logo":{"@type":"ImageObject","inLanguage":"ca","@id":"https:\/\/www.psib-psoe.org\/eivissa\/#\/schema\/logo\/image\/","url":"https:\/\/www.psib-psoe.org\/eivissa\/wp-content\/uploads\/LOGO-FSE-SOCIALISTA-DEIVISSA-HORI.png","contentUrl":"https:\/\/www.psib-psoe.org\/eivissa\/wp-content\/uploads\/LOGO-FSE-SOCIALISTA-DEIVISSA-HORI.png","width":6000,"height":3104,"caption":"Federaci\u00f3 Socialista d'Eivissa"},"image":{"@id":"https:\/\/www.psib-psoe.org\/eivissa\/#\/schema\/logo\/image\/"}},{"@type":"Person","@id":"https:\/\/www.psib-psoe.org\/eivissa\/#\/schema\/person\/099ab3ef73a3645a1d7f303518e6ce24","name":"adminpsib","url":"https:\/\/www.psib-psoe.org\/eivissa\/author\/adminpsib\/"}]}},"_links":{"self":[{"href":"https:\/\/www.psib-psoe.org\/eivissa\/wp-json\/wp\/v2\/posts\/42200","targetHints":{"allow":["GET"]}}],"collection":[{"href":"https:\/\/www.psib-psoe.org\/eivissa\/wp-json\/wp\/v2\/posts"}],"about":[{"href":"https:\/\/www.psib-psoe.org\/eivissa\/wp-json\/wp\/v2\/types\/post"}],"author":[{"embeddable":true,"href":"https:\/\/www.psib-psoe.org\/eivissa\/wp-json\/wp\/v2\/users\/1"}],"replies":[{"embeddable":true,"href":"https:\/\/www.psib-psoe.org\/eivissa\/wp-json\/wp\/v2\/comments?post=42200"}],"version-history":[{"count":1,"href":"https:\/\/www.psib-psoe.org\/eivissa\/wp-json\/wp\/v2\/posts\/42200\/revisions"}],"predecessor-version":[{"id":42201,"href":"https:\/\/www.psib-psoe.org\/eivissa\/wp-json\/wp\/v2\/posts\/42200\/revisions\/42201"}],"wp:featuredmedia":[{"embeddable":true,"href":"https:\/\/www.psib-psoe.org\/eivissa\/wp-json\/wp\/v2\/media\/42199"}],"wp:attachment":[{"href":"https:\/\/www.psib-psoe.org\/eivissa\/wp-json\/wp\/v2\/media?parent=42200"}],"wp:term":[{"taxonomy":"category","embeddable":true,"href":"https:\/\/www.psib-psoe.org\/eivissa\/wp-json\/wp\/v2\/categories?post=42200"},{"taxonomy":"post_tag","embeddable":true,"href":"https:\/\/www.psib-psoe.org\/eivissa\/wp-json\/wp\/v2\/tags?post=42200"}],"curies":[{"name":"wp","href":"https:\/\/api.w.org\/{rel}","templated":true}]}}