{"id":42206,"date":"2026-04-28T11:44:52","date_gmt":"2026-04-28T09:44:52","guid":{"rendered":"https:\/\/www.psib-psoe.org\/eivissa\/?p=42206"},"modified":"2026-04-28T11:44:52","modified_gmt":"2026-04-28T09:44:52","slug":"el-psoe-exigeix-la-retirada-immediata-del-macroaparcament-de-sa-real-i-portara-al-ple-una-mocio-per-a-frenar-un-projecte-imposat-per-triguero-i-rebutjat-per-la-ciutat","status":"publish","type":"post","link":"https:\/\/www.psib-psoe.org\/eivissa\/el-psoe-exigeix-la-retirada-immediata-del-macroaparcament-de-sa-real-i-portara-al-ple-una-mocio-per-a-frenar-un-projecte-imposat-per-triguero-i-rebutjat-per-la-ciutat\/","title":{"rendered":"El PSOE exigeix la retirada immediata del macroaparcament de sa Real i portar\u00e0 al ple una moci\u00f3 per a frenar un projecte &#8220;imposat per Triguero i rebutjat per la ciutat&#8221;"},"content":{"rendered":"<p>El Grup Municipal Socialista a l&#8217;Ajuntament d&#8217;Eivissa endureix la seva posici\u00f3 enfront de l&#8217;equip de govern del PP de Triguero per la seva insist\u00e8ncia a continuar amb el macroaparcament de Sa Real, un projecte que des del PSOE qualifiquem d&#8217;imposici\u00f3 injustificable, rebutjat de manera clara pel barri i absolutament desconnectat de la realitat social del barri.<\/p>\n<p>Des del PSOE denunciem que Triguero i Hern\u00e1ndez estan actuant amb arrog\u00e0ncia i d&#8217;esquena a la ciutadania, ignorant el creixent rebuig ve\u00efnal i desoint els advertiments sobre l&#8217;impacte negatiu que tindr\u00e0 aquesta infraestructura, aix\u00ed com l&#8217;altre aparcament modular que preveu Triguero al barri, en una zona residencial i educativa especialment sensible.<\/p>\n<p>&#8216;Estem davant un projecte que simbolitza tot el que no ha de fer-se en pol\u00edtica municipal: falta de di\u00e0leg, abs\u00e8ncia de consens i menyspreu absolut per l&#8217;opini\u00f3 del ve\u00efnat&#8217;, ha assenyalat el regidor socialista, Pep Tur.<\/p>\n<p>Davant aquesta situaci\u00f3, el Grup Municipal Socialista presentar\u00e0 en el pr\u00f2xim ple municipal una moci\u00f3 per a exigir la retirada immediata del projecte i exigint a l&#8217;equip de govern que es posicioni p\u00fablicament. &#8220;Portarem aquest debat al ple perqu\u00e8 la ciutadania mereix saber qui est\u00e0 del seu costat i qui prefereix imposar un projecte que ning\u00fa ha demanat. No caben ambig\u00fcitats&#8221;, ha afirmat Tur.<\/p>\n<p>\u201cTriguero i el seu equip estan governant amb sup\u00e8rbia pol\u00edtica, portant endavant aquest projecte. No estem davant d&#8217;una millora per a la ciutat, sin\u00f3 davant un problema afegit pel barri: m\u00e9s tr\u00e0nsit, m\u00e9s contaminaci\u00f3, menys arbrat i menys qualitat de vida. \u00c9s un model de ciutat esgotat que Eivissa no es pot permetre. Si l&#8217;equip de govern continua endavant, estar\u00e0 demostrant que prefereix el formig\u00f3 i la contaminaci\u00f3 al benestar del ve\u00efnat&#8221;.<\/p>\n<p>En paral\u00b7lel a l&#8217;acci\u00f3 institucional, el PSOE continua amb la recollida de signatures amb fulls a locals del barri i en la seu socialista, i la resposta ciutadana \u00e9s &#8216;contundent i creixent&#8217;.<\/p>\n<p>A m\u00e9s, des del PSOE ja podem anunciar una nova data per a continuar amb la recollida de signatures al carrer i dimarts que ve, 5 de maig, tornarem a instal\u00b7lar una carpa al parc Joan Mar\u00ed Cardona per visibilitzar l&#8217;oposici\u00f3 al projecte i el nostre comprom\u00eds amb la mobilitzaci\u00f3 ve\u00efnal i amb una idea de ciutat molt allunyada de la que defensa el PP de Triguero. \u201cSerem al carrer escoltant i actuant. I estarem en el ple exigint responsabilitats. Aquest projecte no es pot maquillar darrere d&#8217;alguns canvis, ha de retirar-se\u201d, ha concl\u00f2s Pep Tur.<\/p>\n<p>Des del PSOE continuarem mantenint aquesta postura fins a aconseguir frenar definitivament un projecte que mai s&#8217;hauria d&#8217;haver plantejat, i defensarem un model de ciutat basat en el consens, la sostenibilitat i el respecte als ve\u00efns i ve\u00efnes. <\/p>\n","protected":false},"excerpt":{"rendered":"<p>El Grup Municipal Socialista a l&#8217;Ajuntament d&#8217;Eivissa endureix la seva posici\u00f3 enfront de l&#8217;equip de govern del PP de Triguero per la seva insist\u00e8ncia a continuar amb el macroaparcament de Sa Real, un projecte que des del PSOE qualifiquem d&#8217;imposici\u00f3 injustificable, rebutjat de manera clara pel barri i absolutament desconnectat de la realitat social del&hellip;<\/p>\n","protected":false},"author":1,"featured_media":42207,"comment_status":"closed","ping_status":"closed","sticky":false,"template":"","format":"standard","meta":{"footnotes":""},"categories":[183,1],"tags":[],"class_list":["post-42206","post","type-post","status-publish","format-standard","has-post-thumbnail","hentry","category-ciutat-deivissa","category-federacio-de-eivissa-portada"],"yoast_head":"<!-- This site is optimized with the Yoast SEO plugin v26.9 - https:\/\/yoast.com\/product\/yoast-seo-wordpress\/ -->\n<title>El PSOE exigeix la retirada immediata del macroaparcament de sa Real i portar\u00e0 al ple una moci\u00f3 per a frenar un projecte &quot;imposat per Triguero i rebutjat per la ciutat&quot; - Federaci\u00f3 Socialista d&#039;Eivissa<\/title>\n<meta name=\"robots\" content=\"index, follow, max-snippet:-1, max-image-preview:large, max-video-preview:-1\" \/>\n<link rel=\"canonical\" href=\"https:\/\/www.psib-psoe.org\/eivissa\/el-psoe-exigeix-la-retirada-immediata-del-macroaparcament-de-sa-real-i-portara-al-ple-una-mocio-per-a-frenar-un-projecte-imposat-per-triguero-i-rebutjat-per-la-ciutat\/\" \/>\n<meta property=\"og:locale\" content=\"ca_ES\" \/>\n<meta property=\"og:type\" content=\"article\" \/>\n<meta property=\"og:title\" content=\"El PSOE exigeix la retirada immediata del macroaparcament de sa Real i portar\u00e0 al ple una moci\u00f3 per a frenar un projecte &quot;imposat per Triguero i rebutjat per la ciutat&quot; - Federaci\u00f3 Socialista d&#039;Eivissa\" \/>\n<meta property=\"og:description\" content=\"El Grup Municipal Socialista a l&#8217;Ajuntament d&#8217;Eivissa endureix la seva posici\u00f3 enfront de l&#8217;equip de govern del PP de Triguero per la seva insist\u00e8ncia a continuar amb el macroaparcament de Sa Real, un projecte que des del PSOE qualifiquem d&#8217;imposici\u00f3 injustificable, rebutjat de manera clara pel barri i absolutament desconnectat de la realitat social del&hellip;\" \/>\n<meta property=\"og:url\" content=\"https:\/\/www.psib-psoe.org\/eivissa\/el-psoe-exigeix-la-retirada-immediata-del-macroaparcament-de-sa-real-i-portara-al-ple-una-mocio-per-a-frenar-un-projecte-imposat-per-triguero-i-rebutjat-per-la-ciutat\/\" \/>\n<meta property=\"og:site_name\" content=\"Federaci\u00f3 Socialista d&#039;Eivissa\" \/>\n<meta property=\"article:published_time\" content=\"2026-04-28T09:44:52+00:00\" \/>\n<meta property=\"og:image\" content=\"https:\/\/www.psib-psoe.org\/eivissa\/wp-content\/uploads\/Carpa-macroaparcament-scaled.jpg\" \/>\n\t<meta property=\"og:image:width\" content=\"2560\" \/>\n\t<meta property=\"og:image:height\" content=\"1920\" \/>\n\t<meta property=\"og:image:type\" content=\"image\/jpeg\" \/>\n<meta name=\"author\" content=\"adminpsib\" \/>\n<meta name=\"twitter:card\" content=\"summary_large_image\" \/>\n<meta name=\"twitter:label1\" content=\"Escrit per\" \/>\n\t<meta name=\"twitter:data1\" content=\"adminpsib\" \/>\n\t<meta name=\"twitter:label2\" content=\"Temps estimat de lectura\" \/>\n\t<meta name=\"twitter:data2\" content=\"2 minuts\" \/>\n<script type=\"application\/ld+json\" class=\"yoast-schema-graph\">{\"@context\":\"https:\/\/schema.org\",\"@graph\":[{\"@type\":[\"Article\",\"BlogPosting\"],\"@id\":\"https:\/\/www.psib-psoe.org\/eivissa\/el-psoe-exigeix-la-retirada-immediata-del-macroaparcament-de-sa-real-i-portara-al-ple-una-mocio-per-a-frenar-un-projecte-imposat-per-triguero-i-rebutjat-per-la-ciutat\/#article\",\"isPartOf\":{\"@id\":\"https:\/\/www.psib-psoe.org\/eivissa\/el-psoe-exigeix-la-retirada-immediata-del-macroaparcament-de-sa-real-i-portara-al-ple-una-mocio-per-a-frenar-un-projecte-imposat-per-triguero-i-rebutjat-per-la-ciutat\/\"},\"author\":{\"name\":\"adminpsib\",\"@id\":\"https:\/\/www.psib-psoe.org\/eivissa\/#\/schema\/person\/099ab3ef73a3645a1d7f303518e6ce24\"},\"headline\":\"El PSOE exigeix la retirada immediata del macroaparcament de sa Real i portar\u00e0 al ple una moci\u00f3 per a frenar un projecte &#8220;imposat per Triguero i rebutjat per la ciutat&#8221;\",\"datePublished\":\"2026-04-28T09:44:52+00:00\",\"mainEntityOfPage\":{\"@id\":\"https:\/\/www.psib-psoe.org\/eivissa\/el-psoe-exigeix-la-retirada-immediata-del-macroaparcament-de-sa-real-i-portara-al-ple-una-mocio-per-a-frenar-un-projecte-imposat-per-triguero-i-rebutjat-per-la-ciutat\/\"},\"wordCount\":499,\"publisher\":{\"@id\":\"https:\/\/www.psib-psoe.org\/eivissa\/#organization\"},\"image\":{\"@id\":\"https:\/\/www.psib-psoe.org\/eivissa\/el-psoe-exigeix-la-retirada-immediata-del-macroaparcament-de-sa-real-i-portara-al-ple-una-mocio-per-a-frenar-un-projecte-imposat-per-triguero-i-rebutjat-per-la-ciutat\/#primaryimage\"},\"thumbnailUrl\":\"https:\/\/www.psib-psoe.org\/eivissa\/wp-content\/uploads\/Carpa-macroaparcament-scaled.jpg\",\"articleSection\":[\"Ciutat d'Eivissa\",\"Federaci\u00f3 d'Eivissa - Portada\"],\"inLanguage\":\"ca\"},{\"@type\":\"WebPage\",\"@id\":\"https:\/\/www.psib-psoe.org\/eivissa\/el-psoe-exigeix-la-retirada-immediata-del-macroaparcament-de-sa-real-i-portara-al-ple-una-mocio-per-a-frenar-un-projecte-imposat-per-triguero-i-rebutjat-per-la-ciutat\/\",\"url\":\"https:\/\/www.psib-psoe.org\/eivissa\/el-psoe-exigeix-la-retirada-immediata-del-macroaparcament-de-sa-real-i-portara-al-ple-una-mocio-per-a-frenar-un-projecte-imposat-per-triguero-i-rebutjat-per-la-ciutat\/\",\"name\":\"El PSOE exigeix la retirada immediata del macroaparcament de sa Real i portar\u00e0 al ple una moci\u00f3 per a frenar un projecte \\\"imposat per Triguero i rebutjat per la ciutat\\\" - Federaci\u00f3 Socialista d&#039;Eivissa\",\"isPartOf\":{\"@id\":\"https:\/\/www.psib-psoe.org\/eivissa\/#website\"},\"primaryImageOfPage\":{\"@id\":\"https:\/\/www.psib-psoe.org\/eivissa\/el-psoe-exigeix-la-retirada-immediata-del-macroaparcament-de-sa-real-i-portara-al-ple-una-mocio-per-a-frenar-un-projecte-imposat-per-triguero-i-rebutjat-per-la-ciutat\/#primaryimage\"},\"image\":{\"@id\":\"https:\/\/www.psib-psoe.org\/eivissa\/el-psoe-exigeix-la-retirada-immediata-del-macroaparcament-de-sa-real-i-portara-al-ple-una-mocio-per-a-frenar-un-projecte-imposat-per-triguero-i-rebutjat-per-la-ciutat\/#primaryimage\"},\"thumbnailUrl\":\"https:\/\/www.psib-psoe.org\/eivissa\/wp-content\/uploads\/Carpa-macroaparcament-scaled.jpg\",\"datePublished\":\"2026-04-28T09:44:52+00:00\",\"breadcrumb\":{\"@id\":\"https:\/\/www.psib-psoe.org\/eivissa\/el-psoe-exigeix-la-retirada-immediata-del-macroaparcament-de-sa-real-i-portara-al-ple-una-mocio-per-a-frenar-un-projecte-imposat-per-triguero-i-rebutjat-per-la-ciutat\/#breadcrumb\"},\"inLanguage\":\"ca\",\"potentialAction\":[{\"@type\":\"ReadAction\",\"target\":[\"https:\/\/www.psib-psoe.org\/eivissa\/el-psoe-exigeix-la-retirada-immediata-del-macroaparcament-de-sa-real-i-portara-al-ple-una-mocio-per-a-frenar-un-projecte-imposat-per-triguero-i-rebutjat-per-la-ciutat\/\"]}]},{\"@type\":\"ImageObject\",\"inLanguage\":\"ca\",\"@id\":\"https:\/\/www.psib-psoe.org\/eivissa\/el-psoe-exigeix-la-retirada-immediata-del-macroaparcament-de-sa-real-i-portara-al-ple-una-mocio-per-a-frenar-un-projecte-imposat-per-triguero-i-rebutjat-per-la-ciutat\/#primaryimage\",\"url\":\"https:\/\/www.psib-psoe.org\/eivissa\/wp-content\/uploads\/Carpa-macroaparcament-scaled.jpg\",\"contentUrl\":\"https:\/\/www.psib-psoe.org\/eivissa\/wp-content\/uploads\/Carpa-macroaparcament-scaled.jpg\",\"width\":2560,\"height\":1920},{\"@type\":\"BreadcrumbList\",\"@id\":\"https:\/\/www.psib-psoe.org\/eivissa\/el-psoe-exigeix-la-retirada-immediata-del-macroaparcament-de-sa-real-i-portara-al-ple-una-mocio-per-a-frenar-un-projecte-imposat-per-triguero-i-rebutjat-per-la-ciutat\/#breadcrumb\",\"itemListElement\":[{\"@type\":\"ListItem\",\"position\":1,\"name\":\"Inici\",\"item\":\"https:\/\/www.psib-psoe.org\/eivissa\/\"},{\"@type\":\"ListItem\",\"position\":2,\"name\":\"El PSOE exigeix la retirada immediata del macroaparcament de sa Real i portar\u00e0 al ple una moci\u00f3 per a frenar un projecte &#8220;imposat per Triguero i rebutjat per la ciutat&#8221;\"}]},{\"@type\":\"WebSite\",\"@id\":\"https:\/\/www.psib-psoe.org\/eivissa\/#website\",\"url\":\"https:\/\/www.psib-psoe.org\/eivissa\/\",\"name\":\"Federaci\u00f3 Socialista d'Eivissa\",\"description\":\"Socialistes d&#039;Eivissa\",\"publisher\":{\"@id\":\"https:\/\/www.psib-psoe.org\/eivissa\/#organization\"},\"potentialAction\":[{\"@type\":\"SearchAction\",\"target\":{\"@type\":\"EntryPoint\",\"urlTemplate\":\"https:\/\/www.psib-psoe.org\/eivissa\/?s={search_term_string}\"},\"query-input\":{\"@type\":\"PropertyValueSpecification\",\"valueRequired\":true,\"valueName\":\"search_term_string\"}}],\"inLanguage\":\"ca\"},{\"@type\":\"Organization\",\"@id\":\"https:\/\/www.psib-psoe.org\/eivissa\/#organization\",\"name\":\"Federaci\u00f3 Socialista d'Eivissa\",\"url\":\"https:\/\/www.psib-psoe.org\/eivissa\/\",\"logo\":{\"@type\":\"ImageObject\",\"inLanguage\":\"ca\",\"@id\":\"https:\/\/www.psib-psoe.org\/eivissa\/#\/schema\/logo\/image\/\",\"url\":\"https:\/\/www.psib-psoe.org\/eivissa\/wp-content\/uploads\/LOGO-FSE-SOCIALISTA-DEIVISSA-HORI.png\",\"contentUrl\":\"https:\/\/www.psib-psoe.org\/eivissa\/wp-content\/uploads\/LOGO-FSE-SOCIALISTA-DEIVISSA-HORI.png\",\"width\":6000,\"height\":3104,\"caption\":\"Federaci\u00f3 Socialista d'Eivissa\"},\"image\":{\"@id\":\"https:\/\/www.psib-psoe.org\/eivissa\/#\/schema\/logo\/image\/\"}},{\"@type\":\"Person\",\"@id\":\"https:\/\/www.psib-psoe.org\/eivissa\/#\/schema\/person\/099ab3ef73a3645a1d7f303518e6ce24\",\"name\":\"adminpsib\",\"url\":\"https:\/\/www.psib-psoe.org\/eivissa\/author\/adminpsib\/\"}]}<\/script>\n<!-- \/ Yoast SEO plugin. -->","yoast_head_json":{"title":"El PSOE exigeix la retirada immediata del macroaparcament de sa Real i portar\u00e0 al ple una moci\u00f3 per a frenar un projecte \"imposat per Triguero i rebutjat per la ciutat\" - Federaci\u00f3 Socialista d&#039;Eivissa","robots":{"index":"index","follow":"follow","max-snippet":"max-snippet:-1","max-image-preview":"max-image-preview:large","max-video-preview":"max-video-preview:-1"},"canonical":"https:\/\/www.psib-psoe.org\/eivissa\/el-psoe-exigeix-la-retirada-immediata-del-macroaparcament-de-sa-real-i-portara-al-ple-una-mocio-per-a-frenar-un-projecte-imposat-per-triguero-i-rebutjat-per-la-ciutat\/","og_locale":"ca_ES","og_type":"article","og_title":"El PSOE exigeix la retirada immediata del macroaparcament de sa Real i portar\u00e0 al ple una moci\u00f3 per a frenar un projecte \"imposat per Triguero i rebutjat per la ciutat\" - Federaci\u00f3 Socialista d&#039;Eivissa","og_description":"El Grup Municipal Socialista a l&#8217;Ajuntament d&#8217;Eivissa endureix la seva posici\u00f3 enfront de l&#8217;equip de govern del PP de Triguero per la seva insist\u00e8ncia a continuar amb el macroaparcament de Sa Real, un projecte que des del PSOE qualifiquem d&#8217;imposici\u00f3 injustificable, rebutjat de manera clara pel barri i absolutament desconnectat de la realitat social del&hellip;","og_url":"https:\/\/www.psib-psoe.org\/eivissa\/el-psoe-exigeix-la-retirada-immediata-del-macroaparcament-de-sa-real-i-portara-al-ple-una-mocio-per-a-frenar-un-projecte-imposat-per-triguero-i-rebutjat-per-la-ciutat\/","og_site_name":"Federaci\u00f3 Socialista d&#039;Eivissa","article_published_time":"2026-04-28T09:44:52+00:00","og_image":[{"width":2560,"height":1920,"url":"https:\/\/www.psib-psoe.org\/eivissa\/wp-content\/uploads\/Carpa-macroaparcament-scaled.jpg","type":"image\/jpeg"}],"author":"adminpsib","twitter_card":"summary_large_image","twitter_misc":{"Escrit per":"adminpsib","Temps estimat de lectura":"2 minuts"},"schema":{"@context":"https:\/\/schema.org","@graph":[{"@type":["Article","BlogPosting"],"@id":"https:\/\/www.psib-psoe.org\/eivissa\/el-psoe-exigeix-la-retirada-immediata-del-macroaparcament-de-sa-real-i-portara-al-ple-una-mocio-per-a-frenar-un-projecte-imposat-per-triguero-i-rebutjat-per-la-ciutat\/#article","isPartOf":{"@id":"https:\/\/www.psib-psoe.org\/eivissa\/el-psoe-exigeix-la-retirada-immediata-del-macroaparcament-de-sa-real-i-portara-al-ple-una-mocio-per-a-frenar-un-projecte-imposat-per-triguero-i-rebutjat-per-la-ciutat\/"},"author":{"name":"adminpsib","@id":"https:\/\/www.psib-psoe.org\/eivissa\/#\/schema\/person\/099ab3ef73a3645a1d7f303518e6ce24"},"headline":"El PSOE exigeix la retirada immediata del macroaparcament de sa Real i portar\u00e0 al ple una moci\u00f3 per a frenar un projecte &#8220;imposat per Triguero i rebutjat per la ciutat&#8221;","datePublished":"2026-04-28T09:44:52+00:00","mainEntityOfPage":{"@id":"https:\/\/www.psib-psoe.org\/eivissa\/el-psoe-exigeix-la-retirada-immediata-del-macroaparcament-de-sa-real-i-portara-al-ple-una-mocio-per-a-frenar-un-projecte-imposat-per-triguero-i-rebutjat-per-la-ciutat\/"},"wordCount":499,"publisher":{"@id":"https:\/\/www.psib-psoe.org\/eivissa\/#organization"},"image":{"@id":"https:\/\/www.psib-psoe.org\/eivissa\/el-psoe-exigeix-la-retirada-immediata-del-macroaparcament-de-sa-real-i-portara-al-ple-una-mocio-per-a-frenar-un-projecte-imposat-per-triguero-i-rebutjat-per-la-ciutat\/#primaryimage"},"thumbnailUrl":"https:\/\/www.psib-psoe.org\/eivissa\/wp-content\/uploads\/Carpa-macroaparcament-scaled.jpg","articleSection":["Ciutat d'Eivissa","Federaci\u00f3 d'Eivissa - Portada"],"inLanguage":"ca"},{"@type":"WebPage","@id":"https:\/\/www.psib-psoe.org\/eivissa\/el-psoe-exigeix-la-retirada-immediata-del-macroaparcament-de-sa-real-i-portara-al-ple-una-mocio-per-a-frenar-un-projecte-imposat-per-triguero-i-rebutjat-per-la-ciutat\/","url":"https:\/\/www.psib-psoe.org\/eivissa\/el-psoe-exigeix-la-retirada-immediata-del-macroaparcament-de-sa-real-i-portara-al-ple-una-mocio-per-a-frenar-un-projecte-imposat-per-triguero-i-rebutjat-per-la-ciutat\/","name":"El PSOE exigeix la retirada immediata del macroaparcament de sa Real i portar\u00e0 al ple una moci\u00f3 per a frenar un projecte \"imposat per Triguero i rebutjat per la ciutat\" - Federaci\u00f3 Socialista d&#039;Eivissa","isPartOf":{"@id":"https:\/\/www.psib-psoe.org\/eivissa\/#website"},"primaryImageOfPage":{"@id":"https:\/\/www.psib-psoe.org\/eivissa\/el-psoe-exigeix-la-retirada-immediata-del-macroaparcament-de-sa-real-i-portara-al-ple-una-mocio-per-a-frenar-un-projecte-imposat-per-triguero-i-rebutjat-per-la-ciutat\/#primaryimage"},"image":{"@id":"https:\/\/www.psib-psoe.org\/eivissa\/el-psoe-exigeix-la-retirada-immediata-del-macroaparcament-de-sa-real-i-portara-al-ple-una-mocio-per-a-frenar-un-projecte-imposat-per-triguero-i-rebutjat-per-la-ciutat\/#primaryimage"},"thumbnailUrl":"https:\/\/www.psib-psoe.org\/eivissa\/wp-content\/uploads\/Carpa-macroaparcament-scaled.jpg","datePublished":"2026-04-28T09:44:52+00:00","breadcrumb":{"@id":"https:\/\/www.psib-psoe.org\/eivissa\/el-psoe-exigeix-la-retirada-immediata-del-macroaparcament-de-sa-real-i-portara-al-ple-una-mocio-per-a-frenar-un-projecte-imposat-per-triguero-i-rebutjat-per-la-ciutat\/#breadcrumb"},"inLanguage":"ca","potentialAction":[{"@type":"ReadAction","target":["https:\/\/www.psib-psoe.org\/eivissa\/el-psoe-exigeix-la-retirada-immediata-del-macroaparcament-de-sa-real-i-portara-al-ple-una-mocio-per-a-frenar-un-projecte-imposat-per-triguero-i-rebutjat-per-la-ciutat\/"]}]},{"@type":"ImageObject","inLanguage":"ca","@id":"https:\/\/www.psib-psoe.org\/eivissa\/el-psoe-exigeix-la-retirada-immediata-del-macroaparcament-de-sa-real-i-portara-al-ple-una-mocio-per-a-frenar-un-projecte-imposat-per-triguero-i-rebutjat-per-la-ciutat\/#primaryimage","url":"https:\/\/www.psib-psoe.org\/eivissa\/wp-content\/uploads\/Carpa-macroaparcament-scaled.jpg","contentUrl":"https:\/\/www.psib-psoe.org\/eivissa\/wp-content\/uploads\/Carpa-macroaparcament-scaled.jpg","width":2560,"height":1920},{"@type":"BreadcrumbList","@id":"https:\/\/www.psib-psoe.org\/eivissa\/el-psoe-exigeix-la-retirada-immediata-del-macroaparcament-de-sa-real-i-portara-al-ple-una-mocio-per-a-frenar-un-projecte-imposat-per-triguero-i-rebutjat-per-la-ciutat\/#breadcrumb","itemListElement":[{"@type":"ListItem","position":1,"name":"Inici","item":"https:\/\/www.psib-psoe.org\/eivissa\/"},{"@type":"ListItem","position":2,"name":"El PSOE exigeix la retirada immediata del macroaparcament de sa Real i portar\u00e0 al ple una moci\u00f3 per a frenar un projecte &#8220;imposat per Triguero i rebutjat per la ciutat&#8221;"}]},{"@type":"WebSite","@id":"https:\/\/www.psib-psoe.org\/eivissa\/#website","url":"https:\/\/www.psib-psoe.org\/eivissa\/","name":"Federaci\u00f3 Socialista d'Eivissa","description":"Socialistes d&#039;Eivissa","publisher":{"@id":"https:\/\/www.psib-psoe.org\/eivissa\/#organization"},"potentialAction":[{"@type":"SearchAction","target":{"@type":"EntryPoint","urlTemplate":"https:\/\/www.psib-psoe.org\/eivissa\/?s={search_term_string}"},"query-input":{"@type":"PropertyValueSpecification","valueRequired":true,"valueName":"search_term_string"}}],"inLanguage":"ca"},{"@type":"Organization","@id":"https:\/\/www.psib-psoe.org\/eivissa\/#organization","name":"Federaci\u00f3 Socialista d'Eivissa","url":"https:\/\/www.psib-psoe.org\/eivissa\/","logo":{"@type":"ImageObject","inLanguage":"ca","@id":"https:\/\/www.psib-psoe.org\/eivissa\/#\/schema\/logo\/image\/","url":"https:\/\/www.psib-psoe.org\/eivissa\/wp-content\/uploads\/LOGO-FSE-SOCIALISTA-DEIVISSA-HORI.png","contentUrl":"https:\/\/www.psib-psoe.org\/eivissa\/wp-content\/uploads\/LOGO-FSE-SOCIALISTA-DEIVISSA-HORI.png","width":6000,"height":3104,"caption":"Federaci\u00f3 Socialista d'Eivissa"},"image":{"@id":"https:\/\/www.psib-psoe.org\/eivissa\/#\/schema\/logo\/image\/"}},{"@type":"Person","@id":"https:\/\/www.psib-psoe.org\/eivissa\/#\/schema\/person\/099ab3ef73a3645a1d7f303518e6ce24","name":"adminpsib","url":"https:\/\/www.psib-psoe.org\/eivissa\/author\/adminpsib\/"}]}},"_links":{"self":[{"href":"https:\/\/www.psib-psoe.org\/eivissa\/wp-json\/wp\/v2\/posts\/42206","targetHints":{"allow":["GET"]}}],"collection":[{"href":"https:\/\/www.psib-psoe.org\/eivissa\/wp-json\/wp\/v2\/posts"}],"about":[{"href":"https:\/\/www.psib-psoe.org\/eivissa\/wp-json\/wp\/v2\/types\/post"}],"author":[{"embeddable":true,"href":"https:\/\/www.psib-psoe.org\/eivissa\/wp-json\/wp\/v2\/users\/1"}],"replies":[{"embeddable":true,"href":"https:\/\/www.psib-psoe.org\/eivissa\/wp-json\/wp\/v2\/comments?post=42206"}],"version-history":[{"count":1,"href":"https:\/\/www.psib-psoe.org\/eivissa\/wp-json\/wp\/v2\/posts\/42206\/revisions"}],"predecessor-version":[{"id":42208,"href":"https:\/\/www.psib-psoe.org\/eivissa\/wp-json\/wp\/v2\/posts\/42206\/revisions\/42208"}],"wp:featuredmedia":[{"embeddable":true,"href":"https:\/\/www.psib-psoe.org\/eivissa\/wp-json\/wp\/v2\/media\/42207"}],"wp:attachment":[{"href":"https:\/\/www.psib-psoe.org\/eivissa\/wp-json\/wp\/v2\/media?parent=42206"}],"wp:term":[{"taxonomy":"category","embeddable":true,"href":"https:\/\/www.psib-psoe.org\/eivissa\/wp-json\/wp\/v2\/categories?post=42206"},{"taxonomy":"post_tag","embeddable":true,"href":"https:\/\/www.psib-psoe.org\/eivissa\/wp-json\/wp\/v2\/tags?post=42206"}],"curies":[{"name":"wp","href":"https:\/\/api.w.org\/{rel}","templated":true}]}}