{"id":42209,"date":"2026-04-29T10:35:20","date_gmt":"2026-04-29T08:35:20","guid":{"rendered":"https:\/\/www.psib-psoe.org\/eivissa\/?p=42209"},"modified":"2026-04-29T10:39:39","modified_gmt":"2026-04-29T08:39:39","slug":"una-vintena-de-persones-acudeixen-a-la-presentacio-del-servei-dinformacio-sobre-la-regularitzacio-de-migrants-a-la-seu-del-psoe-de-sant-antoni","status":"publish","type":"post","link":"https:\/\/www.psib-psoe.org\/eivissa\/una-vintena-de-persones-acudeixen-a-la-presentacio-del-servei-dinformacio-sobre-la-regularitzacio-de-migrants-a-la-seu-del-psoe-de-sant-antoni\/","title":{"rendered":"Una vintena de persones acudeixen a la presentaci\u00f3 del servei d\u2019informaci\u00f3 sobre la regularitzaci\u00f3 de migrants a la seu del PSOE de Sant Antoni"},"content":{"rendered":"<p>L\u2019Agrupaci\u00f3 Socialista de Sant Antoni de Portmany ha valorat molt positivament l\u2019acollida del nou servei gratu\u00eft del PSOE d\u2019informaci\u00f3 a migrants sobre el proc\u00e9s extraordinari de regularitzaci\u00f3, que ahir va reunir una vintena de persones en una reuni\u00f3 informativa sobre la posada en marxa del servei. Avui dimecres, a la seu del partit, al carrer del General Balanzat 3, es comen\u00e7ar\u00e0 l\u2019atenci\u00f3 personalitzada. <\/p>\n<p>El secretari general, Pep Mar\u00ed \u2018Marge\u2019, ha destacat la import\u00e0ncia d\u2019aquesta iniciativa que ofereix la Federaci\u00f3 Socialista d\u2019Eivissa per facilitar els tr\u00e0mits i resoldre dubtes: \u201cEstam molt satisfets de veure com la gent s\u2019ha apropat a la nostra seu per demanar consell, volem ajudar perqu\u00e8 totes aquestes persones tenguin els mateixos drets i puguin treballar i participar en la vida de Sant Antoni\u201d, ha assenyalat \u2018Marge\u2019, qui va agrair a la directora insular de l\u2019Administraci\u00f3 de l\u2019Estat, Raquel Guasch, la seua participaci\u00f3 en la reuni\u00f3.<\/p>\n<p>Segons el secretari general de l\u2019Agrupaci\u00f3 Socialista, aquest servei demostra el comprom\u00eds del PSOE amb la integraci\u00f3 i el benestar de tots els vesins i vesines, independentment del seu lloc d\u2019origen. \u201cVolem que ning\u00fa es quedi endarrere i que tothom qui viu i treballa entre naltros tengui les mateixes oportunitats i drets\u201d, ha explicat.<\/p>\n<p>Per tal que tothom pugui rebre aquest assessorament, el servei mantindr\u00e0 un calendari d&#8217;atenci\u00f3 fix a diferents seus del Partit Socialista fins que acabi el mes de maig. A la ciutat d\u2019Eivissa, a la Via Romana 15, l\u2019atenci\u00f3 es fa cada dilluns i dimecres d\u201911.00 a 13.00 hores i de 16.00 a 18.00 hores. Pel que fa a Santa Eul\u00e0ria des Riu, s\u2019at\u00e9n a la seu del PSOE, al carrer de Sant Josep 14, amb horari de dilluns de 17.00 a 19.30 hores i dimarts de 18.30 a 20.30 hores. Finalment, a la seu del PSOE de Sant Antoni, al carrer del General Balanzat 3, on avui es far\u00e0 el primer dia d\u2019atenci\u00f3, el servei estar\u00e0 obert tot els dimecres de 18.00 a 20.00 hores. <\/p>\n","protected":false},"excerpt":{"rendered":"<p>L\u2019Agrupaci\u00f3 Socialista de Sant Antoni de Portmany ha valorat molt positivament l\u2019acollida del nou servei gratu\u00eft del PSOE d\u2019informaci\u00f3 a migrants sobre el proc\u00e9s extraordinari de regularitzaci\u00f3, que ahir va reunir una vintena de persones en una reuni\u00f3 informativa sobre la posada en marxa del servei. Avui dimecres, a la seu del partit, al carrer&hellip;<\/p>\n","protected":false},"author":1,"featured_media":42211,"comment_status":"closed","ping_status":"closed","sticky":false,"template":"","format":"standard","meta":{"footnotes":""},"categories":[1,212,234,188],"tags":[],"class_list":["post-42209","post","type-post","status-publish","format-standard","has-post-thumbnail","hentry","category-federacio-de-eivissa-portada","category-fse-psoe","category-municipis","category-sant-antoni-de-portmany"],"yoast_head":"<!-- This site is optimized with the Yoast SEO plugin v26.9 - https:\/\/yoast.com\/product\/yoast-seo-wordpress\/ -->\n<title>Una vintena de persones acudeixen a la presentaci\u00f3 del servei d\u2019informaci\u00f3 sobre la regularitzaci\u00f3 de migrants a la seu del PSOE de Sant Antoni - Federaci\u00f3 Socialista d&#039;Eivissa<\/title>\n<meta name=\"robots\" content=\"index, follow, max-snippet:-1, max-image-preview:large, max-video-preview:-1\" \/>\n<link rel=\"canonical\" href=\"https:\/\/www.psib-psoe.org\/eivissa\/una-vintena-de-persones-acudeixen-a-la-presentacio-del-servei-dinformacio-sobre-la-regularitzacio-de-migrants-a-la-seu-del-psoe-de-sant-antoni\/\" \/>\n<meta property=\"og:locale\" content=\"ca_ES\" \/>\n<meta property=\"og:type\" content=\"article\" \/>\n<meta property=\"og:title\" content=\"Una vintena de persones acudeixen a la presentaci\u00f3 del servei d\u2019informaci\u00f3 sobre la regularitzaci\u00f3 de migrants a la seu del PSOE de Sant Antoni - Federaci\u00f3 Socialista d&#039;Eivissa\" \/>\n<meta property=\"og:description\" content=\"L\u2019Agrupaci\u00f3 Socialista de Sant Antoni de Portmany ha valorat molt positivament l\u2019acollida del nou servei gratu\u00eft del PSOE d\u2019informaci\u00f3 a migrants sobre el proc\u00e9s extraordinari de regularitzaci\u00f3, que ahir va reunir una vintena de persones en una reuni\u00f3 informativa sobre la posada en marxa del servei. Avui dimecres, a la seu del partit, al carrer&hellip;\" \/>\n<meta property=\"og:url\" content=\"https:\/\/www.psib-psoe.org\/eivissa\/una-vintena-de-persones-acudeixen-a-la-presentacio-del-servei-dinformacio-sobre-la-regularitzacio-de-migrants-a-la-seu-del-psoe-de-sant-antoni\/\" \/>\n<meta property=\"og:site_name\" content=\"Federaci\u00f3 Socialista d&#039;Eivissa\" \/>\n<meta property=\"article:published_time\" content=\"2026-04-29T08:35:20+00:00\" \/>\n<meta property=\"article:modified_time\" content=\"2026-04-29T08:39:39+00:00\" \/>\n<meta property=\"og:image\" content=\"https:\/\/www.psib-psoe.org\/eivissa\/wp-content\/uploads\/reunio-sant-antoni-migrants1.jpg\" \/>\n\t<meta property=\"og:image:width\" content=\"1600\" \/>\n\t<meta property=\"og:image:height\" content=\"900\" \/>\n\t<meta property=\"og:image:type\" content=\"image\/jpeg\" \/>\n<meta name=\"author\" content=\"adminpsib\" \/>\n<meta name=\"twitter:card\" content=\"summary_large_image\" \/>\n<meta name=\"twitter:label1\" content=\"Escrit per\" \/>\n\t<meta name=\"twitter:data1\" content=\"adminpsib\" \/>\n\t<meta name=\"twitter:label2\" content=\"Temps estimat de lectura\" \/>\n\t<meta name=\"twitter:data2\" content=\"2 minuts\" \/>\n<script type=\"application\/ld+json\" class=\"yoast-schema-graph\">{\"@context\":\"https:\/\/schema.org\",\"@graph\":[{\"@type\":[\"Article\",\"BlogPosting\"],\"@id\":\"https:\/\/www.psib-psoe.org\/eivissa\/una-vintena-de-persones-acudeixen-a-la-presentacio-del-servei-dinformacio-sobre-la-regularitzacio-de-migrants-a-la-seu-del-psoe-de-sant-antoni\/#article\",\"isPartOf\":{\"@id\":\"https:\/\/www.psib-psoe.org\/eivissa\/una-vintena-de-persones-acudeixen-a-la-presentacio-del-servei-dinformacio-sobre-la-regularitzacio-de-migrants-a-la-seu-del-psoe-de-sant-antoni\/\"},\"author\":{\"name\":\"adminpsib\",\"@id\":\"https:\/\/www.psib-psoe.org\/eivissa\/#\/schema\/person\/099ab3ef73a3645a1d7f303518e6ce24\"},\"headline\":\"Una vintena de persones acudeixen a la presentaci\u00f3 del servei d\u2019informaci\u00f3 sobre la regularitzaci\u00f3 de migrants a la seu del PSOE de Sant Antoni\",\"datePublished\":\"2026-04-29T08:35:20+00:00\",\"dateModified\":\"2026-04-29T08:39:39+00:00\",\"mainEntityOfPage\":{\"@id\":\"https:\/\/www.psib-psoe.org\/eivissa\/una-vintena-de-persones-acudeixen-a-la-presentacio-del-servei-dinformacio-sobre-la-regularitzacio-de-migrants-a-la-seu-del-psoe-de-sant-antoni\/\"},\"wordCount\":362,\"publisher\":{\"@id\":\"https:\/\/www.psib-psoe.org\/eivissa\/#organization\"},\"image\":{\"@id\":\"https:\/\/www.psib-psoe.org\/eivissa\/una-vintena-de-persones-acudeixen-a-la-presentacio-del-servei-dinformacio-sobre-la-regularitzacio-de-migrants-a-la-seu-del-psoe-de-sant-antoni\/#primaryimage\"},\"thumbnailUrl\":\"https:\/\/www.psib-psoe.org\/eivissa\/wp-content\/uploads\/reunio-sant-antoni-migrants1.jpg\",\"articleSection\":[\"Federaci\u00f3 d'Eivissa - Portada\",\"FSE-PSOE\",\"Municipis\",\"Sant Antoni de Portmany\"],\"inLanguage\":\"ca\"},{\"@type\":\"WebPage\",\"@id\":\"https:\/\/www.psib-psoe.org\/eivissa\/una-vintena-de-persones-acudeixen-a-la-presentacio-del-servei-dinformacio-sobre-la-regularitzacio-de-migrants-a-la-seu-del-psoe-de-sant-antoni\/\",\"url\":\"https:\/\/www.psib-psoe.org\/eivissa\/una-vintena-de-persones-acudeixen-a-la-presentacio-del-servei-dinformacio-sobre-la-regularitzacio-de-migrants-a-la-seu-del-psoe-de-sant-antoni\/\",\"name\":\"Una vintena de persones acudeixen a la presentaci\u00f3 del servei d\u2019informaci\u00f3 sobre la regularitzaci\u00f3 de migrants a la seu del PSOE de Sant Antoni - Federaci\u00f3 Socialista d&#039;Eivissa\",\"isPartOf\":{\"@id\":\"https:\/\/www.psib-psoe.org\/eivissa\/#website\"},\"primaryImageOfPage\":{\"@id\":\"https:\/\/www.psib-psoe.org\/eivissa\/una-vintena-de-persones-acudeixen-a-la-presentacio-del-servei-dinformacio-sobre-la-regularitzacio-de-migrants-a-la-seu-del-psoe-de-sant-antoni\/#primaryimage\"},\"image\":{\"@id\":\"https:\/\/www.psib-psoe.org\/eivissa\/una-vintena-de-persones-acudeixen-a-la-presentacio-del-servei-dinformacio-sobre-la-regularitzacio-de-migrants-a-la-seu-del-psoe-de-sant-antoni\/#primaryimage\"},\"thumbnailUrl\":\"https:\/\/www.psib-psoe.org\/eivissa\/wp-content\/uploads\/reunio-sant-antoni-migrants1.jpg\",\"datePublished\":\"2026-04-29T08:35:20+00:00\",\"dateModified\":\"2026-04-29T08:39:39+00:00\",\"breadcrumb\":{\"@id\":\"https:\/\/www.psib-psoe.org\/eivissa\/una-vintena-de-persones-acudeixen-a-la-presentacio-del-servei-dinformacio-sobre-la-regularitzacio-de-migrants-a-la-seu-del-psoe-de-sant-antoni\/#breadcrumb\"},\"inLanguage\":\"ca\",\"potentialAction\":[{\"@type\":\"ReadAction\",\"target\":[\"https:\/\/www.psib-psoe.org\/eivissa\/una-vintena-de-persones-acudeixen-a-la-presentacio-del-servei-dinformacio-sobre-la-regularitzacio-de-migrants-a-la-seu-del-psoe-de-sant-antoni\/\"]}]},{\"@type\":\"ImageObject\",\"inLanguage\":\"ca\",\"@id\":\"https:\/\/www.psib-psoe.org\/eivissa\/una-vintena-de-persones-acudeixen-a-la-presentacio-del-servei-dinformacio-sobre-la-regularitzacio-de-migrants-a-la-seu-del-psoe-de-sant-antoni\/#primaryimage\",\"url\":\"https:\/\/www.psib-psoe.org\/eivissa\/wp-content\/uploads\/reunio-sant-antoni-migrants1.jpg\",\"contentUrl\":\"https:\/\/www.psib-psoe.org\/eivissa\/wp-content\/uploads\/reunio-sant-antoni-migrants1.jpg\",\"width\":1600,\"height\":900},{\"@type\":\"BreadcrumbList\",\"@id\":\"https:\/\/www.psib-psoe.org\/eivissa\/una-vintena-de-persones-acudeixen-a-la-presentacio-del-servei-dinformacio-sobre-la-regularitzacio-de-migrants-a-la-seu-del-psoe-de-sant-antoni\/#breadcrumb\",\"itemListElement\":[{\"@type\":\"ListItem\",\"position\":1,\"name\":\"Inici\",\"item\":\"https:\/\/www.psib-psoe.org\/eivissa\/\"},{\"@type\":\"ListItem\",\"position\":2,\"name\":\"Una vintena de persones acudeixen a la presentaci\u00f3 del servei d\u2019informaci\u00f3 sobre la regularitzaci\u00f3 de migrants a la seu del PSOE de Sant Antoni\"}]},{\"@type\":\"WebSite\",\"@id\":\"https:\/\/www.psib-psoe.org\/eivissa\/#website\",\"url\":\"https:\/\/www.psib-psoe.org\/eivissa\/\",\"name\":\"Federaci\u00f3 Socialista d'Eivissa\",\"description\":\"Socialistes d&#039;Eivissa\",\"publisher\":{\"@id\":\"https:\/\/www.psib-psoe.org\/eivissa\/#organization\"},\"potentialAction\":[{\"@type\":\"SearchAction\",\"target\":{\"@type\":\"EntryPoint\",\"urlTemplate\":\"https:\/\/www.psib-psoe.org\/eivissa\/?s={search_term_string}\"},\"query-input\":{\"@type\":\"PropertyValueSpecification\",\"valueRequired\":true,\"valueName\":\"search_term_string\"}}],\"inLanguage\":\"ca\"},{\"@type\":\"Organization\",\"@id\":\"https:\/\/www.psib-psoe.org\/eivissa\/#organization\",\"name\":\"Federaci\u00f3 Socialista d'Eivissa\",\"url\":\"https:\/\/www.psib-psoe.org\/eivissa\/\",\"logo\":{\"@type\":\"ImageObject\",\"inLanguage\":\"ca\",\"@id\":\"https:\/\/www.psib-psoe.org\/eivissa\/#\/schema\/logo\/image\/\",\"url\":\"https:\/\/www.psib-psoe.org\/eivissa\/wp-content\/uploads\/LOGO-FSE-SOCIALISTA-DEIVISSA-HORI.png\",\"contentUrl\":\"https:\/\/www.psib-psoe.org\/eivissa\/wp-content\/uploads\/LOGO-FSE-SOCIALISTA-DEIVISSA-HORI.png\",\"width\":6000,\"height\":3104,\"caption\":\"Federaci\u00f3 Socialista d'Eivissa\"},\"image\":{\"@id\":\"https:\/\/www.psib-psoe.org\/eivissa\/#\/schema\/logo\/image\/\"}},{\"@type\":\"Person\",\"@id\":\"https:\/\/www.psib-psoe.org\/eivissa\/#\/schema\/person\/099ab3ef73a3645a1d7f303518e6ce24\",\"name\":\"adminpsib\",\"url\":\"https:\/\/www.psib-psoe.org\/eivissa\/author\/adminpsib\/\"}]}<\/script>\n<!-- \/ Yoast SEO plugin. -->","yoast_head_json":{"title":"Una vintena de persones acudeixen a la presentaci\u00f3 del servei d\u2019informaci\u00f3 sobre la regularitzaci\u00f3 de migrants a la seu del PSOE de Sant Antoni - Federaci\u00f3 Socialista d&#039;Eivissa","robots":{"index":"index","follow":"follow","max-snippet":"max-snippet:-1","max-image-preview":"max-image-preview:large","max-video-preview":"max-video-preview:-1"},"canonical":"https:\/\/www.psib-psoe.org\/eivissa\/una-vintena-de-persones-acudeixen-a-la-presentacio-del-servei-dinformacio-sobre-la-regularitzacio-de-migrants-a-la-seu-del-psoe-de-sant-antoni\/","og_locale":"ca_ES","og_type":"article","og_title":"Una vintena de persones acudeixen a la presentaci\u00f3 del servei d\u2019informaci\u00f3 sobre la regularitzaci\u00f3 de migrants a la seu del PSOE de Sant Antoni - Federaci\u00f3 Socialista d&#039;Eivissa","og_description":"L\u2019Agrupaci\u00f3 Socialista de Sant Antoni de Portmany ha valorat molt positivament l\u2019acollida del nou servei gratu\u00eft del PSOE d\u2019informaci\u00f3 a migrants sobre el proc\u00e9s extraordinari de regularitzaci\u00f3, que ahir va reunir una vintena de persones en una reuni\u00f3 informativa sobre la posada en marxa del servei. Avui dimecres, a la seu del partit, al carrer&hellip;","og_url":"https:\/\/www.psib-psoe.org\/eivissa\/una-vintena-de-persones-acudeixen-a-la-presentacio-del-servei-dinformacio-sobre-la-regularitzacio-de-migrants-a-la-seu-del-psoe-de-sant-antoni\/","og_site_name":"Federaci\u00f3 Socialista d&#039;Eivissa","article_published_time":"2026-04-29T08:35:20+00:00","article_modified_time":"2026-04-29T08:39:39+00:00","og_image":[{"width":1600,"height":900,"url":"https:\/\/www.psib-psoe.org\/eivissa\/wp-content\/uploads\/reunio-sant-antoni-migrants1.jpg","type":"image\/jpeg"}],"author":"adminpsib","twitter_card":"summary_large_image","twitter_misc":{"Escrit per":"adminpsib","Temps estimat de lectura":"2 minuts"},"schema":{"@context":"https:\/\/schema.org","@graph":[{"@type":["Article","BlogPosting"],"@id":"https:\/\/www.psib-psoe.org\/eivissa\/una-vintena-de-persones-acudeixen-a-la-presentacio-del-servei-dinformacio-sobre-la-regularitzacio-de-migrants-a-la-seu-del-psoe-de-sant-antoni\/#article","isPartOf":{"@id":"https:\/\/www.psib-psoe.org\/eivissa\/una-vintena-de-persones-acudeixen-a-la-presentacio-del-servei-dinformacio-sobre-la-regularitzacio-de-migrants-a-la-seu-del-psoe-de-sant-antoni\/"},"author":{"name":"adminpsib","@id":"https:\/\/www.psib-psoe.org\/eivissa\/#\/schema\/person\/099ab3ef73a3645a1d7f303518e6ce24"},"headline":"Una vintena de persones acudeixen a la presentaci\u00f3 del servei d\u2019informaci\u00f3 sobre la regularitzaci\u00f3 de migrants a la seu del PSOE de Sant Antoni","datePublished":"2026-04-29T08:35:20+00:00","dateModified":"2026-04-29T08:39:39+00:00","mainEntityOfPage":{"@id":"https:\/\/www.psib-psoe.org\/eivissa\/una-vintena-de-persones-acudeixen-a-la-presentacio-del-servei-dinformacio-sobre-la-regularitzacio-de-migrants-a-la-seu-del-psoe-de-sant-antoni\/"},"wordCount":362,"publisher":{"@id":"https:\/\/www.psib-psoe.org\/eivissa\/#organization"},"image":{"@id":"https:\/\/www.psib-psoe.org\/eivissa\/una-vintena-de-persones-acudeixen-a-la-presentacio-del-servei-dinformacio-sobre-la-regularitzacio-de-migrants-a-la-seu-del-psoe-de-sant-antoni\/#primaryimage"},"thumbnailUrl":"https:\/\/www.psib-psoe.org\/eivissa\/wp-content\/uploads\/reunio-sant-antoni-migrants1.jpg","articleSection":["Federaci\u00f3 d'Eivissa - Portada","FSE-PSOE","Municipis","Sant Antoni de Portmany"],"inLanguage":"ca"},{"@type":"WebPage","@id":"https:\/\/www.psib-psoe.org\/eivissa\/una-vintena-de-persones-acudeixen-a-la-presentacio-del-servei-dinformacio-sobre-la-regularitzacio-de-migrants-a-la-seu-del-psoe-de-sant-antoni\/","url":"https:\/\/www.psib-psoe.org\/eivissa\/una-vintena-de-persones-acudeixen-a-la-presentacio-del-servei-dinformacio-sobre-la-regularitzacio-de-migrants-a-la-seu-del-psoe-de-sant-antoni\/","name":"Una vintena de persones acudeixen a la presentaci\u00f3 del servei d\u2019informaci\u00f3 sobre la regularitzaci\u00f3 de migrants a la seu del PSOE de Sant Antoni - Federaci\u00f3 Socialista d&#039;Eivissa","isPartOf":{"@id":"https:\/\/www.psib-psoe.org\/eivissa\/#website"},"primaryImageOfPage":{"@id":"https:\/\/www.psib-psoe.org\/eivissa\/una-vintena-de-persones-acudeixen-a-la-presentacio-del-servei-dinformacio-sobre-la-regularitzacio-de-migrants-a-la-seu-del-psoe-de-sant-antoni\/#primaryimage"},"image":{"@id":"https:\/\/www.psib-psoe.org\/eivissa\/una-vintena-de-persones-acudeixen-a-la-presentacio-del-servei-dinformacio-sobre-la-regularitzacio-de-migrants-a-la-seu-del-psoe-de-sant-antoni\/#primaryimage"},"thumbnailUrl":"https:\/\/www.psib-psoe.org\/eivissa\/wp-content\/uploads\/reunio-sant-antoni-migrants1.jpg","datePublished":"2026-04-29T08:35:20+00:00","dateModified":"2026-04-29T08:39:39+00:00","breadcrumb":{"@id":"https:\/\/www.psib-psoe.org\/eivissa\/una-vintena-de-persones-acudeixen-a-la-presentacio-del-servei-dinformacio-sobre-la-regularitzacio-de-migrants-a-la-seu-del-psoe-de-sant-antoni\/#breadcrumb"},"inLanguage":"ca","potentialAction":[{"@type":"ReadAction","target":["https:\/\/www.psib-psoe.org\/eivissa\/una-vintena-de-persones-acudeixen-a-la-presentacio-del-servei-dinformacio-sobre-la-regularitzacio-de-migrants-a-la-seu-del-psoe-de-sant-antoni\/"]}]},{"@type":"ImageObject","inLanguage":"ca","@id":"https:\/\/www.psib-psoe.org\/eivissa\/una-vintena-de-persones-acudeixen-a-la-presentacio-del-servei-dinformacio-sobre-la-regularitzacio-de-migrants-a-la-seu-del-psoe-de-sant-antoni\/#primaryimage","url":"https:\/\/www.psib-psoe.org\/eivissa\/wp-content\/uploads\/reunio-sant-antoni-migrants1.jpg","contentUrl":"https:\/\/www.psib-psoe.org\/eivissa\/wp-content\/uploads\/reunio-sant-antoni-migrants1.jpg","width":1600,"height":900},{"@type":"BreadcrumbList","@id":"https:\/\/www.psib-psoe.org\/eivissa\/una-vintena-de-persones-acudeixen-a-la-presentacio-del-servei-dinformacio-sobre-la-regularitzacio-de-migrants-a-la-seu-del-psoe-de-sant-antoni\/#breadcrumb","itemListElement":[{"@type":"ListItem","position":1,"name":"Inici","item":"https:\/\/www.psib-psoe.org\/eivissa\/"},{"@type":"ListItem","position":2,"name":"Una vintena de persones acudeixen a la presentaci\u00f3 del servei d\u2019informaci\u00f3 sobre la regularitzaci\u00f3 de migrants a la seu del PSOE de Sant Antoni"}]},{"@type":"WebSite","@id":"https:\/\/www.psib-psoe.org\/eivissa\/#website","url":"https:\/\/www.psib-psoe.org\/eivissa\/","name":"Federaci\u00f3 Socialista d'Eivissa","description":"Socialistes d&#039;Eivissa","publisher":{"@id":"https:\/\/www.psib-psoe.org\/eivissa\/#organization"},"potentialAction":[{"@type":"SearchAction","target":{"@type":"EntryPoint","urlTemplate":"https:\/\/www.psib-psoe.org\/eivissa\/?s={search_term_string}"},"query-input":{"@type":"PropertyValueSpecification","valueRequired":true,"valueName":"search_term_string"}}],"inLanguage":"ca"},{"@type":"Organization","@id":"https:\/\/www.psib-psoe.org\/eivissa\/#organization","name":"Federaci\u00f3 Socialista d'Eivissa","url":"https:\/\/www.psib-psoe.org\/eivissa\/","logo":{"@type":"ImageObject","inLanguage":"ca","@id":"https:\/\/www.psib-psoe.org\/eivissa\/#\/schema\/logo\/image\/","url":"https:\/\/www.psib-psoe.org\/eivissa\/wp-content\/uploads\/LOGO-FSE-SOCIALISTA-DEIVISSA-HORI.png","contentUrl":"https:\/\/www.psib-psoe.org\/eivissa\/wp-content\/uploads\/LOGO-FSE-SOCIALISTA-DEIVISSA-HORI.png","width":6000,"height":3104,"caption":"Federaci\u00f3 Socialista d'Eivissa"},"image":{"@id":"https:\/\/www.psib-psoe.org\/eivissa\/#\/schema\/logo\/image\/"}},{"@type":"Person","@id":"https:\/\/www.psib-psoe.org\/eivissa\/#\/schema\/person\/099ab3ef73a3645a1d7f303518e6ce24","name":"adminpsib","url":"https:\/\/www.psib-psoe.org\/eivissa\/author\/adminpsib\/"}]}},"_links":{"self":[{"href":"https:\/\/www.psib-psoe.org\/eivissa\/wp-json\/wp\/v2\/posts\/42209","targetHints":{"allow":["GET"]}}],"collection":[{"href":"https:\/\/www.psib-psoe.org\/eivissa\/wp-json\/wp\/v2\/posts"}],"about":[{"href":"https:\/\/www.psib-psoe.org\/eivissa\/wp-json\/wp\/v2\/types\/post"}],"author":[{"embeddable":true,"href":"https:\/\/www.psib-psoe.org\/eivissa\/wp-json\/wp\/v2\/users\/1"}],"replies":[{"embeddable":true,"href":"https:\/\/www.psib-psoe.org\/eivissa\/wp-json\/wp\/v2\/comments?post=42209"}],"version-history":[{"count":1,"href":"https:\/\/www.psib-psoe.org\/eivissa\/wp-json\/wp\/v2\/posts\/42209\/revisions"}],"predecessor-version":[{"id":42210,"href":"https:\/\/www.psib-psoe.org\/eivissa\/wp-json\/wp\/v2\/posts\/42209\/revisions\/42210"}],"wp:featuredmedia":[{"embeddable":true,"href":"https:\/\/www.psib-psoe.org\/eivissa\/wp-json\/wp\/v2\/media\/42211"}],"wp:attachment":[{"href":"https:\/\/www.psib-psoe.org\/eivissa\/wp-json\/wp\/v2\/media?parent=42209"}],"wp:term":[{"taxonomy":"category","embeddable":true,"href":"https:\/\/www.psib-psoe.org\/eivissa\/wp-json\/wp\/v2\/categories?post=42209"},{"taxonomy":"post_tag","embeddable":true,"href":"https:\/\/www.psib-psoe.org\/eivissa\/wp-json\/wp\/v2\/tags?post=42209"}],"curies":[{"name":"wp","href":"https:\/\/api.w.org\/{rel}","templated":true}]}}