{"id":42669,"date":"2026-08-28T13:54:33","date_gmt":"2026-08-28T11:54:33","guid":{"rendered":"https:\/\/www.psib-psoe.org\/eivissa\/?p=42669"},"modified":"2026-08-28T13:54:33","modified_gmt":"2026-08-28T11:54:33","slug":"el-psoe-celebra-que-el-govern-despanya-continui-avancant-en-el-projecte-dhabitatges-de-ca-nescandell","status":"publish","type":"post","link":"https:\/\/www.psib-psoe.org\/eivissa\/el-psoe-celebra-que-el-govern-despanya-continui-avancant-en-el-projecte-dhabitatges-de-ca-nescandell\/","title":{"rendered":"El PSOE celebra que el Govern d&#8217;Espanya continu\u00ef avan\u00e7ant en el projecte d&#8217;habitatges de Ca n&#8217;Escandell."},"content":{"rendered":"<p><em>Els socialistes destaquen l&#8217;adjudicaci\u00f3 de la redacci\u00f3 del projecte dels primers 197 habitatges i l&#8217;avan\u00e7 de les obres d&#8217;urbanitzaci\u00f3 com una mostra del comprom\u00eds del Ministeri amb Eivissa.<\/em><\/p>\n<p>El PSOE es mostra molt satisfet que el projecte de Ca n&#8217;Escandell continu\u00ef avan\u00e7ant amb l&#8217;adjudicaci\u00f3 de la redacci\u00f3 del projecte d&#8217;edificaci\u00f3 i direcci\u00f3 d&#8217;obra de la parcel\u00b7la 9, que contempla 197 habitatges p\u00fablics destinats al lloguer assequible, una nova passa que apropar\u00e0 la construcci\u00f3 d&#8217;habitatge p\u00fablic a la ciutat. Aquesta adjudicaci\u00f3 ha estat realitzada al prestigi\u00f3s arquitecte Itali\u00e0, Stefano Boeri, autor de l&#8217;edifici Bosque Vertical a Mil\u00e1.<\/p>\n<p>Els socialistes destaquen que aquesta adjudicaci\u00f3 coincideix amb l&#8217;impuls de les obres d&#8217;urbanitzaci\u00f3 de Ca n&#8217;Escandell, que ja es troben en una fase molt avan\u00e7ada, i consideren que ambdues actuacions demostren que el Govern d&#8217;Espanya mant\u00e9 el seu comprom\u00eds amb Eivissa i continua treballant per donar resposta a una de les principals necessitats de la ciutadania: l&#8217;acc\u00e9s a l&#8217;habitatge.<\/p>\n<p>&#8220;Estam molt satisfets de veure com Ca n&#8217;Escandell continua avan\u00e7ant. \u00c9s una molt bona not\u00edcia per a Eivissa perqu\u00e8 cada passa que es fa ens apropa a tenir m\u00e9s habitatge assequible a disposici\u00f3 de les fam\u00edlies, els joves i les persones que viuen i treballen a la nostra ciutat&#8221;, assenyala Elena L\u00f3pez Bonet, Secretaria General de l&#8217;Agrupaci\u00f3 Socialista de la ciutat d&#8217;Eivissa.<\/p>\n<p>El projecte de Ca n&#8217;Escandell \u00e9s una de les principals actuacions d&#8217;habitatge assequible que s&#8217;estan desenvolupant a l&#8217;illa d&#8217;Eivissa. En total, est\u00e0 previst que l&#8217;\u00e0mbit disposi de 532 habitatges, juntament amb nous espais p\u00fablics, un parc i equipaments.<\/p>\n<p>El PSOE recorda que aquesta actuaci\u00f3 es va impulsar durant l&#8217;anterior legislatura a trav\u00e9s de la col\u00b7laboraci\u00f3 entre les diferents administracions i amb una implicaci\u00f3 decisiva del Govern d&#8217;Espanya.<br \/>\n&#8220;\u00c9s important recordar que aquest projecte es va posar en marxa gr\u00e0cies a una feina institucional que es va fer durant l&#8217;anterior legislatura progressista i que avui continua. El m\u00e9s important \u00e9s que aquella aposta per Eivissa no s&#8217;ha aturat i que el Ministeri continua fent passes perqu\u00e8 els habitatges siguin una realitat&#8221;, afirma Elena L\u00f3pez Bonet, Secretaria General de l&#8217;Agrupaci\u00f3 Socialista de la ciutat d&#8217;Eivissa.<\/p>\n<p>Els socialistes consideren especialment positiu que el projecte hagi entrat ja en una fase en qu\u00e8 la urbanitzaci\u00f3 avan\u00e7a i les primeres promocions d&#8217;habitatge comencen a concretar-se.<\/p>\n<p><strong>197 habitatges que comen\u00e7aran a prendre forma<\/strong><\/p>\n<p>L&#8217;entitat P\u00fablica Casa 47 ha adjudicat la redacci\u00f3 del projecte d&#8217;edificaci\u00f3 i la direcci\u00f3 d&#8217;obra de la parcel\u00b7la 9 de Ca n&#8217;Escandell, que contempla la construcci\u00f3 de 197 habitatges protegits destinats al lloguer assequible.<\/p>\n<p>Dels 532 habitatges previstos pel Ministeri a Ca N&#8217;Escandell, 362 habitatges seran edificats i gestionats directament per l&#8217;entitat p\u00fablica Casa 47, amb un Pla de Lloguer d&#8217;habitatge assequible, amb una inversi\u00f3 total de 100 milions d&#8217;euros. Per al PSOE, aquesta adjudicaci\u00f3 \u00e9s una passa especialment important perqu\u00e8 permet comen\u00e7ar a concretar tot aquest projecte.<\/p>\n<p>El PSOE destaca tamb\u00e9 l&#8217;evoluci\u00f3 de les obres d&#8217;urbanitzaci\u00f3 de Ca n&#8217;Escandell, que afecten una superf\u00edcie de m\u00e9s de 17 hect\u00e0rees i inclouen carrers, espais p\u00fablics, un nou parc i les infraestructures necess\u00e0ries per al desenvolupament del nou barri.<\/p>\n<p>Els socialistes consideren que l&#8217;avan\u00e7 de la urbanitzaci\u00f3 \u00e9s fonamental perqu\u00e8 permet que les diferents parcel\u00b7les puguin anar entrant en les seves corresponents fases de desenvolupament residencial i que la construcci\u00f3 d&#8217;habitatge assequible requereix una aposta sostinguda en el temps i una col\u00b7laboraci\u00f3 efectiva entre administracions. <\/p>\n","protected":false},"excerpt":{"rendered":"<p>Els socialistes destaquen l&#8217;adjudicaci\u00f3 de la redacci\u00f3 del projecte dels primers 197 habitatges i l&#8217;avan\u00e7 de les obres d&#8217;urbanitzaci\u00f3 com una mostra del comprom\u00eds del Ministeri amb Eivissa. El PSOE es mostra molt satisfet que el projecte de Ca n&#8217;Escandell continu\u00ef avan\u00e7ant amb l&#8217;adjudicaci\u00f3 de la redacci\u00f3 del projecte d&#8217;edificaci\u00f3 i direcci\u00f3 d&#8217;obra de la&hellip;<\/p>\n","protected":false},"author":1,"featured_media":42670,"comment_status":"closed","ping_status":"closed","sticky":false,"template":"","format":"standard","meta":{"footnotes":""},"categories":[1],"tags":[],"class_list":["post-42669","post","type-post","status-publish","format-standard","has-post-thumbnail","hentry","category-federacio-de-eivissa-portada"],"yoast_head":"<!-- This site is optimized with the Yoast SEO plugin v26.9 - https:\/\/yoast.com\/product\/yoast-seo-wordpress\/ -->\n<title>El PSOE celebra que el Govern d&#039;Espanya continu\u00ef avan\u00e7ant en el projecte d&#039;habitatges de Ca n&#039;Escandell. - Federaci\u00f3 Socialista d&#039;Eivissa<\/title>\n<meta name=\"robots\" content=\"index, follow, max-snippet:-1, max-image-preview:large, max-video-preview:-1\" \/>\n<link rel=\"canonical\" href=\"https:\/\/www.psib-psoe.org\/eivissa\/el-psoe-celebra-que-el-govern-despanya-continui-avancant-en-el-projecte-dhabitatges-de-ca-nescandell\/\" \/>\n<meta property=\"og:locale\" content=\"ca_ES\" \/>\n<meta property=\"og:type\" content=\"article\" \/>\n<meta property=\"og:title\" content=\"El PSOE celebra que el Govern d&#039;Espanya continu\u00ef avan\u00e7ant en el projecte d&#039;habitatges de Ca n&#039;Escandell. - Federaci\u00f3 Socialista d&#039;Eivissa\" \/>\n<meta property=\"og:description\" content=\"Els socialistes destaquen l&#8217;adjudicaci\u00f3 de la redacci\u00f3 del projecte dels primers 197 habitatges i l&#8217;avan\u00e7 de les obres d&#8217;urbanitzaci\u00f3 com una mostra del comprom\u00eds del Ministeri amb Eivissa. El PSOE es mostra molt satisfet que el projecte de Ca n&#8217;Escandell continu\u00ef avan\u00e7ant amb l&#8217;adjudicaci\u00f3 de la redacci\u00f3 del projecte d&#8217;edificaci\u00f3 i direcci\u00f3 d&#8217;obra de la&hellip;\" \/>\n<meta property=\"og:url\" content=\"https:\/\/www.psib-psoe.org\/eivissa\/el-psoe-celebra-que-el-govern-despanya-continui-avancant-en-el-projecte-dhabitatges-de-ca-nescandell\/\" \/>\n<meta property=\"og:site_name\" content=\"Federaci\u00f3 Socialista d&#039;Eivissa\" \/>\n<meta property=\"article:published_time\" content=\"2026-08-28T11:54:33+00:00\" \/>\n<meta property=\"og:image\" content=\"https:\/\/www.psib-psoe.org\/eivissa\/wp-content\/uploads\/Foto-20Can-20Escandell_01.jpg\" \/>\n\t<meta property=\"og:image:width\" content=\"1351\" \/>\n\t<meta property=\"og:image:height\" content=\"1059\" \/>\n\t<meta property=\"og:image:type\" content=\"image\/jpeg\" \/>\n<meta name=\"author\" content=\"adminpsib\" \/>\n<meta name=\"twitter:card\" content=\"summary_large_image\" \/>\n<meta name=\"twitter:label1\" content=\"Escrit per\" \/>\n\t<meta name=\"twitter:data1\" content=\"adminpsib\" \/>\n\t<meta name=\"twitter:label2\" content=\"Temps estimat de lectura\" \/>\n\t<meta name=\"twitter:data2\" content=\"1 minut\" \/>\n<script type=\"application\/ld+json\" class=\"yoast-schema-graph\">{\"@context\":\"https:\/\/schema.org\",\"@graph\":[{\"@type\":[\"Article\",\"BlogPosting\"],\"@id\":\"https:\/\/www.psib-psoe.org\/eivissa\/el-psoe-celebra-que-el-govern-despanya-continui-avancant-en-el-projecte-dhabitatges-de-ca-nescandell\/#article\",\"isPartOf\":{\"@id\":\"https:\/\/www.psib-psoe.org\/eivissa\/el-psoe-celebra-que-el-govern-despanya-continui-avancant-en-el-projecte-dhabitatges-de-ca-nescandell\/\"},\"author\":{\"name\":\"adminpsib\",\"@id\":\"https:\/\/www.psib-psoe.org\/eivissa\/#\/schema\/person\/099ab3ef73a3645a1d7f303518e6ce24\"},\"headline\":\"El PSOE celebra que el Govern d&#8217;Espanya continu\u00ef avan\u00e7ant en el projecte d&#8217;habitatges de Ca n&#8217;Escandell.\",\"datePublished\":\"2026-08-28T11:54:33+00:00\",\"mainEntityOfPage\":{\"@id\":\"https:\/\/www.psib-psoe.org\/eivissa\/el-psoe-celebra-que-el-govern-despanya-continui-avancant-en-el-projecte-dhabitatges-de-ca-nescandell\/\"},\"wordCount\":595,\"publisher\":{\"@id\":\"https:\/\/www.psib-psoe.org\/eivissa\/#organization\"},\"image\":{\"@id\":\"https:\/\/www.psib-psoe.org\/eivissa\/el-psoe-celebra-que-el-govern-despanya-continui-avancant-en-el-projecte-dhabitatges-de-ca-nescandell\/#primaryimage\"},\"thumbnailUrl\":\"https:\/\/www.psib-psoe.org\/eivissa\/wp-content\/uploads\/Foto-20Can-20Escandell_01.jpg\",\"articleSection\":[\"Federaci\u00f3 d'Eivissa - Portada\"],\"inLanguage\":\"ca\"},{\"@type\":\"WebPage\",\"@id\":\"https:\/\/www.psib-psoe.org\/eivissa\/el-psoe-celebra-que-el-govern-despanya-continui-avancant-en-el-projecte-dhabitatges-de-ca-nescandell\/\",\"url\":\"https:\/\/www.psib-psoe.org\/eivissa\/el-psoe-celebra-que-el-govern-despanya-continui-avancant-en-el-projecte-dhabitatges-de-ca-nescandell\/\",\"name\":\"El PSOE celebra que el Govern d'Espanya continu\u00ef avan\u00e7ant en el projecte d'habitatges de Ca n'Escandell. - Federaci\u00f3 Socialista d&#039;Eivissa\",\"isPartOf\":{\"@id\":\"https:\/\/www.psib-psoe.org\/eivissa\/#website\"},\"primaryImageOfPage\":{\"@id\":\"https:\/\/www.psib-psoe.org\/eivissa\/el-psoe-celebra-que-el-govern-despanya-continui-avancant-en-el-projecte-dhabitatges-de-ca-nescandell\/#primaryimage\"},\"image\":{\"@id\":\"https:\/\/www.psib-psoe.org\/eivissa\/el-psoe-celebra-que-el-govern-despanya-continui-avancant-en-el-projecte-dhabitatges-de-ca-nescandell\/#primaryimage\"},\"thumbnailUrl\":\"https:\/\/www.psib-psoe.org\/eivissa\/wp-content\/uploads\/Foto-20Can-20Escandell_01.jpg\",\"datePublished\":\"2026-08-28T11:54:33+00:00\",\"breadcrumb\":{\"@id\":\"https:\/\/www.psib-psoe.org\/eivissa\/el-psoe-celebra-que-el-govern-despanya-continui-avancant-en-el-projecte-dhabitatges-de-ca-nescandell\/#breadcrumb\"},\"inLanguage\":\"ca\",\"potentialAction\":[{\"@type\":\"ReadAction\",\"target\":[\"https:\/\/www.psib-psoe.org\/eivissa\/el-psoe-celebra-que-el-govern-despanya-continui-avancant-en-el-projecte-dhabitatges-de-ca-nescandell\/\"]}]},{\"@type\":\"ImageObject\",\"inLanguage\":\"ca\",\"@id\":\"https:\/\/www.psib-psoe.org\/eivissa\/el-psoe-celebra-que-el-govern-despanya-continui-avancant-en-el-projecte-dhabitatges-de-ca-nescandell\/#primaryimage\",\"url\":\"https:\/\/www.psib-psoe.org\/eivissa\/wp-content\/uploads\/Foto-20Can-20Escandell_01.jpg\",\"contentUrl\":\"https:\/\/www.psib-psoe.org\/eivissa\/wp-content\/uploads\/Foto-20Can-20Escandell_01.jpg\",\"width\":1351,\"height\":1059},{\"@type\":\"BreadcrumbList\",\"@id\":\"https:\/\/www.psib-psoe.org\/eivissa\/el-psoe-celebra-que-el-govern-despanya-continui-avancant-en-el-projecte-dhabitatges-de-ca-nescandell\/#breadcrumb\",\"itemListElement\":[{\"@type\":\"ListItem\",\"position\":1,\"name\":\"Inici\",\"item\":\"https:\/\/www.psib-psoe.org\/eivissa\/\"},{\"@type\":\"ListItem\",\"position\":2,\"name\":\"El PSOE celebra que el Govern d&#8217;Espanya continu\u00ef avan\u00e7ant en el projecte d&#8217;habitatges de Ca n&#8217;Escandell.\"}]},{\"@type\":\"WebSite\",\"@id\":\"https:\/\/www.psib-psoe.org\/eivissa\/#website\",\"url\":\"https:\/\/www.psib-psoe.org\/eivissa\/\",\"name\":\"Federaci\u00f3 Socialista d'Eivissa\",\"description\":\"Socialistes d&#039;Eivissa\",\"publisher\":{\"@id\":\"https:\/\/www.psib-psoe.org\/eivissa\/#organization\"},\"potentialAction\":[{\"@type\":\"SearchAction\",\"target\":{\"@type\":\"EntryPoint\",\"urlTemplate\":\"https:\/\/www.psib-psoe.org\/eivissa\/?s={search_term_string}\"},\"query-input\":{\"@type\":\"PropertyValueSpecification\",\"valueRequired\":true,\"valueName\":\"search_term_string\"}}],\"inLanguage\":\"ca\"},{\"@type\":\"Organization\",\"@id\":\"https:\/\/www.psib-psoe.org\/eivissa\/#organization\",\"name\":\"Federaci\u00f3 Socialista d'Eivissa\",\"url\":\"https:\/\/www.psib-psoe.org\/eivissa\/\",\"logo\":{\"@type\":\"ImageObject\",\"inLanguage\":\"ca\",\"@id\":\"https:\/\/www.psib-psoe.org\/eivissa\/#\/schema\/logo\/image\/\",\"url\":\"https:\/\/www.psib-psoe.org\/eivissa\/wp-content\/uploads\/LOGO-FSE-SOCIALISTA-DEIVISSA-HORI.png\",\"contentUrl\":\"https:\/\/www.psib-psoe.org\/eivissa\/wp-content\/uploads\/LOGO-FSE-SOCIALISTA-DEIVISSA-HORI.png\",\"width\":6000,\"height\":3104,\"caption\":\"Federaci\u00f3 Socialista d'Eivissa\"},\"image\":{\"@id\":\"https:\/\/www.psib-psoe.org\/eivissa\/#\/schema\/logo\/image\/\"}},{\"@type\":\"Person\",\"@id\":\"https:\/\/www.psib-psoe.org\/eivissa\/#\/schema\/person\/099ab3ef73a3645a1d7f303518e6ce24\",\"name\":\"adminpsib\",\"url\":\"https:\/\/www.psib-psoe.org\/eivissa\/author\/adminpsib\/\"}]}<\/script>\n<!-- \/ Yoast SEO plugin. -->","yoast_head_json":{"title":"El PSOE celebra que el Govern d'Espanya continu\u00ef avan\u00e7ant en el projecte d'habitatges de Ca n'Escandell. - Federaci\u00f3 Socialista d&#039;Eivissa","robots":{"index":"index","follow":"follow","max-snippet":"max-snippet:-1","max-image-preview":"max-image-preview:large","max-video-preview":"max-video-preview:-1"},"canonical":"https:\/\/www.psib-psoe.org\/eivissa\/el-psoe-celebra-que-el-govern-despanya-continui-avancant-en-el-projecte-dhabitatges-de-ca-nescandell\/","og_locale":"ca_ES","og_type":"article","og_title":"El PSOE celebra que el Govern d'Espanya continu\u00ef avan\u00e7ant en el projecte d'habitatges de Ca n'Escandell. - Federaci\u00f3 Socialista d&#039;Eivissa","og_description":"Els socialistes destaquen l&#8217;adjudicaci\u00f3 de la redacci\u00f3 del projecte dels primers 197 habitatges i l&#8217;avan\u00e7 de les obres d&#8217;urbanitzaci\u00f3 com una mostra del comprom\u00eds del Ministeri amb Eivissa. El PSOE es mostra molt satisfet que el projecte de Ca n&#8217;Escandell continu\u00ef avan\u00e7ant amb l&#8217;adjudicaci\u00f3 de la redacci\u00f3 del projecte d&#8217;edificaci\u00f3 i direcci\u00f3 d&#8217;obra de la&hellip;","og_url":"https:\/\/www.psib-psoe.org\/eivissa\/el-psoe-celebra-que-el-govern-despanya-continui-avancant-en-el-projecte-dhabitatges-de-ca-nescandell\/","og_site_name":"Federaci\u00f3 Socialista d&#039;Eivissa","article_published_time":"2026-08-28T11:54:33+00:00","og_image":[{"width":1351,"height":1059,"url":"https:\/\/www.psib-psoe.org\/eivissa\/wp-content\/uploads\/Foto-20Can-20Escandell_01.jpg","type":"image\/jpeg"}],"author":"adminpsib","twitter_card":"summary_large_image","twitter_misc":{"Escrit per":"adminpsib","Temps estimat de lectura":"1 minut"},"schema":{"@context":"https:\/\/schema.org","@graph":[{"@type":["Article","BlogPosting"],"@id":"https:\/\/www.psib-psoe.org\/eivissa\/el-psoe-celebra-que-el-govern-despanya-continui-avancant-en-el-projecte-dhabitatges-de-ca-nescandell\/#article","isPartOf":{"@id":"https:\/\/www.psib-psoe.org\/eivissa\/el-psoe-celebra-que-el-govern-despanya-continui-avancant-en-el-projecte-dhabitatges-de-ca-nescandell\/"},"author":{"name":"adminpsib","@id":"https:\/\/www.psib-psoe.org\/eivissa\/#\/schema\/person\/099ab3ef73a3645a1d7f303518e6ce24"},"headline":"El PSOE celebra que el Govern d&#8217;Espanya continu\u00ef avan\u00e7ant en el projecte d&#8217;habitatges de Ca n&#8217;Escandell.","datePublished":"2026-08-28T11:54:33+00:00","mainEntityOfPage":{"@id":"https:\/\/www.psib-psoe.org\/eivissa\/el-psoe-celebra-que-el-govern-despanya-continui-avancant-en-el-projecte-dhabitatges-de-ca-nescandell\/"},"wordCount":595,"publisher":{"@id":"https:\/\/www.psib-psoe.org\/eivissa\/#organization"},"image":{"@id":"https:\/\/www.psib-psoe.org\/eivissa\/el-psoe-celebra-que-el-govern-despanya-continui-avancant-en-el-projecte-dhabitatges-de-ca-nescandell\/#primaryimage"},"thumbnailUrl":"https:\/\/www.psib-psoe.org\/eivissa\/wp-content\/uploads\/Foto-20Can-20Escandell_01.jpg","articleSection":["Federaci\u00f3 d'Eivissa - Portada"],"inLanguage":"ca"},{"@type":"WebPage","@id":"https:\/\/www.psib-psoe.org\/eivissa\/el-psoe-celebra-que-el-govern-despanya-continui-avancant-en-el-projecte-dhabitatges-de-ca-nescandell\/","url":"https:\/\/www.psib-psoe.org\/eivissa\/el-psoe-celebra-que-el-govern-despanya-continui-avancant-en-el-projecte-dhabitatges-de-ca-nescandell\/","name":"El PSOE celebra que el Govern d'Espanya continu\u00ef avan\u00e7ant en el projecte d'habitatges de Ca n'Escandell. - Federaci\u00f3 Socialista d&#039;Eivissa","isPartOf":{"@id":"https:\/\/www.psib-psoe.org\/eivissa\/#website"},"primaryImageOfPage":{"@id":"https:\/\/www.psib-psoe.org\/eivissa\/el-psoe-celebra-que-el-govern-despanya-continui-avancant-en-el-projecte-dhabitatges-de-ca-nescandell\/#primaryimage"},"image":{"@id":"https:\/\/www.psib-psoe.org\/eivissa\/el-psoe-celebra-que-el-govern-despanya-continui-avancant-en-el-projecte-dhabitatges-de-ca-nescandell\/#primaryimage"},"thumbnailUrl":"https:\/\/www.psib-psoe.org\/eivissa\/wp-content\/uploads\/Foto-20Can-20Escandell_01.jpg","datePublished":"2026-08-28T11:54:33+00:00","breadcrumb":{"@id":"https:\/\/www.psib-psoe.org\/eivissa\/el-psoe-celebra-que-el-govern-despanya-continui-avancant-en-el-projecte-dhabitatges-de-ca-nescandell\/#breadcrumb"},"inLanguage":"ca","potentialAction":[{"@type":"ReadAction","target":["https:\/\/www.psib-psoe.org\/eivissa\/el-psoe-celebra-que-el-govern-despanya-continui-avancant-en-el-projecte-dhabitatges-de-ca-nescandell\/"]}]},{"@type":"ImageObject","inLanguage":"ca","@id":"https:\/\/www.psib-psoe.org\/eivissa\/el-psoe-celebra-que-el-govern-despanya-continui-avancant-en-el-projecte-dhabitatges-de-ca-nescandell\/#primaryimage","url":"https:\/\/www.psib-psoe.org\/eivissa\/wp-content\/uploads\/Foto-20Can-20Escandell_01.jpg","contentUrl":"https:\/\/www.psib-psoe.org\/eivissa\/wp-content\/uploads\/Foto-20Can-20Escandell_01.jpg","width":1351,"height":1059},{"@type":"BreadcrumbList","@id":"https:\/\/www.psib-psoe.org\/eivissa\/el-psoe-celebra-que-el-govern-despanya-continui-avancant-en-el-projecte-dhabitatges-de-ca-nescandell\/#breadcrumb","itemListElement":[{"@type":"ListItem","position":1,"name":"Inici","item":"https:\/\/www.psib-psoe.org\/eivissa\/"},{"@type":"ListItem","position":2,"name":"El PSOE celebra que el Govern d&#8217;Espanya continu\u00ef avan\u00e7ant en el projecte d&#8217;habitatges de Ca n&#8217;Escandell."}]},{"@type":"WebSite","@id":"https:\/\/www.psib-psoe.org\/eivissa\/#website","url":"https:\/\/www.psib-psoe.org\/eivissa\/","name":"Federaci\u00f3 Socialista d'Eivissa","description":"Socialistes d&#039;Eivissa","publisher":{"@id":"https:\/\/www.psib-psoe.org\/eivissa\/#organization"},"potentialAction":[{"@type":"SearchAction","target":{"@type":"EntryPoint","urlTemplate":"https:\/\/www.psib-psoe.org\/eivissa\/?s={search_term_string}"},"query-input":{"@type":"PropertyValueSpecification","valueRequired":true,"valueName":"search_term_string"}}],"inLanguage":"ca"},{"@type":"Organization","@id":"https:\/\/www.psib-psoe.org\/eivissa\/#organization","name":"Federaci\u00f3 Socialista d'Eivissa","url":"https:\/\/www.psib-psoe.org\/eivissa\/","logo":{"@type":"ImageObject","inLanguage":"ca","@id":"https:\/\/www.psib-psoe.org\/eivissa\/#\/schema\/logo\/image\/","url":"https:\/\/www.psib-psoe.org\/eivissa\/wp-content\/uploads\/LOGO-FSE-SOCIALISTA-DEIVISSA-HORI.png","contentUrl":"https:\/\/www.psib-psoe.org\/eivissa\/wp-content\/uploads\/LOGO-FSE-SOCIALISTA-DEIVISSA-HORI.png","width":6000,"height":3104,"caption":"Federaci\u00f3 Socialista d'Eivissa"},"image":{"@id":"https:\/\/www.psib-psoe.org\/eivissa\/#\/schema\/logo\/image\/"}},{"@type":"Person","@id":"https:\/\/www.psib-psoe.org\/eivissa\/#\/schema\/person\/099ab3ef73a3645a1d7f303518e6ce24","name":"adminpsib","url":"https:\/\/www.psib-psoe.org\/eivissa\/author\/adminpsib\/"}]}},"_links":{"self":[{"href":"https:\/\/www.psib-psoe.org\/eivissa\/wp-json\/wp\/v2\/posts\/42669","targetHints":{"allow":["GET"]}}],"collection":[{"href":"https:\/\/www.psib-psoe.org\/eivissa\/wp-json\/wp\/v2\/posts"}],"about":[{"href":"https:\/\/www.psib-psoe.org\/eivissa\/wp-json\/wp\/v2\/types\/post"}],"author":[{"embeddable":true,"href":"https:\/\/www.psib-psoe.org\/eivissa\/wp-json\/wp\/v2\/users\/1"}],"replies":[{"embeddable":true,"href":"https:\/\/www.psib-psoe.org\/eivissa\/wp-json\/wp\/v2\/comments?post=42669"}],"version-history":[{"count":1,"href":"https:\/\/www.psib-psoe.org\/eivissa\/wp-json\/wp\/v2\/posts\/42669\/revisions"}],"predecessor-version":[{"id":42671,"href":"https:\/\/www.psib-psoe.org\/eivissa\/wp-json\/wp\/v2\/posts\/42669\/revisions\/42671"}],"wp:featuredmedia":[{"embeddable":true,"href":"https:\/\/www.psib-psoe.org\/eivissa\/wp-json\/wp\/v2\/media\/42670"}],"wp:attachment":[{"href":"https:\/\/www.psib-psoe.org\/eivissa\/wp-json\/wp\/v2\/media?parent=42669"}],"wp:term":[{"taxonomy":"category","embeddable":true,"href":"https:\/\/www.psib-psoe.org\/eivissa\/wp-json\/wp\/v2\/categories?post=42669"},{"taxonomy":"post_tag","embeddable":true,"href":"https:\/\/www.psib-psoe.org\/eivissa\/wp-json\/wp\/v2\/tags?post=42669"}],"curies":[{"name":"wp","href":"https:\/\/api.w.org\/{rel}","templated":true}]}}