{"id":42672,"date":"2026-09-02T11:48:47","date_gmt":"2026-09-02T09:48:47","guid":{"rendered":"https:\/\/www.psib-psoe.org\/eivissa\/?p=42672"},"modified":"2026-09-02T11:48:47","modified_gmt":"2026-09-02T09:48:47","slug":"la-fse-psoe-posa-en-marxa-el-calendari-de-primaries-per-a-les-eleccions-de-maig-de-2027","status":"publish","type":"post","link":"https:\/\/www.psib-psoe.org\/eivissa\/la-fse-psoe-posa-en-marxa-el-calendari-de-primaries-per-a-les-eleccions-de-maig-de-2027\/","title":{"rendered":"La FSE-PSOE posa en marxa el calendari de prim\u00e0ries per a les eleccions de maig de 2027"},"content":{"rendered":"\n<p>La Federaci\u00f3 Socialista d\u2019Eivissa (FSE-PSOE) posa en marxa aquesta setmana els processos de prim\u00e0ries per escollir les persones que encap\u00e7alaran les candidatures socialistes al Consell Insular d\u2019Eivissa i als ajuntaments d\u2019Eivissa, Santa Eul\u00e0ria des Riu i Sant Josep de sa Talaia de cara a les eleccions de maig de 2027.<\/p>\n\n\n\n<p>El procediment es desenvolupa d\u2019acord amb el que estableixen els Estatuts Federals i el Reglament Federal de Desenvolupament del PSOE, una vegada aprovat i ratificat en la reuni\u00f3 de l\u2019Executiva del PSIB-PSOE celebrada el passat 31 d\u2019agost.<\/p>\n\n\n\n<p>El termini per a la presentaci\u00f3 de precandidatures ser\u00e0 del 4 al 7 de setembre, fins a les 12 hores del migdia, en els quatre processos. Les precandidatures s\u2019hauran de formalitzar mitjan\u00e7ant comunicaci\u00f3 per escrit i registrar-se a les seus de les respectives agrupacions.<\/p>\n\n\n\n<p>D\u2019acord amb les bases del proc\u00e9s, en cas que es presenti m\u00e9s d\u2019una precandidatura, les persones que vulguin conc\u00f3rrer a les prim\u00e0ries hauran de reunir entre un 15% i un 20% d\u2019avals del total de la milit\u00e0ncia de l\u2019agrupaci\u00f3 corresponent. El per\u00edode per a la recollida i presentaci\u00f3 dels avals ser\u00e0 del 9 al 16 de setembre.<\/p>\n\n\n\n<p>Si hi ha m\u00e9s d\u2019una precandidatura que compleixi els requisits establerts, la jornada de votaci\u00f3 en primera volta se celebrar\u00e0 el 26 de setembre.<\/p>\n\n\n\n<p>En cas que nom\u00e9s es presenti una precandidatura, no ser\u00e0 necess\u00e0ria la recollida d\u2019avals ni la celebraci\u00f3 de la votaci\u00f3, i la persona precandidata adquirir\u00e0 directament la condici\u00f3 de candidata o candidat.<\/p>\n\n\n\n<p>Els municipis de menor poblaci\u00f3 de l\u2019illa, Sant Antoni de Portmany i Sant Joan de Labritja, s\u2019acolliran a les pr\u00f2ximes dates previstes en el calendari federal del PSOE per escollir els caps de llista a les eleccions de maig de 2027.<\/p>\n","protected":false},"excerpt":{"rendered":"<p>La Federaci\u00f3 Socialista d\u2019Eivissa (FSE-PSOE) posa en marxa aquesta setmana els processos de prim\u00e0ries per escollir les persones que encap\u00e7alaran les candidatures socialistes al Consell Insular d\u2019Eivissa i als ajuntaments d\u2019Eivissa, Santa Eul\u00e0ria des Riu i Sant Josep de sa Talaia de cara a les eleccions de maig de 2027. El procediment es desenvolupa d\u2019acord&hellip;<\/p>\n","protected":false},"author":1,"featured_media":36661,"comment_status":"closed","ping_status":"closed","sticky":false,"template":"","format":"standard","meta":{"footnotes":""},"categories":[1,212],"tags":[],"class_list":["post-42672","post","type-post","status-publish","format-standard","has-post-thumbnail","hentry","category-federacio-de-eivissa-portada","category-fse-psoe"],"yoast_head":"<!-- This site is optimized with the Yoast SEO plugin v26.9 - https:\/\/yoast.com\/product\/yoast-seo-wordpress\/ -->\n<title>La FSE-PSOE posa en marxa el calendari de prim\u00e0ries per a les eleccions de maig de 2027 - Federaci\u00f3 Socialista d&#039;Eivissa<\/title>\n<meta name=\"robots\" content=\"index, follow, max-snippet:-1, max-image-preview:large, max-video-preview:-1\" \/>\n<link rel=\"canonical\" href=\"https:\/\/www.psib-psoe.org\/eivissa\/la-fse-psoe-posa-en-marxa-el-calendari-de-primaries-per-a-les-eleccions-de-maig-de-2027\/\" \/>\n<meta property=\"og:locale\" content=\"ca_ES\" \/>\n<meta property=\"og:type\" content=\"article\" \/>\n<meta property=\"og:title\" content=\"La FSE-PSOE posa en marxa el calendari de prim\u00e0ries per a les eleccions de maig de 2027 - Federaci\u00f3 Socialista d&#039;Eivissa\" \/>\n<meta property=\"og:description\" content=\"La Federaci\u00f3 Socialista d\u2019Eivissa (FSE-PSOE) posa en marxa aquesta setmana els processos de prim\u00e0ries per escollir les persones que encap\u00e7alaran les candidatures socialistes al Consell Insular d\u2019Eivissa i als ajuntaments d\u2019Eivissa, Santa Eul\u00e0ria des Riu i Sant Josep de sa Talaia de cara a les eleccions de maig de 2027. El procediment es desenvolupa d\u2019acord&hellip;\" \/>\n<meta property=\"og:url\" content=\"https:\/\/www.psib-psoe.org\/eivissa\/la-fse-psoe-posa-en-marxa-el-calendari-de-primaries-per-a-les-eleccions-de-maig-de-2027\/\" \/>\n<meta property=\"og:site_name\" content=\"Federaci\u00f3 Socialista d&#039;Eivissa\" \/>\n<meta property=\"article:published_time\" content=\"2026-09-02T09:48:47+00:00\" \/>\n<meta property=\"og:image\" content=\"https:\/\/www.psib-psoe.org\/eivissa\/wp-content\/uploads\/LOGO-FSE-SOCIALISTA-DEIVISSA-HORI.png\" \/>\n\t<meta property=\"og:image:width\" content=\"6000\" \/>\n\t<meta property=\"og:image:height\" content=\"3104\" \/>\n\t<meta property=\"og:image:type\" content=\"image\/png\" \/>\n<meta name=\"author\" content=\"adminpsib\" \/>\n<meta name=\"twitter:card\" content=\"summary_large_image\" \/>\n<meta name=\"twitter:label1\" content=\"Escrit per\" \/>\n\t<meta name=\"twitter:data1\" content=\"adminpsib\" \/>\n\t<meta name=\"twitter:label2\" content=\"Temps estimat de lectura\" \/>\n\t<meta name=\"twitter:data2\" content=\"2 minuts\" \/>\n<script type=\"application\/ld+json\" class=\"yoast-schema-graph\">{\"@context\":\"https:\/\/schema.org\",\"@graph\":[{\"@type\":[\"Article\",\"BlogPosting\"],\"@id\":\"https:\/\/www.psib-psoe.org\/eivissa\/la-fse-psoe-posa-en-marxa-el-calendari-de-primaries-per-a-les-eleccions-de-maig-de-2027\/#article\",\"isPartOf\":{\"@id\":\"https:\/\/www.psib-psoe.org\/eivissa\/la-fse-psoe-posa-en-marxa-el-calendari-de-primaries-per-a-les-eleccions-de-maig-de-2027\/\"},\"author\":{\"name\":\"adminpsib\",\"@id\":\"https:\/\/www.psib-psoe.org\/eivissa\/#\/schema\/person\/099ab3ef73a3645a1d7f303518e6ce24\"},\"headline\":\"La FSE-PSOE posa en marxa el calendari de prim\u00e0ries per a les eleccions de maig de 2027\",\"datePublished\":\"2026-09-02T09:48:47+00:00\",\"mainEntityOfPage\":{\"@id\":\"https:\/\/www.psib-psoe.org\/eivissa\/la-fse-psoe-posa-en-marxa-el-calendari-de-primaries-per-a-les-eleccions-de-maig-de-2027\/\"},\"wordCount\":320,\"publisher\":{\"@id\":\"https:\/\/www.psib-psoe.org\/eivissa\/#organization\"},\"image\":{\"@id\":\"https:\/\/www.psib-psoe.org\/eivissa\/la-fse-psoe-posa-en-marxa-el-calendari-de-primaries-per-a-les-eleccions-de-maig-de-2027\/#primaryimage\"},\"thumbnailUrl\":\"https:\/\/www.psib-psoe.org\/eivissa\/wp-content\/uploads\/LOGO-FSE-SOCIALISTA-DEIVISSA-HORI.png\",\"articleSection\":[\"Federaci\u00f3 d'Eivissa - Portada\",\"FSE-PSOE\"],\"inLanguage\":\"ca\"},{\"@type\":\"WebPage\",\"@id\":\"https:\/\/www.psib-psoe.org\/eivissa\/la-fse-psoe-posa-en-marxa-el-calendari-de-primaries-per-a-les-eleccions-de-maig-de-2027\/\",\"url\":\"https:\/\/www.psib-psoe.org\/eivissa\/la-fse-psoe-posa-en-marxa-el-calendari-de-primaries-per-a-les-eleccions-de-maig-de-2027\/\",\"name\":\"La FSE-PSOE posa en marxa el calendari de prim\u00e0ries per a les eleccions de maig de 2027 - Federaci\u00f3 Socialista d&#039;Eivissa\",\"isPartOf\":{\"@id\":\"https:\/\/www.psib-psoe.org\/eivissa\/#website\"},\"primaryImageOfPage\":{\"@id\":\"https:\/\/www.psib-psoe.org\/eivissa\/la-fse-psoe-posa-en-marxa-el-calendari-de-primaries-per-a-les-eleccions-de-maig-de-2027\/#primaryimage\"},\"image\":{\"@id\":\"https:\/\/www.psib-psoe.org\/eivissa\/la-fse-psoe-posa-en-marxa-el-calendari-de-primaries-per-a-les-eleccions-de-maig-de-2027\/#primaryimage\"},\"thumbnailUrl\":\"https:\/\/www.psib-psoe.org\/eivissa\/wp-content\/uploads\/LOGO-FSE-SOCIALISTA-DEIVISSA-HORI.png\",\"datePublished\":\"2026-09-02T09:48:47+00:00\",\"breadcrumb\":{\"@id\":\"https:\/\/www.psib-psoe.org\/eivissa\/la-fse-psoe-posa-en-marxa-el-calendari-de-primaries-per-a-les-eleccions-de-maig-de-2027\/#breadcrumb\"},\"inLanguage\":\"ca\",\"potentialAction\":[{\"@type\":\"ReadAction\",\"target\":[\"https:\/\/www.psib-psoe.org\/eivissa\/la-fse-psoe-posa-en-marxa-el-calendari-de-primaries-per-a-les-eleccions-de-maig-de-2027\/\"]}]},{\"@type\":\"ImageObject\",\"inLanguage\":\"ca\",\"@id\":\"https:\/\/www.psib-psoe.org\/eivissa\/la-fse-psoe-posa-en-marxa-el-calendari-de-primaries-per-a-les-eleccions-de-maig-de-2027\/#primaryimage\",\"url\":\"https:\/\/www.psib-psoe.org\/eivissa\/wp-content\/uploads\/LOGO-FSE-SOCIALISTA-DEIVISSA-HORI.png\",\"contentUrl\":\"https:\/\/www.psib-psoe.org\/eivissa\/wp-content\/uploads\/LOGO-FSE-SOCIALISTA-DEIVISSA-HORI.png\",\"width\":6000,\"height\":3104},{\"@type\":\"BreadcrumbList\",\"@id\":\"https:\/\/www.psib-psoe.org\/eivissa\/la-fse-psoe-posa-en-marxa-el-calendari-de-primaries-per-a-les-eleccions-de-maig-de-2027\/#breadcrumb\",\"itemListElement\":[{\"@type\":\"ListItem\",\"position\":1,\"name\":\"Inici\",\"item\":\"https:\/\/www.psib-psoe.org\/eivissa\/\"},{\"@type\":\"ListItem\",\"position\":2,\"name\":\"La FSE-PSOE posa en marxa el calendari de prim\u00e0ries per a les eleccions de maig de 2027\"}]},{\"@type\":\"WebSite\",\"@id\":\"https:\/\/www.psib-psoe.org\/eivissa\/#website\",\"url\":\"https:\/\/www.psib-psoe.org\/eivissa\/\",\"name\":\"Federaci\u00f3 Socialista d'Eivissa\",\"description\":\"Socialistes d&#039;Eivissa\",\"publisher\":{\"@id\":\"https:\/\/www.psib-psoe.org\/eivissa\/#organization\"},\"potentialAction\":[{\"@type\":\"SearchAction\",\"target\":{\"@type\":\"EntryPoint\",\"urlTemplate\":\"https:\/\/www.psib-psoe.org\/eivissa\/?s={search_term_string}\"},\"query-input\":{\"@type\":\"PropertyValueSpecification\",\"valueRequired\":true,\"valueName\":\"search_term_string\"}}],\"inLanguage\":\"ca\"},{\"@type\":\"Organization\",\"@id\":\"https:\/\/www.psib-psoe.org\/eivissa\/#organization\",\"name\":\"Federaci\u00f3 Socialista d'Eivissa\",\"url\":\"https:\/\/www.psib-psoe.org\/eivissa\/\",\"logo\":{\"@type\":\"ImageObject\",\"inLanguage\":\"ca\",\"@id\":\"https:\/\/www.psib-psoe.org\/eivissa\/#\/schema\/logo\/image\/\",\"url\":\"https:\/\/www.psib-psoe.org\/eivissa\/wp-content\/uploads\/LOGO-FSE-SOCIALISTA-DEIVISSA-HORI.png\",\"contentUrl\":\"https:\/\/www.psib-psoe.org\/eivissa\/wp-content\/uploads\/LOGO-FSE-SOCIALISTA-DEIVISSA-HORI.png\",\"width\":6000,\"height\":3104,\"caption\":\"Federaci\u00f3 Socialista d'Eivissa\"},\"image\":{\"@id\":\"https:\/\/www.psib-psoe.org\/eivissa\/#\/schema\/logo\/image\/\"}},{\"@type\":\"Person\",\"@id\":\"https:\/\/www.psib-psoe.org\/eivissa\/#\/schema\/person\/099ab3ef73a3645a1d7f303518e6ce24\",\"name\":\"adminpsib\",\"url\":\"https:\/\/www.psib-psoe.org\/eivissa\/author\/adminpsib\/\"}]}<\/script>\n<!-- \/ Yoast SEO plugin. -->","yoast_head_json":{"title":"La FSE-PSOE posa en marxa el calendari de prim\u00e0ries per a les eleccions de maig de 2027 - Federaci\u00f3 Socialista d&#039;Eivissa","robots":{"index":"index","follow":"follow","max-snippet":"max-snippet:-1","max-image-preview":"max-image-preview:large","max-video-preview":"max-video-preview:-1"},"canonical":"https:\/\/www.psib-psoe.org\/eivissa\/la-fse-psoe-posa-en-marxa-el-calendari-de-primaries-per-a-les-eleccions-de-maig-de-2027\/","og_locale":"ca_ES","og_type":"article","og_title":"La FSE-PSOE posa en marxa el calendari de prim\u00e0ries per a les eleccions de maig de 2027 - Federaci\u00f3 Socialista d&#039;Eivissa","og_description":"La Federaci\u00f3 Socialista d\u2019Eivissa (FSE-PSOE) posa en marxa aquesta setmana els processos de prim\u00e0ries per escollir les persones que encap\u00e7alaran les candidatures socialistes al Consell Insular d\u2019Eivissa i als ajuntaments d\u2019Eivissa, Santa Eul\u00e0ria des Riu i Sant Josep de sa Talaia de cara a les eleccions de maig de 2027. El procediment es desenvolupa d\u2019acord&hellip;","og_url":"https:\/\/www.psib-psoe.org\/eivissa\/la-fse-psoe-posa-en-marxa-el-calendari-de-primaries-per-a-les-eleccions-de-maig-de-2027\/","og_site_name":"Federaci\u00f3 Socialista d&#039;Eivissa","article_published_time":"2026-09-02T09:48:47+00:00","og_image":[{"width":6000,"height":3104,"url":"https:\/\/www.psib-psoe.org\/eivissa\/wp-content\/uploads\/LOGO-FSE-SOCIALISTA-DEIVISSA-HORI.png","type":"image\/png"}],"author":"adminpsib","twitter_card":"summary_large_image","twitter_misc":{"Escrit per":"adminpsib","Temps estimat de lectura":"2 minuts"},"schema":{"@context":"https:\/\/schema.org","@graph":[{"@type":["Article","BlogPosting"],"@id":"https:\/\/www.psib-psoe.org\/eivissa\/la-fse-psoe-posa-en-marxa-el-calendari-de-primaries-per-a-les-eleccions-de-maig-de-2027\/#article","isPartOf":{"@id":"https:\/\/www.psib-psoe.org\/eivissa\/la-fse-psoe-posa-en-marxa-el-calendari-de-primaries-per-a-les-eleccions-de-maig-de-2027\/"},"author":{"name":"adminpsib","@id":"https:\/\/www.psib-psoe.org\/eivissa\/#\/schema\/person\/099ab3ef73a3645a1d7f303518e6ce24"},"headline":"La FSE-PSOE posa en marxa el calendari de prim\u00e0ries per a les eleccions de maig de 2027","datePublished":"2026-09-02T09:48:47+00:00","mainEntityOfPage":{"@id":"https:\/\/www.psib-psoe.org\/eivissa\/la-fse-psoe-posa-en-marxa-el-calendari-de-primaries-per-a-les-eleccions-de-maig-de-2027\/"},"wordCount":320,"publisher":{"@id":"https:\/\/www.psib-psoe.org\/eivissa\/#organization"},"image":{"@id":"https:\/\/www.psib-psoe.org\/eivissa\/la-fse-psoe-posa-en-marxa-el-calendari-de-primaries-per-a-les-eleccions-de-maig-de-2027\/#primaryimage"},"thumbnailUrl":"https:\/\/www.psib-psoe.org\/eivissa\/wp-content\/uploads\/LOGO-FSE-SOCIALISTA-DEIVISSA-HORI.png","articleSection":["Federaci\u00f3 d'Eivissa - Portada","FSE-PSOE"],"inLanguage":"ca"},{"@type":"WebPage","@id":"https:\/\/www.psib-psoe.org\/eivissa\/la-fse-psoe-posa-en-marxa-el-calendari-de-primaries-per-a-les-eleccions-de-maig-de-2027\/","url":"https:\/\/www.psib-psoe.org\/eivissa\/la-fse-psoe-posa-en-marxa-el-calendari-de-primaries-per-a-les-eleccions-de-maig-de-2027\/","name":"La FSE-PSOE posa en marxa el calendari de prim\u00e0ries per a les eleccions de maig de 2027 - Federaci\u00f3 Socialista d&#039;Eivissa","isPartOf":{"@id":"https:\/\/www.psib-psoe.org\/eivissa\/#website"},"primaryImageOfPage":{"@id":"https:\/\/www.psib-psoe.org\/eivissa\/la-fse-psoe-posa-en-marxa-el-calendari-de-primaries-per-a-les-eleccions-de-maig-de-2027\/#primaryimage"},"image":{"@id":"https:\/\/www.psib-psoe.org\/eivissa\/la-fse-psoe-posa-en-marxa-el-calendari-de-primaries-per-a-les-eleccions-de-maig-de-2027\/#primaryimage"},"thumbnailUrl":"https:\/\/www.psib-psoe.org\/eivissa\/wp-content\/uploads\/LOGO-FSE-SOCIALISTA-DEIVISSA-HORI.png","datePublished":"2026-09-02T09:48:47+00:00","breadcrumb":{"@id":"https:\/\/www.psib-psoe.org\/eivissa\/la-fse-psoe-posa-en-marxa-el-calendari-de-primaries-per-a-les-eleccions-de-maig-de-2027\/#breadcrumb"},"inLanguage":"ca","potentialAction":[{"@type":"ReadAction","target":["https:\/\/www.psib-psoe.org\/eivissa\/la-fse-psoe-posa-en-marxa-el-calendari-de-primaries-per-a-les-eleccions-de-maig-de-2027\/"]}]},{"@type":"ImageObject","inLanguage":"ca","@id":"https:\/\/www.psib-psoe.org\/eivissa\/la-fse-psoe-posa-en-marxa-el-calendari-de-primaries-per-a-les-eleccions-de-maig-de-2027\/#primaryimage","url":"https:\/\/www.psib-psoe.org\/eivissa\/wp-content\/uploads\/LOGO-FSE-SOCIALISTA-DEIVISSA-HORI.png","contentUrl":"https:\/\/www.psib-psoe.org\/eivissa\/wp-content\/uploads\/LOGO-FSE-SOCIALISTA-DEIVISSA-HORI.png","width":6000,"height":3104},{"@type":"BreadcrumbList","@id":"https:\/\/www.psib-psoe.org\/eivissa\/la-fse-psoe-posa-en-marxa-el-calendari-de-primaries-per-a-les-eleccions-de-maig-de-2027\/#breadcrumb","itemListElement":[{"@type":"ListItem","position":1,"name":"Inici","item":"https:\/\/www.psib-psoe.org\/eivissa\/"},{"@type":"ListItem","position":2,"name":"La FSE-PSOE posa en marxa el calendari de prim\u00e0ries per a les eleccions de maig de 2027"}]},{"@type":"WebSite","@id":"https:\/\/www.psib-psoe.org\/eivissa\/#website","url":"https:\/\/www.psib-psoe.org\/eivissa\/","name":"Federaci\u00f3 Socialista d'Eivissa","description":"Socialistes d&#039;Eivissa","publisher":{"@id":"https:\/\/www.psib-psoe.org\/eivissa\/#organization"},"potentialAction":[{"@type":"SearchAction","target":{"@type":"EntryPoint","urlTemplate":"https:\/\/www.psib-psoe.org\/eivissa\/?s={search_term_string}"},"query-input":{"@type":"PropertyValueSpecification","valueRequired":true,"valueName":"search_term_string"}}],"inLanguage":"ca"},{"@type":"Organization","@id":"https:\/\/www.psib-psoe.org\/eivissa\/#organization","name":"Federaci\u00f3 Socialista d'Eivissa","url":"https:\/\/www.psib-psoe.org\/eivissa\/","logo":{"@type":"ImageObject","inLanguage":"ca","@id":"https:\/\/www.psib-psoe.org\/eivissa\/#\/schema\/logo\/image\/","url":"https:\/\/www.psib-psoe.org\/eivissa\/wp-content\/uploads\/LOGO-FSE-SOCIALISTA-DEIVISSA-HORI.png","contentUrl":"https:\/\/www.psib-psoe.org\/eivissa\/wp-content\/uploads\/LOGO-FSE-SOCIALISTA-DEIVISSA-HORI.png","width":6000,"height":3104,"caption":"Federaci\u00f3 Socialista d'Eivissa"},"image":{"@id":"https:\/\/www.psib-psoe.org\/eivissa\/#\/schema\/logo\/image\/"}},{"@type":"Person","@id":"https:\/\/www.psib-psoe.org\/eivissa\/#\/schema\/person\/099ab3ef73a3645a1d7f303518e6ce24","name":"adminpsib","url":"https:\/\/www.psib-psoe.org\/eivissa\/author\/adminpsib\/"}]}},"_links":{"self":[{"href":"https:\/\/www.psib-psoe.org\/eivissa\/wp-json\/wp\/v2\/posts\/42672","targetHints":{"allow":["GET"]}}],"collection":[{"href":"https:\/\/www.psib-psoe.org\/eivissa\/wp-json\/wp\/v2\/posts"}],"about":[{"href":"https:\/\/www.psib-psoe.org\/eivissa\/wp-json\/wp\/v2\/types\/post"}],"author":[{"embeddable":true,"href":"https:\/\/www.psib-psoe.org\/eivissa\/wp-json\/wp\/v2\/users\/1"}],"replies":[{"embeddable":true,"href":"https:\/\/www.psib-psoe.org\/eivissa\/wp-json\/wp\/v2\/comments?post=42672"}],"version-history":[{"count":1,"href":"https:\/\/www.psib-psoe.org\/eivissa\/wp-json\/wp\/v2\/posts\/42672\/revisions"}],"predecessor-version":[{"id":42673,"href":"https:\/\/www.psib-psoe.org\/eivissa\/wp-json\/wp\/v2\/posts\/42672\/revisions\/42673"}],"wp:featuredmedia":[{"embeddable":true,"href":"https:\/\/www.psib-psoe.org\/eivissa\/wp-json\/wp\/v2\/media\/36661"}],"wp:attachment":[{"href":"https:\/\/www.psib-psoe.org\/eivissa\/wp-json\/wp\/v2\/media?parent=42672"}],"wp:term":[{"taxonomy":"category","embeddable":true,"href":"https:\/\/www.psib-psoe.org\/eivissa\/wp-json\/wp\/v2\/categories?post=42672"},{"taxonomy":"post_tag","embeddable":true,"href":"https:\/\/www.psib-psoe.org\/eivissa\/wp-json\/wp\/v2\/tags?post=42672"}],"curies":[{"name":"wp","href":"https:\/\/api.w.org\/{rel}","templated":true}]}}