{"id":42675,"date":"2026-09-02T12:34:52","date_gmt":"2026-09-02T10:34:52","guid":{"rendered":"https:\/\/www.psib-psoe.org\/eivissa\/?p=42675"},"modified":"2026-09-02T12:34:52","modified_gmt":"2026-09-02T10:34:52","slug":"el-psoe-de-santa-eularia-demana-una-reunio-urgent-de-la-comissio-de-mobilitat-davant-la-situacio-generada-per-la-prova-pilot-a-jesus","status":"publish","type":"post","link":"https:\/\/www.psib-psoe.org\/eivissa\/el-psoe-de-santa-eularia-demana-una-reunio-urgent-de-la-comissio-de-mobilitat-davant-la-situacio-generada-per-la-prova-pilot-a-jesus\/","title":{"rendered":"El PSOE de Santa Eul\u00e0ria demana una reuni\u00f3 urgent de la Comissi\u00f3 de Mobilitat davant la situaci\u00f3 generada per la prova pilot a Jes\u00fas"},"content":{"rendered":"\n<p>El Grup Municipal Socialista de Santa Eul\u00e0ria des Riu ha registrat una sol\u00b7licitud per convocar una reuni\u00f3 urgent de la Comissi\u00f3 de Mobilitat, amb l\u2019objectiu de con\u00e8ixer de primera m\u00e0 el desenvolupament de la prova pilot de conversi\u00f3 parcial del centre de Jes\u00fas en zona de vianants, aix\u00ed com la documentaci\u00f3, els estudis i els criteris utilitzats per a la seua posada en marxa i posterior avaluaci\u00f3.<\/p>\n\n\n\n<p>El PSOE considera que avan\u00e7ar cap a un centre de Jes\u00fas m\u00e9s segur, accessible i amb un major protagonisme per als vianants \u00e9s una prioritat i forma part del seu model de mobilitat, per\u00f2 ent\u00e9n que qualsevol actuaci\u00f3 ha de valorar tamb\u00e9 les conseq\u00fc\u00e8ncies que pugui generar als carrers pels quals es desvia el tr\u00e0nsit.<\/p>\n\n\n\n<p>En aquest cas, el tall d\u2019un tram de la carretera i els nous itineraris de circulaci\u00f3 afecten, entre altres vies, el carrer de l\u2019Estru\u00e7, un carrer residencial on es troben el centre de salut i el centre de majors de Jes\u00fas.<\/p>\n\n\n\n<p>El Grup Municipal Socialista ha visitat la zona i ha pogut comprovar sobre el terreny el desenvolupament de la prova pilot i escoltar directament les opinions i valoracions de vesins i vesines del carrer de l\u2019Estru\u00e7 i d\u2019altres zones de Jes\u00fas. Durant aquestes visites s\u2019han traslladat diferents punts de vista, aix\u00ed com inquietuds relacionades amb la seguretat vi\u00e0ria, l\u2019aparcament, el renou, la qualitat de l\u2019aire, el possible increment del tr\u00e0nsit i la seua afecci\u00f3 a les persones que viuen, treballen o utilitzen els equipaments d\u2019aquestes zones, a m\u00e9s de q\u00fcestions relacionades amb la informaci\u00f3 facilitada abans de la posada en marxa de l\u2019actuaci\u00f3.<\/p>\n\n\n\n<p>El Grup Municipal Socialista considera que una prova pilot ha de servir precisament per recollir informaci\u00f3, experi\u00e8ncia i dades abans d\u2019adoptar decisions definitives, i que les opinions, incid\u00e8ncies i valoracions de les persones que viuen di\u00e0riament als carrers afectats formen tamb\u00e9 part d\u2019aquesta informaci\u00f3 i han de ser tingudes en compte.<\/p>\n\n\n\n<p>Per aquest motiu, el Grup Municipal Socialista ha registrat una sol\u00b7licitud per convocar una reuni\u00f3 urgent de la Comissi\u00f3 de Mobilitat per recaptar tota la informaci\u00f3 i documentaci\u00f3 relativa a la prova pilot, inclosos el projecte i els informes t\u00e8cnics i jur\u00eddics, els estudis sobre mobilitat, tr\u00e0nsit, seguretat vi\u00e0ria, accessibilitat, aparcament i impactes ac\u00fastics i ambientals. Tamb\u00e9 se sol\u00b7licitar\u00e0 informaci\u00f3 sobre les comunicacions i reunions mantingudes amb els vesins i les entitats afectades, aix\u00ed com sobre els criteris i indicadors prevists per avaluar els resultats i l\u2019impacte de la prova.<\/p>\n\n\n\n<p>El PSOE considera especialment important con\u00e8ixer quina informaci\u00f3 es va traslladar pr\u00e8viament als vesins dels carrers afectats i quins mecanismes de participaci\u00f3 varen tenir abans de la posada en marxa de l\u2019actuaci\u00f3, ja que la participaci\u00f3 i la informaci\u00f3 de les persones directament afectades han de formar part de qualsevol proc\u00e9s de planificaci\u00f3 i avaluaci\u00f3 d\u2019una actuaci\u00f3 de mobilitat.<\/p>\n\n\n\n<p>El Grup Municipal Socialista subratlla que l\u2019objectiu ha de ser evitar enfrontar uns ve\u00efns amb altres i trobar solucions que tenguin en compte les necessitats del conjunt de Jes\u00fas.<\/p>\n\n\n\n<p>Per al Grup Municipal Socialista de Santa Eul\u00e0ria, millorar l\u2019espai p\u00fablic i avan\u00e7ar cap a un centre m\u00e9s segur i accessible ha d\u2019anar acompanyat d\u2019una planificaci\u00f3 adequada de la mobilitat a tot el nucli, de manera que les millores en una zona no suposin traslladar problemes o generar noves afeccions en altres carrers.<\/p>\n\n\n\n<p>Convertir per a vianants el centre ha de significar millorar Jes\u00fas en el seu conjunt. Per aconseguir-ho, s\u2019ha d\u2019escoltar, informar, avaluar i buscar solucions amb els vesins, considera el Grup Municipal Socialista.<\/p>\n","protected":false},"excerpt":{"rendered":"<p>El Grup Municipal Socialista de Santa Eul\u00e0ria des Riu ha registrat una sol\u00b7licitud per convocar una reuni\u00f3 urgent de la Comissi\u00f3 de Mobilitat, amb l\u2019objectiu de con\u00e8ixer de primera m\u00e0 el desenvolupament de la prova pilot de conversi\u00f3 parcial del centre de Jes\u00fas en zona de vianants, aix\u00ed com la documentaci\u00f3, els estudis i els&hellip;<\/p>\n","protected":false},"author":1,"featured_media":42674,"comment_status":"closed","ping_status":"closed","sticky":false,"template":"","format":"standard","meta":{"footnotes":""},"categories":[1,234,186],"tags":[],"class_list":["post-42675","post","type-post","status-publish","format-standard","has-post-thumbnail","hentry","category-federacio-de-eivissa-portada","category-municipis","category-santa-eularia-des-riu"],"yoast_head":"<!-- This site is optimized with the Yoast SEO plugin v26.9 - https:\/\/yoast.com\/product\/yoast-seo-wordpress\/ -->\n<title>El PSOE de Santa Eul\u00e0ria demana una reuni\u00f3 urgent de la Comissi\u00f3 de Mobilitat davant la situaci\u00f3 generada per la prova pilot a Jes\u00fas - Federaci\u00f3 Socialista d&#039;Eivissa<\/title>\n<meta name=\"robots\" content=\"index, follow, max-snippet:-1, max-image-preview:large, max-video-preview:-1\" \/>\n<link rel=\"canonical\" href=\"https:\/\/www.psib-psoe.org\/eivissa\/el-psoe-de-santa-eularia-demana-una-reunio-urgent-de-la-comissio-de-mobilitat-davant-la-situacio-generada-per-la-prova-pilot-a-jesus\/\" \/>\n<meta property=\"og:locale\" content=\"ca_ES\" \/>\n<meta property=\"og:type\" content=\"article\" \/>\n<meta property=\"og:title\" content=\"El PSOE de Santa Eul\u00e0ria demana una reuni\u00f3 urgent de la Comissi\u00f3 de Mobilitat davant la situaci\u00f3 generada per la prova pilot a Jes\u00fas - Federaci\u00f3 Socialista d&#039;Eivissa\" \/>\n<meta property=\"og:description\" content=\"El Grup Municipal Socialista de Santa Eul\u00e0ria des Riu ha registrat una sol\u00b7licitud per convocar una reuni\u00f3 urgent de la Comissi\u00f3 de Mobilitat, amb l\u2019objectiu de con\u00e8ixer de primera m\u00e0 el desenvolupament de la prova pilot de conversi\u00f3 parcial del centre de Jes\u00fas en zona de vianants, aix\u00ed com la documentaci\u00f3, els estudis i els&hellip;\" \/>\n<meta property=\"og:url\" content=\"https:\/\/www.psib-psoe.org\/eivissa\/el-psoe-de-santa-eularia-demana-una-reunio-urgent-de-la-comissio-de-mobilitat-davant-la-situacio-generada-per-la-prova-pilot-a-jesus\/\" \/>\n<meta property=\"og:site_name\" content=\"Federaci\u00f3 Socialista d&#039;Eivissa\" \/>\n<meta property=\"article:published_time\" content=\"2026-09-02T10:34:52+00:00\" \/>\n<meta property=\"og:image\" content=\"https:\/\/www.psib-psoe.org\/eivissa\/wp-content\/uploads\/d264efe3-fdf1-4fb2-910f-10bf4796344e.jpg\" \/>\n\t<meta property=\"og:image:width\" content=\"2000\" \/>\n\t<meta property=\"og:image:height\" content=\"1500\" \/>\n\t<meta property=\"og:image:type\" content=\"image\/jpeg\" \/>\n<meta name=\"author\" content=\"adminpsib\" \/>\n<meta name=\"twitter:card\" content=\"summary_large_image\" \/>\n<meta name=\"twitter:label1\" content=\"Escrit per\" \/>\n\t<meta name=\"twitter:data1\" content=\"adminpsib\" \/>\n\t<meta name=\"twitter:label2\" content=\"Temps estimat de lectura\" \/>\n\t<meta name=\"twitter:data2\" content=\"3 minuts\" \/>\n<script type=\"application\/ld+json\" class=\"yoast-schema-graph\">{\"@context\":\"https:\/\/schema.org\",\"@graph\":[{\"@type\":[\"Article\",\"BlogPosting\"],\"@id\":\"https:\/\/www.psib-psoe.org\/eivissa\/el-psoe-de-santa-eularia-demana-una-reunio-urgent-de-la-comissio-de-mobilitat-davant-la-situacio-generada-per-la-prova-pilot-a-jesus\/#article\",\"isPartOf\":{\"@id\":\"https:\/\/www.psib-psoe.org\/eivissa\/el-psoe-de-santa-eularia-demana-una-reunio-urgent-de-la-comissio-de-mobilitat-davant-la-situacio-generada-per-la-prova-pilot-a-jesus\/\"},\"author\":{\"name\":\"adminpsib\",\"@id\":\"https:\/\/www.psib-psoe.org\/eivissa\/#\/schema\/person\/099ab3ef73a3645a1d7f303518e6ce24\"},\"headline\":\"El PSOE de Santa Eul\u00e0ria demana una reuni\u00f3 urgent de la Comissi\u00f3 de Mobilitat davant la situaci\u00f3 generada per la prova pilot a Jes\u00fas\",\"datePublished\":\"2026-09-02T10:34:52+00:00\",\"mainEntityOfPage\":{\"@id\":\"https:\/\/www.psib-psoe.org\/eivissa\/el-psoe-de-santa-eularia-demana-una-reunio-urgent-de-la-comissio-de-mobilitat-davant-la-situacio-generada-per-la-prova-pilot-a-jesus\/\"},\"wordCount\":663,\"publisher\":{\"@id\":\"https:\/\/www.psib-psoe.org\/eivissa\/#organization\"},\"image\":{\"@id\":\"https:\/\/www.psib-psoe.org\/eivissa\/el-psoe-de-santa-eularia-demana-una-reunio-urgent-de-la-comissio-de-mobilitat-davant-la-situacio-generada-per-la-prova-pilot-a-jesus\/#primaryimage\"},\"thumbnailUrl\":\"https:\/\/www.psib-psoe.org\/eivissa\/wp-content\/uploads\/d264efe3-fdf1-4fb2-910f-10bf4796344e.jpg\",\"articleSection\":[\"Federaci\u00f3 d'Eivissa - Portada\",\"Municipis\",\"Santa Eul\u00e0ria des Riu\"],\"inLanguage\":\"ca\"},{\"@type\":\"WebPage\",\"@id\":\"https:\/\/www.psib-psoe.org\/eivissa\/el-psoe-de-santa-eularia-demana-una-reunio-urgent-de-la-comissio-de-mobilitat-davant-la-situacio-generada-per-la-prova-pilot-a-jesus\/\",\"url\":\"https:\/\/www.psib-psoe.org\/eivissa\/el-psoe-de-santa-eularia-demana-una-reunio-urgent-de-la-comissio-de-mobilitat-davant-la-situacio-generada-per-la-prova-pilot-a-jesus\/\",\"name\":\"El PSOE de Santa Eul\u00e0ria demana una reuni\u00f3 urgent de la Comissi\u00f3 de Mobilitat davant la situaci\u00f3 generada per la prova pilot a Jes\u00fas - Federaci\u00f3 Socialista d&#039;Eivissa\",\"isPartOf\":{\"@id\":\"https:\/\/www.psib-psoe.org\/eivissa\/#website\"},\"primaryImageOfPage\":{\"@id\":\"https:\/\/www.psib-psoe.org\/eivissa\/el-psoe-de-santa-eularia-demana-una-reunio-urgent-de-la-comissio-de-mobilitat-davant-la-situacio-generada-per-la-prova-pilot-a-jesus\/#primaryimage\"},\"image\":{\"@id\":\"https:\/\/www.psib-psoe.org\/eivissa\/el-psoe-de-santa-eularia-demana-una-reunio-urgent-de-la-comissio-de-mobilitat-davant-la-situacio-generada-per-la-prova-pilot-a-jesus\/#primaryimage\"},\"thumbnailUrl\":\"https:\/\/www.psib-psoe.org\/eivissa\/wp-content\/uploads\/d264efe3-fdf1-4fb2-910f-10bf4796344e.jpg\",\"datePublished\":\"2026-09-02T10:34:52+00:00\",\"breadcrumb\":{\"@id\":\"https:\/\/www.psib-psoe.org\/eivissa\/el-psoe-de-santa-eularia-demana-una-reunio-urgent-de-la-comissio-de-mobilitat-davant-la-situacio-generada-per-la-prova-pilot-a-jesus\/#breadcrumb\"},\"inLanguage\":\"ca\",\"potentialAction\":[{\"@type\":\"ReadAction\",\"target\":[\"https:\/\/www.psib-psoe.org\/eivissa\/el-psoe-de-santa-eularia-demana-una-reunio-urgent-de-la-comissio-de-mobilitat-davant-la-situacio-generada-per-la-prova-pilot-a-jesus\/\"]}]},{\"@type\":\"ImageObject\",\"inLanguage\":\"ca\",\"@id\":\"https:\/\/www.psib-psoe.org\/eivissa\/el-psoe-de-santa-eularia-demana-una-reunio-urgent-de-la-comissio-de-mobilitat-davant-la-situacio-generada-per-la-prova-pilot-a-jesus\/#primaryimage\",\"url\":\"https:\/\/www.psib-psoe.org\/eivissa\/wp-content\/uploads\/d264efe3-fdf1-4fb2-910f-10bf4796344e.jpg\",\"contentUrl\":\"https:\/\/www.psib-psoe.org\/eivissa\/wp-content\/uploads\/d264efe3-fdf1-4fb2-910f-10bf4796344e.jpg\",\"width\":2000,\"height\":1500},{\"@type\":\"BreadcrumbList\",\"@id\":\"https:\/\/www.psib-psoe.org\/eivissa\/el-psoe-de-santa-eularia-demana-una-reunio-urgent-de-la-comissio-de-mobilitat-davant-la-situacio-generada-per-la-prova-pilot-a-jesus\/#breadcrumb\",\"itemListElement\":[{\"@type\":\"ListItem\",\"position\":1,\"name\":\"Inici\",\"item\":\"https:\/\/www.psib-psoe.org\/eivissa\/\"},{\"@type\":\"ListItem\",\"position\":2,\"name\":\"El PSOE de Santa Eul\u00e0ria demana una reuni\u00f3 urgent de la Comissi\u00f3 de Mobilitat davant la situaci\u00f3 generada per la prova pilot a Jes\u00fas\"}]},{\"@type\":\"WebSite\",\"@id\":\"https:\/\/www.psib-psoe.org\/eivissa\/#website\",\"url\":\"https:\/\/www.psib-psoe.org\/eivissa\/\",\"name\":\"Federaci\u00f3 Socialista d'Eivissa\",\"description\":\"Socialistes d&#039;Eivissa\",\"publisher\":{\"@id\":\"https:\/\/www.psib-psoe.org\/eivissa\/#organization\"},\"potentialAction\":[{\"@type\":\"SearchAction\",\"target\":{\"@type\":\"EntryPoint\",\"urlTemplate\":\"https:\/\/www.psib-psoe.org\/eivissa\/?s={search_term_string}\"},\"query-input\":{\"@type\":\"PropertyValueSpecification\",\"valueRequired\":true,\"valueName\":\"search_term_string\"}}],\"inLanguage\":\"ca\"},{\"@type\":\"Organization\",\"@id\":\"https:\/\/www.psib-psoe.org\/eivissa\/#organization\",\"name\":\"Federaci\u00f3 Socialista d'Eivissa\",\"url\":\"https:\/\/www.psib-psoe.org\/eivissa\/\",\"logo\":{\"@type\":\"ImageObject\",\"inLanguage\":\"ca\",\"@id\":\"https:\/\/www.psib-psoe.org\/eivissa\/#\/schema\/logo\/image\/\",\"url\":\"https:\/\/www.psib-psoe.org\/eivissa\/wp-content\/uploads\/LOGO-FSE-SOCIALISTA-DEIVISSA-HORI.png\",\"contentUrl\":\"https:\/\/www.psib-psoe.org\/eivissa\/wp-content\/uploads\/LOGO-FSE-SOCIALISTA-DEIVISSA-HORI.png\",\"width\":6000,\"height\":3104,\"caption\":\"Federaci\u00f3 Socialista d'Eivissa\"},\"image\":{\"@id\":\"https:\/\/www.psib-psoe.org\/eivissa\/#\/schema\/logo\/image\/\"}},{\"@type\":\"Person\",\"@id\":\"https:\/\/www.psib-psoe.org\/eivissa\/#\/schema\/person\/099ab3ef73a3645a1d7f303518e6ce24\",\"name\":\"adminpsib\",\"url\":\"https:\/\/www.psib-psoe.org\/eivissa\/author\/adminpsib\/\"}]}<\/script>\n<!-- \/ Yoast SEO plugin. -->","yoast_head_json":{"title":"El PSOE de Santa Eul\u00e0ria demana una reuni\u00f3 urgent de la Comissi\u00f3 de Mobilitat davant la situaci\u00f3 generada per la prova pilot a Jes\u00fas - Federaci\u00f3 Socialista d&#039;Eivissa","robots":{"index":"index","follow":"follow","max-snippet":"max-snippet:-1","max-image-preview":"max-image-preview:large","max-video-preview":"max-video-preview:-1"},"canonical":"https:\/\/www.psib-psoe.org\/eivissa\/el-psoe-de-santa-eularia-demana-una-reunio-urgent-de-la-comissio-de-mobilitat-davant-la-situacio-generada-per-la-prova-pilot-a-jesus\/","og_locale":"ca_ES","og_type":"article","og_title":"El PSOE de Santa Eul\u00e0ria demana una reuni\u00f3 urgent de la Comissi\u00f3 de Mobilitat davant la situaci\u00f3 generada per la prova pilot a Jes\u00fas - Federaci\u00f3 Socialista d&#039;Eivissa","og_description":"El Grup Municipal Socialista de Santa Eul\u00e0ria des Riu ha registrat una sol\u00b7licitud per convocar una reuni\u00f3 urgent de la Comissi\u00f3 de Mobilitat, amb l\u2019objectiu de con\u00e8ixer de primera m\u00e0 el desenvolupament de la prova pilot de conversi\u00f3 parcial del centre de Jes\u00fas en zona de vianants, aix\u00ed com la documentaci\u00f3, els estudis i els&hellip;","og_url":"https:\/\/www.psib-psoe.org\/eivissa\/el-psoe-de-santa-eularia-demana-una-reunio-urgent-de-la-comissio-de-mobilitat-davant-la-situacio-generada-per-la-prova-pilot-a-jesus\/","og_site_name":"Federaci\u00f3 Socialista d&#039;Eivissa","article_published_time":"2026-09-02T10:34:52+00:00","og_image":[{"width":2000,"height":1500,"url":"https:\/\/www.psib-psoe.org\/eivissa\/wp-content\/uploads\/d264efe3-fdf1-4fb2-910f-10bf4796344e.jpg","type":"image\/jpeg"}],"author":"adminpsib","twitter_card":"summary_large_image","twitter_misc":{"Escrit per":"adminpsib","Temps estimat de lectura":"3 minuts"},"schema":{"@context":"https:\/\/schema.org","@graph":[{"@type":["Article","BlogPosting"],"@id":"https:\/\/www.psib-psoe.org\/eivissa\/el-psoe-de-santa-eularia-demana-una-reunio-urgent-de-la-comissio-de-mobilitat-davant-la-situacio-generada-per-la-prova-pilot-a-jesus\/#article","isPartOf":{"@id":"https:\/\/www.psib-psoe.org\/eivissa\/el-psoe-de-santa-eularia-demana-una-reunio-urgent-de-la-comissio-de-mobilitat-davant-la-situacio-generada-per-la-prova-pilot-a-jesus\/"},"author":{"name":"adminpsib","@id":"https:\/\/www.psib-psoe.org\/eivissa\/#\/schema\/person\/099ab3ef73a3645a1d7f303518e6ce24"},"headline":"El PSOE de Santa Eul\u00e0ria demana una reuni\u00f3 urgent de la Comissi\u00f3 de Mobilitat davant la situaci\u00f3 generada per la prova pilot a Jes\u00fas","datePublished":"2026-09-02T10:34:52+00:00","mainEntityOfPage":{"@id":"https:\/\/www.psib-psoe.org\/eivissa\/el-psoe-de-santa-eularia-demana-una-reunio-urgent-de-la-comissio-de-mobilitat-davant-la-situacio-generada-per-la-prova-pilot-a-jesus\/"},"wordCount":663,"publisher":{"@id":"https:\/\/www.psib-psoe.org\/eivissa\/#organization"},"image":{"@id":"https:\/\/www.psib-psoe.org\/eivissa\/el-psoe-de-santa-eularia-demana-una-reunio-urgent-de-la-comissio-de-mobilitat-davant-la-situacio-generada-per-la-prova-pilot-a-jesus\/#primaryimage"},"thumbnailUrl":"https:\/\/www.psib-psoe.org\/eivissa\/wp-content\/uploads\/d264efe3-fdf1-4fb2-910f-10bf4796344e.jpg","articleSection":["Federaci\u00f3 d'Eivissa - Portada","Municipis","Santa Eul\u00e0ria des Riu"],"inLanguage":"ca"},{"@type":"WebPage","@id":"https:\/\/www.psib-psoe.org\/eivissa\/el-psoe-de-santa-eularia-demana-una-reunio-urgent-de-la-comissio-de-mobilitat-davant-la-situacio-generada-per-la-prova-pilot-a-jesus\/","url":"https:\/\/www.psib-psoe.org\/eivissa\/el-psoe-de-santa-eularia-demana-una-reunio-urgent-de-la-comissio-de-mobilitat-davant-la-situacio-generada-per-la-prova-pilot-a-jesus\/","name":"El PSOE de Santa Eul\u00e0ria demana una reuni\u00f3 urgent de la Comissi\u00f3 de Mobilitat davant la situaci\u00f3 generada per la prova pilot a Jes\u00fas - Federaci\u00f3 Socialista d&#039;Eivissa","isPartOf":{"@id":"https:\/\/www.psib-psoe.org\/eivissa\/#website"},"primaryImageOfPage":{"@id":"https:\/\/www.psib-psoe.org\/eivissa\/el-psoe-de-santa-eularia-demana-una-reunio-urgent-de-la-comissio-de-mobilitat-davant-la-situacio-generada-per-la-prova-pilot-a-jesus\/#primaryimage"},"image":{"@id":"https:\/\/www.psib-psoe.org\/eivissa\/el-psoe-de-santa-eularia-demana-una-reunio-urgent-de-la-comissio-de-mobilitat-davant-la-situacio-generada-per-la-prova-pilot-a-jesus\/#primaryimage"},"thumbnailUrl":"https:\/\/www.psib-psoe.org\/eivissa\/wp-content\/uploads\/d264efe3-fdf1-4fb2-910f-10bf4796344e.jpg","datePublished":"2026-09-02T10:34:52+00:00","breadcrumb":{"@id":"https:\/\/www.psib-psoe.org\/eivissa\/el-psoe-de-santa-eularia-demana-una-reunio-urgent-de-la-comissio-de-mobilitat-davant-la-situacio-generada-per-la-prova-pilot-a-jesus\/#breadcrumb"},"inLanguage":"ca","potentialAction":[{"@type":"ReadAction","target":["https:\/\/www.psib-psoe.org\/eivissa\/el-psoe-de-santa-eularia-demana-una-reunio-urgent-de-la-comissio-de-mobilitat-davant-la-situacio-generada-per-la-prova-pilot-a-jesus\/"]}]},{"@type":"ImageObject","inLanguage":"ca","@id":"https:\/\/www.psib-psoe.org\/eivissa\/el-psoe-de-santa-eularia-demana-una-reunio-urgent-de-la-comissio-de-mobilitat-davant-la-situacio-generada-per-la-prova-pilot-a-jesus\/#primaryimage","url":"https:\/\/www.psib-psoe.org\/eivissa\/wp-content\/uploads\/d264efe3-fdf1-4fb2-910f-10bf4796344e.jpg","contentUrl":"https:\/\/www.psib-psoe.org\/eivissa\/wp-content\/uploads\/d264efe3-fdf1-4fb2-910f-10bf4796344e.jpg","width":2000,"height":1500},{"@type":"BreadcrumbList","@id":"https:\/\/www.psib-psoe.org\/eivissa\/el-psoe-de-santa-eularia-demana-una-reunio-urgent-de-la-comissio-de-mobilitat-davant-la-situacio-generada-per-la-prova-pilot-a-jesus\/#breadcrumb","itemListElement":[{"@type":"ListItem","position":1,"name":"Inici","item":"https:\/\/www.psib-psoe.org\/eivissa\/"},{"@type":"ListItem","position":2,"name":"El PSOE de Santa Eul\u00e0ria demana una reuni\u00f3 urgent de la Comissi\u00f3 de Mobilitat davant la situaci\u00f3 generada per la prova pilot a Jes\u00fas"}]},{"@type":"WebSite","@id":"https:\/\/www.psib-psoe.org\/eivissa\/#website","url":"https:\/\/www.psib-psoe.org\/eivissa\/","name":"Federaci\u00f3 Socialista d'Eivissa","description":"Socialistes d&#039;Eivissa","publisher":{"@id":"https:\/\/www.psib-psoe.org\/eivissa\/#organization"},"potentialAction":[{"@type":"SearchAction","target":{"@type":"EntryPoint","urlTemplate":"https:\/\/www.psib-psoe.org\/eivissa\/?s={search_term_string}"},"query-input":{"@type":"PropertyValueSpecification","valueRequired":true,"valueName":"search_term_string"}}],"inLanguage":"ca"},{"@type":"Organization","@id":"https:\/\/www.psib-psoe.org\/eivissa\/#organization","name":"Federaci\u00f3 Socialista d'Eivissa","url":"https:\/\/www.psib-psoe.org\/eivissa\/","logo":{"@type":"ImageObject","inLanguage":"ca","@id":"https:\/\/www.psib-psoe.org\/eivissa\/#\/schema\/logo\/image\/","url":"https:\/\/www.psib-psoe.org\/eivissa\/wp-content\/uploads\/LOGO-FSE-SOCIALISTA-DEIVISSA-HORI.png","contentUrl":"https:\/\/www.psib-psoe.org\/eivissa\/wp-content\/uploads\/LOGO-FSE-SOCIALISTA-DEIVISSA-HORI.png","width":6000,"height":3104,"caption":"Federaci\u00f3 Socialista d'Eivissa"},"image":{"@id":"https:\/\/www.psib-psoe.org\/eivissa\/#\/schema\/logo\/image\/"}},{"@type":"Person","@id":"https:\/\/www.psib-psoe.org\/eivissa\/#\/schema\/person\/099ab3ef73a3645a1d7f303518e6ce24","name":"adminpsib","url":"https:\/\/www.psib-psoe.org\/eivissa\/author\/adminpsib\/"}]}},"_links":{"self":[{"href":"https:\/\/www.psib-psoe.org\/eivissa\/wp-json\/wp\/v2\/posts\/42675","targetHints":{"allow":["GET"]}}],"collection":[{"href":"https:\/\/www.psib-psoe.org\/eivissa\/wp-json\/wp\/v2\/posts"}],"about":[{"href":"https:\/\/www.psib-psoe.org\/eivissa\/wp-json\/wp\/v2\/types\/post"}],"author":[{"embeddable":true,"href":"https:\/\/www.psib-psoe.org\/eivissa\/wp-json\/wp\/v2\/users\/1"}],"replies":[{"embeddable":true,"href":"https:\/\/www.psib-psoe.org\/eivissa\/wp-json\/wp\/v2\/comments?post=42675"}],"version-history":[{"count":1,"href":"https:\/\/www.psib-psoe.org\/eivissa\/wp-json\/wp\/v2\/posts\/42675\/revisions"}],"predecessor-version":[{"id":42676,"href":"https:\/\/www.psib-psoe.org\/eivissa\/wp-json\/wp\/v2\/posts\/42675\/revisions\/42676"}],"wp:featuredmedia":[{"embeddable":true,"href":"https:\/\/www.psib-psoe.org\/eivissa\/wp-json\/wp\/v2\/media\/42674"}],"wp:attachment":[{"href":"https:\/\/www.psib-psoe.org\/eivissa\/wp-json\/wp\/v2\/media?parent=42675"}],"wp:term":[{"taxonomy":"category","embeddable":true,"href":"https:\/\/www.psib-psoe.org\/eivissa\/wp-json\/wp\/v2\/categories?post=42675"},{"taxonomy":"post_tag","embeddable":true,"href":"https:\/\/www.psib-psoe.org\/eivissa\/wp-json\/wp\/v2\/tags?post=42675"}],"curies":[{"name":"wp","href":"https:\/\/api.w.org\/{rel}","templated":true}]}}