{"id":42677,"date":"2026-09-03T12:38:31","date_gmt":"2026-09-03T10:38:31","guid":{"rendered":"https:\/\/www.psib-psoe.org\/eivissa\/?p=42677"},"modified":"2026-09-03T12:38:31","modified_gmt":"2026-09-03T10:38:31","slug":"el-psoe-registra-dos-denuncies-davant-del-govern-balear-perque-investigui-les-irregularitats-de-lajuntament-de-sant-antoni-amb-lautoritzacio-de-les-festes-egipcia-i-de-lecli","status":"publish","type":"post","link":"https:\/\/www.psib-psoe.org\/eivissa\/el-psoe-registra-dos-denuncies-davant-del-govern-balear-perque-investigui-les-irregularitats-de-lajuntament-de-sant-antoni-amb-lautoritzacio-de-les-festes-egipcia-i-de-lecli\/","title":{"rendered":"El PSOE registra dos den\u00fancies davant del Govern balear perqu\u00e8 investigui les irregularitats de l\u2019Ajuntament de Sant Antoni amb l\u2019autoritzaci\u00f3 de les festes eg\u00edpcia i de l\u2019eclipsi"},"content":{"rendered":"<p>El PSOE informa que els diputats i diputades eivissencs del Grup Socialista al Parlament de les Illes Balears han registrat davant la Conselleria de la Mar i del Cicle de l\u2019Aigua del Govern balear dos den\u00fancies en relaci\u00f3 amb les festes privades celebrades durant el mes d\u2019agost a Sant Antoni de Portmany: la festa de tem\u00e0tica eg\u00edpcia celebrada a sa Pedrera de Can Coix i el festival Eclipsi Solar celebrat a la platja de s\u2019Arenal.<\/p>\n<p>Les dos den\u00fancies sol\u00b7liciten al Govern balear que dugui a terme les actuacions de comprovaci\u00f3 que siguin procedents i que determini, a partir dels expedients i de la documentaci\u00f3 administrativa corresponent, si l\u2019actuaci\u00f3 de l\u2019Ajuntament de Sant Antoni durant la tramitaci\u00f3 i controls de les festes es varen ajustar a la normativa aplicable.<\/p>\n<p><strong>La festa eg\u00edpcia i l\u2019\u00fas de 170.000 litres d\u2019aigua<\/strong><\/p>\n<p>La primera den\u00fancia s\u2019ha registrat davant la Direcci\u00f3 General de Recursos H\u00eddrics i fa refer\u00e8ncia a la festa privada de tem\u00e0tica eg\u00edpcia celebrada el 13 d\u2019agost a sa Pedrera de Can Coix, al municipi de Sant Antoni de Portmany.<\/p>\n<p>Segons la documentaci\u00f3 recollida en la den\u00fancia, l\u2019esdeveniment va comportar el muntatge de nombroses instal\u00b7lacions i estructures temporals, entre les quals hi havia una extensa zona d\u2019aigua o llac ornamental. Per omplir aquesta instal\u00b7laci\u00f3 s\u2019haurien emprat aproximadament 170 tones d\u2019aigua, equivalents a uns 170.000 litres, transportats fins a l\u2019espai mitjan\u00e7ant camions cisterna.<\/p>\n<p>La zona d\u2019aigua, segons la den\u00fancia, no es va incorporar de manera sobrevinguda durant el muntatge. La mem\u00f2ria t\u00e8cnica presentada pels promotors davant l\u2019Ajuntament de Sant Antoni el 28 de juliol ja incorporava pl\u00e0nols on apareixia representada reiteradament una superf\u00edcie identificada amb la paraula \u201c\u201cwater\u201d\u201d, aix\u00ed com diverses indicacions t\u00e8cniques relacionades amb aquesta instal\u00b7laci\u00f3.<\/p>\n<p>El PSOE demana que es determini la proced\u00e8ncia, naturalesa i volum exacte de l\u2019aigua utilitzada i el r\u00e8gim jur\u00eddic aplicable al seu subministrament i \u00fas. La den\u00fancia assenyala que, segons la informaci\u00f3 disponible, l\u2019aigua s\u2019hauria subministrat amb cubes d\u2019aigua potable mitjan\u00e7ant camions.<\/p>\n<p>Aix\u00ed mateix, se sol\u00b7licita que el Govern balear determini si la utilitzaci\u00f3 d\u2019aproximadament 170.000 litres d\u2019aigua per a una instal\u00b7laci\u00f3 ornamental temporal era compatible amb la situaci\u00f3 de prealerta per sequera existent a Eivissa i amb les mesures, limitacions, obligacions i criteris de gesti\u00f3 i estalvi d\u2019aigua vigents en aquell moment.<\/p>\n<p>La den\u00fancia tamb\u00e9 demana aclarir quin va ser el dest\u00ed final de l\u2019aigua una vegada finalitzada la festa i desmuntada la instal\u00b7laci\u00f3, i si el seu buidatge, evacuaci\u00f3, reutilitzaci\u00f3, abocament o infiltraci\u00f3 estava sotm\u00e8s a algun tipus d\u2019autoritzaci\u00f3, comunicaci\u00f3 o control. Igualment, es planteja determinar si la Direcci\u00f3 General de Recursos H\u00eddrics havia tengut coneixement previ de la instal\u00b7laci\u00f3 i de les seues caracter\u00edstiques.<\/p>\n<p><strong>La festa de l\u2019eclipsi i l\u2019ocupaci\u00f3 de s\u2019Arenal<\/strong><\/p>\n<p>La segona den\u00fancia s\u2019ha registrat davant la Direcci\u00f3 General de Costes i Litoral i fa refer\u00e8ncia al Festival Eclipsi Solar el 12 d\u2019agost a la platja de s\u2019Arenal de Sant Antoni de Portmany.<\/p>\n<p>La den\u00fancia sol\u00b7licita que s\u2019obrin les actuacions de comprovaci\u00f3 i inspecci\u00f3 necess\u00e0ries per determinar si la celebraci\u00f3 del festival i les operacions de muntatge i desmuntatge varen disposar de la preceptiva autoritzaci\u00f3 d\u2019ocupaci\u00f3 del domini p\u00fablic maritimoterrestre. Segons la documentaci\u00f3 examinada, l\u2019ocupaci\u00f3 sol\u00b7licitada comprenia del 10 al 13 d\u2019agost.<\/p>\n<p>Un dels aspectes que es demana aclarir \u00e9s la tramitaci\u00f3 de l\u2019autoritzaci\u00f3 de Costes. Segons l\u2019expedient, el projecte presentat inicialment va ser modificat el 29 de juliol i l\u2019endem\u00e0 la Direcci\u00f3 General de Costes i Litoral va sol\u00b7licitar un nou informe a l\u2019Ajuntament de Sant Antoni. El 31 de juliol es va remetre un segon informe municipal que considerava l\u2019activitat compatible amb la normativa, condicionada, entre altres q\u00fcestions, a l\u2019obtenci\u00f3 de l\u2019autoritzaci\u00f3 per ocupar el domini p\u00fablic maritimoterrestre.<\/p>\n<p>La den\u00fancia assenyala igualment que, segons la documentaci\u00f3 municipal, a data 12 d\u2019agost no hi constava l\u2019autoritzaci\u00f3 de Costes. Aquell mateix dia, a les 15.55 hores, l\u2019Ajuntament de Sant Antoni va atorgar l\u2019autoritzaci\u00f3 municipal definitiva per a l\u2019activitat no permanent major, mentre que l\u2019esdeveniment estava previst per comen\u00e7ar a les 17 hores.<\/p>\n<p>Per aquest motiu, el PSOE sol\u00b7licita que determini qu\u00e8 va passar entre la primera denegaci\u00f3 i la posterior autoritzaci\u00f3 de l\u2019ocupaci\u00f3 del domini p\u00fablic maritimoterrestre. Tamb\u00e9 demana comprovar si l\u2019autoritzaci\u00f3 era efectiva abans de l\u2019inici de l\u2019ocupaci\u00f3 de la platja i del muntatge de les instal\u00b7lacions.<\/p>\n<p>La den\u00fancia planteja, a m\u00e9s, que es comprovi quina superf\u00edcie de platja va ser autoritzada, quines instal\u00b7lacions estaven incloses en el projecte i si les estructures finalment executades s\u2019ajustaven al t\u00edtol habilitant. Tamb\u00e9 demana determinar si el car\u00e0cter privat, comercial i lucratiu de l\u2019esdeveniment va ser tingut en compte en les condicions econ\u00f2miques i administratives de l\u2019ocupaci\u00f3 i quines taxes, c\u00e0nons o contraprestacions varen ser liquidades i abonades.<\/p>\n<p>Finalment, el PSOE demana que es comprovi si durant la tramitaci\u00f3 es varen tenir en compte les circumst\u00e0ncies excepcionals de seguretat, mobilitat, evacuaci\u00f3 i concentraci\u00f3 de persones derivades de l\u2019eclipsi solar total i de l\u2019elevaci\u00f3 del Protocol ECLIPBAL a nivell 2, aix\u00ed com la disponibilitat dels efectius de la Policia Local previstos en el Pla d\u2019Autoprotecci\u00f3 del festival.<\/p>\n<p>En la seua den\u00fancia, el Grup Socialista reclama que el Govern balear revisi els expedients i determini si les actuacions realitzades en els dos casos es varen ajustar al marc normatiu aplicable. En cas que les actuacions de comprovaci\u00f3 detectin incompliments, les den\u00fancies sol\u00b7liciten que s\u2019adoptin les mesures administratives que legalment corresponguin.<\/p>\n","protected":false},"excerpt":{"rendered":"<p>El PSOE informa que els diputats i diputades eivissencs del Grup Socialista al Parlament de les Illes Balears han registrat davant la Conselleria de la Mar i del Cicle de l\u2019Aigua del Govern balear dos den\u00fancies en relaci\u00f3 amb les festes privades celebrades durant el mes d\u2019agost a Sant Antoni de Portmany: la festa de&hellip;<\/p>\n","protected":false},"author":1,"featured_media":42661,"comment_status":"closed","ping_status":"closed","sticky":false,"template":"","format":"standard","meta":{"footnotes":""},"categories":[1,191,234,188],"tags":[],"class_list":["post-42677","post","type-post","status-publish","format-standard","has-post-thumbnail","hentry","category-federacio-de-eivissa-portada","category-govern-de-les-illes-balears-parlament","category-municipis","category-sant-antoni-de-portmany"],"yoast_head":"<!-- This site is optimized with the Yoast SEO plugin v26.9 - https:\/\/yoast.com\/product\/yoast-seo-wordpress\/ -->\n<title>El PSOE registra dos den\u00fancies davant del Govern balear perqu\u00e8 investigui les irregularitats de l\u2019Ajuntament de Sant Antoni amb l\u2019autoritzaci\u00f3 de les festes eg\u00edpcia i de l\u2019eclipsi - Federaci\u00f3 Socialista d&#039;Eivissa<\/title>\n<meta name=\"robots\" content=\"index, follow, max-snippet:-1, max-image-preview:large, max-video-preview:-1\" \/>\n<link rel=\"canonical\" href=\"https:\/\/www.psib-psoe.org\/eivissa\/el-psoe-registra-dos-denuncies-davant-del-govern-balear-perque-investigui-les-irregularitats-de-lajuntament-de-sant-antoni-amb-lautoritzacio-de-les-festes-egipcia-i-de-lecli\/\" \/>\n<meta property=\"og:locale\" content=\"ca_ES\" \/>\n<meta property=\"og:type\" content=\"article\" \/>\n<meta property=\"og:title\" content=\"El PSOE registra dos den\u00fancies davant del Govern balear perqu\u00e8 investigui les irregularitats de l\u2019Ajuntament de Sant Antoni amb l\u2019autoritzaci\u00f3 de les festes eg\u00edpcia i de l\u2019eclipsi - Federaci\u00f3 Socialista d&#039;Eivissa\" \/>\n<meta property=\"og:description\" content=\"El PSOE informa que els diputats i diputades eivissencs del Grup Socialista al Parlament de les Illes Balears han registrat davant la Conselleria de la Mar i del Cicle de l\u2019Aigua del Govern balear dos den\u00fancies en relaci\u00f3 amb les festes privades celebrades durant el mes d\u2019agost a Sant Antoni de Portmany: la festa de&hellip;\" \/>\n<meta property=\"og:url\" content=\"https:\/\/www.psib-psoe.org\/eivissa\/el-psoe-registra-dos-denuncies-davant-del-govern-balear-perque-investigui-les-irregularitats-de-lajuntament-de-sant-antoni-amb-lautoritzacio-de-les-festes-egipcia-i-de-lecli\/\" \/>\n<meta property=\"og:site_name\" content=\"Federaci\u00f3 Socialista d&#039;Eivissa\" \/>\n<meta property=\"article:published_time\" content=\"2026-09-03T10:38:31+00:00\" \/>\n<meta property=\"og:image\" content=\"https:\/\/www.psib-psoe.org\/eivissa\/wp-content\/uploads\/WhatsApp-Image-2026-08-23-at-12.10.49.jpeg\" \/>\n\t<meta property=\"og:image:width\" content=\"1600\" \/>\n\t<meta property=\"og:image:height\" content=\"900\" \/>\n\t<meta property=\"og:image:type\" content=\"image\/jpeg\" \/>\n<meta name=\"author\" content=\"adminpsib\" \/>\n<meta name=\"twitter:card\" content=\"summary_large_image\" \/>\n<meta name=\"twitter:label1\" content=\"Escrit per\" \/>\n\t<meta name=\"twitter:data1\" content=\"adminpsib\" \/>\n\t<meta name=\"twitter:label2\" content=\"Temps estimat de lectura\" \/>\n\t<meta name=\"twitter:data2\" content=\"1 minut\" \/>\n<script type=\"application\/ld+json\" class=\"yoast-schema-graph\">{\"@context\":\"https:\/\/schema.org\",\"@graph\":[{\"@type\":[\"Article\",\"BlogPosting\"],\"@id\":\"https:\/\/www.psib-psoe.org\/eivissa\/el-psoe-registra-dos-denuncies-davant-del-govern-balear-perque-investigui-les-irregularitats-de-lajuntament-de-sant-antoni-amb-lautoritzacio-de-les-festes-egipcia-i-de-lecli\/#article\",\"isPartOf\":{\"@id\":\"https:\/\/www.psib-psoe.org\/eivissa\/el-psoe-registra-dos-denuncies-davant-del-govern-balear-perque-investigui-les-irregularitats-de-lajuntament-de-sant-antoni-amb-lautoritzacio-de-les-festes-egipcia-i-de-lecli\/\"},\"author\":{\"name\":\"adminpsib\",\"@id\":\"https:\/\/www.psib-psoe.org\/eivissa\/#\/schema\/person\/099ab3ef73a3645a1d7f303518e6ce24\"},\"headline\":\"El PSOE registra dos den\u00fancies davant del Govern balear perqu\u00e8 investigui les irregularitats de l\u2019Ajuntament de Sant Antoni amb l\u2019autoritzaci\u00f3 de les festes eg\u00edpcia i de l\u2019eclipsi\",\"datePublished\":\"2026-09-03T10:38:31+00:00\",\"mainEntityOfPage\":{\"@id\":\"https:\/\/www.psib-psoe.org\/eivissa\/el-psoe-registra-dos-denuncies-davant-del-govern-balear-perque-investigui-les-irregularitats-de-lajuntament-de-sant-antoni-amb-lautoritzacio-de-les-festes-egipcia-i-de-lecli\/\"},\"wordCount\":1021,\"publisher\":{\"@id\":\"https:\/\/www.psib-psoe.org\/eivissa\/#organization\"},\"image\":{\"@id\":\"https:\/\/www.psib-psoe.org\/eivissa\/el-psoe-registra-dos-denuncies-davant-del-govern-balear-perque-investigui-les-irregularitats-de-lajuntament-de-sant-antoni-amb-lautoritzacio-de-les-festes-egipcia-i-de-lecli\/#primaryimage\"},\"thumbnailUrl\":\"https:\/\/www.psib-psoe.org\/eivissa\/wp-content\/uploads\/WhatsApp-Image-2026-08-23-at-12.10.49.jpeg\",\"articleSection\":[\"Federaci\u00f3 d'Eivissa - Portada\",\"Govern de les Illes Balears - Parlament - PSIB-PSOE\",\"Municipis\",\"Sant Antoni de Portmany\"],\"inLanguage\":\"ca\"},{\"@type\":\"WebPage\",\"@id\":\"https:\/\/www.psib-psoe.org\/eivissa\/el-psoe-registra-dos-denuncies-davant-del-govern-balear-perque-investigui-les-irregularitats-de-lajuntament-de-sant-antoni-amb-lautoritzacio-de-les-festes-egipcia-i-de-lecli\/\",\"url\":\"https:\/\/www.psib-psoe.org\/eivissa\/el-psoe-registra-dos-denuncies-davant-del-govern-balear-perque-investigui-les-irregularitats-de-lajuntament-de-sant-antoni-amb-lautoritzacio-de-les-festes-egipcia-i-de-lecli\/\",\"name\":\"El PSOE registra dos den\u00fancies davant del Govern balear perqu\u00e8 investigui les irregularitats de l\u2019Ajuntament de Sant Antoni amb l\u2019autoritzaci\u00f3 de les festes eg\u00edpcia i de l\u2019eclipsi - Federaci\u00f3 Socialista d&#039;Eivissa\",\"isPartOf\":{\"@id\":\"https:\/\/www.psib-psoe.org\/eivissa\/#website\"},\"primaryImageOfPage\":{\"@id\":\"https:\/\/www.psib-psoe.org\/eivissa\/el-psoe-registra-dos-denuncies-davant-del-govern-balear-perque-investigui-les-irregularitats-de-lajuntament-de-sant-antoni-amb-lautoritzacio-de-les-festes-egipcia-i-de-lecli\/#primaryimage\"},\"image\":{\"@id\":\"https:\/\/www.psib-psoe.org\/eivissa\/el-psoe-registra-dos-denuncies-davant-del-govern-balear-perque-investigui-les-irregularitats-de-lajuntament-de-sant-antoni-amb-lautoritzacio-de-les-festes-egipcia-i-de-lecli\/#primaryimage\"},\"thumbnailUrl\":\"https:\/\/www.psib-psoe.org\/eivissa\/wp-content\/uploads\/WhatsApp-Image-2026-08-23-at-12.10.49.jpeg\",\"datePublished\":\"2026-09-03T10:38:31+00:00\",\"breadcrumb\":{\"@id\":\"https:\/\/www.psib-psoe.org\/eivissa\/el-psoe-registra-dos-denuncies-davant-del-govern-balear-perque-investigui-les-irregularitats-de-lajuntament-de-sant-antoni-amb-lautoritzacio-de-les-festes-egipcia-i-de-lecli\/#breadcrumb\"},\"inLanguage\":\"ca\",\"potentialAction\":[{\"@type\":\"ReadAction\",\"target\":[\"https:\/\/www.psib-psoe.org\/eivissa\/el-psoe-registra-dos-denuncies-davant-del-govern-balear-perque-investigui-les-irregularitats-de-lajuntament-de-sant-antoni-amb-lautoritzacio-de-les-festes-egipcia-i-de-lecli\/\"]}]},{\"@type\":\"ImageObject\",\"inLanguage\":\"ca\",\"@id\":\"https:\/\/www.psib-psoe.org\/eivissa\/el-psoe-registra-dos-denuncies-davant-del-govern-balear-perque-investigui-les-irregularitats-de-lajuntament-de-sant-antoni-amb-lautoritzacio-de-les-festes-egipcia-i-de-lecli\/#primaryimage\",\"url\":\"https:\/\/www.psib-psoe.org\/eivissa\/wp-content\/uploads\/WhatsApp-Image-2026-08-23-at-12.10.49.jpeg\",\"contentUrl\":\"https:\/\/www.psib-psoe.org\/eivissa\/wp-content\/uploads\/WhatsApp-Image-2026-08-23-at-12.10.49.jpeg\",\"width\":1600,\"height\":900},{\"@type\":\"BreadcrumbList\",\"@id\":\"https:\/\/www.psib-psoe.org\/eivissa\/el-psoe-registra-dos-denuncies-davant-del-govern-balear-perque-investigui-les-irregularitats-de-lajuntament-de-sant-antoni-amb-lautoritzacio-de-les-festes-egipcia-i-de-lecli\/#breadcrumb\",\"itemListElement\":[{\"@type\":\"ListItem\",\"position\":1,\"name\":\"Inici\",\"item\":\"https:\/\/www.psib-psoe.org\/eivissa\/\"},{\"@type\":\"ListItem\",\"position\":2,\"name\":\"El PSOE registra dos den\u00fancies davant del Govern balear perqu\u00e8 investigui les irregularitats de l\u2019Ajuntament de Sant Antoni amb l\u2019autoritzaci\u00f3 de les festes eg\u00edpcia i de l\u2019eclipsi\"}]},{\"@type\":\"WebSite\",\"@id\":\"https:\/\/www.psib-psoe.org\/eivissa\/#website\",\"url\":\"https:\/\/www.psib-psoe.org\/eivissa\/\",\"name\":\"Federaci\u00f3 Socialista d'Eivissa\",\"description\":\"Socialistes d&#039;Eivissa\",\"publisher\":{\"@id\":\"https:\/\/www.psib-psoe.org\/eivissa\/#organization\"},\"potentialAction\":[{\"@type\":\"SearchAction\",\"target\":{\"@type\":\"EntryPoint\",\"urlTemplate\":\"https:\/\/www.psib-psoe.org\/eivissa\/?s={search_term_string}\"},\"query-input\":{\"@type\":\"PropertyValueSpecification\",\"valueRequired\":true,\"valueName\":\"search_term_string\"}}],\"inLanguage\":\"ca\"},{\"@type\":\"Organization\",\"@id\":\"https:\/\/www.psib-psoe.org\/eivissa\/#organization\",\"name\":\"Federaci\u00f3 Socialista d'Eivissa\",\"url\":\"https:\/\/www.psib-psoe.org\/eivissa\/\",\"logo\":{\"@type\":\"ImageObject\",\"inLanguage\":\"ca\",\"@id\":\"https:\/\/www.psib-psoe.org\/eivissa\/#\/schema\/logo\/image\/\",\"url\":\"https:\/\/www.psib-psoe.org\/eivissa\/wp-content\/uploads\/LOGO-FSE-SOCIALISTA-DEIVISSA-HORI.png\",\"contentUrl\":\"https:\/\/www.psib-psoe.org\/eivissa\/wp-content\/uploads\/LOGO-FSE-SOCIALISTA-DEIVISSA-HORI.png\",\"width\":6000,\"height\":3104,\"caption\":\"Federaci\u00f3 Socialista d'Eivissa\"},\"image\":{\"@id\":\"https:\/\/www.psib-psoe.org\/eivissa\/#\/schema\/logo\/image\/\"}},{\"@type\":\"Person\",\"@id\":\"https:\/\/www.psib-psoe.org\/eivissa\/#\/schema\/person\/099ab3ef73a3645a1d7f303518e6ce24\",\"name\":\"adminpsib\",\"url\":\"https:\/\/www.psib-psoe.org\/eivissa\/author\/adminpsib\/\"}]}<\/script>\n<!-- \/ Yoast SEO plugin. -->","yoast_head_json":{"title":"El PSOE registra dos den\u00fancies davant del Govern balear perqu\u00e8 investigui les irregularitats de l\u2019Ajuntament de Sant Antoni amb l\u2019autoritzaci\u00f3 de les festes eg\u00edpcia i de l\u2019eclipsi - Federaci\u00f3 Socialista d&#039;Eivissa","robots":{"index":"index","follow":"follow","max-snippet":"max-snippet:-1","max-image-preview":"max-image-preview:large","max-video-preview":"max-video-preview:-1"},"canonical":"https:\/\/www.psib-psoe.org\/eivissa\/el-psoe-registra-dos-denuncies-davant-del-govern-balear-perque-investigui-les-irregularitats-de-lajuntament-de-sant-antoni-amb-lautoritzacio-de-les-festes-egipcia-i-de-lecli\/","og_locale":"ca_ES","og_type":"article","og_title":"El PSOE registra dos den\u00fancies davant del Govern balear perqu\u00e8 investigui les irregularitats de l\u2019Ajuntament de Sant Antoni amb l\u2019autoritzaci\u00f3 de les festes eg\u00edpcia i de l\u2019eclipsi - Federaci\u00f3 Socialista d&#039;Eivissa","og_description":"El PSOE informa que els diputats i diputades eivissencs del Grup Socialista al Parlament de les Illes Balears han registrat davant la Conselleria de la Mar i del Cicle de l\u2019Aigua del Govern balear dos den\u00fancies en relaci\u00f3 amb les festes privades celebrades durant el mes d\u2019agost a Sant Antoni de Portmany: la festa de&hellip;","og_url":"https:\/\/www.psib-psoe.org\/eivissa\/el-psoe-registra-dos-denuncies-davant-del-govern-balear-perque-investigui-les-irregularitats-de-lajuntament-de-sant-antoni-amb-lautoritzacio-de-les-festes-egipcia-i-de-lecli\/","og_site_name":"Federaci\u00f3 Socialista d&#039;Eivissa","article_published_time":"2026-09-03T10:38:31+00:00","og_image":[{"width":1600,"height":900,"url":"https:\/\/www.psib-psoe.org\/eivissa\/wp-content\/uploads\/WhatsApp-Image-2026-08-23-at-12.10.49.jpeg","type":"image\/jpeg"}],"author":"adminpsib","twitter_card":"summary_large_image","twitter_misc":{"Escrit per":"adminpsib","Temps estimat de lectura":"1 minut"},"schema":{"@context":"https:\/\/schema.org","@graph":[{"@type":["Article","BlogPosting"],"@id":"https:\/\/www.psib-psoe.org\/eivissa\/el-psoe-registra-dos-denuncies-davant-del-govern-balear-perque-investigui-les-irregularitats-de-lajuntament-de-sant-antoni-amb-lautoritzacio-de-les-festes-egipcia-i-de-lecli\/#article","isPartOf":{"@id":"https:\/\/www.psib-psoe.org\/eivissa\/el-psoe-registra-dos-denuncies-davant-del-govern-balear-perque-investigui-les-irregularitats-de-lajuntament-de-sant-antoni-amb-lautoritzacio-de-les-festes-egipcia-i-de-lecli\/"},"author":{"name":"adminpsib","@id":"https:\/\/www.psib-psoe.org\/eivissa\/#\/schema\/person\/099ab3ef73a3645a1d7f303518e6ce24"},"headline":"El PSOE registra dos den\u00fancies davant del Govern balear perqu\u00e8 investigui les irregularitats de l\u2019Ajuntament de Sant Antoni amb l\u2019autoritzaci\u00f3 de les festes eg\u00edpcia i de l\u2019eclipsi","datePublished":"2026-09-03T10:38:31+00:00","mainEntityOfPage":{"@id":"https:\/\/www.psib-psoe.org\/eivissa\/el-psoe-registra-dos-denuncies-davant-del-govern-balear-perque-investigui-les-irregularitats-de-lajuntament-de-sant-antoni-amb-lautoritzacio-de-les-festes-egipcia-i-de-lecli\/"},"wordCount":1021,"publisher":{"@id":"https:\/\/www.psib-psoe.org\/eivissa\/#organization"},"image":{"@id":"https:\/\/www.psib-psoe.org\/eivissa\/el-psoe-registra-dos-denuncies-davant-del-govern-balear-perque-investigui-les-irregularitats-de-lajuntament-de-sant-antoni-amb-lautoritzacio-de-les-festes-egipcia-i-de-lecli\/#primaryimage"},"thumbnailUrl":"https:\/\/www.psib-psoe.org\/eivissa\/wp-content\/uploads\/WhatsApp-Image-2026-08-23-at-12.10.49.jpeg","articleSection":["Federaci\u00f3 d'Eivissa - Portada","Govern de les Illes Balears - Parlament - PSIB-PSOE","Municipis","Sant Antoni de Portmany"],"inLanguage":"ca"},{"@type":"WebPage","@id":"https:\/\/www.psib-psoe.org\/eivissa\/el-psoe-registra-dos-denuncies-davant-del-govern-balear-perque-investigui-les-irregularitats-de-lajuntament-de-sant-antoni-amb-lautoritzacio-de-les-festes-egipcia-i-de-lecli\/","url":"https:\/\/www.psib-psoe.org\/eivissa\/el-psoe-registra-dos-denuncies-davant-del-govern-balear-perque-investigui-les-irregularitats-de-lajuntament-de-sant-antoni-amb-lautoritzacio-de-les-festes-egipcia-i-de-lecli\/","name":"El PSOE registra dos den\u00fancies davant del Govern balear perqu\u00e8 investigui les irregularitats de l\u2019Ajuntament de Sant Antoni amb l\u2019autoritzaci\u00f3 de les festes eg\u00edpcia i de l\u2019eclipsi - Federaci\u00f3 Socialista d&#039;Eivissa","isPartOf":{"@id":"https:\/\/www.psib-psoe.org\/eivissa\/#website"},"primaryImageOfPage":{"@id":"https:\/\/www.psib-psoe.org\/eivissa\/el-psoe-registra-dos-denuncies-davant-del-govern-balear-perque-investigui-les-irregularitats-de-lajuntament-de-sant-antoni-amb-lautoritzacio-de-les-festes-egipcia-i-de-lecli\/#primaryimage"},"image":{"@id":"https:\/\/www.psib-psoe.org\/eivissa\/el-psoe-registra-dos-denuncies-davant-del-govern-balear-perque-investigui-les-irregularitats-de-lajuntament-de-sant-antoni-amb-lautoritzacio-de-les-festes-egipcia-i-de-lecli\/#primaryimage"},"thumbnailUrl":"https:\/\/www.psib-psoe.org\/eivissa\/wp-content\/uploads\/WhatsApp-Image-2026-08-23-at-12.10.49.jpeg","datePublished":"2026-09-03T10:38:31+00:00","breadcrumb":{"@id":"https:\/\/www.psib-psoe.org\/eivissa\/el-psoe-registra-dos-denuncies-davant-del-govern-balear-perque-investigui-les-irregularitats-de-lajuntament-de-sant-antoni-amb-lautoritzacio-de-les-festes-egipcia-i-de-lecli\/#breadcrumb"},"inLanguage":"ca","potentialAction":[{"@type":"ReadAction","target":["https:\/\/www.psib-psoe.org\/eivissa\/el-psoe-registra-dos-denuncies-davant-del-govern-balear-perque-investigui-les-irregularitats-de-lajuntament-de-sant-antoni-amb-lautoritzacio-de-les-festes-egipcia-i-de-lecli\/"]}]},{"@type":"ImageObject","inLanguage":"ca","@id":"https:\/\/www.psib-psoe.org\/eivissa\/el-psoe-registra-dos-denuncies-davant-del-govern-balear-perque-investigui-les-irregularitats-de-lajuntament-de-sant-antoni-amb-lautoritzacio-de-les-festes-egipcia-i-de-lecli\/#primaryimage","url":"https:\/\/www.psib-psoe.org\/eivissa\/wp-content\/uploads\/WhatsApp-Image-2026-08-23-at-12.10.49.jpeg","contentUrl":"https:\/\/www.psib-psoe.org\/eivissa\/wp-content\/uploads\/WhatsApp-Image-2026-08-23-at-12.10.49.jpeg","width":1600,"height":900},{"@type":"BreadcrumbList","@id":"https:\/\/www.psib-psoe.org\/eivissa\/el-psoe-registra-dos-denuncies-davant-del-govern-balear-perque-investigui-les-irregularitats-de-lajuntament-de-sant-antoni-amb-lautoritzacio-de-les-festes-egipcia-i-de-lecli\/#breadcrumb","itemListElement":[{"@type":"ListItem","position":1,"name":"Inici","item":"https:\/\/www.psib-psoe.org\/eivissa\/"},{"@type":"ListItem","position":2,"name":"El PSOE registra dos den\u00fancies davant del Govern balear perqu\u00e8 investigui les irregularitats de l\u2019Ajuntament de Sant Antoni amb l\u2019autoritzaci\u00f3 de les festes eg\u00edpcia i de l\u2019eclipsi"}]},{"@type":"WebSite","@id":"https:\/\/www.psib-psoe.org\/eivissa\/#website","url":"https:\/\/www.psib-psoe.org\/eivissa\/","name":"Federaci\u00f3 Socialista d'Eivissa","description":"Socialistes d&#039;Eivissa","publisher":{"@id":"https:\/\/www.psib-psoe.org\/eivissa\/#organization"},"potentialAction":[{"@type":"SearchAction","target":{"@type":"EntryPoint","urlTemplate":"https:\/\/www.psib-psoe.org\/eivissa\/?s={search_term_string}"},"query-input":{"@type":"PropertyValueSpecification","valueRequired":true,"valueName":"search_term_string"}}],"inLanguage":"ca"},{"@type":"Organization","@id":"https:\/\/www.psib-psoe.org\/eivissa\/#organization","name":"Federaci\u00f3 Socialista d'Eivissa","url":"https:\/\/www.psib-psoe.org\/eivissa\/","logo":{"@type":"ImageObject","inLanguage":"ca","@id":"https:\/\/www.psib-psoe.org\/eivissa\/#\/schema\/logo\/image\/","url":"https:\/\/www.psib-psoe.org\/eivissa\/wp-content\/uploads\/LOGO-FSE-SOCIALISTA-DEIVISSA-HORI.png","contentUrl":"https:\/\/www.psib-psoe.org\/eivissa\/wp-content\/uploads\/LOGO-FSE-SOCIALISTA-DEIVISSA-HORI.png","width":6000,"height":3104,"caption":"Federaci\u00f3 Socialista d'Eivissa"},"image":{"@id":"https:\/\/www.psib-psoe.org\/eivissa\/#\/schema\/logo\/image\/"}},{"@type":"Person","@id":"https:\/\/www.psib-psoe.org\/eivissa\/#\/schema\/person\/099ab3ef73a3645a1d7f303518e6ce24","name":"adminpsib","url":"https:\/\/www.psib-psoe.org\/eivissa\/author\/adminpsib\/"}]}},"_links":{"self":[{"href":"https:\/\/www.psib-psoe.org\/eivissa\/wp-json\/wp\/v2\/posts\/42677","targetHints":{"allow":["GET"]}}],"collection":[{"href":"https:\/\/www.psib-psoe.org\/eivissa\/wp-json\/wp\/v2\/posts"}],"about":[{"href":"https:\/\/www.psib-psoe.org\/eivissa\/wp-json\/wp\/v2\/types\/post"}],"author":[{"embeddable":true,"href":"https:\/\/www.psib-psoe.org\/eivissa\/wp-json\/wp\/v2\/users\/1"}],"replies":[{"embeddable":true,"href":"https:\/\/www.psib-psoe.org\/eivissa\/wp-json\/wp\/v2\/comments?post=42677"}],"version-history":[{"count":1,"href":"https:\/\/www.psib-psoe.org\/eivissa\/wp-json\/wp\/v2\/posts\/42677\/revisions"}],"predecessor-version":[{"id":42678,"href":"https:\/\/www.psib-psoe.org\/eivissa\/wp-json\/wp\/v2\/posts\/42677\/revisions\/42678"}],"wp:featuredmedia":[{"embeddable":true,"href":"https:\/\/www.psib-psoe.org\/eivissa\/wp-json\/wp\/v2\/media\/42661"}],"wp:attachment":[{"href":"https:\/\/www.psib-psoe.org\/eivissa\/wp-json\/wp\/v2\/media?parent=42677"}],"wp:term":[{"taxonomy":"category","embeddable":true,"href":"https:\/\/www.psib-psoe.org\/eivissa\/wp-json\/wp\/v2\/categories?post=42677"},{"taxonomy":"post_tag","embeddable":true,"href":"https:\/\/www.psib-psoe.org\/eivissa\/wp-json\/wp\/v2\/tags?post=42677"}],"curies":[{"name":"wp","href":"https:\/\/api.w.org\/{rel}","templated":true}]}}