{"id":42680,"date":"2026-09-03T14:15:14","date_gmt":"2026-09-03T12:15:14","guid":{"rendered":"https:\/\/www.psib-psoe.org\/eivissa\/?p=42680"},"modified":"2026-09-03T14:15:14","modified_gmt":"2026-09-03T12:15:14","slug":"el-psoe-exigeix-a-vicent-mari-que-retiri-els-cartells-dodi-contra-pedro-sanchez-dels-autobusos-del-transport-public","status":"publish","type":"post","link":"https:\/\/www.psib-psoe.org\/eivissa\/el-psoe-exigeix-a-vicent-mari-que-retiri-els-cartells-dodi-contra-pedro-sanchez-dels-autobusos-del-transport-public\/","title":{"rendered":"El PSOE exigeix a Vicent Mar\u00ed que retiri els cartells d\u2019odi contra Pedro S\u00e1nchez dels autobusos del transport p\u00fablic"},"content":{"rendered":"<p>El PSOE exigeix a Vicent Mar\u00ed que retiri immediatament els cartells d\u2019odi contra el president del Govern d\u2019Espanya, Pedro S\u00e1nchez, aferrats en autobusos del sistema de transport p\u00fablic d\u2019Eivissa. Un d\u2019aquestos cartells, amb el missatge &#8220;SE BUSCA POR TRAICI\u00d3N&#8221;, s\u2019ha vist avui en un autob\u00fas de la l\u00ednia de Santa Eul\u00e0ria del servei de Transport P\u00fablic del Consell d&#8217;Eivissa (imatges adjuntes). El PSOE considera especialment greu que un missatge d\u2019aquestes caracter\u00edstiques sigui visible en un vehicle que forma part d\u2019un servei p\u00fablic gestionat pel Consell Insular.<\/p>\n<p>El PSOE reclama a Vicent Mar\u00ed que doni instruccions immediates per retirar aquests cartells i que revisi l\u2019Estaci\u00f3 Cetis, que justament ahir va acollir una de les concentracions del PP contra el Govern d\u2019Espanya, aix\u00ed com la resta d\u2019instal\u00b7lacions i vehicles del sistema de transport p\u00fablic per comprovar que no hi hagi m\u00e9s elements d\u2019aquest tipus.<\/p>\n<p>El transport p\u00fablic \u00e9s un servei de totes i tots els eivissencs i no pot convertir-se en un espai per difondre missatges d\u2019odi. El Consell ha d\u2019actuar immediatament, retirar aquests cartells i aclarir com s\u2019ha perm\u00e8s que aix\u00f2 estigui passant, quan els vehicles haurien de ser revisats abans de cada servei.<\/p>\n<p>D\u2019altra banda, des del PSOE volem lamentar que les concentracions convocades pel Partit Popular davant dels ajuntaments de l\u2019illa i a tota Espanya no varen ser concentracions en solidaritat amb Ceuta, sin\u00f3 en contra del Govern d\u2019Espanya.<\/p>\n<p>El suport amb Ceuta no consisteix a utilitzar una situaci\u00f3 complexa per atacar el Govern de l\u2019Estat, sin\u00f3 a estar al costat de la ciutat quan necessita suport i recursos.<\/p>\n<p>El Govern d\u2019Espanya ha respost amb fets, amb un pla de xoc que mobilitza 309 milions d\u2019euros en quatre mesos, a m\u00e9s dels recursos, 430 milions, destinats durant els darrers anys al refor\u00e7 dels serveis p\u00fablics i a les infraestructures de Ceuta.<\/p>\n<p>Des del PSOE rebutjam, a m\u00e9s, qualsevol concentraci\u00f3 que acabi convertint-se en un espai d\u2019insults, crispaci\u00f3 o amenaces d\u2019extrema dreta, amb expressions com \u201cs\u2019han de ca\u00e7ar els immigrants un per un\u201d, aix\u00ed com atacs als mitjans de comunicaci\u00f3, com lamentablement s\u2019ha vist i escoltat en alguns punts d\u2019Espanya, o com s\u00f3n aquests cartells d\u2019odi contra Pedro S\u00e1nchez que han aparegut avui a Eivissa.<\/p>\n<p>Davant d\u2019una situaci\u00f3 que exigeix responsabilitat institucional, el que necessita Ceuta s\u00f3n solucions, coordinaci\u00f3 i recursos, i no m\u00e9s confrontaci\u00f3 i odi, com pret\u00e9n el PP.<\/p>\n<p>A m\u00e9s, hi ha una contradicci\u00f3 que el Partit Popular hauria d\u2019explicar: quan es demana a les comunitats aut\u00f2nomes governades pel PP que col\u00b7laborin en l\u2019acollida de menors migrants, la resposta \u00e9s negar-s\u2019hi. Estar amb Ceuta no \u00e9s posar-se darrere d\u2019una pancarta; \u00e9s estar-hi quan necessita ajuda.<\/p>\n","protected":false},"excerpt":{"rendered":"<p>El PSOE exigeix a Vicent Mar\u00ed que retiri immediatament els cartells d\u2019odi contra el president del Govern d\u2019Espanya, Pedro S\u00e1nchez, aferrats en autobusos del sistema de transport p\u00fablic d\u2019Eivissa. Un d\u2019aquestos cartells, amb el missatge &#8220;SE BUSCA POR TRAICI\u00d3N&#8221;, s\u2019ha vist avui en un autob\u00fas de la l\u00ednia de Santa Eul\u00e0ria del servei de Transport&hellip;<\/p>\n","protected":false},"author":1,"featured_media":42681,"comment_status":"closed","ping_status":"closed","sticky":false,"template":"","format":"standard","meta":{"footnotes":""},"categories":[192,1],"tags":[],"class_list":["post-42680","post","type-post","status-publish","format-standard","has-post-thumbnail","hentry","category-consell-deivissa","category-federacio-de-eivissa-portada"],"yoast_head":"<!-- This site is optimized with the Yoast SEO plugin v26.9 - https:\/\/yoast.com\/product\/yoast-seo-wordpress\/ -->\n<title>El PSOE exigeix a Vicent Mar\u00ed que retiri els cartells d\u2019odi contra Pedro S\u00e1nchez dels autobusos del transport p\u00fablic - Federaci\u00f3 Socialista d&#039;Eivissa<\/title>\n<meta name=\"robots\" content=\"index, follow, max-snippet:-1, max-image-preview:large, max-video-preview:-1\" \/>\n<link rel=\"canonical\" href=\"https:\/\/www.psib-psoe.org\/eivissa\/el-psoe-exigeix-a-vicent-mari-que-retiri-els-cartells-dodi-contra-pedro-sanchez-dels-autobusos-del-transport-public\/\" \/>\n<meta property=\"og:locale\" content=\"ca_ES\" \/>\n<meta property=\"og:type\" content=\"article\" \/>\n<meta property=\"og:title\" content=\"El PSOE exigeix a Vicent Mar\u00ed que retiri els cartells d\u2019odi contra Pedro S\u00e1nchez dels autobusos del transport p\u00fablic - Federaci\u00f3 Socialista d&#039;Eivissa\" \/>\n<meta property=\"og:description\" content=\"El PSOE exigeix a Vicent Mar\u00ed que retiri immediatament els cartells d\u2019odi contra el president del Govern d\u2019Espanya, Pedro S\u00e1nchez, aferrats en autobusos del sistema de transport p\u00fablic d\u2019Eivissa. Un d\u2019aquestos cartells, amb el missatge &#8220;SE BUSCA POR TRAICI\u00d3N&#8221;, s\u2019ha vist avui en un autob\u00fas de la l\u00ednia de Santa Eul\u00e0ria del servei de Transport&hellip;\" \/>\n<meta property=\"og:url\" content=\"https:\/\/www.psib-psoe.org\/eivissa\/el-psoe-exigeix-a-vicent-mari-que-retiri-els-cartells-dodi-contra-pedro-sanchez-dels-autobusos-del-transport-public\/\" \/>\n<meta property=\"og:site_name\" content=\"Federaci\u00f3 Socialista d&#039;Eivissa\" \/>\n<meta property=\"article:published_time\" content=\"2026-09-03T12:15:14+00:00\" \/>\n<meta property=\"og:image\" content=\"https:\/\/www.psib-psoe.org\/eivissa\/wp-content\/uploads\/cartell-odi2.jpeg\" \/>\n\t<meta property=\"og:image:width\" content=\"1542\" \/>\n\t<meta property=\"og:image:height\" content=\"2047\" \/>\n\t<meta property=\"og:image:type\" content=\"image\/jpeg\" \/>\n<meta name=\"author\" content=\"adminpsib\" \/>\n<meta name=\"twitter:card\" content=\"summary_large_image\" \/>\n<meta name=\"twitter:label1\" content=\"Escrit per\" \/>\n\t<meta name=\"twitter:data1\" content=\"adminpsib\" \/>\n\t<meta name=\"twitter:label2\" content=\"Temps estimat de lectura\" \/>\n\t<meta name=\"twitter:data2\" content=\"1 minut\" \/>\n<script type=\"application\/ld+json\" class=\"yoast-schema-graph\">{\"@context\":\"https:\/\/schema.org\",\"@graph\":[{\"@type\":[\"Article\",\"BlogPosting\"],\"@id\":\"https:\/\/www.psib-psoe.org\/eivissa\/el-psoe-exigeix-a-vicent-mari-que-retiri-els-cartells-dodi-contra-pedro-sanchez-dels-autobusos-del-transport-public\/#article\",\"isPartOf\":{\"@id\":\"https:\/\/www.psib-psoe.org\/eivissa\/el-psoe-exigeix-a-vicent-mari-que-retiri-els-cartells-dodi-contra-pedro-sanchez-dels-autobusos-del-transport-public\/\"},\"author\":{\"name\":\"adminpsib\",\"@id\":\"https:\/\/www.psib-psoe.org\/eivissa\/#\/schema\/person\/099ab3ef73a3645a1d7f303518e6ce24\"},\"headline\":\"El PSOE exigeix a Vicent Mar\u00ed que retiri els cartells d\u2019odi contra Pedro S\u00e1nchez dels autobusos del transport p\u00fablic\",\"datePublished\":\"2026-09-03T12:15:14+00:00\",\"mainEntityOfPage\":{\"@id\":\"https:\/\/www.psib-psoe.org\/eivissa\/el-psoe-exigeix-a-vicent-mari-que-retiri-els-cartells-dodi-contra-pedro-sanchez-dels-autobusos-del-transport-public\/\"},\"wordCount\":515,\"publisher\":{\"@id\":\"https:\/\/www.psib-psoe.org\/eivissa\/#organization\"},\"image\":{\"@id\":\"https:\/\/www.psib-psoe.org\/eivissa\/el-psoe-exigeix-a-vicent-mari-que-retiri-els-cartells-dodi-contra-pedro-sanchez-dels-autobusos-del-transport-public\/#primaryimage\"},\"thumbnailUrl\":\"https:\/\/www.psib-psoe.org\/eivissa\/wp-content\/uploads\/cartell-odi2.jpeg\",\"articleSection\":[\"Consell d'Eivissa\",\"Federaci\u00f3 d'Eivissa - Portada\"],\"inLanguage\":\"ca\"},{\"@type\":\"WebPage\",\"@id\":\"https:\/\/www.psib-psoe.org\/eivissa\/el-psoe-exigeix-a-vicent-mari-que-retiri-els-cartells-dodi-contra-pedro-sanchez-dels-autobusos-del-transport-public\/\",\"url\":\"https:\/\/www.psib-psoe.org\/eivissa\/el-psoe-exigeix-a-vicent-mari-que-retiri-els-cartells-dodi-contra-pedro-sanchez-dels-autobusos-del-transport-public\/\",\"name\":\"El PSOE exigeix a Vicent Mar\u00ed que retiri els cartells d\u2019odi contra Pedro S\u00e1nchez dels autobusos del transport p\u00fablic - Federaci\u00f3 Socialista d&#039;Eivissa\",\"isPartOf\":{\"@id\":\"https:\/\/www.psib-psoe.org\/eivissa\/#website\"},\"primaryImageOfPage\":{\"@id\":\"https:\/\/www.psib-psoe.org\/eivissa\/el-psoe-exigeix-a-vicent-mari-que-retiri-els-cartells-dodi-contra-pedro-sanchez-dels-autobusos-del-transport-public\/#primaryimage\"},\"image\":{\"@id\":\"https:\/\/www.psib-psoe.org\/eivissa\/el-psoe-exigeix-a-vicent-mari-que-retiri-els-cartells-dodi-contra-pedro-sanchez-dels-autobusos-del-transport-public\/#primaryimage\"},\"thumbnailUrl\":\"https:\/\/www.psib-psoe.org\/eivissa\/wp-content\/uploads\/cartell-odi2.jpeg\",\"datePublished\":\"2026-09-03T12:15:14+00:00\",\"breadcrumb\":{\"@id\":\"https:\/\/www.psib-psoe.org\/eivissa\/el-psoe-exigeix-a-vicent-mari-que-retiri-els-cartells-dodi-contra-pedro-sanchez-dels-autobusos-del-transport-public\/#breadcrumb\"},\"inLanguage\":\"ca\",\"potentialAction\":[{\"@type\":\"ReadAction\",\"target\":[\"https:\/\/www.psib-psoe.org\/eivissa\/el-psoe-exigeix-a-vicent-mari-que-retiri-els-cartells-dodi-contra-pedro-sanchez-dels-autobusos-del-transport-public\/\"]}]},{\"@type\":\"ImageObject\",\"inLanguage\":\"ca\",\"@id\":\"https:\/\/www.psib-psoe.org\/eivissa\/el-psoe-exigeix-a-vicent-mari-que-retiri-els-cartells-dodi-contra-pedro-sanchez-dels-autobusos-del-transport-public\/#primaryimage\",\"url\":\"https:\/\/www.psib-psoe.org\/eivissa\/wp-content\/uploads\/cartell-odi2.jpeg\",\"contentUrl\":\"https:\/\/www.psib-psoe.org\/eivissa\/wp-content\/uploads\/cartell-odi2.jpeg\",\"width\":1542,\"height\":2047},{\"@type\":\"BreadcrumbList\",\"@id\":\"https:\/\/www.psib-psoe.org\/eivissa\/el-psoe-exigeix-a-vicent-mari-que-retiri-els-cartells-dodi-contra-pedro-sanchez-dels-autobusos-del-transport-public\/#breadcrumb\",\"itemListElement\":[{\"@type\":\"ListItem\",\"position\":1,\"name\":\"Inici\",\"item\":\"https:\/\/www.psib-psoe.org\/eivissa\/\"},{\"@type\":\"ListItem\",\"position\":2,\"name\":\"El PSOE exigeix a Vicent Mar\u00ed que retiri els cartells d\u2019odi contra Pedro S\u00e1nchez dels autobusos del transport p\u00fablic\"}]},{\"@type\":\"WebSite\",\"@id\":\"https:\/\/www.psib-psoe.org\/eivissa\/#website\",\"url\":\"https:\/\/www.psib-psoe.org\/eivissa\/\",\"name\":\"Federaci\u00f3 Socialista d'Eivissa\",\"description\":\"Socialistes d&#039;Eivissa\",\"publisher\":{\"@id\":\"https:\/\/www.psib-psoe.org\/eivissa\/#organization\"},\"potentialAction\":[{\"@type\":\"SearchAction\",\"target\":{\"@type\":\"EntryPoint\",\"urlTemplate\":\"https:\/\/www.psib-psoe.org\/eivissa\/?s={search_term_string}\"},\"query-input\":{\"@type\":\"PropertyValueSpecification\",\"valueRequired\":true,\"valueName\":\"search_term_string\"}}],\"inLanguage\":\"ca\"},{\"@type\":\"Organization\",\"@id\":\"https:\/\/www.psib-psoe.org\/eivissa\/#organization\",\"name\":\"Federaci\u00f3 Socialista d'Eivissa\",\"url\":\"https:\/\/www.psib-psoe.org\/eivissa\/\",\"logo\":{\"@type\":\"ImageObject\",\"inLanguage\":\"ca\",\"@id\":\"https:\/\/www.psib-psoe.org\/eivissa\/#\/schema\/logo\/image\/\",\"url\":\"https:\/\/www.psib-psoe.org\/eivissa\/wp-content\/uploads\/LOGO-FSE-SOCIALISTA-DEIVISSA-HORI.png\",\"contentUrl\":\"https:\/\/www.psib-psoe.org\/eivissa\/wp-content\/uploads\/LOGO-FSE-SOCIALISTA-DEIVISSA-HORI.png\",\"width\":6000,\"height\":3104,\"caption\":\"Federaci\u00f3 Socialista d'Eivissa\"},\"image\":{\"@id\":\"https:\/\/www.psib-psoe.org\/eivissa\/#\/schema\/logo\/image\/\"}},{\"@type\":\"Person\",\"@id\":\"https:\/\/www.psib-psoe.org\/eivissa\/#\/schema\/person\/099ab3ef73a3645a1d7f303518e6ce24\",\"name\":\"adminpsib\",\"url\":\"https:\/\/www.psib-psoe.org\/eivissa\/author\/adminpsib\/\"}]}<\/script>\n<!-- \/ Yoast SEO plugin. -->","yoast_head_json":{"title":"El PSOE exigeix a Vicent Mar\u00ed que retiri els cartells d\u2019odi contra Pedro S\u00e1nchez dels autobusos del transport p\u00fablic - Federaci\u00f3 Socialista d&#039;Eivissa","robots":{"index":"index","follow":"follow","max-snippet":"max-snippet:-1","max-image-preview":"max-image-preview:large","max-video-preview":"max-video-preview:-1"},"canonical":"https:\/\/www.psib-psoe.org\/eivissa\/el-psoe-exigeix-a-vicent-mari-que-retiri-els-cartells-dodi-contra-pedro-sanchez-dels-autobusos-del-transport-public\/","og_locale":"ca_ES","og_type":"article","og_title":"El PSOE exigeix a Vicent Mar\u00ed que retiri els cartells d\u2019odi contra Pedro S\u00e1nchez dels autobusos del transport p\u00fablic - Federaci\u00f3 Socialista d&#039;Eivissa","og_description":"El PSOE exigeix a Vicent Mar\u00ed que retiri immediatament els cartells d\u2019odi contra el president del Govern d\u2019Espanya, Pedro S\u00e1nchez, aferrats en autobusos del sistema de transport p\u00fablic d\u2019Eivissa. Un d\u2019aquestos cartells, amb el missatge &#8220;SE BUSCA POR TRAICI\u00d3N&#8221;, s\u2019ha vist avui en un autob\u00fas de la l\u00ednia de Santa Eul\u00e0ria del servei de Transport&hellip;","og_url":"https:\/\/www.psib-psoe.org\/eivissa\/el-psoe-exigeix-a-vicent-mari-que-retiri-els-cartells-dodi-contra-pedro-sanchez-dels-autobusos-del-transport-public\/","og_site_name":"Federaci\u00f3 Socialista d&#039;Eivissa","article_published_time":"2026-09-03T12:15:14+00:00","og_image":[{"width":1542,"height":2047,"url":"https:\/\/www.psib-psoe.org\/eivissa\/wp-content\/uploads\/cartell-odi2.jpeg","type":"image\/jpeg"}],"author":"adminpsib","twitter_card":"summary_large_image","twitter_misc":{"Escrit per":"adminpsib","Temps estimat de lectura":"1 minut"},"schema":{"@context":"https:\/\/schema.org","@graph":[{"@type":["Article","BlogPosting"],"@id":"https:\/\/www.psib-psoe.org\/eivissa\/el-psoe-exigeix-a-vicent-mari-que-retiri-els-cartells-dodi-contra-pedro-sanchez-dels-autobusos-del-transport-public\/#article","isPartOf":{"@id":"https:\/\/www.psib-psoe.org\/eivissa\/el-psoe-exigeix-a-vicent-mari-que-retiri-els-cartells-dodi-contra-pedro-sanchez-dels-autobusos-del-transport-public\/"},"author":{"name":"adminpsib","@id":"https:\/\/www.psib-psoe.org\/eivissa\/#\/schema\/person\/099ab3ef73a3645a1d7f303518e6ce24"},"headline":"El PSOE exigeix a Vicent Mar\u00ed que retiri els cartells d\u2019odi contra Pedro S\u00e1nchez dels autobusos del transport p\u00fablic","datePublished":"2026-09-03T12:15:14+00:00","mainEntityOfPage":{"@id":"https:\/\/www.psib-psoe.org\/eivissa\/el-psoe-exigeix-a-vicent-mari-que-retiri-els-cartells-dodi-contra-pedro-sanchez-dels-autobusos-del-transport-public\/"},"wordCount":515,"publisher":{"@id":"https:\/\/www.psib-psoe.org\/eivissa\/#organization"},"image":{"@id":"https:\/\/www.psib-psoe.org\/eivissa\/el-psoe-exigeix-a-vicent-mari-que-retiri-els-cartells-dodi-contra-pedro-sanchez-dels-autobusos-del-transport-public\/#primaryimage"},"thumbnailUrl":"https:\/\/www.psib-psoe.org\/eivissa\/wp-content\/uploads\/cartell-odi2.jpeg","articleSection":["Consell d'Eivissa","Federaci\u00f3 d'Eivissa - Portada"],"inLanguage":"ca"},{"@type":"WebPage","@id":"https:\/\/www.psib-psoe.org\/eivissa\/el-psoe-exigeix-a-vicent-mari-que-retiri-els-cartells-dodi-contra-pedro-sanchez-dels-autobusos-del-transport-public\/","url":"https:\/\/www.psib-psoe.org\/eivissa\/el-psoe-exigeix-a-vicent-mari-que-retiri-els-cartells-dodi-contra-pedro-sanchez-dels-autobusos-del-transport-public\/","name":"El PSOE exigeix a Vicent Mar\u00ed que retiri els cartells d\u2019odi contra Pedro S\u00e1nchez dels autobusos del transport p\u00fablic - Federaci\u00f3 Socialista d&#039;Eivissa","isPartOf":{"@id":"https:\/\/www.psib-psoe.org\/eivissa\/#website"},"primaryImageOfPage":{"@id":"https:\/\/www.psib-psoe.org\/eivissa\/el-psoe-exigeix-a-vicent-mari-que-retiri-els-cartells-dodi-contra-pedro-sanchez-dels-autobusos-del-transport-public\/#primaryimage"},"image":{"@id":"https:\/\/www.psib-psoe.org\/eivissa\/el-psoe-exigeix-a-vicent-mari-que-retiri-els-cartells-dodi-contra-pedro-sanchez-dels-autobusos-del-transport-public\/#primaryimage"},"thumbnailUrl":"https:\/\/www.psib-psoe.org\/eivissa\/wp-content\/uploads\/cartell-odi2.jpeg","datePublished":"2026-09-03T12:15:14+00:00","breadcrumb":{"@id":"https:\/\/www.psib-psoe.org\/eivissa\/el-psoe-exigeix-a-vicent-mari-que-retiri-els-cartells-dodi-contra-pedro-sanchez-dels-autobusos-del-transport-public\/#breadcrumb"},"inLanguage":"ca","potentialAction":[{"@type":"ReadAction","target":["https:\/\/www.psib-psoe.org\/eivissa\/el-psoe-exigeix-a-vicent-mari-que-retiri-els-cartells-dodi-contra-pedro-sanchez-dels-autobusos-del-transport-public\/"]}]},{"@type":"ImageObject","inLanguage":"ca","@id":"https:\/\/www.psib-psoe.org\/eivissa\/el-psoe-exigeix-a-vicent-mari-que-retiri-els-cartells-dodi-contra-pedro-sanchez-dels-autobusos-del-transport-public\/#primaryimage","url":"https:\/\/www.psib-psoe.org\/eivissa\/wp-content\/uploads\/cartell-odi2.jpeg","contentUrl":"https:\/\/www.psib-psoe.org\/eivissa\/wp-content\/uploads\/cartell-odi2.jpeg","width":1542,"height":2047},{"@type":"BreadcrumbList","@id":"https:\/\/www.psib-psoe.org\/eivissa\/el-psoe-exigeix-a-vicent-mari-que-retiri-els-cartells-dodi-contra-pedro-sanchez-dels-autobusos-del-transport-public\/#breadcrumb","itemListElement":[{"@type":"ListItem","position":1,"name":"Inici","item":"https:\/\/www.psib-psoe.org\/eivissa\/"},{"@type":"ListItem","position":2,"name":"El PSOE exigeix a Vicent Mar\u00ed que retiri els cartells d\u2019odi contra Pedro S\u00e1nchez dels autobusos del transport p\u00fablic"}]},{"@type":"WebSite","@id":"https:\/\/www.psib-psoe.org\/eivissa\/#website","url":"https:\/\/www.psib-psoe.org\/eivissa\/","name":"Federaci\u00f3 Socialista d'Eivissa","description":"Socialistes d&#039;Eivissa","publisher":{"@id":"https:\/\/www.psib-psoe.org\/eivissa\/#organization"},"potentialAction":[{"@type":"SearchAction","target":{"@type":"EntryPoint","urlTemplate":"https:\/\/www.psib-psoe.org\/eivissa\/?s={search_term_string}"},"query-input":{"@type":"PropertyValueSpecification","valueRequired":true,"valueName":"search_term_string"}}],"inLanguage":"ca"},{"@type":"Organization","@id":"https:\/\/www.psib-psoe.org\/eivissa\/#organization","name":"Federaci\u00f3 Socialista d'Eivissa","url":"https:\/\/www.psib-psoe.org\/eivissa\/","logo":{"@type":"ImageObject","inLanguage":"ca","@id":"https:\/\/www.psib-psoe.org\/eivissa\/#\/schema\/logo\/image\/","url":"https:\/\/www.psib-psoe.org\/eivissa\/wp-content\/uploads\/LOGO-FSE-SOCIALISTA-DEIVISSA-HORI.png","contentUrl":"https:\/\/www.psib-psoe.org\/eivissa\/wp-content\/uploads\/LOGO-FSE-SOCIALISTA-DEIVISSA-HORI.png","width":6000,"height":3104,"caption":"Federaci\u00f3 Socialista d'Eivissa"},"image":{"@id":"https:\/\/www.psib-psoe.org\/eivissa\/#\/schema\/logo\/image\/"}},{"@type":"Person","@id":"https:\/\/www.psib-psoe.org\/eivissa\/#\/schema\/person\/099ab3ef73a3645a1d7f303518e6ce24","name":"adminpsib","url":"https:\/\/www.psib-psoe.org\/eivissa\/author\/adminpsib\/"}]}},"_links":{"self":[{"href":"https:\/\/www.psib-psoe.org\/eivissa\/wp-json\/wp\/v2\/posts\/42680","targetHints":{"allow":["GET"]}}],"collection":[{"href":"https:\/\/www.psib-psoe.org\/eivissa\/wp-json\/wp\/v2\/posts"}],"about":[{"href":"https:\/\/www.psib-psoe.org\/eivissa\/wp-json\/wp\/v2\/types\/post"}],"author":[{"embeddable":true,"href":"https:\/\/www.psib-psoe.org\/eivissa\/wp-json\/wp\/v2\/users\/1"}],"replies":[{"embeddable":true,"href":"https:\/\/www.psib-psoe.org\/eivissa\/wp-json\/wp\/v2\/comments?post=42680"}],"version-history":[{"count":1,"href":"https:\/\/www.psib-psoe.org\/eivissa\/wp-json\/wp\/v2\/posts\/42680\/revisions"}],"predecessor-version":[{"id":42682,"href":"https:\/\/www.psib-psoe.org\/eivissa\/wp-json\/wp\/v2\/posts\/42680\/revisions\/42682"}],"wp:featuredmedia":[{"embeddable":true,"href":"https:\/\/www.psib-psoe.org\/eivissa\/wp-json\/wp\/v2\/media\/42681"}],"wp:attachment":[{"href":"https:\/\/www.psib-psoe.org\/eivissa\/wp-json\/wp\/v2\/media?parent=42680"}],"wp:term":[{"taxonomy":"category","embeddable":true,"href":"https:\/\/www.psib-psoe.org\/eivissa\/wp-json\/wp\/v2\/categories?post=42680"},{"taxonomy":"post_tag","embeddable":true,"href":"https:\/\/www.psib-psoe.org\/eivissa\/wp-json\/wp\/v2\/tags?post=42680"}],"curies":[{"name":"wp","href":"https:\/\/api.w.org\/{rel}","templated":true}]}}