{"id":23653,"date":"2019-05-20T12:20:00","date_gmt":"2019-05-20T10:20:00","guid":{"rendered":"http:\/\/www.psib-psoe.org\/mallorca\/?p=23653"},"modified":"2020-01-08T14:45:20","modified_gmt":"2020-01-08T12:45:20","slug":"endavant-aspira-a-governar-amb-una-amplia-majoria-a-ses-salines-per-fer-realitat-la-millor-legislatura-que-hagi-conegut-el-municipi","status":"publish","type":"post","link":"https:\/\/www.psib-psoe.org\/mallorca\/endavant-aspira-a-governar-amb-una-amplia-majoria-a-ses-salines-per-fer-realitat-la-millor-legislatura-que-hagi-conegut-el-municipi\/","title":{"rendered":"Endavant aspira a \u201cgovernar amb una \u00e0mplia majoria a Ses Salines per fer realitat la millor legislatura que hagi conegut el municipi\u201d"},"content":{"rendered":"<div class=\"wpb-content-wrapper\">[vc_row el_class=&#8221;img_noticia&#8221;][vc_column][vc_single_image image=&#8221;23654&#8243; img_size=&#8221;full&#8221;][\/vc_column][\/vc_row][vc_row el_class=&#8221;intro&#8221;][vc_column][vc_column_text]<em>Xisco Antich ha demanat el vot per als socialistes \u201cperqu\u00e8 necessitam una Europa d\u2019aliances per fer front als grans reptes del futur\u201d.<\/em>[\/vc_column_text][\/vc_column][\/vc_row][vc_row][vc_column width=&#8221;1\/2&#8243;][vc_column_text]Un centenar de persones han assistit a la presentaci\u00f3 de la candidatura de la coalici\u00f3 Endavant de Ses Salines, liderada pel socialista Bernat Roig i que integren membres del PSIB-PSOE, M\u00c9S i independents.<\/p>\n<p>El senador Xisco Antich, acompanyat del senador electe Cosme Bonet, la Secret\u00e0ria General de la FSM, Mercedes Garrido, la Secret\u00e0ria d\u2019Organitzaci\u00f3 del PSIB-PSOE, Silvana Gonz\u00e1lez, i membres de les llistes al Consell i al Parlament, ha donat el seu suport a la candidatura, destacant \u201cla capacitat d\u2019entesa i transformaci\u00f3 que s\u2019ha fet a Ses Salines governant en minoria\u201d.<\/p>\n<p>Per la seva banda, Roig ha assegurat que \u201ctenim un magn\u00edfic equip, gran i transversal, que est\u00e0 fent una feinada per preparar la pr\u00f2xima legislatura\u201d, i ha demanat el vot ja que \u201cpodria ser la millor que hagi conegut el municipi si tenim una majoria \u00e0mplia\u201d.<\/p>\n<p>El saliner s\u2019ha comprom\u00e8s a dur a terme algunes actuacions \u201cimmediates\u201d la propera legislatura, com ara \u201creduir a zero el deute de l\u2019Ajuntament, que ja ho hem deixat preparat, i licitar el manteniment de l\u2019enllumenat p\u00fablic, que per fi ser\u00e0 possible despr\u00e9s de les millores que hi hem realitzat\u201d.<\/p>\n<p>De la mateixa manera, ha advertit que \u201cmoltes de les propostes que du l\u2019oposici\u00f3 als seus programes ja estan fetes o licitades\u201d, avisant que \u201cens ha costat molt desterrar la mentida de l\u2019Ajuntament, i no podem permetre que torni\u201d.<\/p>\n<p>\u201cAquesta legislatura hem realitzat m\u00e9s de quatre milions d\u2019euros d\u2019inversions de serveis i obres, i hem fet feina en cadascun dels \u00e0mbits, i aix\u00ed i tot tenim moltes propostes, perqu\u00e8 quatre anys no basten i ens queda molt\u00edssim per fer\u201d, ha assegurat Roig, demanant la confian\u00e7a pel 26 de maig ja que \u201cens jugam seguir en aquest rumb o perdre tot rumb possible\u201d.[\/vc_column_text][\/vc_column][vc_column width=&#8221;1\/2&#8243;][vc_column_text]Tamb\u00e9 el senador Xisco Antich ha demanat el vot de progr\u00e9s per a les properes eleccions, destacant la feina que ha fet l\u2019executiu de Francina Armengol per \u201cretornar la pau a les escoles i construir una societat educada, recuperar l\u2019Estat del Benestar, lluitar contra el canvi clim\u00e0tic, i garantir el futur de les generacions vinents amb una llei de residus i una llei de canvi clim\u00e0tic pioneres a tota Europa\u201d.<\/p>\n<p>Per aix\u00f2, ha assegurat, \u201c\u00e9s necessari que els socialistes seguim quatre anys m\u00e9s en el govern, ja que \u00e9s qui ha fet aquestes lleis, qui creu en elles, que hauria de tenir l\u2019oportunitat d\u2019aplicar-les\u201d, i ha advertit que \u201csempre que ha entrat un govern de dretes despr\u00e9s d\u2019un govern progressista ha tirat enrere tota l\u2019evoluci\u00f3\u201d.<\/p>\n<p>De la mateixa manera, el senador ha avisat que \u201ctenim una dreta que no vol que siguem majors d\u2019edat, que no vol que a les illes decidim sobre el que ens afecta, que vol que Madrid ens ho tuteli tot\u201d, i per aix\u00f2, ha demanat que dia 26 \u201csortim a jugar la segona part del partit, que \u00e9s la m\u00e9s important\u201d.<\/p>\n<p>Antich tamb\u00e9 ha advertit que \u201cno ens oblidem de les eleccions europees pensant que ens queda molt enfora\u201d, ja que \u201cel segle passat, l\u2019auge dels populismes ens va dur a estats autoritaris\u201d, i ara \u201cl\u2019ultradreta s\u2019est\u00e0 organitzant\u201d.<\/p>\n<p>Per aix\u00f2, \u201cDavant una dreta que defensa una Europa atomitzada, hem d\u2019apostar m\u00e9s que mai per l\u2019Europa de les aliances, ja que l\u2019Estat-Naci\u00f3 ha quedat petit i un pa\u00eds sol no pot fer front als reptes de la globalitzaci\u00f3\u201d, ha assegurat, demanant per tant \u201cun vot progressista el 26 de maig\u201d.[\/vc_column_text][\/vc_column][\/vc_row]\n<\/div>","protected":false},"excerpt":{"rendered":"<p>[vc_row el_class=&#8221;img_noticia&#8221;][vc_column][vc_single_image image=&#8221;23654&#8243; img_size=&#8221;full&#8221;][\/vc_column][\/vc_row][vc_row el_class=&#8221;intro&#8221;][vc_column][vc_column_text]Xisco Antich ha demanat el vot per als socialistes \u201cperqu\u00e8 necessitam una Europa d\u2019aliances per fer front als grans reptes del futur\u201d.[\/vc_column_text][\/vc_column][\/vc_row][vc_row][vc_column width=&#8221;1\/2&#8243;][vc_column_text]Un centenar de persones han assistit a la presentaci\u00f3 de la candidatura de la coalici\u00f3 Endavant de Ses Salines, liderada pel socialista Bernat Roig i que integren membres del&hellip;<\/p>\n","protected":false},"author":2,"featured_media":23654,"comment_status":"open","ping_status":"open","sticky":false,"template":"","format":"standard","meta":{"footnotes":""},"categories":[90],"tags":[],"class_list":["post-23653","post","type-post","status-publish","format-standard","has-post-thumbnail","hentry","category-municipis"],"_links":{"self":[{"href":"https:\/\/www.psib-psoe.org\/mallorca\/wp-json\/wp\/v2\/posts\/23653"}],"collection":[{"href":"https:\/\/www.psib-psoe.org\/mallorca\/wp-json\/wp\/v2\/posts"}],"about":[{"href":"https:\/\/www.psib-psoe.org\/mallorca\/wp-json\/wp\/v2\/types\/post"}],"author":[{"embeddable":true,"href":"https:\/\/www.psib-psoe.org\/mallorca\/wp-json\/wp\/v2\/users\/2"}],"replies":[{"embeddable":true,"href":"https:\/\/www.psib-psoe.org\/mallorca\/wp-json\/wp\/v2\/comments?post=23653"}],"version-history":[{"count":0,"href":"https:\/\/www.psib-psoe.org\/mallorca\/wp-json\/wp\/v2\/posts\/23653\/revisions"}],"wp:featuredmedia":[{"embeddable":true,"href":"https:\/\/www.psib-psoe.org\/mallorca\/wp-json\/wp\/v2\/media\/23654"}],"wp:attachment":[{"href":"https:\/\/www.psib-psoe.org\/mallorca\/wp-json\/wp\/v2\/media?parent=23653"}],"wp:term":[{"taxonomy":"category","embeddable":true,"href":"https:\/\/www.psib-psoe.org\/mallorca\/wp-json\/wp\/v2\/categories?post=23653"},{"taxonomy":"post_tag","embeddable":true,"href":"https:\/\/www.psib-psoe.org\/mallorca\/wp-json\/wp\/v2\/tags?post=23653"}],"curies":[{"name":"wp","href":"https:\/\/api.w.org\/{rel}","templated":true}]}}