{"id":23691,"date":"2019-05-20T15:00:53","date_gmt":"2019-05-20T13:00:53","guid":{"rendered":"http:\/\/www.psib-psoe.org\/mallorca\/cladera-es-compromet-a-fer-del-teatre-principal-la-misericordia-i-es-sindicat-de-felanitx-centres-culturals-de-referencia\/"},"modified":"2019-12-05T12:39:16","modified_gmt":"2019-12-05T10:39:16","slug":"cladera-es-compromet-a-fer-del-teatre-principal-la-misericordia-i-es-sindicat-de-felanitx-centres-culturals-de-referencia","status":"publish","type":"post","link":"https:\/\/www.psib-psoe.org\/mallorca\/cladera-es-compromet-a-fer-del-teatre-principal-la-misericordia-i-es-sindicat-de-felanitx-centres-culturals-de-referencia\/","title":{"rendered":"Cladera es compromet a fer del Teatre Principal, La Miseric\u00f2rdia i Es Sindicat de Felanitx \u201ccentres culturals de refer\u00e8ncia\u201d"},"content":{"rendered":"<div class=\"row wpb_row row-fluid img_noticia\">\n<div class=\"wpb_column columns small-12 medium-12 thb-dark-column\">\n<div class=\"vc_column-inner \">\n<div class=\"wpb_wrapper\">\n<div class=\"wpb_single_image wpb_content_element vc_align_center vc_custom_1558360710963\">\n<figure class=\"wpb_wrapper vc_figure\">\n<div class=\"vc_single_image-wrapper vc_box_border_grey\"><img loading=\"lazy\" decoding=\"async\" class=\"vc_single_image-img attachment-full\" src=\"http:\/\/www.psib-psoe.org\/wp-content\/uploads\/Cladera-Hila-Homs-propostes-cultura-antiga-preso-palma-eleccions-2019.jpeg\" alt=\"\" width=\"1000\" height=\"720\" \/><\/div>\n<\/figure>\n<\/div>\n<\/div>\n<\/div>\n<\/div>\n<\/div>\n<div class=\"row wpb_row row-fluid intro full-width-row vc_custom_1558336094678\">\n<div class=\"col_izq wpb_column columns small-12 medium-12 thb-dark-column\">\n<div class=\"vc_column-inner \">\n<div class=\"wpb_wrapper\">\n<div class=\"wpb_text_column wpb_content_element \">\n<div class=\"wpb_wrapper\">\n<p><em><u>Jos\u00e9 Hila ha anunciat que el recinte de l\u2019antiga pres\u00f3 de Palma es convertir\u00e0 en un \u201ccentre d\u2019innovaci\u00f3 cultural\u201d i un espai \u201cperqu\u00e8 els artistes es puguin guanyar la vida amb la seva feina\u201d<\/u><\/em><\/p>\n<\/div>\n<\/div>\n<\/div>\n<\/div>\n<\/div>\n<\/div>\n<div class=\"row wpb_row row-fluid full-width-row\">\n<div class=\"col_izq wpb_column columns small-12 medium-6 thb-dark-column\">\n<div class=\"vc_column-inner \">\n<div class=\"wpb_wrapper\">\n<div class=\"wpb_text_column wpb_content_element \">\n<div class=\"wpb_wrapper\">\n<p>La candidata a la presid\u00e8ncia del Consell de Mallorca, Catalina Cladera, s\u2019ha comprom\u00e8s amb els creadors de les Illes Balears i amb la promoci\u00f3 de la cultura, \u201celement de cohesi\u00f3 social, democr\u00e0cia i progr\u00e9s,\u201d amb l\u2019impuls del Teatre Principal, La Miseric\u00f2rdia i Es Sindicat de Felanitx per convertir-los en \u201ccentres culturals de refer\u00e8ncia\u201d.<\/p>\n<p>En primer lloc, Cladera ha refermat el seu comprom\u00eds perqu\u00e8 el Teatre Principal de Palma es converteixi en un referent per als artistes i els creadors de les Illes Balears i que aposti \u201cde manera decidida\u201d per les produccions locals, alhora que sigui capa\u00e7 de crear \u201cxarxa amb la resta dels teatres municipals de l\u2019illa\u201d.<\/p>\n<p>En segon lloc, la candidata socialista ha anunciat la intenci\u00f3 de convertir La Miseric\u00f2rdia en un centre d\u2019art contemporani internacional que esdevingui \u201cun centre de refer\u00e8ncia en temes culturals\u201d.<\/p>\n<p>Es Sindicat de Felanitx \u00e9s el tercer espai que centre part de les propostes culturals de Cladera per al Consell de MallorcaL\u2019objectiu de Cladera \u00e9s convertir aquest espai en un centre d\u2019arts pl\u00e0stiques internacional \u201cde la m\u00e0 de Miquel Barcel\u00f3\u201d.<\/p>\n<p>Els projectes d\u2019impuls, reconversi\u00f3 i creaci\u00f3 d\u2019aquests tres espais es complementa amb un pla d\u2019equipaments culturals perqu\u00e8 \u201ctots els ajuntaments estiguin ben dotats de recursos, de programaci\u00f3 i en bones condicions\u201d, tal com ha anunciat Cladera.<\/p>\n<p>Aix\u00ed mateix, la candidata socialista ha expressat el comprom\u00eds del PSIB-PSOE amb una llei auton\u00f2mica d\u2019Ind\u00fastries Culturals que \u201cfomenti la creaci\u00f3 i generi activitat econ\u00f2mica\u201d. Una llei que, ha explicat, lliga amb \u201cl\u2019Institut d\u2019Estudis Culturals, una de les apostes d\u2019aquesta legislatura a la qual donarem impuls, cobertura i amplitud\u201d.<\/p>\n<p>A m\u00e9s de cultura, Cladera tamb\u00e9 ha volgut refermar el comprom\u00eds dels socialistes amb el coneixement i la recerca, i ha anunciat una Llei de Ci\u00e8ncia auton\u00f2mica \u201cque, juntament amb un Pacte per la Ci\u00e8ncia, permeti estendre la carrera investigadora\u201d a m\u00e9s d\u2019una Ag\u00e8ncia de Recerca i Investigaci\u00f3 \u201cque fomenti la innovaci\u00f3\u201d.<\/p>\n<p>El candidat a la batlia de Palma, Jos\u00e9 Hila, tamb\u00e9 ha explicat les propostes en mat\u00e8ria de cultural, innovaci\u00f3 i recerca per a l\u2019Ajuntament de Palma i ha anunciat un seguit de mesures per \u201cobrir la ciutat al m\u00f3n i atraure talent cultural\u201d, amb dos grans projectes: \u201cun centre de creaci\u00f3 cultural a l\u2019antiga pres\u00f3 de Palma i un centre d\u2019innovaci\u00f3 en el Nou Llevant\u201d.<\/p>\n<\/div>\n<\/div>\n<\/div>\n<\/div>\n<\/div>\n<div class=\"col_dcha wpb_column columns small-12 medium-6 thb-dark-column\">\n<div class=\"vc_column-inner \">\n<div class=\"wpb_wrapper\">\n<div class=\"wpb_text_column wpb_content_element \">\n<div class=\"wpb_wrapper\">\n<p>Pel que fa al projecte de reconversi\u00f3 de l\u2019antiga pres\u00f3 de Palma, Hila s\u2019ha comprom\u00e8s a fer un \u201ccentre de creaci\u00f3 cultural amb un espai perqu\u00e8 els artistes puguin fer feina i comptin amb el suport de Palma Activa perqu\u00e8 es puguin guanyar la vida amb la seva feina\u201d. A m\u00e9s, el recinte tamb\u00e9 acollir\u00e0 una resid\u00e8ncia per a creadors, investigadors i estudiants, ha anunciat.<\/p>\n<p>L\u2019objectiu d\u2019Hila \u00e9s que amb aquest projecte es \u201cdoni vida als barris de Palma amb un nou nucli amb un gran parc de 100.000m2, una escoleta municipal i habitatges\u201d.<\/p>\n<p>El segon gran projecte amb qu\u00e8 s\u2019ha comprom\u00e8s el candidat a la batlia de Palma \u00e9s la creaci\u00f3 d\u2019un Espai per a Talents -una <em>Talent House<\/em>\u2013 al Nou Llevant en el qual \u201cels investigadors podran residir i comptaran amb sales de confer\u00e8ncies i espais de treball\u201d i ha explicat que ser\u00e0 un \u201ccentre d\u2019innovaci\u00f3 lligat a la cultura, al mar i a la creaci\u00f3\u201d.<\/p>\n<p>Per la seva banda, la candidata al Parlament Europeu, Al\u00edcia Homs, ha destacat que des de la instituci\u00f3 comunit\u00e0ria es lluitar\u00e0 per \u201cacostar l\u2019Europa multicultural\u201d, la qual cosa ser\u00e0 possible amb una \u201caposta per la mobilitat\u201d perqu\u00e8, ha explicat Homs, \u201cno hi ha major riquesa que con\u00e8ixer les cultures que ens envolten\u201d.<\/p>\n<p>Espec\u00edficament, aquest impuls al coneixement de la diversitat cultural d\u2019Europa es far\u00e0 pal\u00e8s a trav\u00e9s de dos programes: el programa Erasmus, el qual \u201cs\u2019ha de dotar de m\u00e9s pressupost per oferir igualtat d\u2019oportunitats a tots els joves que vulguin realitzar aquesta experi\u00e8ncia tan enriquidora\u201d i el programa EU CARES, a trav\u00e9s del qual s\u2019oferir\u00e0 una primera experi\u00e8ncia laboral als joves alhora que els donar\u00e0 \u201cl\u2019enriquiment cultural que ens promociona a tots sortir a l\u2019exterior\u201d.<\/p>\n<p>En aquest sentit, Homs ha recordat que el 26 de maig \u201cEuropa tamb\u00e9 es juga molt\u201d amb dos models contraposats, el socialista \u201cque aposta per la integraci\u00f3\u201d i el de les dretes, \u201cque pret\u00e9n construir murs i generar desconeixement\u201d, ha concl\u00f2s la candidata.<\/p>\n<\/div>\n<\/div>\n<\/div>\n<\/div>\n<\/div>\n<\/div>\n<p>Source: noticies fedaraci\u00f3 mallorca<\/p>\n","protected":false},"excerpt":{"rendered":"<p>Jos\u00e9 Hila ha anunciat que el recinte de l\u2019antiga pres\u00f3 de Palma es convertir\u00e0 en un \u201ccentre d\u2019innovaci\u00f3 cultural\u201d i un espai \u201cperqu\u00e8 els artistes es puguin guanyar la vida amb la seva feina\u201d La candidata a la presid\u00e8ncia del Consell de Mallorca, Catalina Cladera, s\u2019ha comprom\u00e8s amb els creadors de les Illes Balears i&hellip;<\/p>\n","protected":false},"author":1,"featured_media":23692,"comment_status":"closed","ping_status":"open","sticky":false,"template":"","format":"standard","meta":{"footnotes":""},"categories":[2,90],"tags":[],"class_list":["post-23691","post","type-post","status-publish","format-standard","has-post-thumbnail","hentry","category-federacio-de-mallorca","category-municipis"],"_links":{"self":[{"href":"https:\/\/www.psib-psoe.org\/mallorca\/wp-json\/wp\/v2\/posts\/23691"}],"collection":[{"href":"https:\/\/www.psib-psoe.org\/mallorca\/wp-json\/wp\/v2\/posts"}],"about":[{"href":"https:\/\/www.psib-psoe.org\/mallorca\/wp-json\/wp\/v2\/types\/post"}],"author":[{"embeddable":true,"href":"https:\/\/www.psib-psoe.org\/mallorca\/wp-json\/wp\/v2\/users\/1"}],"replies":[{"embeddable":true,"href":"https:\/\/www.psib-psoe.org\/mallorca\/wp-json\/wp\/v2\/comments?post=23691"}],"version-history":[{"count":0,"href":"https:\/\/www.psib-psoe.org\/mallorca\/wp-json\/wp\/v2\/posts\/23691\/revisions"}],"wp:featuredmedia":[{"embeddable":true,"href":"https:\/\/www.psib-psoe.org\/mallorca\/wp-json\/wp\/v2\/media\/23692"}],"wp:attachment":[{"href":"https:\/\/www.psib-psoe.org\/mallorca\/wp-json\/wp\/v2\/media?parent=23691"}],"wp:term":[{"taxonomy":"category","embeddable":true,"href":"https:\/\/www.psib-psoe.org\/mallorca\/wp-json\/wp\/v2\/categories?post=23691"},{"taxonomy":"post_tag","embeddable":true,"href":"https:\/\/www.psib-psoe.org\/mallorca\/wp-json\/wp\/v2\/tags?post=23691"}],"curies":[{"name":"wp","href":"https:\/\/api.w.org\/{rel}","templated":true}]}}