{"id":23713,"date":"2019-05-23T08:40:42","date_gmt":"2019-05-23T06:40:42","guid":{"rendered":"http:\/\/www.psib-psoe.org\/mallorca\/francina-armengol-demana-el-vot-per-al-psib-psoe-perque-diumenge-ens-jugam-avancar-o-retrocedir-en-les-coses-que-ens-toquen-de-mes-a-prop\/"},"modified":"2019-12-05T12:35:57","modified_gmt":"2019-12-05T10:35:57","slug":"francina-armengol-demana-el-vot-per-al-psib-psoe-perque-diumenge-ens-jugam-avancar-o-retrocedir-en-les-coses-que-ens-toquen-de-mes-a-prop","status":"publish","type":"post","link":"https:\/\/www.psib-psoe.org\/mallorca\/francina-armengol-demana-el-vot-per-al-psib-psoe-perque-diumenge-ens-jugam-avancar-o-retrocedir-en-les-coses-que-ens-toquen-de-mes-a-prop\/","title":{"rendered":"Francina Armengol demana el vot per al PSIB-PSOE perqu\u00e8 \u201cdiumenge ens jugam avan\u00e7ar o retrocedir en les coses que ens toquen de m\u00e9s a prop\u201d"},"content":{"rendered":"<div class=\"row wpb_row row-fluid img_noticia\">\n<div class=\"wpb_column columns small-12 medium-12 thb-dark-column\">\n<div class=\"vc_column-inner \">\n<div class=\"wpb_wrapper\">\n<div class=\"wpb_single_image wpb_content_element vc_align_center vc_custom_1558597024040\">\n<figure class=\"wpb_wrapper vc_figure\">\n<div class=\"vc_single_image-wrapper vc_box_border_grey\"><img loading=\"lazy\" decoding=\"async\" class=\"vc_single_image-img attachment-full\" src=\"http:\/\/www.psib-psoe.org\/wp-content\/uploads\/FAS-S\u00f3ller-maig-2019.jpg\" alt=\"\" width=\"1000\" height=\"703\" \/><\/div>\n<\/figure>\n<\/div>\n<\/div>\n<\/div>\n<\/div>\n<\/div>\n<div class=\"row wpb_row row-fluid intro full-width-row vc_custom_1558336094678\">\n<div class=\"col_izq wpb_column columns small-12 medium-12 thb-dark-column\">\n<div class=\"vc_column-inner \">\n<div class=\"wpb_wrapper\">\n<div class=\"wpb_text_column wpb_content_element \">\n<div class=\"wpb_wrapper\">\n<p><em><u>Jaume Mateu: \u201cno ens podem confiar, diumenge tenim una segona volta a les urnes perqu\u00e8 hi ha coses que estan en risc si no es vota al Partit Socialista, com la sanitat, l\u2019educaci\u00f3 o els serveis socials\u201d<\/u><\/em><\/p>\n<\/div>\n<\/div>\n<\/div>\n<\/div>\n<\/div>\n<\/div>\n<div class=\"row wpb_row row-fluid full-width-row\">\n<div class=\"col_izq wpb_column columns small-12 medium-6 thb-dark-column\">\n<div class=\"vc_column-inner \">\n<div class=\"wpb_wrapper\">\n<div class=\"wpb_text_column wpb_content_element \">\n<div class=\"wpb_wrapper\">\n<p>M\u00e9s de 100 persones han acompanyat a la candidata al Govern de les Illes Balears, Francina Armengol, i al candidat a la batlia de S\u00f3ller, Jaume Mateu, en el m\u00edting electoral per presentar la candidatura socialista a l\u2019Ajuntament.<\/p>\n<p>Durant l\u2019acte, Armengol ha aprofitat per demanar el vot per al PSIB-PSOE perqu\u00e8 \u201caquest diumenge ens jugam avan\u00e7ar o retrocedir en moltes coses, en aquelles que ens toquen de m\u00e9s a prop, amb una extrema dreta que ens vol fer tornar al blanc i negre o amb una esquerra amb pol\u00edtiques coherents i moderades, tenint en compte que els socialistes governam des del rigor, la serietat, el di\u00e0leg i el consens\u201d.<\/p>\n<p>En aquest sentit, la candidata socialista al Govern ha reivindicat que les coses \u201cara estan millor\u201d per la qual cosa \u201cpresentam un projecte molt clar per a Balears, per continuar sempre endavant amb el qual volem fer possible aquest diumenge un vot d\u2019esperan\u00e7a, de futur i d\u2019il\u00b7lusi\u00f3, com ja vam fer el 28 d\u2019abril guanyant les eleccions, tamb\u00e9 a S\u00f3ller\u201d.<\/p>\n<p>Armengol ha reivindicat la pol\u00edtica com a millor eina per millorar la vida de la gent, i en aquest sentit, ha destacat com \u201chem aconseguit la pau social a les escoles, hem invertit m\u00e9s que mai en educaci\u00f3, tamb\u00e9 a S\u00f3ller amb 3 milions d\u2019euros batallats pels regidors socialistes per millorar els centres educatius de la Vall, i ara ens comprometem a fer gratu\u00efta i universal l\u2019educaci\u00f3 de 0 a 3 anys\u201d.<\/p>\n<p>A m\u00e9s a m\u00e9s, la candidata socialista tamb\u00e9 s\u2019ha comprom\u00e8s a continuar invertint en millorar la sanitat p\u00fablica de la comunitat aut\u00f2noma, i ha anunciat que \u201cla pr\u00f2xima legislatura farem 16 nous centres de salut a les Balears\u201d.<\/p>\n<\/div>\n<\/div>\n<\/div>\n<\/div>\n<\/div>\n<div class=\"col_dcha wpb_column columns small-12 medium-6 thb-dark-column\">\n<div class=\"vc_column-inner \">\n<div class=\"wpb_wrapper\">\n<div class=\"wpb_text_column wpb_content_element \">\n<div class=\"wpb_wrapper\">\n<p>Pel que fa a Jaume Mateu, Armengol l\u2019ha definit com \u201cun gran socialista, una persona compromesa, que coneix S\u00f3ller, que sap el que necessita el seu poble i que gr\u00e0cies a la seva tasca va ser possible declarar la Serra de Tramuntana com a Patrimoni Mundial de la Humanitat per la UNESCO\u201d.<\/p>\n<p>Per part seva, el candidat socialista a la batlia de S\u00f3ller, Jaume Mateu, ha avan\u00e7at que els socialistes \u201coferim il\u00b7lusi\u00f3, ganes, experi\u00e8ncia i projecte per aconseguir la batlia i tirar endavant S\u00f3ller\u201d.<\/p>\n<p>De fet, Mateu ha explicat les 79 propostes del programa electoral que, segons ha defensat, \u201c\u00e9s un projecte de poble basat en eixos com les persones, el medi ambient, la mobilitat, l\u2019acc\u00e9s a l\u2019habitatge, la participaci\u00f3 i la transpar\u00e8ncia\u201d.<\/p>\n<p>Finalment, el candidat a la batlia ha fet una crida a la mobilitzaci\u00f3 perqu\u00e8 \u201cno ens podem confiar, diumenge tenim una segona volta a les urnes perqu\u00e8 hi ha coses que estan en risc si no es vota al Partit Socialista, com la sanitat, l\u2019educaci\u00f3 o els serveis socials\u201d.<\/p>\n<p>&nbsp;<\/p>\n<p>&nbsp;<\/p>\n<\/div>\n<\/div>\n<\/div>\n<\/div>\n<\/div>\n<\/div>\n<p>Source: Noticies Fedaraci\u00f3 Mallorca<\/p>\n","protected":false},"excerpt":{"rendered":"<p>Jaume Mateu: \u201cno ens podem confiar, diumenge tenim una segona volta a les urnes perqu\u00e8 hi ha coses que estan en risc si no es vota al Partit Socialista, com la sanitat, l\u2019educaci\u00f3 o els serveis socials\u201d M\u00e9s de 100 persones han acompanyat a la candidata al Govern de les Illes Balears, Francina Armengol, i&hellip;<\/p>\n","protected":false},"author":1,"featured_media":23714,"comment_status":"closed","ping_status":"open","sticky":false,"template":"","format":"standard","meta":{"footnotes":""},"categories":[2,90],"tags":[],"class_list":["post-23713","post","type-post","status-publish","format-standard","has-post-thumbnail","hentry","category-federacio-de-mallorca","category-municipis"],"_links":{"self":[{"href":"https:\/\/www.psib-psoe.org\/mallorca\/wp-json\/wp\/v2\/posts\/23713"}],"collection":[{"href":"https:\/\/www.psib-psoe.org\/mallorca\/wp-json\/wp\/v2\/posts"}],"about":[{"href":"https:\/\/www.psib-psoe.org\/mallorca\/wp-json\/wp\/v2\/types\/post"}],"author":[{"embeddable":true,"href":"https:\/\/www.psib-psoe.org\/mallorca\/wp-json\/wp\/v2\/users\/1"}],"replies":[{"embeddable":true,"href":"https:\/\/www.psib-psoe.org\/mallorca\/wp-json\/wp\/v2\/comments?post=23713"}],"version-history":[{"count":0,"href":"https:\/\/www.psib-psoe.org\/mallorca\/wp-json\/wp\/v2\/posts\/23713\/revisions"}],"wp:featuredmedia":[{"embeddable":true,"href":"https:\/\/www.psib-psoe.org\/mallorca\/wp-json\/wp\/v2\/media\/23714"}],"wp:attachment":[{"href":"https:\/\/www.psib-psoe.org\/mallorca\/wp-json\/wp\/v2\/media?parent=23713"}],"wp:term":[{"taxonomy":"category","embeddable":true,"href":"https:\/\/www.psib-psoe.org\/mallorca\/wp-json\/wp\/v2\/categories?post=23713"},{"taxonomy":"post_tag","embeddable":true,"href":"https:\/\/www.psib-psoe.org\/mallorca\/wp-json\/wp\/v2\/tags?post=23713"}],"curies":[{"name":"wp","href":"https:\/\/api.w.org\/{rel}","templated":true}]}}