{"id":23716,"date":"2019-05-23T09:53:38","date_gmt":"2019-05-23T07:53:38","guid":{"rendered":"http:\/\/www.psib-psoe.org\/mallorca\/el-psib-psoe-demana-el-vot-a-sa-pobla-per-poder-lluitar-pels-drets-de-la-gent-gran-i-garantir-que-tothom-pugui-ser-ates-on-ho-desitgi\/"},"modified":"2019-12-05T12:34:16","modified_gmt":"2019-12-05T10:34:16","slug":"el-psib-psoe-demana-el-vot-a-sa-pobla-per-poder-lluitar-pels-drets-de-la-gent-gran-i-garantir-que-tothom-pugui-ser-ates-on-ho-desitgi","status":"publish","type":"post","link":"https:\/\/www.psib-psoe.org\/mallorca\/el-psib-psoe-demana-el-vot-a-sa-pobla-per-poder-lluitar-pels-drets-de-la-gent-gran-i-garantir-que-tothom-pugui-ser-ates-on-ho-desitgi\/","title":{"rendered":"El PSIB-PSOE demana el vot a Sa Pobla \u201cper poder lluitar pels drets de la gent gran i garantir que tothom pugui ser at\u00e8s on ho desitgi\u201d"},"content":{"rendered":"<div class=\"row wpb_row row-fluid img_noticia\">\n<div class=\"wpb_column columns small-12 medium-12 thb-dark-column\">\n<div class=\"vc_column-inner \">\n<div class=\"wpb_wrapper\">\n<div class=\"wpb_single_image wpb_content_element vc_align_center vc_custom_1558601566398\">\n<figure class=\"wpb_wrapper vc_figure\">\n<div class=\"vc_single_image-wrapper vc_box_border_grey\"><img loading=\"lazy\" decoding=\"async\" class=\"vc_single_image-img attachment-full\" src=\"http:\/\/www.psib-psoe.org\/wp-content\/uploads\/190522_SaPoblaWEB.jpg\" alt=\"\" width=\"1000\" height=\"750\" \/><\/div>\n<\/figure>\n<\/div>\n<\/div>\n<\/div>\n<\/div>\n<\/div>\n<div class=\"row wpb_row row-fluid intro full-width-row vc_custom_1558336094678\">\n<div class=\"col_izq wpb_column columns small-12 medium-12 thb-dark-column\">\n<div class=\"vc_column-inner \">\n<div class=\"wpb_wrapper\">\n<div class=\"wpb_text_column wpb_content_element \">\n<div class=\"wpb_wrapper\">\n<p><span style=\"text-decoration: underline;\"><em>La candidata al Consell de Mallorca ha participat en una trobada amb gent gran on ha explicat els principals compromisos dels socialistes pel que fa a depend\u00e8ncia<\/em><\/span><\/p>\n<\/div>\n<\/div>\n<\/div>\n<\/div>\n<\/div>\n<\/div>\n<div class=\"row wpb_row row-fluid full-width-row\">\n<div class=\"col_izq wpb_column columns small-12 medium-6 thb-dark-column\">\n<div class=\"vc_column-inner \">\n<div class=\"wpb_wrapper\">\n<div class=\"wpb_text_column wpb_content_element \">\n<div class=\"wpb_wrapper\">\n<p>Els socialistes de Sa Pobla han celebrat avui una trobada amb gent major a la qual han participat la candidata al Consell de Mallorca, Catalina Cladera, el Secretari d\u2019Idees i Programes del PSIB-PSOE i vicepresident de l\u2019IMAS, Javier de Juan, i la candidata socialista a la batlia de Sa Pobla, Xesca Mir.<\/p>\n<p>Cladera ha reiterat el seu comprom\u00eds de \u201creduir a zero les llistes d\u2019espera i procurar que tothom que ho desitgi pugui ser at\u00e8s a ca seva\u201d, una de les principals apostes socialistes de cara a la pr\u00f2xima legislatura.<\/p>\n<p>Per aquest motiu, ha demanat \u201cvotar amb seny\u201d aquest diumenge, ja que \u201cels majors sabeu millor que ning\u00fa qu\u00e8 \u00e9s viure en una Espanya sense drets ni llibertats\u201d.<\/p>\n<p>Tamb\u00e9 Javier de Juan ha demanat el vot per als socialistes \u201cperqu\u00e8 som els \u00fanics que feim avan\u00e7ar aquest pa\u00eds en drets socials\u201d, i ha reiterat el comprom\u00eds socialista d\u2019impulsar una llei \u201cper garantir els drets de la gent major, i que cadasc\u00fa pugui decidir on i de quina manera vol envellir\u201d.<\/p>\n<\/div>\n<\/div>\n<\/div>\n<\/div>\n<\/div>\n<div class=\"col_dcha wpb_column columns small-12 medium-6 thb-dark-column\">\n<div class=\"vc_column-inner \">\n<div class=\"wpb_wrapper\">\n<div class=\"wpb_text_column wpb_content_element \">\n<div class=\"wpb_wrapper\">\n<p>De Juan ha explicat que \u201cels socialistes hem vist que la manera d\u2019acabar amb les llistes d\u2019espera no \u00e9s nom\u00e9s construir resid\u00e8ncies, sin\u00f3 posar els mecanismes a l\u2019abast perqu\u00e8 qui ho vulgui pugui ser at\u00e8s en el seu entorn\u201d i que \u201cels recursos es desplacin cap a la persona i no a l\u2019inrev\u00e9s\u201d.<\/p>\n<p>Per la seva banda, Xesca Mir s\u2019ha comprom\u00e8s a \u201cseguir donant suport i dinamitzant les associacions de gent gran\u201d per tal que \u201cpuguin fer activitats de cada vegada millors\u201d, i a \u201cmillorar i organitzar els espais per tal que en puguin treure el m\u00e0xim profit\u201d.<\/p>\n<p>Mir ha assegurat que, per la seva condici\u00f3 de treballadora social, \u201cconec b\u00e9 com funcionen els serveis socials, quines s\u00f3n les necessitats que teniu com a persones majors, i tamb\u00e9 he vist de prop la depend\u00e8ncia\u201d i per aix\u00f2 \u201cser\u00e9 capa\u00e7 de tocar les portes que s\u2019hagin de tocar i treballar per garantir que tingueu tot all\u00f2 que podem posar al vostre abast des de l\u2019Ajuntament\u201d.<\/p>\n<\/div>\n<\/div>\n<\/div>\n<\/div>\n<\/div>\n<\/div>\n<p>Source: Noticies Fedaraci\u00f3 Mallorca<\/p>\n","protected":false},"excerpt":{"rendered":"<p>La candidata al Consell de Mallorca ha participat en una trobada amb gent gran on ha explicat els principals compromisos dels socialistes pel que fa a depend\u00e8ncia Els socialistes de Sa Pobla han celebrat avui una trobada amb gent major a la qual han participat la candidata al Consell de Mallorca, Catalina Cladera, el Secretari&hellip;<\/p>\n","protected":false},"author":1,"featured_media":23717,"comment_status":"closed","ping_status":"open","sticky":false,"template":"","format":"standard","meta":{"footnotes":""},"categories":[2,90],"tags":[],"class_list":["post-23716","post","type-post","status-publish","format-standard","has-post-thumbnail","hentry","category-federacio-de-mallorca","category-municipis"],"_links":{"self":[{"href":"https:\/\/www.psib-psoe.org\/mallorca\/wp-json\/wp\/v2\/posts\/23716"}],"collection":[{"href":"https:\/\/www.psib-psoe.org\/mallorca\/wp-json\/wp\/v2\/posts"}],"about":[{"href":"https:\/\/www.psib-psoe.org\/mallorca\/wp-json\/wp\/v2\/types\/post"}],"author":[{"embeddable":true,"href":"https:\/\/www.psib-psoe.org\/mallorca\/wp-json\/wp\/v2\/users\/1"}],"replies":[{"embeddable":true,"href":"https:\/\/www.psib-psoe.org\/mallorca\/wp-json\/wp\/v2\/comments?post=23716"}],"version-history":[{"count":0,"href":"https:\/\/www.psib-psoe.org\/mallorca\/wp-json\/wp\/v2\/posts\/23716\/revisions"}],"wp:featuredmedia":[{"embeddable":true,"href":"https:\/\/www.psib-psoe.org\/mallorca\/wp-json\/wp\/v2\/media\/23717"}],"wp:attachment":[{"href":"https:\/\/www.psib-psoe.org\/mallorca\/wp-json\/wp\/v2\/media?parent=23716"}],"wp:term":[{"taxonomy":"category","embeddable":true,"href":"https:\/\/www.psib-psoe.org\/mallorca\/wp-json\/wp\/v2\/categories?post=23716"},{"taxonomy":"post_tag","embeddable":true,"href":"https:\/\/www.psib-psoe.org\/mallorca\/wp-json\/wp\/v2\/tags?post=23716"}],"curies":[{"name":"wp","href":"https:\/\/api.w.org\/{rel}","templated":true}]}}