{"id":23723,"date":"2019-05-23T18:03:01","date_gmt":"2019-05-23T16:03:01","guid":{"rendered":"http:\/\/www.psib-psoe.org\/mallorca\/cladera-els-joves-son-un-eix-transversal-de-les-politiques-socialistes-perque-pensar-en-ells-es-pensar-en-el-futur\/"},"modified":"2020-01-08T14:44:31","modified_gmt":"2020-01-08T12:44:31","slug":"cladera-els-joves-son-un-eix-transversal-de-les-politiques-socialistes-perque-pensar-en-ells-es-pensar-en-el-futur","status":"publish","type":"post","link":"https:\/\/www.psib-psoe.org\/mallorca\/cladera-els-joves-son-un-eix-transversal-de-les-politiques-socialistes-perque-pensar-en-ells-es-pensar-en-el-futur\/","title":{"rendered":"Cladera: \u201cEls joves s\u00f3n un eix transversal de les pol\u00edtiques socialistes, perqu\u00e8 pensar en ells \u00e9s pensar en el futur\u201d"},"content":{"rendered":"<div class=\"row wpb_row row-fluid img_noticia\">\n<div class=\"wpb_column columns small-12 medium-12 thb-dark-column\">\n<div class=\"vc_column-inner \">\n<div class=\"wpb_wrapper\">\n<div class=\"wpb_single_image wpb_content_element vc_align_center vc_custom_1558630869149\">\n<figure class=\"wpb_wrapper vc_figure\">\n<div class=\"vc_single_image-wrapper vc_box_border_grey\"><img loading=\"lazy\" decoding=\"async\" class=\"vc_single_image-img attachment-full\" src=\"http:\/\/www.psib-psoe.org\/wp-content\/uploads\/190523_jovesWEB.jpg\" alt=\"\" width=\"1000\" height=\"750\" \/><\/div>\n<\/figure>\n<\/div>\n<\/div>\n<\/div>\n<\/div>\n<\/div>\n<div class=\"row wpb_row row-fluid intro full-width-row vc_custom_1558336094678\">\n<div class=\"col_izq wpb_column columns small-12 medium-12 thb-dark-column\">\n<div class=\"vc_column-inner \">\n<div class=\"wpb_wrapper\">\n<div class=\"wpb_text_column wpb_content_element \">\n<div class=\"wpb_wrapper\">\n<p><span style=\"text-decoration: underline;\"><em>Cladera, Hila i Homs han participat en una trobada amb una trentena de joves<\/em><\/span><\/p>\n<\/div>\n<\/div>\n<\/div>\n<\/div>\n<\/div>\n<\/div>\n<div class=\"row wpb_row row-fluid full-width-row\">\n<div class=\"col_izq wpb_column columns small-12 medium-6 thb-dark-column\">\n<div class=\"vc_column-inner \">\n<div class=\"wpb_wrapper\">\n<div class=\"wpb_text_column wpb_content_element \">\n<div class=\"wpb_wrapper\">\n<p>La candidata socialista al Consell de Mallorca, Catalina Cladera, el candidat a la batlia de Palma, Jos\u00e9 Hila, i la candidata a les eleccions europees Alicia Homs han participat avui en una trobada amb una trentena de joves organitzada per JSIB<\/p>\n<p>Cladera ha agra\u00eft als joves la seva \u201cimplicaci\u00f3 per transformar la pol\u00edtica, votant massivament per aturar la dreta i l\u2019extrema i participant activament a les llistes\u201d.<\/p>\n<p>\u201cEls joves sou un eix transversal en totes les nostres pol\u00edtiques\u201d, ha assegurat Cladera, que ha afirmat que \u201csi no pensam en els joves, no podem pensar en el futur\u201d, i per aix\u00f2 \u201cno hi ha un apartat espec\u00edfic de joves en el programa per al Consell, sin\u00f3 que sou presents a tot el programa\u201d.<\/p>\n<p>Per la seva part, el candidat a la batlia de Palma, Jose Hila, ha demanat als joves \u201csortir a votar massivament per una ciutat d\u2019oportunitats, per una ciutat sostenible, de la que sentir-nos orgullosos, on cadasc\u00fa pugui viure i dur a terme el seu projecte personal\u201d.<\/p>\n<\/div>\n<\/div>\n<\/div>\n<\/div>\n<\/div>\n<div class=\"col_dcha wpb_column columns small-12 medium-6 thb-dark-column\">\n<div class=\"vc_column-inner \">\n<div class=\"wpb_wrapper\">\n<div class=\"wpb_text_column wpb_content_element \">\n<div class=\"wpb_wrapper\">\n<p>\u201cA partir de diumenge, Palma pot ser una ciutat de somnis o pot ser un malson\u201d, ha assegurat Hila fent refer\u00e8ncia a la dreta i l\u2019extrema dreta, explicant tamb\u00e9 que \u201cdels 100 punts del nostre programa, 30 varen ser elaborats per Joventuts\u201d.<\/p>\n<p>En aquest punt, la candidata a les eleccions europees, Al\u00edcia Homs, ha agra\u00eft a Hila \u201cque ens doni l\u2019oportunitat als joves d\u2019aixecar la nostra veu, ja que si ens escolten, podrem tenir l\u2019oportunitat de viure millor\u201d.<\/p>\n<p>Homs ha demanat que recordem que \u201cdiumenge ens jugam que a Europa entri una extrema dreta que vol aixecar fronteres i eliminar drets, que vol destruir Europa des de dins\u201d.<\/p>\n<p>Per aix\u00f2, ha demanat el vot per als socialistes \u201cper una Europa forta que aposti pels joves, amb m\u00e9s diners per a Erasmus, m\u00e9s diners per al Fons de Garantia Juvenil i m\u00e9s lluita contra el canvi clim\u00e0tic\u201d.<\/p>\n<\/div>\n<\/div>\n<\/div>\n<\/div>\n<\/div>\n<\/div>\n<p>Source: Noticies Fedaraci\u00f3 Mallorca<\/p>\n","protected":false},"excerpt":{"rendered":"<p>Cladera, Hila i Homs han participat en una trobada amb una trentena de joves La candidata socialista al Consell de Mallorca, Catalina Cladera, el candidat a la batlia de Palma, Jos\u00e9 Hila, i la candidata a les eleccions europees Alicia Homs han participat avui en una trobada amb una trentena de joves organitzada per JSIB&hellip;<\/p>\n","protected":false},"author":1,"featured_media":23724,"comment_status":"closed","ping_status":"open","sticky":false,"template":"","format":"standard","meta":{"footnotes":""},"categories":[2,90],"tags":[],"class_list":["post-23723","post","type-post","status-publish","format-standard","has-post-thumbnail","hentry","category-federacio-de-mallorca","category-municipis"],"_links":{"self":[{"href":"https:\/\/www.psib-psoe.org\/mallorca\/wp-json\/wp\/v2\/posts\/23723"}],"collection":[{"href":"https:\/\/www.psib-psoe.org\/mallorca\/wp-json\/wp\/v2\/posts"}],"about":[{"href":"https:\/\/www.psib-psoe.org\/mallorca\/wp-json\/wp\/v2\/types\/post"}],"author":[{"embeddable":true,"href":"https:\/\/www.psib-psoe.org\/mallorca\/wp-json\/wp\/v2\/users\/1"}],"replies":[{"embeddable":true,"href":"https:\/\/www.psib-psoe.org\/mallorca\/wp-json\/wp\/v2\/comments?post=23723"}],"version-history":[{"count":0,"href":"https:\/\/www.psib-psoe.org\/mallorca\/wp-json\/wp\/v2\/posts\/23723\/revisions"}],"wp:featuredmedia":[{"embeddable":true,"href":"https:\/\/www.psib-psoe.org\/mallorca\/wp-json\/wp\/v2\/media\/23724"}],"wp:attachment":[{"href":"https:\/\/www.psib-psoe.org\/mallorca\/wp-json\/wp\/v2\/media?parent=23723"}],"wp:term":[{"taxonomy":"category","embeddable":true,"href":"https:\/\/www.psib-psoe.org\/mallorca\/wp-json\/wp\/v2\/categories?post=23723"},{"taxonomy":"post_tag","embeddable":true,"href":"https:\/\/www.psib-psoe.org\/mallorca\/wp-json\/wp\/v2\/tags?post=23723"}],"curies":[{"name":"wp","href":"https:\/\/api.w.org\/{rel}","templated":true}]}}