{"id":23744,"date":"2019-05-26T11:33:44","date_gmt":"2019-05-26T09:33:44","guid":{"rendered":"http:\/\/www.psib-psoe.org\/mallorca\/cladera-demana-una-gran-participacio-per-exercir-el-vot-un-dels-drets-mes-importants-que-ens-dona-la-democracia\/"},"modified":"2020-01-08T14:43:09","modified_gmt":"2020-01-08T12:43:09","slug":"cladera-demana-una-gran-participacio-per-exercir-el-vot-un-dels-drets-mes-importants-que-ens-dona-la-democracia","status":"publish","type":"post","link":"https:\/\/www.psib-psoe.org\/mallorca\/cladera-demana-una-gran-participacio-per-exercir-el-vot-un-dels-drets-mes-importants-que-ens-dona-la-democracia\/","title":{"rendered":"Cladera demana \u201cuna gran participaci\u00f3 per exercir el vot, un dels drets m\u00e9s importants que ens d\u00f3na la democr\u00e0cia\u201d"},"content":{"rendered":"<div class=\"row wpb_row row-fluid img_noticia\">\n<div class=\"wpb_column columns small-12 medium-12 thb-dark-column\">\n<div class=\"vc_column-inner \">\n<div class=\"wpb_wrapper\">\n<div class=\"wpb_single_image wpb_content_element vc_align_center vc_custom_1558866635445\">\n<figure class=\"wpb_wrapper vc_figure\">\n<div class=\"vc_single_image-wrapper vc_box_border_grey\"><img loading=\"lazy\" decoding=\"async\" class=\"vc_single_image-img attachment-full\" src=\"http:\/\/www.psib-psoe.org\/wp-content\/uploads\/190526_votacio\u0301-CladeraWEB.jpg\" alt=\"\" width=\"1000\" height=\"750\" \/><\/div>\n<\/figure>\n<\/div>\n<\/div>\n<\/div>\n<\/div>\n<\/div>\n<div class=\"row wpb_row row-fluid intro full-width-row vc_custom_1558336094678\">\n<div class=\"col_izq wpb_column columns small-12 medium-12 thb-dark-column\">\n<div class=\"vc_column-inner \">\n<div class=\"wpb_wrapper\">\n<div class=\"wpb_text_column wpb_content_element \">\n<div class=\"wpb_wrapper\">\n<p><span style=\"text-decoration: underline;\"><em>La candidata socialista al Consell de Mallorca ha votat entorn de les 11:05 al col\u00b7legi electoral d\u2019Es Rafal, a Sa Pobla<\/em><\/span><\/p>\n<\/div>\n<\/div>\n<\/div>\n<\/div>\n<\/div>\n<\/div>\n<div class=\"row wpb_row row-fluid full-width-row\">\n<div class=\"col_izq wpb_column columns small-12 medium-6 thb-dark-column\">\n<div class=\"vc_column-inner \">\n<div class=\"wpb_wrapper\">\n<div class=\"wpb_text_column wpb_content_element \">\n<div class=\"wpb_wrapper\">\n<p>La candidata socialista al Consell de Mallorca, Catalina Cladera, ha exercit aquest mat\u00ed el seu dret a vot en el col\u00b7legi electoral d\u2019Es Rafal, a Sa Pobla, des d\u2019on ha fet una crida a tots els ciutadans i ciutadanes a \u201cexercir aquest dret que ens d\u00f3na la democr\u00e0cia que \u00e9s el vot\u201d.<\/p>\n<p>Cladera ha demanat \u201cuna gran participaci\u00f3, ja que avui decidim quatre institucions, tant Europa com les que ens toquen de m\u00e9s a prop, que s\u00f3n l\u2019Ajuntament, el Consell i el Govern Balear\u201d.<\/p>\n<\/div>\n<\/div>\n<\/div>\n<\/div>\n<\/div>\n<div class=\"col_dcha wpb_column columns small-12 medium-6 thb-dark-column\">\n<div class=\"vc_column-inner \">\n<div class=\"wpb_wrapper\">\n<div class=\"wpb_text_column wpb_content_element \">\n<div class=\"wpb_wrapper\">\n<p>A la vegada, la socialista ha aprofitat per agrair \u201cla dedicaci\u00f3 i esfor\u00e7 a tota la gent que avui \u00e9s a les taules electorals\u201d.<\/p>\n<p>La candidata al Consell de Mallorca ser\u00e0 avui a Sa Pobla exercint d\u2019apoderada, i seguir\u00e0 el recompte des de Miracle.<\/p>\n<\/div>\n<\/div>\n<\/div>\n<\/div>\n<\/div>\n<\/div>\n<p>Source: Noticies Fedaraci\u00f3 Mallorca<\/p>\n","protected":false},"excerpt":{"rendered":"<p>La candidata socialista al Consell de Mallorca ha votat entorn de les 11:05 al col\u00b7legi electoral d\u2019Es Rafal, a Sa Pobla La candidata socialista al Consell de Mallorca, Catalina Cladera, ha exercit aquest mat\u00ed el seu dret a vot en el col\u00b7legi electoral d\u2019Es Rafal, a Sa Pobla, des d\u2019on ha fet una crida a&hellip;<\/p>\n","protected":false},"author":1,"featured_media":23745,"comment_status":"closed","ping_status":"open","sticky":false,"template":"","format":"standard","meta":{"footnotes":""},"categories":[2],"tags":[],"class_list":["post-23744","post","type-post","status-publish","format-standard","has-post-thumbnail","hentry","category-federacio-de-mallorca"],"_links":{"self":[{"href":"https:\/\/www.psib-psoe.org\/mallorca\/wp-json\/wp\/v2\/posts\/23744"}],"collection":[{"href":"https:\/\/www.psib-psoe.org\/mallorca\/wp-json\/wp\/v2\/posts"}],"about":[{"href":"https:\/\/www.psib-psoe.org\/mallorca\/wp-json\/wp\/v2\/types\/post"}],"author":[{"embeddable":true,"href":"https:\/\/www.psib-psoe.org\/mallorca\/wp-json\/wp\/v2\/users\/1"}],"replies":[{"embeddable":true,"href":"https:\/\/www.psib-psoe.org\/mallorca\/wp-json\/wp\/v2\/comments?post=23744"}],"version-history":[{"count":0,"href":"https:\/\/www.psib-psoe.org\/mallorca\/wp-json\/wp\/v2\/posts\/23744\/revisions"}],"wp:featuredmedia":[{"embeddable":true,"href":"https:\/\/www.psib-psoe.org\/mallorca\/wp-json\/wp\/v2\/media\/23745"}],"wp:attachment":[{"href":"https:\/\/www.psib-psoe.org\/mallorca\/wp-json\/wp\/v2\/media?parent=23744"}],"wp:term":[{"taxonomy":"category","embeddable":true,"href":"https:\/\/www.psib-psoe.org\/mallorca\/wp-json\/wp\/v2\/categories?post=23744"},{"taxonomy":"post_tag","embeddable":true,"href":"https:\/\/www.psib-psoe.org\/mallorca\/wp-json\/wp\/v2\/tags?post=23744"}],"curies":[{"name":"wp","href":"https:\/\/api.w.org\/{rel}","templated":true}]}}