{"id":23787,"date":"2019-05-15T13:01:10","date_gmt":"2019-05-15T11:01:10","guid":{"rendered":"http:\/\/www.psib-psoe.org\/mallorca\/francina-armengol-demana-maxima-mobilitzacio-el-26-de-maig-perque-el-psib-psoe-es-lunic-partit-que-pot-garantir-que-anem-sempre-endavant-i-amb-mes-qualitat-de-vida-per-a-totes-i-tots\/"},"modified":"2019-12-05T12:56:46","modified_gmt":"2019-12-05T10:56:46","slug":"francina-armengol-demana-maxima-mobilitzacio-el-26-de-maig-perque-el-psib-psoe-es-lunic-partit-que-pot-garantir-que-anem-sempre-endavant-i-amb-mes-qualitat-de-vida-per-a-totes-i-tots","status":"publish","type":"post","link":"https:\/\/www.psib-psoe.org\/mallorca\/francina-armengol-demana-maxima-mobilitzacio-el-26-de-maig-perque-el-psib-psoe-es-lunic-partit-que-pot-garantir-que-anem-sempre-endavant-i-amb-mes-qualitat-de-vida-per-a-totes-i-tots\/","title":{"rendered":"Francina Armengol demana m\u00e0xima mobilitzaci\u00f3 el 26 de maig perqu\u00e8 el PSIB-PSOE \u201c\u00e9s l\u2019\u00fanic partit que pot garantir que anem sempre endavant i amb m\u00e9s qualitat de vida per a totes i tots\u201d"},"content":{"rendered":"<div class=\"row wpb_row row-fluid img_noticia\">\n<div class=\"wpb_column columns small-12 medium-12 thb-dark-column\">\n<div class=\"vc_column-inner \">\n<div class=\"wpb_wrapper\">\n<div class=\"wpb_single_image wpb_content_element vc_align_center vc_custom_1559818757606\">\n<figure class=\"wpb_wrapper vc_figure\">\n<div class=\"vc_single_image-wrapper vc_box_border_grey\"><img loading=\"lazy\" decoding=\"async\" class=\"vc_single_image-img attachment-full\" src=\"http:\/\/www.psib-psoe.org\/wp-content\/uploads\/francina-armengol-rafel-fernandez-presentacio-candidatura-capdepera-maig-2019.jpeg\" alt=\"\" width=\"1000\" height=\"679\" \/><\/div>\n<\/figure>\n<\/div>\n<\/div>\n<\/div>\n<\/div>\n<\/div>\n<div class=\"row wpb_row row-fluid intro full-width-row vc_custom_1558336094678\">\n<div class=\"col_izq wpb_column columns small-12 medium-12 thb-dark-column\">\n<div class=\"vc_column-inner \">\n<div class=\"wpb_wrapper\">\n<div class=\"wpb_text_column wpb_content_element \">\n<div class=\"wpb_wrapper\">\n<p><em><u>La candidata ha fet un clam per repetir \u201cla vict\u00f2ria hist\u00f2rica del 28 d\u2019abril\u201d per\u00f2 recordant que \u201cles urnes estan buides i s\u2019han de tornar a omplir per poder governar\u201d<\/u><\/em><\/p>\n<\/div>\n<\/div>\n<\/div>\n<\/div>\n<\/div>\n<\/div>\n<div class=\"row wpb_row row-fluid full-width-row\">\n<div class=\"col_izq wpb_column columns small-12 medium-6 thb-dark-column\">\n<div class=\"vc_column-inner \">\n<div class=\"wpb_wrapper\">\n<div class=\"wpb_text_column wpb_content_element \">\n<div class=\"wpb_wrapper\">\n<p>La candidata socialista a revalidar la presid\u00e8ncia del Govern de les Illes Balears, Francina Armengol, ha fet costat als socialistes de Capdepera en l\u2019acte de presentaci\u00f3 de la candidatura municipal per als comicis del 26 de maig, que encap\u00e7ala Rafel Fern\u00e1ndez i que tamb\u00e9 opta a la reelecci\u00f3.<\/p>\n<p>Francina Armengol, en la seva intervenci\u00f3, ha demanat als i les militants i simpatitzants la m\u00e0xima mobilitzaci\u00f3 per als 26 de maig i el vot al PSIB-PSOE perqu\u00e8 \u201c\u00e9s l\u2019\u00fanic partit que pot garantir que anem sempre endavant i amb m\u00e9s qualitat de vida\u201d.<\/p>\n<p>\u201cEl 28 d\u2019abril v\u00e0rem aconseguir una vict\u00f2ria hist\u00f2rica, per\u00f2 aix\u00f2 no est\u00e0 fet. Per fer que el 26 de maig puguem governar hem d\u2019anar a votar, perqu\u00e8 les urnes estan buides i les hem de tornar a omplir\u201d, ha recordat Armengol.<\/p>\n<p>La candidata socialista ha destacat que el partit que ella lidera a les Illes Balears va n\u00e9ixer fa 140 anys i de llavors en\u00e7\u00e0 \u201chem defensat els drets, les llibertats, la democr\u00e0cia, la just\u00edcia social i la igualtat; valors que s\u00f3n m\u00e9s necessaris que mai\u201d, ha real\u00e7at Armengol.<\/p>\n<p>En aquest sentit, la secret\u00e0ria generals del PSIB-PSOE ha recordat que aquesta legislatura s\u2019han assolit dues fites \u201cnecess\u00e0ries\u201d, com s\u00f3n la \u201cpau i el di\u00e0leg social\u201d i que tamb\u00e9 s\u2019ha fet possible \u201callargar la temporada tur\u00edstica, crear m\u00e9s riquesa i repartir-la millor i crear 85.000 nous llocs de treball amb millors contractes\u201d sobretot pel que fa al sector serveis i tur\u00edstic.<\/p>\n<p>De fet, ha estat en relaci\u00f3 al turisme que la candidata socialista s\u2019ha detingut uns instants per fet efectiu un primer comprom\u00eds amb els gabellins i gabellines. Armengol ha anunciat que la pr\u00f2xima legislatura es faran inversions en zones tur\u00edstiques, especialment en la zona de Cala Rajada, i que aquestes seran pactades amb el batle.<\/p>\n<\/div>\n<\/div>\n<\/div>\n<\/div>\n<\/div>\n<div class=\"col_dcha wpb_column columns small-12 medium-6 thb-dark-column\">\n<div class=\"vc_column-inner \">\n<div class=\"wpb_wrapper\">\n<div class=\"wpb_text_column wpb_content_element \">\n<div class=\"wpb_wrapper\">\n<p>La sanitat ha estat un altre dels punts que han centrat la intervenci\u00f3 i els compromisos de Francina Armengol a Capdepera. \u201cSom conscients que el PAC de Cala Rajada \u00e9s necessari i per aix\u00f2 ser\u00e0 una realitat en la pr\u00f2xima legislatura\u201d, ha dit la candidata socialista.<\/p>\n<p>En relaci\u00f3 tamb\u00e9 a les infraestructures sanit\u00e0ries, Armengol ha recordat que s\u2019acaben d\u2019inaugurar les urg\u00e8ncies de l\u2019Hospital de Manacor i que la resson\u00e0ncia magn\u00e8tica, \u201ctan demanada i necess\u00e0ria\u201d, tamb\u00e9 \u00e9s ja una realitat, alhora que ha anunciat que es continuar\u00e0 amb l\u2019obra per a l\u2019ampliaci\u00f3 de l\u2019hospital amb una inversi\u00f3 de 85 milions d\u2019euros.<\/p>\n<p>Pel que fa a l\u2019habitatge, \u201ccinqu\u00e8 pilar de l\u2019estat del benestar\u201d per als socialistes, Armengol ha fet valer la recuperaci\u00f3 dels 25 nous habitatges p\u00fablics per a Capdepera, \u201cque la dreta va deixar en un calaix quan governava i ara nosaltres hem tret\u201d.<\/p>\n<p>La candidata socialista tamb\u00e9 ha tengut paraules d\u2019agra\u00efment i suport al batle i candidat a la reelecci\u00f3, Rafel Fern\u00e1ndez, de qui ha dit que t\u00e9 \u201cuna admiraci\u00f3 enorme\u201d, tant per ell com per tots els socialistes de Capdepera, \u201cgent honesta que estima el seu poble i vol el millor per a la seva gent\u201d.<\/p>\n<\/div>\n<\/div>\n<\/div>\n<\/div>\n<\/div>\n<\/div>\n<p>Source: Actualitat Fedaraci\u00f3 Mallorca<\/p>\n","protected":false},"excerpt":{"rendered":"<p>La candidata ha fet un clam per repetir \u201cla vict\u00f2ria hist\u00f2rica del 28 d\u2019abril\u201d per\u00f2 recordant que \u201cles urnes estan buides i s\u2019han de tornar a omplir per poder governar\u201d La candidata socialista a revalidar la presid\u00e8ncia del Govern de les Illes Balears, Francina Armengol, ha fet costat als socialistes de Capdepera en l\u2019acte de&hellip;<\/p>\n","protected":false},"author":1,"featured_media":23788,"comment_status":"closed","ping_status":"open","sticky":false,"template":"","format":"standard","meta":{"footnotes":""},"categories":[2,90],"tags":[],"class_list":["post-23787","post","type-post","status-publish","format-standard","has-post-thumbnail","hentry","category-federacio-de-mallorca","category-municipis"],"_links":{"self":[{"href":"https:\/\/www.psib-psoe.org\/mallorca\/wp-json\/wp\/v2\/posts\/23787"}],"collection":[{"href":"https:\/\/www.psib-psoe.org\/mallorca\/wp-json\/wp\/v2\/posts"}],"about":[{"href":"https:\/\/www.psib-psoe.org\/mallorca\/wp-json\/wp\/v2\/types\/post"}],"author":[{"embeddable":true,"href":"https:\/\/www.psib-psoe.org\/mallorca\/wp-json\/wp\/v2\/users\/1"}],"replies":[{"embeddable":true,"href":"https:\/\/www.psib-psoe.org\/mallorca\/wp-json\/wp\/v2\/comments?post=23787"}],"version-history":[{"count":0,"href":"https:\/\/www.psib-psoe.org\/mallorca\/wp-json\/wp\/v2\/posts\/23787\/revisions"}],"wp:featuredmedia":[{"embeddable":true,"href":"https:\/\/www.psib-psoe.org\/mallorca\/wp-json\/wp\/v2\/media\/23788"}],"wp:attachment":[{"href":"https:\/\/www.psib-psoe.org\/mallorca\/wp-json\/wp\/v2\/media?parent=23787"}],"wp:term":[{"taxonomy":"category","embeddable":true,"href":"https:\/\/www.psib-psoe.org\/mallorca\/wp-json\/wp\/v2\/categories?post=23787"},{"taxonomy":"post_tag","embeddable":true,"href":"https:\/\/www.psib-psoe.org\/mallorca\/wp-json\/wp\/v2\/tags?post=23787"}],"curies":[{"name":"wp","href":"https:\/\/api.w.org\/{rel}","templated":true}]}}