{"id":23790,"date":"2019-05-13T13:29:37","date_gmt":"2019-05-13T11:29:37","guid":{"rendered":"http:\/\/www.psib-psoe.org\/mallorca\/francina-armengol-demana-el-vot-entusiasta-per-al-partit-socialista-per-seguir-avancant-en-drets-i-llibertats\/"},"modified":"2019-12-05T12:59:53","modified_gmt":"2019-12-05T10:59:53","slug":"francina-armengol-demana-el-vot-entusiasta-per-al-partit-socialista-per-seguir-avancant-en-drets-i-llibertats","status":"publish","type":"post","link":"https:\/\/www.psib-psoe.org\/mallorca\/francina-armengol-demana-el-vot-entusiasta-per-al-partit-socialista-per-seguir-avancant-en-drets-i-llibertats\/","title":{"rendered":"Francina Armengol demana el \u201cvot entusiasta per al Partit Socialista per seguir avan\u00e7ant en drets i llibertats\u201d"},"content":{"rendered":"<div class=\"row wpb_row row-fluid img_noticia\">\n<div class=\"wpb_column columns small-12 medium-12 thb-dark-column\">\n<div class=\"vc_column-inner \">\n<div class=\"wpb_wrapper\">\n<div class=\"wpb_single_image wpb_content_element vc_align_center vc_custom_1559647823028\">\n<figure class=\"wpb_wrapper vc_figure\">\n<div class=\"vc_single_image-wrapper vc_box_border_grey\"><img loading=\"lazy\" decoding=\"async\" class=\"vc_single_image-img attachment-full\" src=\"http:\/\/www.psib-psoe.org\/wp-content\/uploads\/francina-armengol-presentacio-candidatura-alcudia-maig-2019.jpeg\" alt=\"\" width=\"1000\" height=\"635\" \/><\/div>\n<\/figure>\n<\/div>\n<\/div>\n<\/div>\n<\/div>\n<\/div>\n<div class=\"row wpb_row row-fluid intro full-width-row vc_custom_1558336094678\">\n<div class=\"col_izq wpb_column columns small-12 medium-12 thb-dark-column\">\n<div class=\"vc_column-inner \">\n<div class=\"wpb_wrapper\">\n<div class=\"wpb_text_column wpb_content_element \">\n<div class=\"wpb_wrapper\">\n<p><em><u>B\u00e0rbara Rebassa, candidata a la batlia d\u2019Alc\u00fadia, ha presentat l\u2019equip que l\u2019acompanyar\u00e0 en els comicis municipals del 26 de maig<\/u><\/em><\/p>\n<\/div>\n<\/div>\n<\/div>\n<\/div>\n<\/div>\n<\/div>\n<div class=\"row wpb_row row-fluid full-width-row\">\n<div class=\"col_izq wpb_column columns small-12 medium-6 thb-dark-column\">\n<div class=\"vc_column-inner \">\n<div class=\"wpb_wrapper\">\n<div class=\"wpb_text_column wpb_content_element \">\n<div class=\"wpb_wrapper\">\n<p>Els socialistes d\u2019Alc\u00fadia han presentat la seva candidatura per a les eleccions municipals del 26 de maig i que encap\u00e7ala B\u00e0rbara Rebassa. La candidata socialista a la presid\u00e8ncia del Govern de les Illes Balears, Francina Armengol, ha fet costat a Rebassa i el seu equip en un acte p\u00fablic al qual han assistit m\u00e9s de 150 persones.<\/p>\n<p>Francina Armengol ha demanat als militants i simpatitzants que s\u2019han apropat a l\u2019acte que el 26 de maig facin un \u201cvot entusiasta per al Partit Socialista que ens permeti tornar a guanyar les eleccions\u201d, ja que al davant nom\u00e9s tenim \u201cdues opcions: seguir avan\u00e7ant en drets i llibertats o tornar 40 anys enrere\u201d.<\/p>\n<p>La candidata socialista ha posat en relleu \u201cles coses tan importants que ens jugam el dia 26 de maig\u201d, posant l\u2019accent en l\u2019educaci\u00f3, i ha recordat com aquests 4 anys \u201chem canviat moltes coses a millor invertint en all\u00f2 que realment \u00e9s important per a tots, com \u00e9s l\u2019educaci\u00f3\u201d, alhora que ha explicat que \u201cencara queden coses per fer\u201d, com fer efectiu el comprom\u00eds \u201cjust i necessari\u201d de fer que l\u2019etapa 0-3 anys sigui \u201cuniversal i gratu\u00efta\u201d.<\/p>\n<p>Respecte dels compromisos complits aquesta legislatura en mat\u00e8ria d\u2019Educaci\u00f3, Armengol ha recordat que s\u2019han contractat m\u00e9s de 1.000 professors i professores i s\u2019ha invertit, per una banda, en millores en centres educatius i, per l\u2019altra, en la construcci\u00f3 de nous, com el CEIP d\u2019Alc\u00fadia, \u201cque aviat ser\u00e0 una realitat, tan necess\u00e0ria per al municipi d\u2019Alc\u00fadia\u201d.<\/p>\n<p>Pel que fa a la formaci\u00f3 superior, Armengol ha destacat \u201cdos projectes que vull tirar en endavant i que ja tenen el pressupost garantit: l\u2019Escola d\u2019Hoteleria en el Port d\u2019Alc\u00fadia i l\u2019Escola de N\u00e0utica\u201d.<\/p>\n<\/div>\n<\/div>\n<\/div>\n<\/div>\n<\/div>\n<div class=\"col_dcha wpb_column columns small-12 medium-6 thb-dark-column\">\n<div class=\"vc_column-inner \">\n<div class=\"wpb_wrapper\">\n<div class=\"wpb_text_column wpb_content_element \">\n<div class=\"wpb_wrapper\">\n<p>La candidata socialista tamb\u00e9 ha emfasitzat les mesures realitzades aquesta legislatura en benefici del turisme de qualitat, allargant la temporada tur\u00edstica i fent \u201cque el turisme sigui m\u00e9s sostenible, cosa que estam aconseguint amb millores com l\u2019ampliaci\u00f3 de la depuradora d\u2019Alc\u00fadia\u201d.<\/p>\n<p>Respecte de les condicions de treball dels professionals del sector de l\u2019hostaleria, la candidata socialista ha recordat com s\u2019han executat plans de lluita contra la precarietat laborar i s\u2019han apujat els salaris del sector un 17%.<\/p>\n<p>\u201cAquesta \u00e9s la senya del Partit Socialista, pensar sempre en aquells que ens necessiten\u201d, ha recordat la candidata socialista, qui ha afegit que \u201c\u00e9s per aix\u00f2 que volem seguir governant, per poder seguir estenent drets i que totes i tots puguem viure una mica millor\u201d.<\/p>\n<p>Francina Armengol ha volgut agrair als homes i dones que formen part de la candidatura socialista d\u2019Alc\u00fadia que hagin donat la passa de presentar-se a les eleccions el 26 de maig, especialment a B\u00e0rbara Rebassa, \u201cuna dona amable, atenta, que sempre escolta la gent i sempre disposada a aprendre, que \u00e9s molt important en pol\u00edtica\u201d.<\/p>\n<p>La tamb\u00e9 secret\u00e0ria general del PSIB-PSOE ha recordat que va con\u00e8ixer Rebassa durant la legislatura anterior, \u201clluitant per all\u00f2 que m\u00e9s estimava: l\u2019educaci\u00f3 i els nins i nines del municipi\u201d. \u201cRebassa ha estat directora d\u2019escola a Alc\u00fadia durant molt d\u2019anys i sap com \u00e9s d\u2019important invertir en educaci\u00f3, perqu\u00e8 \u00e9s invertir en el present i en el futur\u201d, ha concl\u00f2s Armengol.<\/p>\n<\/div>\n<\/div>\n<\/div>\n<\/div>\n<\/div>\n<\/div>\n<p>Source: Actualitat Fedaraci\u00f3 Mallorca<\/p>\n","protected":false},"excerpt":{"rendered":"<p>B\u00e0rbara Rebassa, candidata a la batlia d\u2019Alc\u00fadia, ha presentat l\u2019equip que l\u2019acompanyar\u00e0 en els comicis municipals del 26 de maig Els socialistes d\u2019Alc\u00fadia han presentat la seva candidatura per a les eleccions municipals del 26 de maig i que encap\u00e7ala B\u00e0rbara Rebassa. La candidata socialista a la presid\u00e8ncia del Govern de les Illes Balears, Francina&hellip;<\/p>\n","protected":false},"author":1,"featured_media":23791,"comment_status":"closed","ping_status":"open","sticky":false,"template":"","format":"standard","meta":{"footnotes":""},"categories":[2,90],"tags":[],"class_list":["post-23790","post","type-post","status-publish","format-standard","has-post-thumbnail","hentry","category-federacio-de-mallorca","category-municipis"],"_links":{"self":[{"href":"https:\/\/www.psib-psoe.org\/mallorca\/wp-json\/wp\/v2\/posts\/23790"}],"collection":[{"href":"https:\/\/www.psib-psoe.org\/mallorca\/wp-json\/wp\/v2\/posts"}],"about":[{"href":"https:\/\/www.psib-psoe.org\/mallorca\/wp-json\/wp\/v2\/types\/post"}],"author":[{"embeddable":true,"href":"https:\/\/www.psib-psoe.org\/mallorca\/wp-json\/wp\/v2\/users\/1"}],"replies":[{"embeddable":true,"href":"https:\/\/www.psib-psoe.org\/mallorca\/wp-json\/wp\/v2\/comments?post=23790"}],"version-history":[{"count":0,"href":"https:\/\/www.psib-psoe.org\/mallorca\/wp-json\/wp\/v2\/posts\/23790\/revisions"}],"wp:featuredmedia":[{"embeddable":true,"href":"https:\/\/www.psib-psoe.org\/mallorca\/wp-json\/wp\/v2\/media\/23791"}],"wp:attachment":[{"href":"https:\/\/www.psib-psoe.org\/mallorca\/wp-json\/wp\/v2\/media?parent=23790"}],"wp:term":[{"taxonomy":"category","embeddable":true,"href":"https:\/\/www.psib-psoe.org\/mallorca\/wp-json\/wp\/v2\/categories?post=23790"},{"taxonomy":"post_tag","embeddable":true,"href":"https:\/\/www.psib-psoe.org\/mallorca\/wp-json\/wp\/v2\/tags?post=23790"}],"curies":[{"name":"wp","href":"https:\/\/api.w.org\/{rel}","templated":true}]}}