{"id":23806,"date":"2019-05-06T13:36:54","date_gmt":"2019-05-06T11:36:54","guid":{"rendered":"http:\/\/www.psib-psoe.org\/mallorca\/catalina-cladera-presenta-els-1404-compromisos-per-al-consell-de-mallorca-amb-un-programa-valent-i-sobretot-realista-per-poder-anar-sempre-endavant\/"},"modified":"2019-12-05T13:06:10","modified_gmt":"2019-12-05T11:06:10","slug":"catalina-cladera-presenta-els-1404-compromisos-per-al-consell-de-mallorca-amb-un-programa-valent-i-sobretot-realista-per-poder-anar-sempre-endavant","status":"publish","type":"post","link":"https:\/\/www.psib-psoe.org\/mallorca\/catalina-cladera-presenta-els-1404-compromisos-per-al-consell-de-mallorca-amb-un-programa-valent-i-sobretot-realista-per-poder-anar-sempre-endavant\/","title":{"rendered":"Catalina Cladera presenta els 140+4 compromisos per al Consell de Mallorca amb un programa \u201cvalent i, sobretot, realista per poder anar sempre endavant\u201d"},"content":{"rendered":"<div class=\"row wpb_row row-fluid img_noticia\">\n<div class=\"wpb_column columns small-12 medium-12 thb-dark-column\">\n<div class=\"vc_column-inner \">\n<div class=\"wpb_wrapper\">\n<div class=\"wpb_single_image wpb_content_element vc_align_center vc_custom_1559648347148\">\n<figure class=\"wpb_wrapper vc_figure\">\n<div class=\"vc_single_image-wrapper vc_box_border_grey\"><img loading=\"lazy\" decoding=\"async\" class=\"vc_single_image-img attachment-full\" src=\"http:\/\/www.psib-psoe.org\/wp-content\/uploads\/catalina-cladera-presentacio-programa-electoral-mallorca-eleccions-2019.jpeg\" alt=\"\" width=\"1000\" height=\"750\"><\/div>\n<\/figure>\n<\/div>\n<\/div>\n<\/div>\n<\/div>\n<\/div>\n<div class=\"row wpb_row row-fluid intro full-width-row vc_custom_1558336094678\">\n<div class=\"col_izq wpb_column columns small-12 medium-12 thb-dark-column\">\n<div class=\"vc_column-inner \">\n<div class=\"wpb_wrapper\">\n<div class=\"wpb_text_column wpb_content_element \">\n<div class=\"wpb_wrapper\">\n<p><em><u>El programa electoral se centra en tres grans eixos: la sostenibilitat ambiental, la sostenibilitat social i la sostenibilitat econ\u00f2mica i sempre amb l\u2019objectiu de construir \u201cuna Mallorca en la qual tothom hi pugui viure millor i amb igualtats d\u2019oportunitats\u201d<\/u><\/em><\/p>\n<\/div>\n<\/div>\n<\/div>\n<\/div>\n<\/div>\n<\/div>\n<div class=\"row wpb_row row-fluid full-width-row\">\n<div class=\"col_izq wpb_column columns small-12 medium-6 thb-dark-column\">\n<div class=\"vc_column-inner \">\n<div class=\"wpb_wrapper\">\n<div class=\"wpb_text_column wpb_content_element \">\n<div class=\"wpb_wrapper\">\n<p>La candidata socialista a la presid\u00e8ncia del Consell de Mallorca, Catalina Cladera, ha presentat avui els 140+4 compromisos per a Mallorca per a les eleccions insulars del 26 de maig, un programa \u201cper guanyar les eleccions, valent i, sobretot, realista per poder anar sempre endavant\u201d.<\/p>\n<p>Les 144 mesures pivoten sobre tres eixos, resultat de la Confer\u00e8ncia Pol\u00edtica Insular, i s\u00f3n la sostenibilitat econ\u00f2mica, la sostenibilitat social i la sostenibilitat territorial, totes amb l\u2019objectiu de construir \u201cuna Mallorca en la qual tothom pugui viure millor i amb igualtat d\u2019oportunitats\u201d, ha exposat Cladera.<\/p>\n<p>La candidata socialista ha destacat algunes de les mesures del programa, que s\u2019aniran explicant en profunditat al llarg de les pr\u00f2ximes setmanes. En concret, ha fet incid\u00e8ncia en la n\u00famero 5, amb la qual \u201cens comprometem a acabar amb la llista d\u2019espera de la gent dependent i a desenvolupar un servei d\u2019assist\u00e8ncia a domicili perqu\u00e8 les persones puguin envellir en el seu entorn\u201d.<\/p>\n<p>Un altre comprom\u00eds ferm que ha adquirit Cladera posa el feminisme i la defensa dels drets LGTBI en el centre. Per aix\u00f2, la candidata es compromet a qu\u00e8 \u201cqualsevol dona maltractada rebi una ajuda per accedir a un habitatge de lloguer i que ni ella ni els fills hagin de viure amb el maltractador\u201d.<\/p>\n<p>En aquest sentit, la candidata socialista tamb\u00e9 ha apuntat que \u201cimpulsarem que les pol\u00edtiques d\u2019igualtat siguin transversals, i per aix\u00f2 ajudarem als ajuntaments que tenguin dificultats per elaborar plans d\u2019Igualtat i crearem un Servei d\u2019Atenci\u00f3 a la Diversitat\u201d.<\/p>\n<p><strong>SOSTENIBILITAT AMBIENTAL: PRESERVACI\u00d3 DEL TERRITORI I MOBILITAT<\/strong><\/p>\n<p>En mat\u00e8ria de preservaci\u00f3 del territori, Cladera ha defensat que la instituci\u00f3 insular \u201cha de ser un gran pilar executor de les lleis de Canvi Clim\u00e0tic i de Residus\u201d, perqu\u00e8 \u201cMallorca t\u00e9 un territori que \u00e9s enveja a tot el m\u00f3n i l\u2019hem de preservar\u201d.<\/p>\n<p>Aix\u00ed mateix, la candidata socialista s\u2019ha comprom\u00e8s que el 2028 el 50% de l\u2019energia produ\u00efda a Mallorca provengui de fonts renovables, un objectiu \u201cque s\u2019avan\u00e7a al que marca Europa\u201d. En relaci\u00f3 a la mobilitat, Cladera ha posat de relleu que \u201capostam per un canvi de model, impulsant el transport p\u00fablic i reduint l\u2019\u00fas del privat\u201d.<\/p>\n<p><strong>SOSTENIBILITAT SOCIAL: HABITATGE, CULTURA I ESPORTS<\/strong><\/p>\n<p>L\u2019habitatge tamb\u00e9 centra part del programa electoral dels socialistes per a les eleccions insulars, i Catalina Cladera s\u2019ha comprom\u00e8s \u201ca posar a l\u2019abast dels municipis s\u00f2l per a construir habitatge p\u00fablic i assequible\u201d.<\/p>\n<\/div>\n<\/div>\n<\/div>\n<\/div>\n<\/div>\n<div class=\"col_dcha wpb_column columns small-12 medium-6 thb-dark-column\">\n<div class=\"vc_column-inner \">\n<div class=\"wpb_wrapper\">\n<div class=\"wpb_text_column wpb_content_element \">\n<div class=\"wpb_wrapper\">\n<p>La cultura \u00e9s un altre dels grans \u00e0mbits d\u2019actuaci\u00f3 del Consell de Mallorca. El comprom\u00eds socialista s\u2019encaminar\u00e0 a \u201cdinamitzar els espais esc\u00e8nics\u201d. Concretament, Cladera ha explicat que, \u201cfarem que el Teatre Principal sigui un referent en la producci\u00f3 d\u2019Arts Esc\u00e8niques, apostarem de manera decidida per convertir La Miseric\u00f2rdia en un centre d\u2019Art Contemporani i crearem un nou Centre Internacional d\u2019Arts Pl\u00e0stiques a Es Sindicat de Felanitx\u201d.<\/p>\n<p>Pel que fa als esports, la candidata socialista ha explicat que els esfor\u00e7os se centraran a elaborar i executar un Pla d\u2019Equipaments d\u2019Instal\u00b7lacions per tal de revitalitzar-les \u201cperqu\u00e8 donen vida als pobles, als nins i a les fam\u00edlies\u201d, ha explicat Cladera, qui tamb\u00e9 s\u2019ha comprom\u00e8s a \u201cfacilitar ajudes per als despla\u00e7aments dels esportistes per assistir a competicions oficials a la Pen\u00ednsula\u201d.<\/p>\n<p><strong>SOSTENIBILITAT ECON\u00d2MICA: TURISME, COMER\u00c7 I AGRICULTURA<\/strong><\/p>\n<p>El turisme \u00e9s un altre dels eixos del projecte dels socialistes de Mallorca per a la instituci\u00f3 insular, \u201cmotor de l\u2019economia illenca que ens permet repartir riquesa i fer pol\u00edtiques socials\u201d. Cladera ha insistit en el fet que \u201capostarem per nous segments de mercat\u201d que permetin que \u201cMallorca estigui oberta la major part de l\u2019any\u201d.<\/p>\n<p>Un impuls econ\u00f2mic i una aposta per una ocupaci\u00f3 de major qualitat que tamb\u00e9 s\u2019est\u00e9n al petit comer\u00e7 i que \u201cha de permetre donar vida a les nostres ciutats, atreure turisme i dinamitzar els barris\u201d, com tamb\u00e9 a l\u2019agricultura, un \u00e0mbit que \u201cens connecta amb les nostres arrels\u201d i que comptar\u00e0 amb tot el suport del Consell de Mallorca.<\/p>\n<p>En definitiva, una s\u00e8rie de mesures que han de fer que el Consell de Mallorca sigui una administraci\u00f3 \u201cm\u00e9s forta, per\u00f2 sobretot m\u00e9s \u00fatil\u201d, amb una \u201cnova llei de Consells Insulars que permeti desenvolupar les compet\u00e8ncies de nivell auton\u00f2mic d\u2019una manera m\u00e9s efectiva, i sempre amb el municipalisme com a eix transversal\u201d.<\/p>\n<p>La candidata socialista ha recordat la import\u00e0ncia de tornar a mobilitzar-se el 26 de maig \u201cper deixar la dreta desterrada\u201d i ha destacat el moment pol\u00edtic que vivim, ja que \u201cvenim de la lli\u00e7\u00f3 que va donar la societat el 28 d\u2019abril, quan va dir que no permetr\u00e0 ni una passa enrere\u201d.<\/p>\n<\/div>\n<\/div>\n<\/div>\n<\/div>\n<\/div>\n<\/div>\n<p>Source: Actualitat Fedaraci\u00f3 Mallorca<\/p>\n","protected":false},"excerpt":{"rendered":"<p>El programa electoral se centra en tres grans eixos: la sostenibilitat ambiental, la sostenibilitat social i la sostenibilitat econ\u00f2mica i sempre amb l\u2019objectiu de construir \u201cuna Mallorca en la qual tothom hi pugui viure millor i amb igualtats d\u2019oportunitats\u201d La candidata socialista a la presid\u00e8ncia del Consell de Mallorca, Catalina Cladera, ha presentat avui els&hellip;<\/p>\n","protected":false},"author":1,"featured_media":23951,"comment_status":"closed","ping_status":"open","sticky":false,"template":"","format":"standard","meta":{"footnotes":""},"categories":[2,90],"tags":[],"class_list":["post-23806","post","type-post","status-publish","format-standard","has-post-thumbnail","hentry","category-federacio-de-mallorca","category-municipis"],"_links":{"self":[{"href":"https:\/\/www.psib-psoe.org\/mallorca\/wp-json\/wp\/v2\/posts\/23806"}],"collection":[{"href":"https:\/\/www.psib-psoe.org\/mallorca\/wp-json\/wp\/v2\/posts"}],"about":[{"href":"https:\/\/www.psib-psoe.org\/mallorca\/wp-json\/wp\/v2\/types\/post"}],"author":[{"embeddable":true,"href":"https:\/\/www.psib-psoe.org\/mallorca\/wp-json\/wp\/v2\/users\/1"}],"replies":[{"embeddable":true,"href":"https:\/\/www.psib-psoe.org\/mallorca\/wp-json\/wp\/v2\/comments?post=23806"}],"version-history":[{"count":0,"href":"https:\/\/www.psib-psoe.org\/mallorca\/wp-json\/wp\/v2\/posts\/23806\/revisions"}],"wp:featuredmedia":[{"embeddable":true,"href":"https:\/\/www.psib-psoe.org\/mallorca\/wp-json\/wp\/v2\/media\/23951"}],"wp:attachment":[{"href":"https:\/\/www.psib-psoe.org\/mallorca\/wp-json\/wp\/v2\/media?parent=23806"}],"wp:term":[{"taxonomy":"category","embeddable":true,"href":"https:\/\/www.psib-psoe.org\/mallorca\/wp-json\/wp\/v2\/categories?post=23806"},{"taxonomy":"post_tag","embeddable":true,"href":"https:\/\/www.psib-psoe.org\/mallorca\/wp-json\/wp\/v2\/tags?post=23806"}],"curies":[{"name":"wp","href":"https:\/\/api.w.org\/{rel}","templated":true}]}}