{"id":23809,"date":"2019-05-05T13:47:35","date_gmt":"2019-05-05T11:47:35","guid":{"rendered":"http:\/\/www.psib-psoe.org\/mallorca\/francina-armengol-demana-a-montuiri-que-tothom-vagi-a-votar-el-26-de-maig-per-fer-realitat-el-gran-somni-de-seguir-transformant-les-illes-balears\/"},"modified":"2019-12-05T13:10:11","modified_gmt":"2019-12-05T11:10:11","slug":"francina-armengol-demana-a-montuiri-que-tothom-vagi-a-votar-el-26-de-maig-per-fer-realitat-el-gran-somni-de-seguir-transformant-les-illes-balears","status":"publish","type":"post","link":"https:\/\/www.psib-psoe.org\/mallorca\/francina-armengol-demana-a-montuiri-que-tothom-vagi-a-votar-el-26-de-maig-per-fer-realitat-el-gran-somni-de-seguir-transformant-les-illes-balears\/","title":{"rendered":"Francina Armengol demana a Montu\u00efri que tothom vagi a votar el 26 de maig per fer realitat \u201cel gran somni\u201d de seguir transformant les Illes Balears"},"content":{"rendered":"<div class=\"row wpb_row row-fluid img_noticia\">\n<div class=\"wpb_column columns small-12 medium-12 thb-dark-column\">\n<div class=\"vc_column-inner \">\n<div class=\"wpb_wrapper\">\n<div class=\"wpb_single_image wpb_content_element vc_align_center vc_custom_1559648905290\">\n<figure class=\"wpb_wrapper vc_figure\">\n<div class=\"vc_single_image-wrapper vc_box_border_grey\"><img loading=\"lazy\" decoding=\"async\" class=\"vc_single_image-img attachment-full\" src=\"http:\/\/www.psib-psoe.org\/wp-content\/uploads\/francina-armengol-presentacio-candidatura-montuiri-maig-2019.jpeg\" alt=\"\" width=\"1000\" height=\"750\" \/><\/div>\n<\/figure>\n<\/div>\n<\/div>\n<\/div>\n<\/div>\n<\/div>\n<div class=\"row wpb_row row-fluid intro full-width-row vc_custom_1558336094678\">\n<div class=\"col_izq wpb_column columns small-12 medium-12 thb-dark-column\">\n<div class=\"vc_column-inner \">\n<div class=\"wpb_wrapper\">\n<div class=\"wpb_text_column wpb_content_element \">\n<div class=\"wpb_wrapper\">\n<p><em><u>Toni Miralles, candidat a la batlia de Montu\u00efri, ha destacat alguns dels compromisos que inclour\u00e0 en el programa electoral, tots dirigits millorar Montu\u00efri i fer que el poble sigui atractiu per a tothom\u201d<\/u><\/em><\/p>\n<\/div>\n<\/div>\n<\/div>\n<\/div>\n<\/div>\n<\/div>\n<div class=\"row wpb_row row-fluid full-width-row\">\n<div class=\"col_izq wpb_column columns small-12 medium-6 thb-dark-column\">\n<div class=\"vc_column-inner \">\n<div class=\"wpb_wrapper\">\n<div class=\"wpb_text_column wpb_content_element \">\n<div class=\"wpb_wrapper\">\n<p>Els socialistes de Montu\u00efri han presentat la candidatura per a les eleccions del 26 de maig, encap\u00e7alada per Toni Miralles, en un acte amb prop de 150 persones i al qual ha assistit la secret\u00e0ria general del PSIB-PSOE i candidata a la presid\u00e8ncia del Govern de les Illes Balears, Francina Armengol.<\/p>\n<p>Armengol ha destacat durant la seva intervenci\u00f3 que l\u2019educaci\u00f3 tornar\u00e0 a ser una de les prioritats per a la pr\u00f2xima legislatura, fent possible el canvi que es va iniciar el 2015. \u201cBauz\u00e1 ens va deixar el que ens va deixar; no ho oblideu perqu\u00e8 pot tornar\u201d, ha recordat la candidata socialista, qui ha insistit en el fet que \u201cestam millor que fa 4 anys, per\u00f2 esper que d\u2019aqu\u00ed a 4 estiguin millor encara\u201d.<\/p>\n<p>En aquest sentit, i per fer realitat \u201cel gran somni\u201d de seguir transformant les Illes Balears, la secret\u00e0ria general del PSIB-PSOE ha demanat la m\u00e0xima mobilitzaci\u00f3 el 26 de maig, perqu\u00e8 despr\u00e9s \u201cdel que v\u00e0rem lluitar per aconseguir la llei de depend\u00e8ncia, els serveis socials, la igualtat, les pensions\u2026 ara no hem de tornar 40 anys enrere\u201d.<\/p>\n<p>Aix\u00ed mateix, Armengol ha recordat algunes de les fites aconseguides aquesta legislatura \u201ccom la millora del CEIP Joan Mas de Montu\u00efri\u201d, un comprom\u00eds amb l\u2019educaci\u00f3 que seguir\u00e0 \u201csi som presidenta, garantint places p\u00fabliques, gratu\u00eftes i universals, per a l\u2019etapa 0-3 o amb una feina d\u2019almenys sis mesos a l\u2019Administraci\u00f3 P\u00fablica per als joves titulats superiors que no hagin trobat feina en el seu camp en el primer any despr\u00e9s d\u2019haver-se titulat\u201d.<\/p>\n<p>Entre els compromisos adquirits per Armengol a Montu\u00efri tamb\u00e9 destaquen la construcci\u00f3 d\u2019habitatges p\u00fablics \u201cperqu\u00e8 la gent de Montu\u00efri no hagi de sortir del seu municipi per viure\u201d, com tamb\u00e9 una \u201cunitat b\u00e0sica de salut\u201d.<\/p>\n<p>La candidata socialista, per\u00f2, ha volgut insistir en com \u00e9s de necess\u00e0ria la mobilitzaci\u00f3 per fer realitat aquests projectes de progr\u00e9s. \u201cHem d\u2019anar a votar perqu\u00e8 els nostres fills i n\u00e9ts tenen dret a una terra millor i a pol\u00edtics que es dediquin al que toca\u201d, ha dit Armengol.<\/p>\n<\/div>\n<\/div>\n<\/div>\n<\/div>\n<\/div>\n<div class=\"col_dcha wpb_column columns small-12 medium-6 thb-dark-column\">\n<div class=\"vc_column-inner \">\n<div class=\"wpb_wrapper\">\n<div class=\"wpb_text_column wpb_content_element \">\n<div class=\"wpb_wrapper\">\n<p>Del candidat a la batlia de Montu\u00efri, Toni Miralles, Armengol ha destacat que es tracta d\u2019una persona que \u201ccom jo\u201d ha viscut la pol\u00edtica \u201ca casa des de petit\u201d. \u201cEns varen ensenyar des de petits qu\u00e8 significa ser a un partit d\u2019esquerres, lluitar per la democr\u00e0cia i fer pol\u00edtica per a tothom\u201d, ha posat de relleu la candidata socialista.<\/p>\n<p>Per la seva banda, el candidat socialista a la batlia de Montu\u00efri, Toni Miralles, ha dit que \u201caquesta legislatura no s\u2019entendria sense la tasca dels socialistes al Govern de les Illes Balears i al Consell de Mallorca\u201d, i ha destacat alguns exemples, com \u201cl\u2019ampliaci\u00f3 del col\u00b7legi p\u00fablic i del nou centre de salut o les pol\u00edtiques d\u2019ocupaci\u00f3 de les quals s\u2019han beneficiat els majors de 45 anys i els joves qualificats\u201d.<\/p>\n<p>Aix\u00ed mateix, Miralles ha avan\u00e7at algunes de les propostes que inclour\u00e0 en el programa electoral per al 26 de maig, totes elles emmarcades \u201cen els valors socialistes de la just\u00edcia social, la igualtat, l\u2019educaci\u00f3, la sanitat, l\u2019habitatge digne i els serveis socials\u201d.<\/p>\n<p>Entre altres compromisos, Miralles ha dit que si \u00e9s batle, \u201caugmentarem la participaci\u00f3 ciutadana, actualitzarem el cat\u00e0leg de b\u00e9ns protegits, eliminarem barreres arquitect\u00f2niques, impulsares l\u2019\u00fas de les energies renovables a edificis i vehicles municipals, construirem un nou gimn\u00e0s al Col\u00b7legi P\u00fablic o incrementarem horaris i serveis de pediatria i infermeria en el centre de salut\u201d.<\/p>\n<p>En definitiva, tota una s\u00e8rie de mesures \u201cper millorar Montu\u00efri i fer que el poble sigui atractiu per a tothom\u201d, un objectiu que ser\u00e0 possible gr\u00e0cies a un equip format per \u201cgent jove i gent m\u00e9s gran a qui no falten ganes de fer feina\u201d.<\/p>\n<\/div>\n<\/div>\n<\/div>\n<\/div>\n<\/div>\n<\/div>\n<p>Source: Actualitat Fedaraci\u00f3 Mallorca<\/p>\n","protected":false},"excerpt":{"rendered":"<p>Toni Miralles, candidat a la batlia de Montu\u00efri, ha destacat alguns dels compromisos que inclour\u00e0 en el programa electoral, tots dirigits millorar Montu\u00efri i fer que el poble sigui atractiu per a tothom\u201d Els socialistes de Montu\u00efri han presentat la candidatura per a les eleccions del 26 de maig, encap\u00e7alada per Toni Miralles, en un&hellip;<\/p>\n","protected":false},"author":1,"featured_media":23810,"comment_status":"closed","ping_status":"open","sticky":false,"template":"","format":"standard","meta":{"footnotes":""},"categories":[2,90],"tags":[],"class_list":["post-23809","post","type-post","status-publish","format-standard","has-post-thumbnail","hentry","category-federacio-de-mallorca","category-municipis"],"_links":{"self":[{"href":"https:\/\/www.psib-psoe.org\/mallorca\/wp-json\/wp\/v2\/posts\/23809"}],"collection":[{"href":"https:\/\/www.psib-psoe.org\/mallorca\/wp-json\/wp\/v2\/posts"}],"about":[{"href":"https:\/\/www.psib-psoe.org\/mallorca\/wp-json\/wp\/v2\/types\/post"}],"author":[{"embeddable":true,"href":"https:\/\/www.psib-psoe.org\/mallorca\/wp-json\/wp\/v2\/users\/1"}],"replies":[{"embeddable":true,"href":"https:\/\/www.psib-psoe.org\/mallorca\/wp-json\/wp\/v2\/comments?post=23809"}],"version-history":[{"count":0,"href":"https:\/\/www.psib-psoe.org\/mallorca\/wp-json\/wp\/v2\/posts\/23809\/revisions"}],"wp:featuredmedia":[{"embeddable":true,"href":"https:\/\/www.psib-psoe.org\/mallorca\/wp-json\/wp\/v2\/media\/23810"}],"wp:attachment":[{"href":"https:\/\/www.psib-psoe.org\/mallorca\/wp-json\/wp\/v2\/media?parent=23809"}],"wp:term":[{"taxonomy":"category","embeddable":true,"href":"https:\/\/www.psib-psoe.org\/mallorca\/wp-json\/wp\/v2\/categories?post=23809"},{"taxonomy":"post_tag","embeddable":true,"href":"https:\/\/www.psib-psoe.org\/mallorca\/wp-json\/wp\/v2\/tags?post=23809"}],"curies":[{"name":"wp","href":"https:\/\/api.w.org\/{rel}","templated":true}]}}