{"id":23812,"date":"2019-05-02T14:05:16","date_gmt":"2019-05-02T12:05:16","guid":{"rendered":"http:\/\/www.psib-psoe.org\/mallorca\/els-socialistes-de-maria-de-la-salut-es-comprometen-a-donar-solucio-duna-vegada-per-totes-i-de-manera-consensuada-al-problema-del-solar-del-clot-den-mayol-i-de-l\/"},"modified":"2019-12-05T13:11:20","modified_gmt":"2019-12-05T11:11:20","slug":"els-socialistes-de-maria-de-la-salut-es-comprometen-a-donar-solucio-duna-vegada-per-totes-i-de-manera-consensuada-al-problema-del-solar-del-clot-den-mayol-i-de-l","status":"publish","type":"post","link":"https:\/\/www.psib-psoe.org\/mallorca\/els-socialistes-de-maria-de-la-salut-es-comprometen-a-donar-solucio-duna-vegada-per-totes-i-de-manera-consensuada-al-problema-del-solar-del-clot-den-mayol-i-de-l\/","title":{"rendered":"Els socialistes de Maria de la Salut es comprometen a donar soluci\u00f3 \u201cd\u2019una vegada per totes i de manera consensuada\u201d al problema del solar del Clot d\u2019en Mayol i de l\u2019aparcament del poliesportiu"},"content":{"rendered":"<div class=\"row wpb_row row-fluid img_noticia\">\n<div class=\"wpb_column columns small-12 medium-12 thb-dark-column\">\n<div class=\"vc_column-inner \">\n<div class=\"wpb_wrapper\">\n<div class=\"wpb_single_image wpb_content_element vc_align_center vc_custom_1559650004818\">\n<figure class=\"wpb_wrapper vc_figure\">\n<div class=\"vc_single_image-wrapper vc_box_border_grey\"><img loading=\"lazy\" decoding=\"async\" class=\"vc_single_image-img attachment-full\" src=\"http:\/\/www.psib-psoe.org\/wp-content\/uploads\/clot-den-mayol-maria-de-la-salut.jpeg\" alt=\"\" width=\"1000\" height=\"486\" \/><\/div>\n<\/figure>\n<\/div>\n<\/div>\n<\/div>\n<\/div>\n<\/div>\n<div class=\"row wpb_row row-fluid intro full-width-row vc_custom_1558336094678\">\n<div class=\"col_izq wpb_column columns small-12 medium-12 thb-dark-column\">\n<div class=\"vc_column-inner \">\n<div class=\"wpb_wrapper\">\n<div class=\"wpb_text_column wpb_content_element \">\n<div class=\"wpb_wrapper\">\n<p><em><u>El problema es remunta a l\u2019any 2005, quan el govern del PP de l\u2019Ajuntament de Maria va signar dos convenis urban\u00edstics, un dels quals feia refer\u00e8ncia al solar de l\u2019escola i el centre de salut, i que podrien costar al consistori milions d\u2019euros en indemnitzacions<\/u><\/em><\/p>\n<\/div>\n<\/div>\n<\/div>\n<\/div>\n<\/div>\n<\/div>\n<div class=\"row wpb_row row-fluid full-width-row\">\n<div class=\"col_izq wpb_column columns small-12 medium-6 thb-dark-column\">\n<div class=\"vc_column-inner \">\n<div class=\"wpb_wrapper\">\n<div class=\"wpb_text_column wpb_content_element \">\n<div class=\"wpb_wrapper\">\n<p>L\u2019Agrupaci\u00f3 Socialista de Maria de la Salut ha registrat un escrit a l\u2019ajuntament del municipi sol\u00b7licitant c\u00f2pia del requeriment que van presentar per registre d\u2019entrada els propietaris del Clot d\u2019en Mayol. En aquest document, els propietaris reclamen el pagament dels solars de l\u2019escola i el centre de salut, com tamb\u00e9 la indemnitzaci\u00f3 pactada de 900.000 euros per incompliment del conveni signat el 2005.<\/p>\n<p>\u201cArrossegam aquest problema des de fa 14 anys i encara no s\u2019ha fet res, perqu\u00e8 no hi ha hagut predisposici\u00f3 per part de cap dels grups pol\u00edtics que han governat a l\u2019Ajuntament de Maria aquests darrers 14 anys\u201d denuncia el candidat socialista a la batlia de Maria, Rafel Aulet.<\/p>\n<p>En aquest sentit, els socialistes de Maria de la Salut es comprometen a donar una sortida de manera pactada amb els propietaris dels terrenys sense haver de passar pels jutjats, que \u00e9s cap a on deriva la situaci\u00f3 a hores d\u2019ara si s\u2019esgota el termini que varen donar els propietaris per fer efectiu el pagament. \u201cNosaltres s\u00ed que estam disposats a asseure\u2019ns amb la propietat per dialogar i desembossar, d\u2019una vegada per totes, aquesta situaci\u00f3\u201d ha dit Aulet.<\/p>\n<p>Els fets es remunten a l\u2019any 2005, quan l\u2019Ajuntament de Maria, sota el govern del PP, va signar un conveni urban\u00edstic per mitj\u00e0 del qual els propietaris cedien a l\u2019ajuntament 7.000 m2 per construir el centre de salut i l\u2019Escola Nova. Aquest conveni contemplava la requalificaci\u00f3 com a urb\u00e0 d\u2019uns terrenys annexes de 14.000 m2 de s\u00f2l r\u00fastic.<\/p>\n<\/div>\n<\/div>\n<\/div>\n<\/div>\n<\/div>\n<div class=\"col_dcha wpb_column columns small-12 medium-6 thb-dark-column\">\n<div class=\"vc_column-inner \">\n<div class=\"wpb_wrapper\">\n<div class=\"wpb_text_column wpb_content_element \">\n<div class=\"wpb_wrapper\">\n<p>Aix\u00ed mateix, en un dels punts del conveni signat, l\u2019ajuntament es comprometia a indemnitzar els propietaris amb 900.000 euros i a pagar els dos solars cedits si no es feia efectiva aquesta requalificaci\u00f3 en el termini de 4 anys.<\/p>\n<p>El Consell de Mallorca, aleshores, tir\u00e0 enrere el conveni del Clot d\u2019en Mayol, com tamb\u00e9 i el de l\u2019aparcament del poliesportiu, per estar fora d\u2019ordenaci\u00f3.<\/p>\n<p>Per aquest motiu els socialistes de Maria es comprometen a fer una negociaci\u00f3 a tres bandes amb els propietaris, el Consell de Mallorca i l\u2019Ajuntament de Maria per tal de donar sortida a aquests dos convenis i adaptar les Normes subsidi\u00e0ries al Pla Territorial actual, sense que aix\u00f2 pugui esdevenir \u201cen una hipoteca per al nostre Ajuntament\u201d.<\/p>\n<\/div>\n<\/div>\n<\/div>\n<\/div>\n<\/div>\n<\/div>\n<p>Source: Actualitat Fedaraci\u00f3 Mallorca<\/p>\n","protected":false},"excerpt":{"rendered":"<p>El problema es remunta a l\u2019any 2005, quan el govern del PP de l\u2019Ajuntament de Maria va signar dos convenis urban\u00edstics, un dels quals feia refer\u00e8ncia al solar de l\u2019escola i el centre de salut, i que podrien costar al consistori milions d\u2019euros en indemnitzacions L\u2019Agrupaci\u00f3 Socialista de Maria de la Salut ha registrat un&hellip;<\/p>\n","protected":false},"author":1,"featured_media":23813,"comment_status":"closed","ping_status":"open","sticky":false,"template":"","format":"standard","meta":{"footnotes":""},"categories":[90],"tags":[],"class_list":["post-23812","post","type-post","status-publish","format-standard","has-post-thumbnail","hentry","category-municipis"],"_links":{"self":[{"href":"https:\/\/www.psib-psoe.org\/mallorca\/wp-json\/wp\/v2\/posts\/23812"}],"collection":[{"href":"https:\/\/www.psib-psoe.org\/mallorca\/wp-json\/wp\/v2\/posts"}],"about":[{"href":"https:\/\/www.psib-psoe.org\/mallorca\/wp-json\/wp\/v2\/types\/post"}],"author":[{"embeddable":true,"href":"https:\/\/www.psib-psoe.org\/mallorca\/wp-json\/wp\/v2\/users\/1"}],"replies":[{"embeddable":true,"href":"https:\/\/www.psib-psoe.org\/mallorca\/wp-json\/wp\/v2\/comments?post=23812"}],"version-history":[{"count":0,"href":"https:\/\/www.psib-psoe.org\/mallorca\/wp-json\/wp\/v2\/posts\/23812\/revisions"}],"wp:featuredmedia":[{"embeddable":true,"href":"https:\/\/www.psib-psoe.org\/mallorca\/wp-json\/wp\/v2\/media\/23813"}],"wp:attachment":[{"href":"https:\/\/www.psib-psoe.org\/mallorca\/wp-json\/wp\/v2\/media?parent=23812"}],"wp:term":[{"taxonomy":"category","embeddable":true,"href":"https:\/\/www.psib-psoe.org\/mallorca\/wp-json\/wp\/v2\/categories?post=23812"},{"taxonomy":"post_tag","embeddable":true,"href":"https:\/\/www.psib-psoe.org\/mallorca\/wp-json\/wp\/v2\/tags?post=23812"}],"curies":[{"name":"wp","href":"https:\/\/api.w.org\/{rel}","templated":true}]}}