{"id":23818,"date":"2019-04-20T10:33:28","date_gmt":"2019-04-20T08:33:28","guid":{"rendered":"http:\/\/www.psib-psoe.org\/mallorca\/pere-joan-pons-demana-la-maxima-mobilitzacio-per-poder-derogar-la-llei-montoro-i-tirar-endavant-lleis-de-progres-com-la-deutanasia\/"},"modified":"2019-12-09T10:59:33","modified_gmt":"2019-12-09T08:59:33","slug":"pere-joan-pons-demana-la-maxima-mobilitzacio-per-poder-derogar-la-llei-montoro-i-tirar-endavant-lleis-de-progres-com-la-deutanasia","status":"publish","type":"post","link":"https:\/\/www.psib-psoe.org\/mallorca\/pere-joan-pons-demana-la-maxima-mobilitzacio-per-poder-derogar-la-llei-montoro-i-tirar-endavant-lleis-de-progres-com-la-deutanasia\/","title":{"rendered":"Pere Joan Pons demana \u201cla m\u00e0xima mobilitzaci\u00f3\u201d per poder \u201cderogar la Llei Montoro\u201d i tirar endavant \u201clleis de progr\u00e9s com la d\u2019eutan\u00e0sia\u201d"},"content":{"rendered":"<div class=\"row wpb_row row-fluid img_noticia\">\n<div class=\"wpb_column columns small-12 medium-12 thb-dark-column\">\n<div class=\"vc_column-inner \">\n<div class=\"wpb_wrapper\">\n<div class=\"wpb_single_image wpb_content_element vc_align_center vc_custom_1560155710767\">\n<figure class=\"wpb_wrapper vc_figure\">\n<div class=\"vc_single_image-wrapper vc_box_border_grey\"><img loading=\"lazy\" decoding=\"async\" class=\"vc_single_image-img attachment-full\" src=\"http:\/\/www.psib-psoe.org\/wp-content\/uploads\/francina-armengol-pere-joan-pons-miquel-cabot-presentacio-candidat-marratxi-abril-2019.jpeg\" alt=\"\" width=\"1000\" height=\"750\" \/><\/div>\n<\/figure>\n<\/div>\n<\/div>\n<\/div>\n<\/div>\n<\/div>\n<div class=\"row wpb_row row-fluid intro full-width-row vc_custom_1558336094678\">\n<div class=\"col_izq wpb_column columns small-12 medium-12 thb-dark-column\">\n<div class=\"vc_column-inner \">\n<div class=\"wpb_wrapper\">\n<div class=\"wpb_text_column wpb_content_element \">\n<div class=\"wpb_wrapper\">\n<p><em><u>El candidat al Congr\u00e9s dels Diputats ha participat, juntament amb la candidata al Govern, Francina Armengol, en l\u2019acte de presentaci\u00f3 de Miquel Cabot com a candidat a la batlia de Marratx\u00ed, al quan han fet costat m\u00e9s de 200 persones<\/u><\/em><\/p>\n<\/div>\n<\/div>\n<\/div>\n<\/div>\n<\/div>\n<\/div>\n<div class=\"row wpb_row row-fluid full-width-row\">\n<div class=\"col_izq wpb_column columns small-12 medium-6 thb-dark-column\">\n<div class=\"vc_column-inner \">\n<div class=\"wpb_wrapper\">\n<div class=\"wpb_text_column wpb_content_element \">\n<div class=\"wpb_wrapper\">\n<p>El candidat al Congr\u00e9s dels Diputats, Pere Joan Pons, i la candidata al Govern de les Illes Balears, Francina Armengol, han fet costat avui a Miquel Cabot en la presentaci\u00f3 de la seva candidatura a l\u2019Ajuntament de Marratx\u00ed.<\/p>\n<p>A l\u2019acte hi han assistit m\u00e9s de 200 persones, davant les quals Pere Joan Pons s\u2019ha comprom\u00e8s a \u201cderogar la llei Montoro\u201d i tirar endavant \u201caltres lleis de progr\u00e9s com la d\u2019eutan\u00e0sia\u201d. Dues fites que nom\u00e9s seran possibles \u201camb la m\u00e0xima mobilitzaci\u00f3 el 28 d\u2019abril per tal d\u2019aconseguir una majoria parlament\u00e0ria \u00e0mplia\u201d, ha recordat el candidat.<\/p>\n<p>Aix\u00ed mateix, Pons ha recordat que aquests quatre anys, amb Armengol al capdavant del Govern, s\u2019ha \u201cdeixat enrere la comunitat encesa\u201d que va deixar el PP de Jos\u00e9 Ram\u00f3n Bauz\u00e1 i Biel Company, \u201cper donar lloc a unes illes amb pau social i educativa i que creixen econ\u00f2micament amb millors salaris\u201d.<\/p>\n<p>Respecte del que resta de campanya, el diputat i candidat a revalidar l\u2019esc\u00f3, ha demanat \u201cpropostes\u201d a les altres formacions pol\u00edtiques, i no nom\u00e9s \u201csoflames, crits i insults\u201d, i ha recordat que el 28 d\u2019abril i el 26 de maig \u201cencaram les eleccions m\u00e9s importants de la nostra vida, perqu\u00e8 marcaran un abans i un despr\u00e9s, ja que triam entre un model de progr\u00e9s i un de retroc\u00e9s\u201d.<\/p>\n<p>A l\u2019acte tamb\u00e9 hi ha assistit la candidata al Govern de les Illes Balears, Francina Armengol, qui ha demanat \u201cel vot de la il\u00b7lusi\u00f3 i l\u2019esperan\u00e7a\u201d per complir el \u201csomni\u201d de poder \u201cconstruir una societat en la qual no sobri ning\u00fa i tots siguem m\u00e9s feli\u00e7os\u201d.<\/p>\n<p>En aquest sentit, Armengol ha recordat que \u201cestam davant unes eleccions clau, amb les quals podem enlla\u00e7ar vuit anys de govern a les Illes Balears i quatre a Espanya\u201d perqu\u00e8 \u201cvolem viure a una societat que aposti per la cultura, l\u2019educaci\u00f3, la sanitat, els drets i les llibertats\u201d, ha dit alhora que ha insistit en el fet que \u201cels socialistes hem gestionat els diners molt b\u00e9, perqu\u00e8 tot i no tenim m\u00e9s diners, s\u00ed ten\u00edem clares les nostres prioritats, que ens han fet posar les persones en el centre de les pol\u00edtiques\u201d.<\/p>\n<\/div>\n<\/div>\n<\/div>\n<\/div>\n<\/div>\n<div class=\"col_dcha wpb_column columns small-12 medium-6 thb-dark-column\">\n<div class=\"vc_column-inner \">\n<div class=\"wpb_wrapper\">\n<div class=\"wpb_text_column wpb_content_element \">\n<div class=\"wpb_wrapper\">\n<p>Per la seva banda, el candidat a la batlia de Marratx\u00ed, Miquel Cabot, ha posat en valor la feina feta aquests anys a l\u2019equip de govern de l\u2019Ajuntament de Marratx\u00ed, fent inc\u00eds en com els socialistes \u201chem estat el motor\u201d del consistori, i tot amb una \u201cpol\u00edtica de proximitat i di\u00e0leg\u201d.<\/p>\n<p>Miquel Cabot ha insistit tamb\u00e9 en el fet que \u201cel 26 de maig \u00e9s important que hi hagi socialistes tamb\u00e9 en el Govern i en el Consell\u201d, entre d\u2019altres motius, \u201cperqu\u00e8 enguany hem rebut m\u00e9s de 4 milions d\u2019euros en subvencions, pels 2 de la passada legislatura\u201d.<\/p>\n<p>En aquest sentit, el candidat socialista tamb\u00e9 ha comparat \u201cl\u2019immobilisme de la passada legislatura\u201d i l\u2019obertura d\u2019aquesta \u201cobrint les portes de l\u2019ajuntament a tothom per escoltar la gent\u201d.<\/p>\n<p>Pel que fa al futur, Cabot ha posat un s\u00edmil amb una de les seves grans passions: l\u2019educaci\u00f3. \u201cLa dreta em recorda als missatges dels mestres antics de \u201ccastigat de genolls i de cara a la paret\u201d, parlant constantment d\u2019un 155 permanent, de llevar drets a les dones i de poder dur armes, mentre que els socialistes volem una escola inclusiva, on hi capiguem tots\u201d.<\/p>\n<p>\u201cEstam plens de raons per votar el partit socialista\u201d, ha dit Cabot, qui ha posat d\u2019exemple inversions que faran possible que, entre d\u2019altres coses, es Pla de na Tesa tengui el primer centre de dia i tamb\u00e9 amb actuacions encaminades a revitalitzar la cultura i que acollir\u00e0 l\u2019antiga f\u00e0brica de PepsiCo, que l\u2019empresa ha cedit al municipi.<\/p>\n<\/div>\n<\/div>\n<\/div>\n<\/div>\n<\/div>\n<\/div>\n<p>Source: Actualitat Fedaraci\u00f3 Mallorca<\/p>\n","protected":false},"excerpt":{"rendered":"<p>El candidat al Congr\u00e9s dels Diputats ha participat, juntament amb la candidata al Govern, Francina Armengol, en l\u2019acte de presentaci\u00f3 de Miquel Cabot com a candidat a la batlia de Marratx\u00ed, al quan han fet costat m\u00e9s de 200 persones El candidat al Congr\u00e9s dels Diputats, Pere Joan Pons, i la candidata al Govern de&hellip;<\/p>\n","protected":false},"author":1,"featured_media":23819,"comment_status":"closed","ping_status":"open","sticky":false,"template":"","format":"standard","meta":{"footnotes":""},"categories":[2,90],"tags":[],"class_list":["post-23818","post","type-post","status-publish","format-standard","has-post-thumbnail","hentry","category-federacio-de-mallorca","category-municipis"],"_links":{"self":[{"href":"https:\/\/www.psib-psoe.org\/mallorca\/wp-json\/wp\/v2\/posts\/23818"}],"collection":[{"href":"https:\/\/www.psib-psoe.org\/mallorca\/wp-json\/wp\/v2\/posts"}],"about":[{"href":"https:\/\/www.psib-psoe.org\/mallorca\/wp-json\/wp\/v2\/types\/post"}],"author":[{"embeddable":true,"href":"https:\/\/www.psib-psoe.org\/mallorca\/wp-json\/wp\/v2\/users\/1"}],"replies":[{"embeddable":true,"href":"https:\/\/www.psib-psoe.org\/mallorca\/wp-json\/wp\/v2\/comments?post=23818"}],"version-history":[{"count":0,"href":"https:\/\/www.psib-psoe.org\/mallorca\/wp-json\/wp\/v2\/posts\/23818\/revisions"}],"wp:featuredmedia":[{"embeddable":true,"href":"https:\/\/www.psib-psoe.org\/mallorca\/wp-json\/wp\/v2\/media\/23819"}],"wp:attachment":[{"href":"https:\/\/www.psib-psoe.org\/mallorca\/wp-json\/wp\/v2\/media?parent=23818"}],"wp:term":[{"taxonomy":"category","embeddable":true,"href":"https:\/\/www.psib-psoe.org\/mallorca\/wp-json\/wp\/v2\/categories?post=23818"},{"taxonomy":"post_tag","embeddable":true,"href":"https:\/\/www.psib-psoe.org\/mallorca\/wp-json\/wp\/v2\/tags?post=23818"}],"curies":[{"name":"wp","href":"https:\/\/api.w.org\/{rel}","templated":true}]}}