{"id":23824,"date":"2019-04-17T11:03:10","date_gmt":"2019-04-17T09:03:10","guid":{"rendered":"http:\/\/www.psib-psoe.org\/mallorca\/endavant-campos-es-presenta-com-lalternativa-desquerra-progressista-per-impulsar-el-canvi-que-necessita-el-municipi\/"},"modified":"2020-01-08T14:51:50","modified_gmt":"2020-01-08T12:51:50","slug":"endavant-campos-es-presenta-com-lalternativa-desquerra-progressista-per-impulsar-el-canvi-que-necessita-el-municipi","status":"publish","type":"post","link":"https:\/\/www.psib-psoe.org\/mallorca\/endavant-campos-es-presenta-com-lalternativa-desquerra-progressista-per-impulsar-el-canvi-que-necessita-el-municipi\/","title":{"rendered":"Endavant Campos es presenta com l\u2019alternativa d\u2019esquerra progressista per impulsar el canvi que necessita el municipi"},"content":{"rendered":"<div class=\"row wpb_row row-fluid img_noticia\">\n<div class=\"wpb_column columns small-12 medium-12 thb-dark-column\">\n<div class=\"vc_column-inner \">\n<div class=\"wpb_wrapper\">\n<div class=\"wpb_single_image wpb_content_element vc_align_center vc_custom_1560157501137\">\n<figure class=\"wpb_wrapper vc_figure\">\n<div class=\"vc_single_image-wrapper vc_box_border_grey\"><img loading=\"lazy\" decoding=\"async\" class=\"vc_single_image-img attachment-full\" src=\"http:\/\/www.psib-psoe.org\/wp-content\/uploads\/mercedes-garrido-paco-blasco-endavant-campos-abril-2019.jpeg\" alt=\"\" width=\"1000\" height=\"750\" \/><\/div>\n<\/figure>\n<\/div>\n<\/div>\n<\/div>\n<\/div>\n<\/div>\n<div class=\"row wpb_row row-fluid intro full-width-row vc_custom_1558336094678\">\n<div class=\"col_izq wpb_column columns small-12 medium-12 thb-dark-column\">\n<div class=\"vc_column-inner \">\n<div class=\"wpb_wrapper\">\n<div class=\"wpb_text_column wpb_content_element \">\n<div class=\"wpb_wrapper\">\n<p><em><u>Esquerra Unida i PSIB-PSOE s\u2019uneixen en una coalici\u00f3 d\u2019esquerres progressistes per impulsar a Campos el canvi que tant necessita el municipi despr\u00e9s de 8 anys de majories absolutes del PP<\/u><\/em><\/p>\n<\/div>\n<\/div>\n<\/div>\n<\/div>\n<\/div>\n<\/div>\n<div class=\"row wpb_row row-fluid full-width-row\">\n<div class=\"col_izq wpb_column columns small-12 medium-6 thb-dark-column\">\n<div class=\"vc_column-inner \">\n<div class=\"wpb_wrapper\">\n<div class=\"wpb_text_column wpb_content_element \">\n<div class=\"wpb_wrapper\">\n<p>Campos necessita m\u00e9s que mai un canvi, i \u00e9s per aix\u00f2 que les esquerres progressistes del municipi s\u2019uneixen en una sola for\u00e7a per iniciar la transformaci\u00f3 que el municipi necessita.<\/p>\n<p>La coalici\u00f3, que rep el nom d\u2019Endavant Campos, l\u2019encap\u00e7alar\u00e0 Paco Blasco, qui ser\u00e0 el candidat a la batlia del municipi i portaveu de la coalici\u00f3. El n\u00famero dos de la llista ser\u00e0 Bartomeu Adrover. Completen la candidatura homes i dones de totes les edats i de diferents \u00e0mbits professionals i laborals, com tamb\u00e9 de tot el municipi, amb representants de cada nucli.<\/p>\n<\/div>\n<\/div>\n<\/div>\n<\/div>\n<\/div>\n<div class=\"col_dcha wpb_column columns small-12 medium-6 thb-dark-column\">\n<div class=\"vc_column-inner \">\n<div class=\"wpb_wrapper\">\n<div class=\"wpb_text_column wpb_content_element \">\n<div class=\"wpb_wrapper\">\n<p>En total, una llista formada per 20 persones, algunes de les quals es presenten com a independents, que treballaran per fer realitat el canvi que necessita Campos en un moment tan important per la democr\u00e0cia.<\/p>\n<\/div>\n<\/div>\n<\/div>\n<\/div>\n<\/div>\n<\/div>\n<p>Source: Actualitat Fedaraci\u00f3 Mallorca<\/p>\n","protected":false},"excerpt":{"rendered":"<p>Esquerra Unida i PSIB-PSOE s\u2019uneixen en una coalici\u00f3 d\u2019esquerres progressistes per impulsar a Campos el canvi que tant necessita el municipi despr\u00e9s de 8 anys de majories absolutes del PP Campos necessita m\u00e9s que mai un canvi, i \u00e9s per aix\u00f2 que les esquerres progressistes del municipi s\u2019uneixen en una sola for\u00e7a per iniciar la&hellip;<\/p>\n","protected":false},"author":1,"featured_media":23825,"comment_status":"closed","ping_status":"open","sticky":false,"template":"","format":"standard","meta":{"footnotes":""},"categories":[90],"tags":[],"class_list":["post-23824","post","type-post","status-publish","format-standard","has-post-thumbnail","hentry","category-municipis"],"_links":{"self":[{"href":"https:\/\/www.psib-psoe.org\/mallorca\/wp-json\/wp\/v2\/posts\/23824"}],"collection":[{"href":"https:\/\/www.psib-psoe.org\/mallorca\/wp-json\/wp\/v2\/posts"}],"about":[{"href":"https:\/\/www.psib-psoe.org\/mallorca\/wp-json\/wp\/v2\/types\/post"}],"author":[{"embeddable":true,"href":"https:\/\/www.psib-psoe.org\/mallorca\/wp-json\/wp\/v2\/users\/1"}],"replies":[{"embeddable":true,"href":"https:\/\/www.psib-psoe.org\/mallorca\/wp-json\/wp\/v2\/comments?post=23824"}],"version-history":[{"count":0,"href":"https:\/\/www.psib-psoe.org\/mallorca\/wp-json\/wp\/v2\/posts\/23824\/revisions"}],"wp:featuredmedia":[{"embeddable":true,"href":"https:\/\/www.psib-psoe.org\/mallorca\/wp-json\/wp\/v2\/media\/23825"}],"wp:attachment":[{"href":"https:\/\/www.psib-psoe.org\/mallorca\/wp-json\/wp\/v2\/media?parent=23824"}],"wp:term":[{"taxonomy":"category","embeddable":true,"href":"https:\/\/www.psib-psoe.org\/mallorca\/wp-json\/wp\/v2\/categories?post=23824"},{"taxonomy":"post_tag","embeddable":true,"href":"https:\/\/www.psib-psoe.org\/mallorca\/wp-json\/wp\/v2\/tags?post=23824"}],"curies":[{"name":"wp","href":"https:\/\/api.w.org\/{rel}","templated":true}]}}