{"id":23827,"date":"2019-04-15T11:08:42","date_gmt":"2019-04-15T09:08:42","guid":{"rendered":"http:\/\/www.psib-psoe.org\/mallorca\/susanna-moll-el-ciutada-podra-comparar-entre-un-projecte-de-futur-o-retrocedir-perque-les-dretes-no-tenen-cap-projecte-visible\/"},"modified":"2019-12-09T11:04:12","modified_gmt":"2019-12-09T09:04:12","slug":"susanna-moll-el-ciutada-podra-comparar-entre-un-projecte-de-futur-o-retrocedir-perque-les-dretes-no-tenen-cap-projecte-visible","status":"publish","type":"post","link":"https:\/\/www.psib-psoe.org\/mallorca\/susanna-moll-el-ciutada-podra-comparar-entre-un-projecte-de-futur-o-retrocedir-perque-les-dretes-no-tenen-cap-projecte-visible\/","title":{"rendered":"Susanna Moll: \u201cEl ciutad\u00e0 podr\u00e0 comparar entre un projecte de futur o retrocedir, perqu\u00e8 les dretes no tenen cap projecte visible\u201d"},"content":{"rendered":"<div class=\"row wpb_row row-fluid img_noticia\">\n<div class=\"wpb_column columns small-12 medium-12 thb-dark-column\">\n<div class=\"vc_column-inner \">\n<div class=\"wpb_wrapper\">\n<div class=\"wpb_single_image wpb_content_element vc_align_center vc_custom_1560157806034\">\n<figure class=\"wpb_wrapper vc_figure\">\n<div class=\"vc_single_image-wrapper vc_box_border_grey\"><img loading=\"lazy\" decoding=\"async\" class=\"vc_single_image-img attachment-full\" src=\"http:\/\/www.psib-psoe.org\/wp-content\/uploads\/susanna-moll-jose-hila-francisco-ducros-presentacio-proposta-electoral-palma-eleccions-2019.jpeg\" alt=\"\" width=\"1000\" height=\"750\" \/><\/div>\n<\/figure>\n<\/div>\n<\/div>\n<\/div>\n<\/div>\n<\/div>\n<div class=\"row wpb_row row-fluid intro full-width-row vc_custom_1558336094678\">\n<div class=\"col_izq wpb_column columns small-12 medium-12 thb-dark-column\">\n<div class=\"vc_column-inner \">\n<div class=\"wpb_wrapper\">\n<div class=\"wpb_text_column wpb_content_element \">\n<div class=\"wpb_wrapper\">\n<p><em><u>La candidata al Senat per Mallorca i actual regidora de l\u2019Ajuntament de Palma ha assistit a l\u2019acte de presentaci\u00f3 de les l\u00ednies mestres del programa electoral de Palma<\/u><\/em><\/p>\n<\/div>\n<\/div>\n<\/div>\n<\/div>\n<\/div>\n<\/div>\n<div class=\"row wpb_row row-fluid full-width-row\">\n<div class=\"col_izq wpb_column columns small-12 medium-6 thb-dark-column\">\n<div class=\"vc_column-inner \">\n<div class=\"wpb_wrapper\">\n<div class=\"wpb_text_column wpb_content_element \">\n<div class=\"wpb_wrapper\">\n<p>La candidata socialista al Senat per Mallorca i actual regidora de l\u2019Ajuntament de Palma, Susanna Moll, ha assistit a l\u2019acte de presentaci\u00f3 de les l\u00ednies b\u00e0siques que regiran el programa electoral dels socialistes de Palma, als quals ha volgut mostrar el seu suport \u201cperqu\u00e8 puguin seguir desenvolupant durant quatre anys m\u00e9s els projectes que ja hem engegat aquesta legislatura\u201d, ha explicat Moll.<\/p>\n<p>Moll, aix\u00ed mateix, ha volgut destacar que el partit socialista \u00e9s l\u2019\u00fanic que aposta \u201cper la cultura del di\u00e0leg enfront de la cultura de la crispaci\u00f3 que alguns estan intentant introduir en aquesta campanya\u201d.<\/p>\n<p>En aquest sentit, la candidata al Senat ha posat de relleu que \u201cel ciutad\u00e0 ser\u00e0 qui podr\u00e0 comparar projectes i idees\u201d. Elegir entre \u201cel projecte de futur i progr\u00e9s\u201d dels socialistes o \u201cretrocedir, perqu\u00e8 les dretes no tenen cap projecte visible\u201d, ha asseverat.<\/p>\n<p>Moll ha dit tamb\u00e9 que confia en qu\u00e8 \u201cpuguem donar suport a les propostes per a l\u2019Ajuntament de Palma des del Senat amb una pol\u00edtica de proximitat\u201d, perqu\u00e8, ha insistit, \u201cel nostre objectiu \u00e9s que el Senat sigui vertaderament una cambra territorial des de la qual defensar els interessos de Mallorca\u201d.<\/p>\n<\/div>\n<\/div>\n<\/div>\n<\/div>\n<\/div>\n<div class=\"col_dcha wpb_column columns small-12 medium-6 thb-dark-column\">\n<div class=\"vc_column-inner \">\n<div class=\"wpb_wrapper\">\n<div class=\"wpb_text_column wpb_content_element \">\n<div class=\"wpb_wrapper\">\n<p>Per la seva banda, el candidat a la batlia de Palma, Jos\u00e9 Hila, ha destacat alguns compromisos dels socialistes per a la ciutat, posant l\u2019accent en les pol\u00edtiques d\u2019habitatge i de mobilitat sostenible. El programa electoral \u00e9s fruit de mesos de feina de treball amb entitats i la milit\u00e0ncia i l\u2019ha coordinat Xisco Ducr\u00f3s.<\/p>\n<p>\u201cEns comprometem a que hagi 1.500 habitatges p\u00fablics a Palma, el doble del que tenim ara\u201d, ha destacat Hila, qui tamb\u00e9 ha dit que \u201cel tramvia\u201d a l\u2019aeroport de Palma, i i l\u2019ampliaci\u00f3 de la flota de l\u2019EMT contribuiran a fer de Palma una ciutat m\u00e9s sostenible.<\/p>\n<p>Finalment, el candidat socialista ha exposat que \u201cvolem una ciutat on hi hagi igualtat real entre homes i dones, on tothom se senti part, sense cap tipus de discriminaci\u00f3, en la qual primi la conviv\u00e8ncia i que generi feina a trav\u00e9s de la cultura, les noves tecnologies o nous segments com les ci\u00e8ncies del mar\u201d.<\/p>\n<\/div>\n<\/div>\n<\/div>\n<\/div>\n<\/div>\n<\/div>\n<p>Source: Actualitat Fedaraci\u00f3 Mallorca<\/p>\n","protected":false},"excerpt":{"rendered":"<p>La candidata al Senat per Mallorca i actual regidora de l\u2019Ajuntament de Palma ha assistit a l\u2019acte de presentaci\u00f3 de les l\u00ednies mestres del programa electoral de Palma La candidata socialista al Senat per Mallorca i actual regidora de l\u2019Ajuntament de Palma, Susanna Moll, ha assistit a l\u2019acte de presentaci\u00f3 de les l\u00ednies b\u00e0siques que&hellip;<\/p>\n","protected":false},"author":1,"featured_media":23828,"comment_status":"closed","ping_status":"open","sticky":false,"template":"","format":"standard","meta":{"footnotes":""},"categories":[2,90],"tags":[],"class_list":["post-23827","post","type-post","status-publish","format-standard","has-post-thumbnail","hentry","category-federacio-de-mallorca","category-municipis"],"_links":{"self":[{"href":"https:\/\/www.psib-psoe.org\/mallorca\/wp-json\/wp\/v2\/posts\/23827"}],"collection":[{"href":"https:\/\/www.psib-psoe.org\/mallorca\/wp-json\/wp\/v2\/posts"}],"about":[{"href":"https:\/\/www.psib-psoe.org\/mallorca\/wp-json\/wp\/v2\/types\/post"}],"author":[{"embeddable":true,"href":"https:\/\/www.psib-psoe.org\/mallorca\/wp-json\/wp\/v2\/users\/1"}],"replies":[{"embeddable":true,"href":"https:\/\/www.psib-psoe.org\/mallorca\/wp-json\/wp\/v2\/comments?post=23827"}],"version-history":[{"count":0,"href":"https:\/\/www.psib-psoe.org\/mallorca\/wp-json\/wp\/v2\/posts\/23827\/revisions"}],"wp:featuredmedia":[{"embeddable":true,"href":"https:\/\/www.psib-psoe.org\/mallorca\/wp-json\/wp\/v2\/media\/23828"}],"wp:attachment":[{"href":"https:\/\/www.psib-psoe.org\/mallorca\/wp-json\/wp\/v2\/media?parent=23827"}],"wp:term":[{"taxonomy":"category","embeddable":true,"href":"https:\/\/www.psib-psoe.org\/mallorca\/wp-json\/wp\/v2\/categories?post=23827"},{"taxonomy":"post_tag","embeddable":true,"href":"https:\/\/www.psib-psoe.org\/mallorca\/wp-json\/wp\/v2\/tags?post=23827"}],"curies":[{"name":"wp","href":"https:\/\/api.w.org\/{rel}","templated":true}]}}