{"id":23830,"date":"2019-04-09T13:04:06","date_gmt":"2019-04-09T11:04:06","guid":{"rendered":"http:\/\/www.psib-psoe.org\/mallorca\/el-psib-psoe-celebra-lexit-de-la-seva-conferencia-politica-la-qual-recull-mes-de-300-propostes-per-avancar-en-drets-i-progres-social\/"},"modified":"2019-12-09T11:14:45","modified_gmt":"2019-12-09T09:14:45","slug":"el-psib-psoe-celebra-lexit-de-la-seva-conferencia-politica-la-qual-recull-mes-de-300-propostes-per-avancar-en-drets-i-progres-social","status":"publish","type":"post","link":"https:\/\/www.psib-psoe.org\/mallorca\/el-psib-psoe-celebra-lexit-de-la-seva-conferencia-politica-la-qual-recull-mes-de-300-propostes-per-avancar-en-drets-i-progres-social\/","title":{"rendered":"El PSIB-PSOE celebra l\u2019\u00e8xit de la seva Confer\u00e8ncia Pol\u00edtica, la qual recull \u201cm\u00e9s de 300 propostes per avan\u00e7ar en drets i progr\u00e9s social\u201d"},"content":{"rendered":"<div class=\"row wpb_row row-fluid img_noticia\">\n<div class=\"wpb_column columns small-12 medium-12 thb-dark-column\">\n<div class=\"vc_column-inner \">\n<div class=\"wpb_wrapper\">\n<div class=\"wpb_single_image wpb_content_element vc_align_center vc_custom_1560164736244\">\n<figure class=\"wpb_wrapper vc_figure\">\n<div class=\"vc_single_image-wrapper vc_box_border_grey\"><img loading=\"lazy\" decoding=\"async\" class=\"vc_single_image-img attachment-full\" src=\"http:\/\/www.psib-psoe.org\/wp-content\/uploads\/iago-negueruela-roda-premsa-valoracio-conferencia-politica-psib-2019.jpeg\" alt=\"\" width=\"1000\" height=\"750\" \/><\/div>\n<\/figure>\n<\/div>\n<\/div>\n<\/div>\n<\/div>\n<\/div>\n<div class=\"row wpb_row row-fluid intro full-width-row vc_custom_1558336094678\">\n<div class=\"col_izq wpb_column columns small-12 medium-12 thb-dark-column\">\n<div class=\"vc_column-inner \">\n<div class=\"wpb_wrapper\">\n<div class=\"wpb_text_column wpb_content_element \">\n<div class=\"wpb_wrapper\">\n<p><em><u>El dissabte 13 d\u2019abril ser\u00e0 el torn de la Confer\u00e8ncia Pol\u00edtica insular, en la qual s\u2019espera que participin m\u00e9s de 250 persones i entitats de tots els sectors, posant el focus en els serveis socials, habitatge, mobilitat, envelliment actiu i feminisme<\/u><\/em><\/p>\n<\/div>\n<\/div>\n<\/div>\n<\/div>\n<\/div>\n<\/div>\n<div class=\"row wpb_row row-fluid full-width-row\">\n<div class=\"col_izq wpb_column columns small-12 medium-6 thb-dark-column\">\n<div class=\"vc_column-inner \">\n<div class=\"wpb_wrapper\">\n<div class=\"wpb_text_column wpb_content_element \">\n<div class=\"wpb_wrapper\">\n<p>El PSIB-PSOE valora molt positivament la Confer\u00e8ncia Pol\u00edtica celebrada aquest cap de setmana i en la qual s\u2019han recollit \u201cm\u00e9s de 300 propostes per avan\u00e7ar en drets i progr\u00e9s social\u201d, ha explicat Iago Negueruela, coordinador d\u2019una trobada que ha comptat amb la participaci\u00f3 de m\u00e9s de 1000 persones, m\u00e9s de 130 entitats i les 67 agrupacions socialistes de les Illes Balears.<\/p>\n<p>En total s\u2019han presentat m\u00e9s de 200 esmenes, que s\u2019han debatut i s\u2019han incorporat al document final, que s\u2019ha aprovat per unanimitat.<\/p>\n<p>El resultat, ha explicat Negueruela, demostra que \u201cel partit socialista t\u00e9 un projecte viu, participat, treballat, consensuat i dialogat amb la societat, per la qual cosa podem dir que no \u00e9s nom\u00e9s un projecte del nostre partit, sin\u00f3 de tota la ciutadania\u201d.<\/p>\n<p>El document final de la Confer\u00e8ncia Pol\u00edtica, ha emfasitzat el coordinador, \u201cd\u00f3na resposta als principals reptes del futur\u201d i situa el PSIB-PSOE com \u201cel partit que millor resposta pot donar als problemes de la gent\u201d.<\/p>\n<p>En aquest sentit, Negueruela ha destacat alguns dels compromisos dels socialistes per als pr\u00f2xims anys, que posen el focus en l\u2019habitatge, la mobilitat i l\u2019educaci\u00f3, i sempre amb la sostenibilitat com a eix vertebrador de les pol\u00edtiques econ\u00f2miques i socials.<\/p>\n<p>Per una banda, \u201centenem l\u2019habitatge com un dret b\u00e0sic, amb el qual no es pugui seguir especulant\u201d, ha dit Negueruela, qui ha insistit en el fet que \u201cara que la maquin\u00e0ria est\u00e0 en marxa no podem tornar al PP de Company, que va deixar l\u2019habitatge p\u00fablic fet un solar o convertit en hotels de luxe\u201d.<\/p>\n<p>D\u2019altra banda, l\u2019etapa 0-3 anys ser\u00e0 entesa com una etapa educativa, per aix\u00f2 \u201cel nostre comprom\u00eds \u00e9s que sigui gratu\u00efta i universal\u201d.<\/p>\n<p>Pel que fa a mobilitat, \u201cafavorirem el transport p\u00fablic enfront del privat i durem a terme projectes ambiciosos com el tramvia de la badia de Palma\u201d cap a l\u2019aeroport.<\/p>\n<\/div>\n<\/div>\n<\/div>\n<\/div>\n<\/div>\n<div class=\"col_dcha wpb_column columns small-12 medium-6 thb-dark-column\">\n<div class=\"vc_column-inner \">\n<div class=\"wpb_wrapper\">\n<div class=\"wpb_text_column wpb_content_element \">\n<div class=\"wpb_wrapper\">\n<p><strong>Confer\u00e8ncia Pol\u00edtica insular<\/strong><\/p>\n<p>El dissabte 13 d\u2019abril ser\u00e0 el torn de la Confer\u00e8ncia Pol\u00edtica de la Federaci\u00f3 Socialista de Mallorca, que posar\u00e0 les bases per al projecte socialista per al Consell de Mallorca i per als ajuntaments de l\u2019illa i en la qual est\u00e0 prevista la participaci\u00f3 de m\u00e9s de 250 persones i entitats, ha exposat Marc L\u00f3pez, coordinador de la trobada.<\/p>\n<p>Pel que fa al projecte municipalista, que marcar\u00e0 les l\u00ednies pol\u00edtiques mestres per als ajuntaments, L\u00f3pez ha explicat que es pren el testimoni de la trobada auton\u00f2mica i posar\u00e0 l\u2019\u00e8mfasi en l\u2019habitatge, la mobilitat, la igualtat i la sostenibilitat econ\u00f2mica i social.<\/p>\n<p>Respecte del projecte socialista per al Consell de Mallorca, Javier de Juan, vicecoordinador de la trobada, ha posat de relleu que \u201cvolem que el Consell de Mallorca sigui una instituci\u00f3 de serveis p\u00fablics\u201d, ja que \u201cest\u00e0 en l\u2019ADN socialista la igualtat de drets i oportunitats perqu\u00e8 ning\u00fa no quedi enrere quan parlam de futur\u201d.<\/p>\n<p>\u201cEl futur es guanya des de la proximitat, per aix\u00f2 els socialistes ens oposam completament als plantejaments de recentralitzaci\u00f3 de compet\u00e8ncies perqu\u00e8 al darrera nom\u00e9s hi ha privatitzaci\u00f3 de serveis\u201d, ha dit de Juan.<\/p>\n<p>Tem\u00e0tiques com el proc\u00e9s d\u2019envelliment, la cultura i l\u2019esport com a instruments de cohesi\u00f3 social i inclusi\u00f3, la diversificaci\u00f3 del turisme, la mobilitat dimensionada o potenciar la cooperaci\u00f3 del Consell de Mallorca amb els ajuntaments i entre els ajuntaments mateixos seran debats destacats en la confer\u00e8ncia pol\u00edtica dels socialistes de Mallorca.<\/p>\n<\/div>\n<\/div>\n<\/div>\n<\/div>\n<\/div>\n<\/div>\n<p>Source: Portada<\/p>\n","protected":false},"excerpt":{"rendered":"<p>El dissabte 13 d\u2019abril ser\u00e0 el torn de la Confer\u00e8ncia Pol\u00edtica insular, en la qual s\u2019espera que participin m\u00e9s de 250 persones i entitats de tots els sectors, posant el focus en els serveis socials, habitatge, mobilitat, envelliment actiu i feminisme El PSIB-PSOE valora molt positivament la Confer\u00e8ncia Pol\u00edtica celebrada aquest cap de setmana i&hellip;<\/p>\n","protected":false},"author":1,"featured_media":23831,"comment_status":"closed","ping_status":"open","sticky":false,"template":"","format":"standard","meta":{"footnotes":""},"categories":[2],"tags":[],"class_list":["post-23830","post","type-post","status-publish","format-standard","has-post-thumbnail","hentry","category-federacio-de-mallorca"],"_links":{"self":[{"href":"https:\/\/www.psib-psoe.org\/mallorca\/wp-json\/wp\/v2\/posts\/23830"}],"collection":[{"href":"https:\/\/www.psib-psoe.org\/mallorca\/wp-json\/wp\/v2\/posts"}],"about":[{"href":"https:\/\/www.psib-psoe.org\/mallorca\/wp-json\/wp\/v2\/types\/post"}],"author":[{"embeddable":true,"href":"https:\/\/www.psib-psoe.org\/mallorca\/wp-json\/wp\/v2\/users\/1"}],"replies":[{"embeddable":true,"href":"https:\/\/www.psib-psoe.org\/mallorca\/wp-json\/wp\/v2\/comments?post=23830"}],"version-history":[{"count":0,"href":"https:\/\/www.psib-psoe.org\/mallorca\/wp-json\/wp\/v2\/posts\/23830\/revisions"}],"wp:featuredmedia":[{"embeddable":true,"href":"https:\/\/www.psib-psoe.org\/mallorca\/wp-json\/wp\/v2\/media\/23831"}],"wp:attachment":[{"href":"https:\/\/www.psib-psoe.org\/mallorca\/wp-json\/wp\/v2\/media?parent=23830"}],"wp:term":[{"taxonomy":"category","embeddable":true,"href":"https:\/\/www.psib-psoe.org\/mallorca\/wp-json\/wp\/v2\/categories?post=23830"},{"taxonomy":"post_tag","embeddable":true,"href":"https:\/\/www.psib-psoe.org\/mallorca\/wp-json\/wp\/v2\/tags?post=23830"}],"curies":[{"name":"wp","href":"https:\/\/api.w.org\/{rel}","templated":true}]}}